{"id":53711,"date":"2015-09-18T18:59:44","date_gmt":"2015-09-18T18:59:44","guid":{"rendered":"http:\/\/desarrollo.mcvicious.com\/aero2020\/2015\/09\/18\/designaron-a-juan-cruz-castineiras-relacionista-publico-de-la-camara-de-comercio-argentino-peruana\/"},"modified":"2015-09-18T18:59:44","modified_gmt":"2015-09-18T18:59:44","slug":"designaron-a-juan-cruz-castineiras-relacionista-publico-de-la-camara-de-comercio-argentino-peruana","status":"publish","type":"post","link":"https:\/\/aeronoticias.com.pe\/noticiero\/internacionales\/designaron-a-juan-cruz-castineiras-relacionista-publico-de-la-camara-de-comercio-argentino-peruana\/","title":{"rendered":"Designaron a Juan Cruz Casti\u00f1eiras relacionista p\u00fablico de la C\u00e1mara de Comercio Argentino Peruana"},"content":{"rendered":"<p style=\"text-align: justify;\"><strong>(Aeronoticias) <\/strong><span style=\"font-size: 12.16px; line-height: 1.3em;\">Juan Cruz Casti\u00f1eiras qui\u00e9n vivi\u00f3 4 a\u00f1os en Per\u00fa entre el 2011 y 2015 fue designado relacionista p\u00fablicode la C\u00e1mara de Comercio Binacional Argentino Peruana (CAMBIARPE). <\/span><\/p>\n<p style=\"text-align: justify;\"><span style=\"font-size: 12.16px; line-height: 1.3em;\">La C\u00e1mara la preside el abogado argentino Jos\u00e9 Mar\u00eda Allonca y el ingeniero peruano Mario Villegas Traverso est\u00e1 de Vicepresidente. <\/span><span style=\"font-size: 12.16px; line-height: 1.3em;\">CAMBIARPE si bien es una c\u00e1mara joven en comparaci\u00f3n con otras c\u00e1maras comerciales, como la argentina brasilera (CAMBRAS) que este a\u00f1o cumpli\u00f3 100 a\u00f1os, tiene una destacada actividad gracias al impulso de sus directivos y miembros que coordinan con la Embajada del Per\u00fa en Argentina y con sus pares en Lima. La c\u00e1mara cuenta para mayor informaci\u00f3n con la siguiente web: www.cambiarpe.com<\/span><\/p>\n<p style=\"text-align: justify;\"><span style=\"font-size: 12.16px; line-height: 1.3em;\"><img decoding=\"async\" src=\"images\/stories\/15\/09\/180915\/jccperu.jpg\" border=\"0\" \/><br \/><\/span><\/p>\n","protected":false},"excerpt":{"rendered":"<p>(Aeronoticias) Juan Cruz Casti\u00f1eiras qui\u00e9n vivi\u00f3 4 a\u00f1os en Per\u00fa entre el 2011 y 2015 fue designado relacionista p\u00fablicode la C\u00e1mara de Comercio Binacional Argentino Peruana (CAMBIARPE). La C\u00e1mara la preside el abogado argentino Jos\u00e9 Mar\u00eda Allonca y el ingeniero peruano Mario Villegas Traverso est\u00e1 de Vicepresidente. CAMBIARPE si bien es una c\u00e1mara joven en [&hellip;]<\/p>\n","protected":false},"author":1,"featured_media":0,"comment_status":"open","ping_status":"open","sticky":false,"template":"","format":"standard","meta":{"tdm_status":"","tdm_grid_status":"","footnotes":""},"categories":[34],"tags":[],"class_list":{"0":"post-53711","1":"post","2":"type-post","3":"status-publish","4":"format-standard","6":"category-internacionales"},"yoast_head":"<!-- This site is optimized with the Yoast SEO plugin v25.1 - https:\/\/yoast.com\/wordpress\/plugins\/seo\/ -->\n<title>Designaron a Juan Cruz Casti\u00f1eiras relacionista p\u00fablico de la C\u00e1mara de Comercio Argentino Peruana<\/title>\n<meta name=\"description\" content=\"Portal de noticias del Per\u00fa sobre el transporte a\u00e9reo, aviaci\u00f3n, turismo, hoteleria, actualidad.\" \/>\n<meta name=\"robots\" content=\"index, follow, max-snippet:-1, max-image-preview:large, max-video-preview:-1\" \/>\n<link rel=\"canonical\" href=\"https:\/\/aeronoticias.com.pe\/noticiero\/internacionales\/designaron-a-juan-cruz-castineiras-relacionista-publico-de-la-camara-de-comercio-argentino-peruana\/\" \/>\n<meta property=\"og:locale\" content=\"es_ES\" \/>\n<meta property=\"og:type\" content=\"article\" \/>\n<meta property=\"og:title\" content=\"Designaron a Juan Cruz Casti\u00f1eiras relacionista p\u00fablico de la C\u00e1mara de Comercio Argentino Peruana\" \/>\n<meta property=\"og:description\" content=\"Portal de noticias del Per\u00fa sobre el transporte a\u00e9reo, aviaci\u00f3n, turismo, hoteleria, actualidad.\" \/>\n<meta property=\"og:url\" content=\"https:\/\/aeronoticias.com.pe\/noticiero\/internacionales\/designaron-a-juan-cruz-castineiras-relacionista-publico-de-la-camara-de-comercio-argentino-peruana\/\" \/>\n<meta property=\"og:site_name\" content=\"Aeronoticias.com.pe\" \/>\n<meta property=\"article:publisher\" content=\"https:\/\/www.facebook.com\/Aeronoticias.com.pe\/\" \/>\n<meta property=\"article:published_time\" content=\"2015-09-18T18:59:44+00:00\" \/>\n<meta name=\"author\" content=\"Redacci\u00f3n Aeronoticias\" \/>\n<meta name=\"twitter:card\" content=\"summary_large_image\" \/>\n<meta name=\"twitter:creator\" content=\"@aeronoticias\" \/>\n<meta name=\"twitter:site\" content=\"@aeronoticias\" \/>\n<meta name=\"twitter:label1\" content=\"Escrito por\" \/>\n\t<meta name=\"twitter:data1\" content=\"Redacci\u00f3n Aeronoticias\" \/>\n\t<meta name=\"twitter:label2\" content=\"Tiempo de lectura\" \/>\n\t<meta name=\"twitter:data2\" content=\"1 minuto\" \/>\n<script type=\"application\/ld+json\" class=\"yoast-schema-graph\">{\"@context\":\"https:\/\/schema.org\",\"@graph\":[{\"@type\":\"WebPage\",\"@id\":\"https:\/\/aeronoticias.com.pe\/noticiero\/internacionales\/designaron-a-juan-cruz-castineiras-relacionista-publico-de-la-camara-de-comercio-argentino-peruana\/\",\"url\":\"https:\/\/aeronoticias.com.pe\/noticiero\/internacionales\/designaron-a-juan-cruz-castineiras-relacionista-publico-de-la-camara-de-comercio-argentino-peruana\/\",\"name\":\"Designaron a Juan Cruz Casti\u00f1eiras relacionista p\u00fablico de la C\u00e1mara de Comercio Argentino Peruana\",\"isPartOf\":{\"@id\":\"https:\/\/aeronoticias.com.pe\/noticiero\/#website\"},\"datePublished\":\"2015-09-18T18:59:44+00:00\",\"author\":{\"@id\":\"https:\/\/aeronoticias.com.pe\/noticiero\/#\/schema\/person\/fc1e5d578f4b62ba1cf7ac2bba1170a0\"},\"description\":\"Portal de noticias del Per\u00fa sobre el transporte a\u00e9reo, aviaci\u00f3n, turismo, hoteleria, actualidad.\",\"breadcrumb\":{\"@id\":\"https:\/\/aeronoticias.com.pe\/noticiero\/internacionales\/designaron-a-juan-cruz-castineiras-relacionista-publico-de-la-camara-de-comercio-argentino-peruana\/#breadcrumb\"},\"inLanguage\":\"es\",\"potentialAction\":[{\"@type\":\"ReadAction\",\"target\":[\"https:\/\/aeronoticias.com.pe\/noticiero\/internacionales\/designaron-a-juan-cruz-castineiras-relacionista-publico-de-la-camara-de-comercio-argentino-peruana\/\"]}]},{\"@type\":\"BreadcrumbList\",\"@id\":\"https:\/\/aeronoticias.com.pe\/noticiero\/internacionales\/designaron-a-juan-cruz-castineiras-relacionista-publico-de-la-camara-de-comercio-argentino-peruana\/#breadcrumb\",\"itemListElement\":[{\"@type\":\"ListItem\",\"position\":1,\"name\":\"Portada\",\"item\":\"https:\/\/aeronoticias.com.pe\/noticiero\/\"},{\"@type\":\"ListItem\",\"position\":2,\"name\":\"Designaron a Juan Cruz Casti\u00f1eiras relacionista p\u00fablico de la C\u00e1mara de Comercio Argentino Peruana\"}]},{\"@type\":\"WebSite\",\"@id\":\"https:\/\/aeronoticias.com.pe\/noticiero\/#website\",\"url\":\"https:\/\/aeronoticias.com.pe\/noticiero\/\",\"name\":\"Aeronoticias.com.pe\",\"description\":\"Noticias de tranporte aereo, turismo, hoteles, gastronomia, actualidad, internacional\",\"potentialAction\":[{\"@type\":\"SearchAction\",\"target\":{\"@type\":\"EntryPoint\",\"urlTemplate\":\"https:\/\/aeronoticias.com.pe\/noticiero\/?s={search_term_string}\"},\"query-input\":{\"@type\":\"PropertyValueSpecification\",\"valueRequired\":true,\"valueName\":\"search_term_string\"}}],\"inLanguage\":\"es\"},{\"@type\":\"Person\",\"@id\":\"https:\/\/aeronoticias.com.pe\/noticiero\/#\/schema\/person\/fc1e5d578f4b62ba1cf7ac2bba1170a0\",\"name\":\"Redacci\u00f3n Aeronoticias\",\"url\":\"https:\/\/aeronoticias.com.pe\/noticiero\/author\/piloto\/\"}]}<\/script>\n<!-- \/ Yoast SEO plugin. -->","yoast_head_json":{"title":"Designaron a Juan Cruz Casti\u00f1eiras relacionista p\u00fablico de la C\u00e1mara de Comercio Argentino Peruana","description":"Portal de noticias del Per\u00fa sobre el transporte a\u00e9reo, aviaci\u00f3n, turismo, hoteleria, actualidad.","robots":{"index":"index","follow":"follow","max-snippet":"max-snippet:-1","max-image-preview":"max-image-preview:large","max-video-preview":"max-video-preview:-1"},"canonical":"https:\/\/aeronoticias.com.pe\/noticiero\/internacionales\/designaron-a-juan-cruz-castineiras-relacionista-publico-de-la-camara-de-comercio-argentino-peruana\/","og_locale":"es_ES","og_type":"article","og_title":"Designaron a Juan Cruz Casti\u00f1eiras relacionista p\u00fablico de la C\u00e1mara de Comercio Argentino Peruana","og_description":"Portal de noticias del Per\u00fa sobre el transporte a\u00e9reo, aviaci\u00f3n, turismo, hoteleria, actualidad.","og_url":"https:\/\/aeronoticias.com.pe\/noticiero\/internacionales\/designaron-a-juan-cruz-castineiras-relacionista-publico-de-la-camara-de-comercio-argentino-peruana\/","og_site_name":"Aeronoticias.com.pe","article_publisher":"https:\/\/www.facebook.com\/Aeronoticias.com.pe\/","article_published_time":"2015-09-18T18:59:44+00:00","author":"Redacci\u00f3n Aeronoticias","twitter_card":"summary_large_image","twitter_creator":"@aeronoticias","twitter_site":"@aeronoticias","twitter_misc":{"Escrito por":"Redacci\u00f3n Aeronoticias","Tiempo de lectura":"1 minuto"},"schema":{"@context":"https:\/\/schema.org","@graph":[{"@type":"WebPage","@id":"https:\/\/aeronoticias.com.pe\/noticiero\/internacionales\/designaron-a-juan-cruz-castineiras-relacionista-publico-de-la-camara-de-comercio-argentino-peruana\/","url":"https:\/\/aeronoticias.com.pe\/noticiero\/internacionales\/designaron-a-juan-cruz-castineiras-relacionista-publico-de-la-camara-de-comercio-argentino-peruana\/","name":"Designaron a Juan Cruz Casti\u00f1eiras relacionista p\u00fablico de la C\u00e1mara de Comercio Argentino Peruana","isPartOf":{"@id":"https:\/\/aeronoticias.com.pe\/noticiero\/#website"},"datePublished":"2015-09-18T18:59:44+00:00","author":{"@id":"https:\/\/aeronoticias.com.pe\/noticiero\/#\/schema\/person\/fc1e5d578f4b62ba1cf7ac2bba1170a0"},"description":"Portal de noticias del Per\u00fa sobre el transporte a\u00e9reo, aviaci\u00f3n, turismo, hoteleria, actualidad.","breadcrumb":{"@id":"https:\/\/aeronoticias.com.pe\/noticiero\/internacionales\/designaron-a-juan-cruz-castineiras-relacionista-publico-de-la-camara-de-comercio-argentino-peruana\/#breadcrumb"},"inLanguage":"es","potentialAction":[{"@type":"ReadAction","target":["https:\/\/aeronoticias.com.pe\/noticiero\/internacionales\/designaron-a-juan-cruz-castineiras-relacionista-publico-de-la-camara-de-comercio-argentino-peruana\/"]}]},{"@type":"BreadcrumbList","@id":"https:\/\/aeronoticias.com.pe\/noticiero\/internacionales\/designaron-a-juan-cruz-castineiras-relacionista-publico-de-la-camara-de-comercio-argentino-peruana\/#breadcrumb","itemListElement":[{"@type":"ListItem","position":1,"name":"Portada","item":"https:\/\/aeronoticias.com.pe\/noticiero\/"},{"@type":"ListItem","position":2,"name":"Designaron a Juan Cruz Casti\u00f1eiras relacionista p\u00fablico de la C\u00e1mara de Comercio Argentino Peruana"}]},{"@type":"WebSite","@id":"https:\/\/aeronoticias.com.pe\/noticiero\/#website","url":"https:\/\/aeronoticias.com.pe\/noticiero\/","name":"Aeronoticias.com.pe","description":"Noticias de tranporte aereo, turismo, hoteles, gastronomia, actualidad, internacional","potentialAction":[{"@type":"SearchAction","target":{"@type":"EntryPoint","urlTemplate":"https:\/\/aeronoticias.com.pe\/noticiero\/?s={search_term_string}"},"query-input":{"@type":"PropertyValueSpecification","valueRequired":true,"valueName":"search_term_string"}}],"inLanguage":"es"},{"@type":"Person","@id":"https:\/\/aeronoticias.com.pe\/noticiero\/#\/schema\/person\/fc1e5d578f4b62ba1cf7ac2bba1170a0","name":"Redacci\u00f3n Aeronoticias","url":"https:\/\/aeronoticias.com.pe\/noticiero\/author\/piloto\/"}]}},"_links":{"self":[{"href":"https:\/\/aeronoticias.com.pe\/noticiero\/wp-json\/wp\/v2\/posts\/53711","targetHints":{"allow":["GET"]}}],"collection":[{"href":"https:\/\/aeronoticias.com.pe\/noticiero\/wp-json\/wp\/v2\/posts"}],"about":[{"href":"https:\/\/aeronoticias.com.pe\/noticiero\/wp-json\/wp\/v2\/types\/post"}],"author":[{"embeddable":true,"href":"https:\/\/aeronoticias.com.pe\/noticiero\/wp-json\/wp\/v2\/users\/1"}],"replies":[{"embeddable":true,"href":"https:\/\/aeronoticias.com.pe\/noticiero\/wp-json\/wp\/v2\/comments?post=53711"}],"version-history":[{"count":0,"href":"https:\/\/aeronoticias.com.pe\/noticiero\/wp-json\/wp\/v2\/posts\/53711\/revisions"}],"wp:attachment":[{"href":"https:\/\/aeronoticias.com.pe\/noticiero\/wp-json\/wp\/v2\/media?parent=53711"}],"wp:term":[{"taxonomy":"category","embeddable":true,"href":"https:\/\/aeronoticias.com.pe\/noticiero\/wp-json\/wp\/v2\/categories?post=53711"},{"taxonomy":"post_tag","embeddable":true,"href":"https:\/\/aeronoticias.com.pe\/noticiero\/wp-json\/wp\/v2\/tags?post=53711"}],"curies":[{"name":"wp","href":"https:\/\/api.w.org\/{rel}","templated":true}]}}