{"id":53712,"date":"2015-09-18T21:33:36","date_gmt":"2015-09-18T21:33:36","guid":{"rendered":"http:\/\/desarrollo.mcvicious.com\/aero2020\/2015\/09\/18\/colectivo-dejala-decidir-realiza-propaganda-abortista-en-universidad-autonoma-del-peru\/"},"modified":"2015-09-18T21:33:36","modified_gmt":"2015-09-18T21:33:36","slug":"colectivo-dejala-decidir-realiza-propaganda-abortista-en-universidad-autonoma-del-peru","status":"publish","type":"post","link":"https:\/\/aeronoticias.com.pe\/noticiero\/nacionales\/colectivo-dejala-decidir-realiza-propaganda-abortista-en-universidad-autonoma-del-peru\/","title":{"rendered":"Colectivo &#8216;D\u00e9jala decidir&#8217; realiza propaganda abortista en Universidad Aut\u00f3noma del Per\u00fa"},"content":{"rendered":"<p style=\"font-size: 12.16px; line-height: 15.808px; text-align: justify;\"><strong>(Aeronoticias).<\/strong>&#8211; En un evento que trataba el tema de la sexualidad, activistas del colectivo \u00abD\u00e9jala D\u00e9cidir\u00bb realizaron difusi\u00f3n de material pro aborto en las instalaciones de la Universidad Aut\u00f3noma del Per\u00fa.<\/p>\n<p style=\"font-size: 12.16px; line-height: 15.808px; text-align: justify;\">Una de las promotoras del aborto afirm\u00f3 que el Papa Francisco habr\u00eda dicho que el aborto ya no es un pecado y que apoya la Teolog\u00eda de la Liberaci\u00f3n, seg\u00fan se\u00f1alaron estudiantes de esa Casa de Estudios.<\/p>\n<p style=\"font-size: 12.16px; line-height: 15.808px; text-align: justify;\">Ante la pregunta del porqu\u00e9 las mujeres de su colectivo se desnudaban y generaban morbo p\u00fablico frente al Congreso de la Rep\u00fablica, las promotoras del aborto respondieron que son ellas la que deben hacer respetar su dignidad y el de las mujeres y que ello no era asunto de los que piensan diferente por lo que no deber\u00eda resultar un problema si se expon\u00edan de esa forma.<\/p>\n<p style=\"font-size: 12.16px; line-height: 15.808px; text-align: justify;\">Las \u00abfeministas\u00bb se\u00f1alaron de forma defensiva y grotesca que ellas tienen derecho a hacer lo que quieran porque estamos en una sociedad libre y somos un pa\u00eds laico y que por \u00faltimo, \u00abno es tu asunto porque no es tu vida\u00bb.<\/p>\n<p style=\"font-size: 12.16px; line-height: 15.808px; text-align: justify;\"><strong>NIEGAN V\u00cdNCULOS CON MULTINACIONAL DE ABORTO<\/strong><\/p>\n<p style=\"font-size: 12.16px; line-height: 15.808px; text-align: justify;\">Cuando se les pregunt\u00f3 sobre la relaci\u00f3n que ten\u00edan con el Instituto Peruano de Paternidad Responsable (INPPARES), la promotoras del aborto afirmaron que esta organizaci\u00f3n era un \u00abapoyo\u00bb para ellas. Sin embargo, cuando se toc\u00f3 el tema de la multinacional abortista\u00a0<strong>International Planned Parenthood Federation, <\/strong>acusada de traficar con \u00f3rganos de fetos abortados, ellas\u00a0respondieron con un \u00abas\u00ed que t\u00fa eres una de esas\u00bb dirigido a una de nuestras colaboradoras, negando en esta ocasi\u00f3n el apoyo de INNPARES y Planned Parenthood cayendo en una clara contradicci\u00f3n.<\/p>\n<p style=\"font-size: 12.16px; line-height: 15.808px; text-align: justify;\">Las activistas &#8216;antivida&#8217; que estuvieron hoy en las instalaciones de la Universidad Aut\u00f3noma del Per\u00fa pertenecen a la organizaci\u00f3n\u00a0<strong>Cat\u00f3licas Por el Derecho a Decidir<\/strong>(CDD-Per\u00fa), la cual recibi\u00f3\u00a0275 mil d\u00f3lares durante los \u00faltimos dos a\u00f1os.\u00a0<span style=\"font-size: 12.16px; line-height: 1.3em;\">Los 50 mil d\u00f3lares restantes fueron destinados a promover en Lima y tres regiones del interior del pa\u00eds \u201cla exigibilidad del derecho a decidir como garant\u00eda para el ejercicio pleno de derechos sexuales y derechos reproductivos y la laicidad del estado peruano\u201d, seg\u00fan la Agencia Peruana de Cooperaci\u00f3n Internacional\u00a0<strong>APCI.<\/strong><\/span><\/p>\n<p style=\"font-size: 12.16px; line-height: 15.808px; text-align: justify;\"><strong>ACIPRENSA DESTAPA RELACI\u00d3N CON PLANNED PARENTHOOD<\/strong><\/p>\n<p style=\"font-size: 12.16px; line-height: 15.808px; text-align: justify;\"><span style=\"font-size: 12.16px; line-height: 15.808px;\">En un informe publicado en el portal de noticias cat\u00f3licas <\/span><strong style=\"font-size: 12.16px; line-height: 15.808px;\">Aciprensa<\/strong>, INPPARES recibi\u00f3 2.008.640 d\u00f3lares. De estos, 1,5 millones de d\u00f3lares est\u00e1n destinados al proyecto \u201cAtenci\u00f3n a las Mujeres Ahora\u201d, destinado seg\u00fan el sitio web de la ONG a ejecutar \u201cacciones para la reducci\u00f3n de la morbilidad y mortalidad relacionada con el aborto inseguro en el Per\u00fa\u201d.<\/p>\n<p style=\"font-size: 12.16px; line-height: 15.808px; text-align: justify;\">Otros 150 mil d\u00f3lares entregados por Planned Parenthood, INPPARES los destin\u00f3 a promocionar el \u201cderecho a decidir\u201d, eslogan abortista en Per\u00fa, as\u00ed como a promover \u201cacceso a servicios de salud sexual reproductiva para j\u00f3venes menores de 25 a\u00f1os\u201d.<\/p>\n<p style=\"font-size: 12.16px; line-height: 15.808px; text-align: justify;\">De este dinero, 225 mil d\u00f3lares estaban destinados a posicionar \u201clos derechos sexuales y reproductivos, con acceso al aborto legal, en la agenda p\u00fablica y sanitaria\u201d.<\/p>\n<p style=\"font-size: 12.16px; line-height: 15.808px; text-align: justify;\">La filial peruana de Planned Parenthood dispuso de otros 32 mil 500 d\u00f3lares para promover la \u201csalud sexual y reproductiva\u201d \u2013anticoncepci\u00f3n y aborto\u2013 en el distrito de Villa El Salvador, uno de los m\u00e1s pobres de Lima.<\/p>\n<p style=\"font-size: 12.16px; line-height: 15.808px; text-align: justify;\">M\u00e1s de 25 mil d\u00f3lares INPPARES los us\u00f3 para adquirir implantes anticonceptivos subd\u00e9rmicos, mientras que los m\u00e1s de 300 mil d\u00f3lares restantes fueron destinados a gastos operativos de la organizaci\u00f3n.<\/p>\n<p style=\"font-size: 12.16px; line-height: 15.808px; text-align: justify;\"><img decoding=\"async\" src=\"https:\/\/fbcdn-sphotos-a-a.akamaihd.net\/hphotos-ak-xta1\/v\/t1.0-9\/12009834_1613164378945587_816125435649217133_n.jpg?oh=9701fbb89e036408cf62774d2c754213&amp;oe=5698F2A6&amp;__gda__=1449122351_811dc950371d5a10df34a4fc7ba2995f\" border=\"0\" \/><\/p>\n<p style=\"font-size: 12.16px; line-height: 15.808px; text-align: justify;\"><img decoding=\"async\" src=\"https:\/\/scontent-mia1-1.xx.fbcdn.net\/hphotos-xaf1\/v\/t1.0-9\/12032085_1613164478945577_2168534210928423089_n.jpg?oh=4098a7755cd3cab4ebf49ec78481bbd3&amp;oe=5665D7E3\" border=\"0\" \/><\/p>\n<p style=\"font-size: 12.16px; line-height: 15.808px; text-align: justify;\"><img decoding=\"async\" src=\"https:\/\/fbcdn-sphotos-f-a.akamaihd.net\/hphotos-ak-xpf1\/v\/t1.0-9\/12038151_1613164548945570_1825367721124096550_n.jpg?oh=0b59886ede431511c2a018dacc7a41e1&amp;oe=56A953C1&amp;__gda__=1453114878_7aa7071d0c1bc6acbc4d8440c90a96a2\" border=\"0\" \/><\/p>\n<p style=\"font-size: 12.16px; line-height: 15.808px; text-align: justify;\">\u00a0<\/p>\n","protected":false},"excerpt":{"rendered":"<p>(Aeronoticias).&#8211; En un evento que trataba el tema de la sexualidad, activistas del colectivo \u00abD\u00e9jala D\u00e9cidir\u00bb realizaron difusi\u00f3n de material pro aborto en las instalaciones de la Universidad Aut\u00f3noma del Per\u00fa. Una de las promotoras del aborto afirm\u00f3 que el Papa Francisco habr\u00eda dicho que el aborto ya no es un pecado y que apoya [&hellip;]<\/p>\n","protected":false},"author":1,"featured_media":0,"comment_status":"open","ping_status":"open","sticky":false,"template":"","format":"standard","meta":{"tdm_status":"","tdm_grid_status":"","footnotes":""},"categories":[38],"tags":[],"class_list":{"0":"post-53712","1":"post","2":"type-post","3":"status-publish","4":"format-standard","6":"category-nacionales"},"yoast_head":"<!-- This site is optimized with the Yoast SEO plugin v25.1 - https:\/\/yoast.com\/wordpress\/plugins\/seo\/ -->\n<title>Colectivo &#039;D\u00e9jala decidir&#039; realiza propaganda abortista en Universidad Aut\u00f3noma del Per\u00fa<\/title>\n<meta name=\"description\" content=\"Portal de noticias del Per\u00fa sobre el transporte a\u00e9reo, aviaci\u00f3n, turismo, hoteleria, actualidad.\" \/>\n<meta name=\"robots\" content=\"index, follow, max-snippet:-1, max-image-preview:large, max-video-preview:-1\" \/>\n<link rel=\"canonical\" href=\"https:\/\/aeronoticias.com.pe\/noticiero\/nacionales\/colectivo-dejala-decidir-realiza-propaganda-abortista-en-universidad-autonoma-del-peru\/\" \/>\n<meta property=\"og:locale\" content=\"es_ES\" \/>\n<meta property=\"og:type\" content=\"article\" \/>\n<meta property=\"og:title\" content=\"Colectivo &#039;D\u00e9jala decidir&#039; realiza propaganda abortista en Universidad Aut\u00f3noma del Per\u00fa\" \/>\n<meta property=\"og:description\" content=\"Portal de noticias del Per\u00fa sobre el transporte a\u00e9reo, aviaci\u00f3n, turismo, hoteleria, actualidad.\" \/>\n<meta property=\"og:url\" content=\"https:\/\/aeronoticias.com.pe\/noticiero\/nacionales\/colectivo-dejala-decidir-realiza-propaganda-abortista-en-universidad-autonoma-del-peru\/\" \/>\n<meta property=\"og:site_name\" content=\"Aeronoticias.com.pe\" \/>\n<meta property=\"article:publisher\" content=\"https:\/\/www.facebook.com\/Aeronoticias.com.pe\/\" \/>\n<meta property=\"article:published_time\" content=\"2015-09-18T21:33:36+00:00\" \/>\n<meta property=\"og:image\" content=\"https:\/\/fbcdn-sphotos-a-a.akamaihd.net\/hphotos-ak-xta1\/v\/t1.0-9\/12009834_1613164378945587_816125435649217133_n.jpg?oh=9701fbb89e036408cf62774d2c754213&amp;oe=5698F2A6&amp;__gda__=1449122351_811dc950371d5a10df34a4fc7ba2995f\" \/>\n<meta name=\"author\" content=\"Redacci\u00f3n Aeronoticias\" \/>\n<meta name=\"twitter:card\" content=\"summary_large_image\" \/>\n<meta name=\"twitter:creator\" content=\"@aeronoticias\" \/>\n<meta name=\"twitter:site\" content=\"@aeronoticias\" \/>\n<meta name=\"twitter:label1\" content=\"Escrito por\" \/>\n\t<meta name=\"twitter:data1\" content=\"Redacci\u00f3n Aeronoticias\" \/>\n\t<meta name=\"twitter:label2\" content=\"Tiempo de lectura\" \/>\n\t<meta name=\"twitter:data2\" content=\"3 minutos\" \/>\n<script type=\"application\/ld+json\" class=\"yoast-schema-graph\">{\"@context\":\"https:\/\/schema.org\",\"@graph\":[{\"@type\":\"WebPage\",\"@id\":\"https:\/\/aeronoticias.com.pe\/noticiero\/nacionales\/colectivo-dejala-decidir-realiza-propaganda-abortista-en-universidad-autonoma-del-peru\/\",\"url\":\"https:\/\/aeronoticias.com.pe\/noticiero\/nacionales\/colectivo-dejala-decidir-realiza-propaganda-abortista-en-universidad-autonoma-del-peru\/\",\"name\":\"Colectivo 'D\u00e9jala decidir' realiza propaganda abortista en Universidad Aut\u00f3noma del Per\u00fa\",\"isPartOf\":{\"@id\":\"https:\/\/aeronoticias.com.pe\/noticiero\/#website\"},\"primaryImageOfPage\":{\"@id\":\"https:\/\/aeronoticias.com.pe\/noticiero\/nacionales\/colectivo-dejala-decidir-realiza-propaganda-abortista-en-universidad-autonoma-del-peru\/#primaryimage\"},\"image\":{\"@id\":\"https:\/\/aeronoticias.com.pe\/noticiero\/nacionales\/colectivo-dejala-decidir-realiza-propaganda-abortista-en-universidad-autonoma-del-peru\/#primaryimage\"},\"thumbnailUrl\":\"https:\/\/fbcdn-sphotos-a-a.akamaihd.net\/hphotos-ak-xta1\/v\/t1.0-9\/12009834_1613164378945587_816125435649217133_n.jpg?oh=9701fbb89e036408cf62774d2c754213&amp;oe=5698F2A6&amp;__gda__=1449122351_811dc950371d5a10df34a4fc7ba2995f\",\"datePublished\":\"2015-09-18T21:33:36+00:00\",\"author\":{\"@id\":\"https:\/\/aeronoticias.com.pe\/noticiero\/#\/schema\/person\/fc1e5d578f4b62ba1cf7ac2bba1170a0\"},\"description\":\"Portal de noticias del Per\u00fa sobre el transporte a\u00e9reo, aviaci\u00f3n, turismo, hoteleria, actualidad.\",\"breadcrumb\":{\"@id\":\"https:\/\/aeronoticias.com.pe\/noticiero\/nacionales\/colectivo-dejala-decidir-realiza-propaganda-abortista-en-universidad-autonoma-del-peru\/#breadcrumb\"},\"inLanguage\":\"es\",\"potentialAction\":[{\"@type\":\"ReadAction\",\"target\":[\"https:\/\/aeronoticias.com.pe\/noticiero\/nacionales\/colectivo-dejala-decidir-realiza-propaganda-abortista-en-universidad-autonoma-del-peru\/\"]}]},{\"@type\":\"ImageObject\",\"inLanguage\":\"es\",\"@id\":\"https:\/\/aeronoticias.com.pe\/noticiero\/nacionales\/colectivo-dejala-decidir-realiza-propaganda-abortista-en-universidad-autonoma-del-peru\/#primaryimage\",\"url\":\"https:\/\/fbcdn-sphotos-a-a.akamaihd.net\/hphotos-ak-xta1\/v\/t1.0-9\/12009834_1613164378945587_816125435649217133_n.jpg?oh=9701fbb89e036408cf62774d2c754213&amp;oe=5698F2A6&amp;__gda__=1449122351_811dc950371d5a10df34a4fc7ba2995f\",\"contentUrl\":\"https:\/\/fbcdn-sphotos-a-a.akamaihd.net\/hphotos-ak-xta1\/v\/t1.0-9\/12009834_1613164378945587_816125435649217133_n.jpg?oh=9701fbb89e036408cf62774d2c754213&amp;oe=5698F2A6&amp;__gda__=1449122351_811dc950371d5a10df34a4fc7ba2995f\"},{\"@type\":\"BreadcrumbList\",\"@id\":\"https:\/\/aeronoticias.com.pe\/noticiero\/nacionales\/colectivo-dejala-decidir-realiza-propaganda-abortista-en-universidad-autonoma-del-peru\/#breadcrumb\",\"itemListElement\":[{\"@type\":\"ListItem\",\"position\":1,\"name\":\"Portada\",\"item\":\"https:\/\/aeronoticias.com.pe\/noticiero\/\"},{\"@type\":\"ListItem\",\"position\":2,\"name\":\"Colectivo &#8216;D\u00e9jala decidir&#8217; realiza propaganda abortista en Universidad Aut\u00f3noma del Per\u00fa\"}]},{\"@type\":\"WebSite\",\"@id\":\"https:\/\/aeronoticias.com.pe\/noticiero\/#website\",\"url\":\"https:\/\/aeronoticias.com.pe\/noticiero\/\",\"name\":\"Aeronoticias.com.pe\",\"description\":\"Noticias de tranporte aereo, turismo, hoteles, gastronomia, actualidad, internacional\",\"potentialAction\":[{\"@type\":\"SearchAction\",\"target\":{\"@type\":\"EntryPoint\",\"urlTemplate\":\"https:\/\/aeronoticias.com.pe\/noticiero\/?s={search_term_string}\"},\"query-input\":{\"@type\":\"PropertyValueSpecification\",\"valueRequired\":true,\"valueName\":\"search_term_string\"}}],\"inLanguage\":\"es\"},{\"@type\":\"Person\",\"@id\":\"https:\/\/aeronoticias.com.pe\/noticiero\/#\/schema\/person\/fc1e5d578f4b62ba1cf7ac2bba1170a0\",\"name\":\"Redacci\u00f3n Aeronoticias\",\"url\":\"https:\/\/aeronoticias.com.pe\/noticiero\/author\/piloto\/\"}]}<\/script>\n<!-- \/ Yoast SEO plugin. -->","yoast_head_json":{"title":"Colectivo 'D\u00e9jala decidir' realiza propaganda abortista en Universidad Aut\u00f3noma del Per\u00fa","description":"Portal de noticias del Per\u00fa sobre el transporte a\u00e9reo, aviaci\u00f3n, turismo, hoteleria, actualidad.","robots":{"index":"index","follow":"follow","max-snippet":"max-snippet:-1","max-image-preview":"max-image-preview:large","max-video-preview":"max-video-preview:-1"},"canonical":"https:\/\/aeronoticias.com.pe\/noticiero\/nacionales\/colectivo-dejala-decidir-realiza-propaganda-abortista-en-universidad-autonoma-del-peru\/","og_locale":"es_ES","og_type":"article","og_title":"Colectivo 'D\u00e9jala decidir' realiza propaganda abortista en Universidad Aut\u00f3noma del Per\u00fa","og_description":"Portal de noticias del Per\u00fa sobre el transporte a\u00e9reo, aviaci\u00f3n, turismo, hoteleria, actualidad.","og_url":"https:\/\/aeronoticias.com.pe\/noticiero\/nacionales\/colectivo-dejala-decidir-realiza-propaganda-abortista-en-universidad-autonoma-del-peru\/","og_site_name":"Aeronoticias.com.pe","article_publisher":"https:\/\/www.facebook.com\/Aeronoticias.com.pe\/","article_published_time":"2015-09-18T21:33:36+00:00","og_image":[{"url":"https:\/\/fbcdn-sphotos-a-a.akamaihd.net\/hphotos-ak-xta1\/v\/t1.0-9\/12009834_1613164378945587_816125435649217133_n.jpg?oh=9701fbb89e036408cf62774d2c754213&amp;oe=5698F2A6&amp;__gda__=1449122351_811dc950371d5a10df34a4fc7ba2995f","type":"","width":"","height":""}],"author":"Redacci\u00f3n Aeronoticias","twitter_card":"summary_large_image","twitter_creator":"@aeronoticias","twitter_site":"@aeronoticias","twitter_misc":{"Escrito por":"Redacci\u00f3n Aeronoticias","Tiempo de lectura":"3 minutos"},"schema":{"@context":"https:\/\/schema.org","@graph":[{"@type":"WebPage","@id":"https:\/\/aeronoticias.com.pe\/noticiero\/nacionales\/colectivo-dejala-decidir-realiza-propaganda-abortista-en-universidad-autonoma-del-peru\/","url":"https:\/\/aeronoticias.com.pe\/noticiero\/nacionales\/colectivo-dejala-decidir-realiza-propaganda-abortista-en-universidad-autonoma-del-peru\/","name":"Colectivo 'D\u00e9jala decidir' realiza propaganda abortista en Universidad Aut\u00f3noma del Per\u00fa","isPartOf":{"@id":"https:\/\/aeronoticias.com.pe\/noticiero\/#website"},"primaryImageOfPage":{"@id":"https:\/\/aeronoticias.com.pe\/noticiero\/nacionales\/colectivo-dejala-decidir-realiza-propaganda-abortista-en-universidad-autonoma-del-peru\/#primaryimage"},"image":{"@id":"https:\/\/aeronoticias.com.pe\/noticiero\/nacionales\/colectivo-dejala-decidir-realiza-propaganda-abortista-en-universidad-autonoma-del-peru\/#primaryimage"},"thumbnailUrl":"https:\/\/fbcdn-sphotos-a-a.akamaihd.net\/hphotos-ak-xta1\/v\/t1.0-9\/12009834_1613164378945587_816125435649217133_n.jpg?oh=9701fbb89e036408cf62774d2c754213&amp;oe=5698F2A6&amp;__gda__=1449122351_811dc950371d5a10df34a4fc7ba2995f","datePublished":"2015-09-18T21:33:36+00:00","author":{"@id":"https:\/\/aeronoticias.com.pe\/noticiero\/#\/schema\/person\/fc1e5d578f4b62ba1cf7ac2bba1170a0"},"description":"Portal de noticias del Per\u00fa sobre el transporte a\u00e9reo, aviaci\u00f3n, turismo, hoteleria, actualidad.","breadcrumb":{"@id":"https:\/\/aeronoticias.com.pe\/noticiero\/nacionales\/colectivo-dejala-decidir-realiza-propaganda-abortista-en-universidad-autonoma-del-peru\/#breadcrumb"},"inLanguage":"es","potentialAction":[{"@type":"ReadAction","target":["https:\/\/aeronoticias.com.pe\/noticiero\/nacionales\/colectivo-dejala-decidir-realiza-propaganda-abortista-en-universidad-autonoma-del-peru\/"]}]},{"@type":"ImageObject","inLanguage":"es","@id":"https:\/\/aeronoticias.com.pe\/noticiero\/nacionales\/colectivo-dejala-decidir-realiza-propaganda-abortista-en-universidad-autonoma-del-peru\/#primaryimage","url":"https:\/\/fbcdn-sphotos-a-a.akamaihd.net\/hphotos-ak-xta1\/v\/t1.0-9\/12009834_1613164378945587_816125435649217133_n.jpg?oh=9701fbb89e036408cf62774d2c754213&amp;oe=5698F2A6&amp;__gda__=1449122351_811dc950371d5a10df34a4fc7ba2995f","contentUrl":"https:\/\/fbcdn-sphotos-a-a.akamaihd.net\/hphotos-ak-xta1\/v\/t1.0-9\/12009834_1613164378945587_816125435649217133_n.jpg?oh=9701fbb89e036408cf62774d2c754213&amp;oe=5698F2A6&amp;__gda__=1449122351_811dc950371d5a10df34a4fc7ba2995f"},{"@type":"BreadcrumbList","@id":"https:\/\/aeronoticias.com.pe\/noticiero\/nacionales\/colectivo-dejala-decidir-realiza-propaganda-abortista-en-universidad-autonoma-del-peru\/#breadcrumb","itemListElement":[{"@type":"ListItem","position":1,"name":"Portada","item":"https:\/\/aeronoticias.com.pe\/noticiero\/"},{"@type":"ListItem","position":2,"name":"Colectivo &#8216;D\u00e9jala decidir&#8217; realiza propaganda abortista en Universidad Aut\u00f3noma del Per\u00fa"}]},{"@type":"WebSite","@id":"https:\/\/aeronoticias.com.pe\/noticiero\/#website","url":"https:\/\/aeronoticias.com.pe\/noticiero\/","name":"Aeronoticias.com.pe","description":"Noticias de tranporte aereo, turismo, hoteles, gastronomia, actualidad, internacional","potentialAction":[{"@type":"SearchAction","target":{"@type":"EntryPoint","urlTemplate":"https:\/\/aeronoticias.com.pe\/noticiero\/?s={search_term_string}"},"query-input":{"@type":"PropertyValueSpecification","valueRequired":true,"valueName":"search_term_string"}}],"inLanguage":"es"},{"@type":"Person","@id":"https:\/\/aeronoticias.com.pe\/noticiero\/#\/schema\/person\/fc1e5d578f4b62ba1cf7ac2bba1170a0","name":"Redacci\u00f3n Aeronoticias","url":"https:\/\/aeronoticias.com.pe\/noticiero\/author\/piloto\/"}]}},"_links":{"self":[{"href":"https:\/\/aeronoticias.com.pe\/noticiero\/wp-json\/wp\/v2\/posts\/53712","targetHints":{"allow":["GET"]}}],"collection":[{"href":"https:\/\/aeronoticias.com.pe\/noticiero\/wp-json\/wp\/v2\/posts"}],"about":[{"href":"https:\/\/aeronoticias.com.pe\/noticiero\/wp-json\/wp\/v2\/types\/post"}],"author":[{"embeddable":true,"href":"https:\/\/aeronoticias.com.pe\/noticiero\/wp-json\/wp\/v2\/users\/1"}],"replies":[{"embeddable":true,"href":"https:\/\/aeronoticias.com.pe\/noticiero\/wp-json\/wp\/v2\/comments?post=53712"}],"version-history":[{"count":0,"href":"https:\/\/aeronoticias.com.pe\/noticiero\/wp-json\/wp\/v2\/posts\/53712\/revisions"}],"wp:attachment":[{"href":"https:\/\/aeronoticias.com.pe\/noticiero\/wp-json\/wp\/v2\/media?parent=53712"}],"wp:term":[{"taxonomy":"category","embeddable":true,"href":"https:\/\/aeronoticias.com.pe\/noticiero\/wp-json\/wp\/v2\/categories?post=53712"},{"taxonomy":"post_tag","embeddable":true,"href":"https:\/\/aeronoticias.com.pe\/noticiero\/wp-json\/wp\/v2\/tags?post=53712"}],"curies":[{"name":"wp","href":"https:\/\/api.w.org\/{rel}","templated":true}]}}