{"id":53720,"date":"2015-09-19T15:06:41","date_gmt":"2015-09-19T15:06:41","guid":{"rendered":"http:\/\/desarrollo.mcvicious.com\/aero2020\/2015\/09\/19\/sbs-al-mes-entrarian-700-afiliados-mayores-de-65-anos-al-fondo-0\/"},"modified":"2015-09-19T15:06:41","modified_gmt":"2015-09-19T15:06:41","slug":"sbs-al-mes-entrarian-700-afiliados-mayores-de-65-anos-al-fondo-0","status":"publish","type":"post","link":"https:\/\/aeronoticias.com.pe\/noticiero\/economia\/sbs-al-mes-entrarian-700-afiliados-mayores-de-65-anos-al-fondo-0\/","title":{"rendered":"SBS: Al mes entrar\u00edan 700 afiliados, mayores de 65 a\u00f1os, al fondo 0"},"content":{"rendered":"<p style=\"text-align: justify;\"><strong>(Aeronoticias)<\/strong>.-\u00a0El 1 de abril del 2016 empezar\u00e1 a operar el esperado fondo 0 de las AFP, una alternativa de muy bajo riesgo al que podr\u00e1n acceder los mayores de 65 a\u00f1os para evitar p\u00e9rdidas en sus fondos hasta que se jubilen.<\/p>\n<p style=\"text-align: justify;\">Seg\u00fan la SBS, cada mes acceder\u00edan a este fondo 700 afiliados mayores de 65 a\u00f1os, quienes ser\u00e1n trasladados a esta opci\u00f3n apenas lleguen a esa edad, a menos que le soliciten a la SBS mantenerse en otros fondos, como el 1, de bajo riesgo o el 2, de riesgo medio. La edad promedio de jubilaci\u00f3n en el sistema es de 66 a\u00f1os y medio.<\/p>\n<p style=\"text-align: justify;\">\u00abEse es un dato que te va decir que en principio si habl\u00e1ramos en un conjunto de afiliados, las personas estar\u00edan en el fondo 0 desde los 65 hasta los 66 a\u00f1os y medio que se jubilan. Estar\u00edan m\u00e1s o menos 18 meses en el fondo 0\u00bb, precis\u00f3 C\u00e9sar Rivera, coordinador ejecutivo del Departamento de Regulaci\u00f3n de la SBS.<\/p>\n<p style=\"text-align: justify;\">El fondo 0 es poco riesgoso porque invierte en activos en efectivo, que podr\u00edan ser dep\u00f3sitos de corto plazo, y t\u00edtulos de deuda, como bonos, ambos menores a un a\u00f1o, y no en acciones que se comercializan en bolsa.<\/p>\n<p style=\"text-align: justify;\">Los mayores de 65 a\u00f1os no son los \u00fanicos que pueden pertenecer al fondo 0, sino tambi\u00e9n los afiliados de entre 60 y 65 a\u00f1os. Adem\u00e1s podr\u00e1n ingresar los fondos de las personas que tras un accidente quedaran inv\u00e1lidas o fallecieran, durante el tiempo que tome que sean cobrados por sus deudos.<\/p>\n<p style=\"text-align: justify;\">\u00abLo que establece ahora la ley es que igual va al fondo 1 a los 60, se queda antes de los 65, pero a los 60 tiene la opci\u00f3n de decir o me voy al dos o tambi\u00e9n me puedo ir al cero\u00bb, detall\u00f3 Rivera.<\/p>\n<p style=\"text-align: justify;\">Al 31 de agosto del 2015, los aportantes al sistema privado de pensiones de entre 60 y 65 a\u00f1os superan los 154 mil y los mayores de 65 son 86 mil, n\u00fameros que seguir\u00e1n aumentado en el futuro seg\u00fan la SBS.<\/p>\n<p style=\"text-align: justify;\">Fuente: <span style=\"text-decoration: underline;\"><em><strong>RPP<\/strong><\/em><\/span>.<\/p>\n<p style=\"text-align: justify;\"><img decoding=\"async\" src=\"http:\/\/www.rpp.com.pe\/sbs-al-mes-entrarian-700-afiliados-mayores-de-65-anos-al-fondo-0-imagen-noticia-8-n-\/images\/picnewsa\/1517484.jpg\" border=\"0\" alt=\"SBS: Al mes entrar\u00edan 700 afiliados, mayores de 65 a\u00f1os, al fondo 0\" \/><\/p>\n","protected":false},"excerpt":{"rendered":"<p>(Aeronoticias).-\u00a0El 1 de abril del 2016 empezar\u00e1 a operar el esperado fondo 0 de las AFP, una alternativa de muy bajo riesgo al que podr\u00e1n acceder los mayores de 65 a\u00f1os para evitar p\u00e9rdidas en sus fondos hasta que se jubilen. Seg\u00fan la SBS, cada mes acceder\u00edan a este fondo 700 afiliados mayores de 65 [&hellip;]<\/p>\n","protected":false},"author":1,"featured_media":0,"comment_status":"open","ping_status":"open","sticky":false,"template":"","format":"standard","meta":{"tdm_status":"","tdm_grid_status":"","footnotes":""},"categories":[33],"tags":[],"class_list":{"0":"post-53720","1":"post","2":"type-post","3":"status-publish","4":"format-standard","6":"category-economia"},"yoast_head":"<!-- This site is optimized with the Yoast SEO plugin v25.1 - https:\/\/yoast.com\/wordpress\/plugins\/seo\/ -->\n<title>SBS: Al mes entrar\u00edan 700 afiliados, mayores de 65 a\u00f1os, al fondo 0<\/title>\n<meta name=\"description\" content=\"Portal de noticias del Per\u00fa sobre el transporte a\u00e9reo, aviaci\u00f3n, turismo, hoteleria, actualidad.\" \/>\n<meta name=\"robots\" content=\"index, follow, max-snippet:-1, max-image-preview:large, max-video-preview:-1\" \/>\n<link rel=\"canonical\" href=\"https:\/\/aeronoticias.com.pe\/noticiero\/economia\/sbs-al-mes-entrarian-700-afiliados-mayores-de-65-anos-al-fondo-0\/\" \/>\n<meta property=\"og:locale\" content=\"es_ES\" \/>\n<meta property=\"og:type\" content=\"article\" \/>\n<meta property=\"og:title\" content=\"SBS: Al mes entrar\u00edan 700 afiliados, mayores de 65 a\u00f1os, al fondo 0\" \/>\n<meta property=\"og:description\" content=\"Portal de noticias del Per\u00fa sobre el transporte a\u00e9reo, aviaci\u00f3n, turismo, hoteleria, actualidad.\" \/>\n<meta property=\"og:url\" content=\"https:\/\/aeronoticias.com.pe\/noticiero\/economia\/sbs-al-mes-entrarian-700-afiliados-mayores-de-65-anos-al-fondo-0\/\" \/>\n<meta property=\"og:site_name\" content=\"Aeronoticias.com.pe\" \/>\n<meta property=\"article:publisher\" content=\"https:\/\/www.facebook.com\/Aeronoticias.com.pe\/\" \/>\n<meta property=\"article:published_time\" content=\"2015-09-19T15:06:41+00:00\" \/>\n<meta property=\"og:image\" content=\"http:\/\/www.rpp.com.pe\/sbs-al-mes-entrarian-700-afiliados-mayores-de-65-anos-al-fondo-0-imagen-noticia-8-n-\/images\/picnewsa\/1517484.jpg\" \/>\n<meta name=\"author\" content=\"Redacci\u00f3n Aeronoticias\" \/>\n<meta name=\"twitter:card\" content=\"summary_large_image\" \/>\n<meta name=\"twitter:creator\" content=\"@aeronoticias\" \/>\n<meta name=\"twitter:site\" content=\"@aeronoticias\" \/>\n<meta name=\"twitter:label1\" content=\"Escrito por\" \/>\n\t<meta name=\"twitter:data1\" content=\"Redacci\u00f3n Aeronoticias\" \/>\n\t<meta name=\"twitter:label2\" content=\"Tiempo de lectura\" \/>\n\t<meta name=\"twitter:data2\" content=\"2 minutos\" \/>\n<script type=\"application\/ld+json\" class=\"yoast-schema-graph\">{\"@context\":\"https:\/\/schema.org\",\"@graph\":[{\"@type\":\"WebPage\",\"@id\":\"https:\/\/aeronoticias.com.pe\/noticiero\/economia\/sbs-al-mes-entrarian-700-afiliados-mayores-de-65-anos-al-fondo-0\/\",\"url\":\"https:\/\/aeronoticias.com.pe\/noticiero\/economia\/sbs-al-mes-entrarian-700-afiliados-mayores-de-65-anos-al-fondo-0\/\",\"name\":\"SBS: Al mes entrar\u00edan 700 afiliados, mayores de 65 a\u00f1os, al fondo 0\",\"isPartOf\":{\"@id\":\"https:\/\/aeronoticias.com.pe\/noticiero\/#website\"},\"primaryImageOfPage\":{\"@id\":\"https:\/\/aeronoticias.com.pe\/noticiero\/economia\/sbs-al-mes-entrarian-700-afiliados-mayores-de-65-anos-al-fondo-0\/#primaryimage\"},\"image\":{\"@id\":\"https:\/\/aeronoticias.com.pe\/noticiero\/economia\/sbs-al-mes-entrarian-700-afiliados-mayores-de-65-anos-al-fondo-0\/#primaryimage\"},\"thumbnailUrl\":\"http:\/\/www.rpp.com.pe\/sbs-al-mes-entrarian-700-afiliados-mayores-de-65-anos-al-fondo-0-imagen-noticia-8-n-\/images\/picnewsa\/1517484.jpg\",\"datePublished\":\"2015-09-19T15:06:41+00:00\",\"author\":{\"@id\":\"https:\/\/aeronoticias.com.pe\/noticiero\/#\/schema\/person\/fc1e5d578f4b62ba1cf7ac2bba1170a0\"},\"description\":\"Portal de noticias del Per\u00fa sobre el transporte a\u00e9reo, aviaci\u00f3n, turismo, hoteleria, actualidad.\",\"breadcrumb\":{\"@id\":\"https:\/\/aeronoticias.com.pe\/noticiero\/economia\/sbs-al-mes-entrarian-700-afiliados-mayores-de-65-anos-al-fondo-0\/#breadcrumb\"},\"inLanguage\":\"es\",\"potentialAction\":[{\"@type\":\"ReadAction\",\"target\":[\"https:\/\/aeronoticias.com.pe\/noticiero\/economia\/sbs-al-mes-entrarian-700-afiliados-mayores-de-65-anos-al-fondo-0\/\"]}]},{\"@type\":\"ImageObject\",\"inLanguage\":\"es\",\"@id\":\"https:\/\/aeronoticias.com.pe\/noticiero\/economia\/sbs-al-mes-entrarian-700-afiliados-mayores-de-65-anos-al-fondo-0\/#primaryimage\",\"url\":\"http:\/\/www.rpp.com.pe\/sbs-al-mes-entrarian-700-afiliados-mayores-de-65-anos-al-fondo-0-imagen-noticia-8-n-\/images\/picnewsa\/1517484.jpg\",\"contentUrl\":\"http:\/\/www.rpp.com.pe\/sbs-al-mes-entrarian-700-afiliados-mayores-de-65-anos-al-fondo-0-imagen-noticia-8-n-\/images\/picnewsa\/1517484.jpg\"},{\"@type\":\"BreadcrumbList\",\"@id\":\"https:\/\/aeronoticias.com.pe\/noticiero\/economia\/sbs-al-mes-entrarian-700-afiliados-mayores-de-65-anos-al-fondo-0\/#breadcrumb\",\"itemListElement\":[{\"@type\":\"ListItem\",\"position\":1,\"name\":\"Portada\",\"item\":\"https:\/\/aeronoticias.com.pe\/noticiero\/\"},{\"@type\":\"ListItem\",\"position\":2,\"name\":\"SBS: Al mes entrar\u00edan 700 afiliados, mayores de 65 a\u00f1os, al fondo 0\"}]},{\"@type\":\"WebSite\",\"@id\":\"https:\/\/aeronoticias.com.pe\/noticiero\/#website\",\"url\":\"https:\/\/aeronoticias.com.pe\/noticiero\/\",\"name\":\"Aeronoticias.com.pe\",\"description\":\"Noticias de tranporte aereo, turismo, hoteles, gastronomia, actualidad, internacional\",\"potentialAction\":[{\"@type\":\"SearchAction\",\"target\":{\"@type\":\"EntryPoint\",\"urlTemplate\":\"https:\/\/aeronoticias.com.pe\/noticiero\/?s={search_term_string}\"},\"query-input\":{\"@type\":\"PropertyValueSpecification\",\"valueRequired\":true,\"valueName\":\"search_term_string\"}}],\"inLanguage\":\"es\"},{\"@type\":\"Person\",\"@id\":\"https:\/\/aeronoticias.com.pe\/noticiero\/#\/schema\/person\/fc1e5d578f4b62ba1cf7ac2bba1170a0\",\"name\":\"Redacci\u00f3n Aeronoticias\",\"url\":\"https:\/\/aeronoticias.com.pe\/noticiero\/author\/piloto\/\"}]}<\/script>\n<!-- \/ Yoast SEO plugin. -->","yoast_head_json":{"title":"SBS: Al mes entrar\u00edan 700 afiliados, mayores de 65 a\u00f1os, al fondo 0","description":"Portal de noticias del Per\u00fa sobre el transporte a\u00e9reo, aviaci\u00f3n, turismo, hoteleria, actualidad.","robots":{"index":"index","follow":"follow","max-snippet":"max-snippet:-1","max-image-preview":"max-image-preview:large","max-video-preview":"max-video-preview:-1"},"canonical":"https:\/\/aeronoticias.com.pe\/noticiero\/economia\/sbs-al-mes-entrarian-700-afiliados-mayores-de-65-anos-al-fondo-0\/","og_locale":"es_ES","og_type":"article","og_title":"SBS: Al mes entrar\u00edan 700 afiliados, mayores de 65 a\u00f1os, al fondo 0","og_description":"Portal de noticias del Per\u00fa sobre el transporte a\u00e9reo, aviaci\u00f3n, turismo, hoteleria, actualidad.","og_url":"https:\/\/aeronoticias.com.pe\/noticiero\/economia\/sbs-al-mes-entrarian-700-afiliados-mayores-de-65-anos-al-fondo-0\/","og_site_name":"Aeronoticias.com.pe","article_publisher":"https:\/\/www.facebook.com\/Aeronoticias.com.pe\/","article_published_time":"2015-09-19T15:06:41+00:00","og_image":[{"url":"http:\/\/www.rpp.com.pe\/sbs-al-mes-entrarian-700-afiliados-mayores-de-65-anos-al-fondo-0-imagen-noticia-8-n-\/images\/picnewsa\/1517484.jpg","type":"","width":"","height":""}],"author":"Redacci\u00f3n Aeronoticias","twitter_card":"summary_large_image","twitter_creator":"@aeronoticias","twitter_site":"@aeronoticias","twitter_misc":{"Escrito por":"Redacci\u00f3n Aeronoticias","Tiempo de lectura":"2 minutos"},"schema":{"@context":"https:\/\/schema.org","@graph":[{"@type":"WebPage","@id":"https:\/\/aeronoticias.com.pe\/noticiero\/economia\/sbs-al-mes-entrarian-700-afiliados-mayores-de-65-anos-al-fondo-0\/","url":"https:\/\/aeronoticias.com.pe\/noticiero\/economia\/sbs-al-mes-entrarian-700-afiliados-mayores-de-65-anos-al-fondo-0\/","name":"SBS: Al mes entrar\u00edan 700 afiliados, mayores de 65 a\u00f1os, al fondo 0","isPartOf":{"@id":"https:\/\/aeronoticias.com.pe\/noticiero\/#website"},"primaryImageOfPage":{"@id":"https:\/\/aeronoticias.com.pe\/noticiero\/economia\/sbs-al-mes-entrarian-700-afiliados-mayores-de-65-anos-al-fondo-0\/#primaryimage"},"image":{"@id":"https:\/\/aeronoticias.com.pe\/noticiero\/economia\/sbs-al-mes-entrarian-700-afiliados-mayores-de-65-anos-al-fondo-0\/#primaryimage"},"thumbnailUrl":"http:\/\/www.rpp.com.pe\/sbs-al-mes-entrarian-700-afiliados-mayores-de-65-anos-al-fondo-0-imagen-noticia-8-n-\/images\/picnewsa\/1517484.jpg","datePublished":"2015-09-19T15:06:41+00:00","author":{"@id":"https:\/\/aeronoticias.com.pe\/noticiero\/#\/schema\/person\/fc1e5d578f4b62ba1cf7ac2bba1170a0"},"description":"Portal de noticias del Per\u00fa sobre el transporte a\u00e9reo, aviaci\u00f3n, turismo, hoteleria, actualidad.","breadcrumb":{"@id":"https:\/\/aeronoticias.com.pe\/noticiero\/economia\/sbs-al-mes-entrarian-700-afiliados-mayores-de-65-anos-al-fondo-0\/#breadcrumb"},"inLanguage":"es","potentialAction":[{"@type":"ReadAction","target":["https:\/\/aeronoticias.com.pe\/noticiero\/economia\/sbs-al-mes-entrarian-700-afiliados-mayores-de-65-anos-al-fondo-0\/"]}]},{"@type":"ImageObject","inLanguage":"es","@id":"https:\/\/aeronoticias.com.pe\/noticiero\/economia\/sbs-al-mes-entrarian-700-afiliados-mayores-de-65-anos-al-fondo-0\/#primaryimage","url":"http:\/\/www.rpp.com.pe\/sbs-al-mes-entrarian-700-afiliados-mayores-de-65-anos-al-fondo-0-imagen-noticia-8-n-\/images\/picnewsa\/1517484.jpg","contentUrl":"http:\/\/www.rpp.com.pe\/sbs-al-mes-entrarian-700-afiliados-mayores-de-65-anos-al-fondo-0-imagen-noticia-8-n-\/images\/picnewsa\/1517484.jpg"},{"@type":"BreadcrumbList","@id":"https:\/\/aeronoticias.com.pe\/noticiero\/economia\/sbs-al-mes-entrarian-700-afiliados-mayores-de-65-anos-al-fondo-0\/#breadcrumb","itemListElement":[{"@type":"ListItem","position":1,"name":"Portada","item":"https:\/\/aeronoticias.com.pe\/noticiero\/"},{"@type":"ListItem","position":2,"name":"SBS: Al mes entrar\u00edan 700 afiliados, mayores de 65 a\u00f1os, al fondo 0"}]},{"@type":"WebSite","@id":"https:\/\/aeronoticias.com.pe\/noticiero\/#website","url":"https:\/\/aeronoticias.com.pe\/noticiero\/","name":"Aeronoticias.com.pe","description":"Noticias de tranporte aereo, turismo, hoteles, gastronomia, actualidad, internacional","potentialAction":[{"@type":"SearchAction","target":{"@type":"EntryPoint","urlTemplate":"https:\/\/aeronoticias.com.pe\/noticiero\/?s={search_term_string}"},"query-input":{"@type":"PropertyValueSpecification","valueRequired":true,"valueName":"search_term_string"}}],"inLanguage":"es"},{"@type":"Person","@id":"https:\/\/aeronoticias.com.pe\/noticiero\/#\/schema\/person\/fc1e5d578f4b62ba1cf7ac2bba1170a0","name":"Redacci\u00f3n Aeronoticias","url":"https:\/\/aeronoticias.com.pe\/noticiero\/author\/piloto\/"}]}},"_links":{"self":[{"href":"https:\/\/aeronoticias.com.pe\/noticiero\/wp-json\/wp\/v2\/posts\/53720","targetHints":{"allow":["GET"]}}],"collection":[{"href":"https:\/\/aeronoticias.com.pe\/noticiero\/wp-json\/wp\/v2\/posts"}],"about":[{"href":"https:\/\/aeronoticias.com.pe\/noticiero\/wp-json\/wp\/v2\/types\/post"}],"author":[{"embeddable":true,"href":"https:\/\/aeronoticias.com.pe\/noticiero\/wp-json\/wp\/v2\/users\/1"}],"replies":[{"embeddable":true,"href":"https:\/\/aeronoticias.com.pe\/noticiero\/wp-json\/wp\/v2\/comments?post=53720"}],"version-history":[{"count":0,"href":"https:\/\/aeronoticias.com.pe\/noticiero\/wp-json\/wp\/v2\/posts\/53720\/revisions"}],"wp:attachment":[{"href":"https:\/\/aeronoticias.com.pe\/noticiero\/wp-json\/wp\/v2\/media?parent=53720"}],"wp:term":[{"taxonomy":"category","embeddable":true,"href":"https:\/\/aeronoticias.com.pe\/noticiero\/wp-json\/wp\/v2\/categories?post=53720"},{"taxonomy":"post_tag","embeddable":true,"href":"https:\/\/aeronoticias.com.pe\/noticiero\/wp-json\/wp\/v2\/tags?post=53720"}],"curies":[{"name":"wp","href":"https:\/\/api.w.org\/{rel}","templated":true}]}}