{"id":53846,"date":"2015-10-01T20:10:20","date_gmt":"2015-10-01T20:10:20","guid":{"rendered":"http:\/\/desarrollo.mcvicious.com\/aero2020\/2015\/10\/01\/lan-peru-apoya-por-segundo-ano-consecutivo-campana-de-prevencion-de-cancer-de-mama\/"},"modified":"2015-10-01T20:10:20","modified_gmt":"2015-10-01T20:10:20","slug":"lan-peru-apoya-por-segundo-ano-consecutivo-campana-de-prevencion-de-cancer-de-mama","status":"publish","type":"post","link":"https:\/\/aeronoticias.com.pe\/noticiero\/salud\/lan-peru-apoya-por-segundo-ano-consecutivo-campana-de-prevencion-de-cancer-de-mama\/","title":{"rendered":"LAN Per\u00fa apoya por segundo a\u00f1o consecutivo campa\u00f1a de prevenci\u00f3n de c\u00e1ncer de mama"},"content":{"rendered":"<p style=\"text-align: justify;\"><strong>(Aeronoticias) <\/strong><span style=\"font-size: 12.16px; line-height: 1.3em;\">Por segundo a\u00f1o consecutivo LAN participa activamente en la campa\u00f1a de concientizaci\u00f3n sobre el c\u00e1ncer de mama impulsada a nivel mundial por The Est\u00e9e Lauder Companies.<\/span><\/p>\n<p style=\"text-align: justify;\"><span style=\"font-size: 12.16px; line-height: 1.3em;\">Durante el mes de octubre, cuatro aviones de LAN, uno de los cuales cubre rutas nacionales en el Per\u00fa, lucir\u00e1n en su fuselaje la caracter\u00edstica cinta rosada, s\u00edmbolo de la campa\u00f1a, \u00a0para apoyar en trabajo de difusi\u00f3n de esta importante causa. \u00a0La compa\u00f1\u00eda distribuir\u00e1, adem\u00e1s, un brochure informativo y sus trabajadores portar\u00e1n y, a su vez, entregar\u00e1n lazos rosados a los clientes que visiten sus oficinas comerciales.<\/span><\/p>\n<p style=\"text-align: justify;\"><span style=\"font-size: 12.16px; line-height: 1.3em;\">A bordo de los aviones \u00a0la revista IN y el peri\u00f3dico IN Per\u00fa publicar\u00e1n notas informando acerca de la campa\u00f1a de prevenci\u00f3n.<\/span><\/p>\n<p style=\"text-align: justify;\"><span style=\"font-size: 12.16px; line-height: 1.3em;\">\u201cEstamos comprometidos con estas causa, el trabajo de informaci\u00f3n y sensibilizaci\u00f3n es clave \u00a0para reducir los casos de c\u00e1ncer de mama que se registran actualmente\u201d, precis\u00f3 el gerente de Relaciones Institucionales de LAN Peru, Michael Patzl. <\/span><\/p>\n<p style=\"text-align: justify;\"><span style=\"font-size: 12.16px; line-height: 1.3em;\">Por su parte, Margarita Hanckes, embajadora de la Campa\u00f1a sobre Concientizaci\u00f3n de C\u00e1ncer de Mama de Estee Lauder Companies Per\u00fa, precis\u00f3 que \u201cestamos comprometidos con estas campa\u00f1as que benefician a la poblaci\u00f3n y ser un canal para informales sobre la prevenci\u00f3n del c\u00e1ncer de mama nos permite contribuir a disminuir los casos que se presentan\u201d, precis\u00f3 Margarita Hanckes, embajadora de la Campa\u00f1a sobre Concientizaci\u00f3n de C\u00e1ncer de Mama de Estee Lauder Companies Per\u00fa. <\/span><\/p>\n<p style=\"text-align: justify;\"><span style=\"font-size: 12.16px; line-height: 1.3em;\">En 1992 The Est\u00e9e Lauder Companies lanz\u00f3 la campa\u00f1a de Concientizaci\u00f3n sobre el C\u00e1ncer de Mama (Breast Cancer Awareness BCA) y cre\u00f3 el \u201cList\u00f3n Rosa\u201d, s\u00edmbolo universal de la salud de las mamas, con la \u00a0misi\u00f3n de derrotar el c\u00e1ncer de mama a trav\u00e9s de la educaci\u00f3n y la investigaci\u00f3n m\u00e9dica.<\/span><\/p>\n<p style=\"text-align: justify;\"><span style=\"font-size: 12.16px; line-height: 1.3em;\">Actualmente la campa\u00f1a se desarrolla en m\u00e1s de 70 pa\u00edses y ha recaudado m\u00e1s de $58 millones de d\u00f3lares para apoyar la investigaci\u00f3n global, la educaci\u00f3n y los servicios m\u00e9dicos, financiando 185 becas de investigaci\u00f3n m\u00e9dica de BCRF a nivel mundial durante los \u00faltimos 21 a\u00f1os con cerca de $46 millones de d\u00f3lares. <\/span><\/p>\n<p style=\"text-align: justify;\"><span style=\"font-size: 12.16px; line-height: 1.3em;\">Seg\u00fan los \u00faltimos datos, el c\u00e1ncer de mama es de lejos el c\u00e1ncer m\u00e1s com\u00fan en mujeres. <\/span><\/p>\n<p style=\"text-align: justify;\">En 2012 aproximadamente 1.7 millones de mujeres en todo el mundo fueron diagnosticadas con esta enfermedad. \u00a0Casi un 12% de la poblaci\u00f3n mundial.<\/p>\n<p style=\"text-align: justify;\">La incidencia de c\u00e1ncer de mama a nivel mundial ha aumentado en m\u00e1s de un 20% desde 2008.<\/p>\n<p style=\"text-align: justify;\"><img decoding=\"async\" src=\"images\/stories\/15\/09\/300915\/avionconlazo.jpg\" border=\"0\" \/><\/p>\n","protected":false},"excerpt":{"rendered":"<p>(Aeronoticias) Por segundo a\u00f1o consecutivo LAN participa activamente en la campa\u00f1a de concientizaci\u00f3n sobre el c\u00e1ncer de mama impulsada a nivel mundial por The Est\u00e9e Lauder Companies. Durante el mes de octubre, cuatro aviones de LAN, uno de los cuales cubre rutas nacionales en el Per\u00fa, lucir\u00e1n en su fuselaje la caracter\u00edstica cinta rosada, s\u00edmbolo [&hellip;]<\/p>\n","protected":false},"author":1,"featured_media":0,"comment_status":"open","ping_status":"open","sticky":false,"template":"","format":"standard","meta":{"tdm_status":"","tdm_grid_status":"","footnotes":""},"categories":[37],"tags":[],"class_list":{"0":"post-53846","1":"post","2":"type-post","3":"status-publish","4":"format-standard","6":"category-salud"},"yoast_head":"<!-- This site is optimized with the Yoast SEO plugin v25.1 - https:\/\/yoast.com\/wordpress\/plugins\/seo\/ -->\n<title>LAN Per\u00fa apoya por segundo a\u00f1o consecutivo campa\u00f1a de prevenci\u00f3n de c\u00e1ncer de mama<\/title>\n<meta name=\"description\" content=\"Portal de noticias del Per\u00fa sobre el transporte a\u00e9reo, aviaci\u00f3n, turismo, hoteleria, actualidad.\" \/>\n<meta name=\"robots\" content=\"index, follow, max-snippet:-1, max-image-preview:large, max-video-preview:-1\" \/>\n<link rel=\"canonical\" href=\"https:\/\/aeronoticias.com.pe\/noticiero\/salud\/lan-peru-apoya-por-segundo-ano-consecutivo-campana-de-prevencion-de-cancer-de-mama\/\" \/>\n<meta property=\"og:locale\" content=\"es_ES\" \/>\n<meta property=\"og:type\" content=\"article\" \/>\n<meta property=\"og:title\" content=\"LAN Per\u00fa apoya por segundo a\u00f1o consecutivo campa\u00f1a de prevenci\u00f3n de c\u00e1ncer de mama\" \/>\n<meta property=\"og:description\" content=\"Portal de noticias del Per\u00fa sobre el transporte a\u00e9reo, aviaci\u00f3n, turismo, hoteleria, actualidad.\" \/>\n<meta property=\"og:url\" content=\"https:\/\/aeronoticias.com.pe\/noticiero\/salud\/lan-peru-apoya-por-segundo-ano-consecutivo-campana-de-prevencion-de-cancer-de-mama\/\" \/>\n<meta property=\"og:site_name\" content=\"Aeronoticias.com.pe\" \/>\n<meta property=\"article:publisher\" content=\"https:\/\/www.facebook.com\/Aeronoticias.com.pe\/\" \/>\n<meta property=\"article:published_time\" content=\"2015-10-01T20:10:20+00:00\" \/>\n<meta name=\"author\" content=\"Redacci\u00f3n Aeronoticias\" \/>\n<meta name=\"twitter:card\" content=\"summary_large_image\" \/>\n<meta name=\"twitter:creator\" content=\"@aeronoticias\" \/>\n<meta name=\"twitter:site\" content=\"@aeronoticias\" \/>\n<meta name=\"twitter:label1\" content=\"Escrito por\" \/>\n\t<meta name=\"twitter:data1\" content=\"Redacci\u00f3n Aeronoticias\" \/>\n\t<meta name=\"twitter:label2\" content=\"Tiempo de lectura\" \/>\n\t<meta name=\"twitter:data2\" content=\"2 minutos\" \/>\n<script type=\"application\/ld+json\" class=\"yoast-schema-graph\">{\"@context\":\"https:\/\/schema.org\",\"@graph\":[{\"@type\":\"WebPage\",\"@id\":\"https:\/\/aeronoticias.com.pe\/noticiero\/salud\/lan-peru-apoya-por-segundo-ano-consecutivo-campana-de-prevencion-de-cancer-de-mama\/\",\"url\":\"https:\/\/aeronoticias.com.pe\/noticiero\/salud\/lan-peru-apoya-por-segundo-ano-consecutivo-campana-de-prevencion-de-cancer-de-mama\/\",\"name\":\"LAN Per\u00fa apoya por segundo a\u00f1o consecutivo campa\u00f1a de prevenci\u00f3n de c\u00e1ncer de mama\",\"isPartOf\":{\"@id\":\"https:\/\/aeronoticias.com.pe\/noticiero\/#website\"},\"datePublished\":\"2015-10-01T20:10:20+00:00\",\"author\":{\"@id\":\"https:\/\/aeronoticias.com.pe\/noticiero\/#\/schema\/person\/fc1e5d578f4b62ba1cf7ac2bba1170a0\"},\"description\":\"Portal de noticias del Per\u00fa sobre el transporte a\u00e9reo, aviaci\u00f3n, turismo, hoteleria, actualidad.\",\"breadcrumb\":{\"@id\":\"https:\/\/aeronoticias.com.pe\/noticiero\/salud\/lan-peru-apoya-por-segundo-ano-consecutivo-campana-de-prevencion-de-cancer-de-mama\/#breadcrumb\"},\"inLanguage\":\"es\",\"potentialAction\":[{\"@type\":\"ReadAction\",\"target\":[\"https:\/\/aeronoticias.com.pe\/noticiero\/salud\/lan-peru-apoya-por-segundo-ano-consecutivo-campana-de-prevencion-de-cancer-de-mama\/\"]}]},{\"@type\":\"BreadcrumbList\",\"@id\":\"https:\/\/aeronoticias.com.pe\/noticiero\/salud\/lan-peru-apoya-por-segundo-ano-consecutivo-campana-de-prevencion-de-cancer-de-mama\/#breadcrumb\",\"itemListElement\":[{\"@type\":\"ListItem\",\"position\":1,\"name\":\"Portada\",\"item\":\"https:\/\/aeronoticias.com.pe\/noticiero\/\"},{\"@type\":\"ListItem\",\"position\":2,\"name\":\"LAN Per\u00fa apoya por segundo a\u00f1o consecutivo campa\u00f1a de prevenci\u00f3n de c\u00e1ncer de mama\"}]},{\"@type\":\"WebSite\",\"@id\":\"https:\/\/aeronoticias.com.pe\/noticiero\/#website\",\"url\":\"https:\/\/aeronoticias.com.pe\/noticiero\/\",\"name\":\"Aeronoticias.com.pe\",\"description\":\"Noticias de tranporte aereo, turismo, hoteles, gastronomia, actualidad, internacional\",\"potentialAction\":[{\"@type\":\"SearchAction\",\"target\":{\"@type\":\"EntryPoint\",\"urlTemplate\":\"https:\/\/aeronoticias.com.pe\/noticiero\/?s={search_term_string}\"},\"query-input\":{\"@type\":\"PropertyValueSpecification\",\"valueRequired\":true,\"valueName\":\"search_term_string\"}}],\"inLanguage\":\"es\"},{\"@type\":\"Person\",\"@id\":\"https:\/\/aeronoticias.com.pe\/noticiero\/#\/schema\/person\/fc1e5d578f4b62ba1cf7ac2bba1170a0\",\"name\":\"Redacci\u00f3n Aeronoticias\",\"url\":\"https:\/\/aeronoticias.com.pe\/noticiero\/author\/piloto\/\"}]}<\/script>\n<!-- \/ Yoast SEO plugin. -->","yoast_head_json":{"title":"LAN Per\u00fa apoya por segundo a\u00f1o consecutivo campa\u00f1a de prevenci\u00f3n de c\u00e1ncer de mama","description":"Portal de noticias del Per\u00fa sobre el transporte a\u00e9reo, aviaci\u00f3n, turismo, hoteleria, actualidad.","robots":{"index":"index","follow":"follow","max-snippet":"max-snippet:-1","max-image-preview":"max-image-preview:large","max-video-preview":"max-video-preview:-1"},"canonical":"https:\/\/aeronoticias.com.pe\/noticiero\/salud\/lan-peru-apoya-por-segundo-ano-consecutivo-campana-de-prevencion-de-cancer-de-mama\/","og_locale":"es_ES","og_type":"article","og_title":"LAN Per\u00fa apoya por segundo a\u00f1o consecutivo campa\u00f1a de prevenci\u00f3n de c\u00e1ncer de mama","og_description":"Portal de noticias del Per\u00fa sobre el transporte a\u00e9reo, aviaci\u00f3n, turismo, hoteleria, actualidad.","og_url":"https:\/\/aeronoticias.com.pe\/noticiero\/salud\/lan-peru-apoya-por-segundo-ano-consecutivo-campana-de-prevencion-de-cancer-de-mama\/","og_site_name":"Aeronoticias.com.pe","article_publisher":"https:\/\/www.facebook.com\/Aeronoticias.com.pe\/","article_published_time":"2015-10-01T20:10:20+00:00","author":"Redacci\u00f3n Aeronoticias","twitter_card":"summary_large_image","twitter_creator":"@aeronoticias","twitter_site":"@aeronoticias","twitter_misc":{"Escrito por":"Redacci\u00f3n Aeronoticias","Tiempo de lectura":"2 minutos"},"schema":{"@context":"https:\/\/schema.org","@graph":[{"@type":"WebPage","@id":"https:\/\/aeronoticias.com.pe\/noticiero\/salud\/lan-peru-apoya-por-segundo-ano-consecutivo-campana-de-prevencion-de-cancer-de-mama\/","url":"https:\/\/aeronoticias.com.pe\/noticiero\/salud\/lan-peru-apoya-por-segundo-ano-consecutivo-campana-de-prevencion-de-cancer-de-mama\/","name":"LAN Per\u00fa apoya por segundo a\u00f1o consecutivo campa\u00f1a de prevenci\u00f3n de c\u00e1ncer de mama","isPartOf":{"@id":"https:\/\/aeronoticias.com.pe\/noticiero\/#website"},"datePublished":"2015-10-01T20:10:20+00:00","author":{"@id":"https:\/\/aeronoticias.com.pe\/noticiero\/#\/schema\/person\/fc1e5d578f4b62ba1cf7ac2bba1170a0"},"description":"Portal de noticias del Per\u00fa sobre el transporte a\u00e9reo, aviaci\u00f3n, turismo, hoteleria, actualidad.","breadcrumb":{"@id":"https:\/\/aeronoticias.com.pe\/noticiero\/salud\/lan-peru-apoya-por-segundo-ano-consecutivo-campana-de-prevencion-de-cancer-de-mama\/#breadcrumb"},"inLanguage":"es","potentialAction":[{"@type":"ReadAction","target":["https:\/\/aeronoticias.com.pe\/noticiero\/salud\/lan-peru-apoya-por-segundo-ano-consecutivo-campana-de-prevencion-de-cancer-de-mama\/"]}]},{"@type":"BreadcrumbList","@id":"https:\/\/aeronoticias.com.pe\/noticiero\/salud\/lan-peru-apoya-por-segundo-ano-consecutivo-campana-de-prevencion-de-cancer-de-mama\/#breadcrumb","itemListElement":[{"@type":"ListItem","position":1,"name":"Portada","item":"https:\/\/aeronoticias.com.pe\/noticiero\/"},{"@type":"ListItem","position":2,"name":"LAN Per\u00fa apoya por segundo a\u00f1o consecutivo campa\u00f1a de prevenci\u00f3n de c\u00e1ncer de mama"}]},{"@type":"WebSite","@id":"https:\/\/aeronoticias.com.pe\/noticiero\/#website","url":"https:\/\/aeronoticias.com.pe\/noticiero\/","name":"Aeronoticias.com.pe","description":"Noticias de tranporte aereo, turismo, hoteles, gastronomia, actualidad, internacional","potentialAction":[{"@type":"SearchAction","target":{"@type":"EntryPoint","urlTemplate":"https:\/\/aeronoticias.com.pe\/noticiero\/?s={search_term_string}"},"query-input":{"@type":"PropertyValueSpecification","valueRequired":true,"valueName":"search_term_string"}}],"inLanguage":"es"},{"@type":"Person","@id":"https:\/\/aeronoticias.com.pe\/noticiero\/#\/schema\/person\/fc1e5d578f4b62ba1cf7ac2bba1170a0","name":"Redacci\u00f3n Aeronoticias","url":"https:\/\/aeronoticias.com.pe\/noticiero\/author\/piloto\/"}]}},"_links":{"self":[{"href":"https:\/\/aeronoticias.com.pe\/noticiero\/wp-json\/wp\/v2\/posts\/53846","targetHints":{"allow":["GET"]}}],"collection":[{"href":"https:\/\/aeronoticias.com.pe\/noticiero\/wp-json\/wp\/v2\/posts"}],"about":[{"href":"https:\/\/aeronoticias.com.pe\/noticiero\/wp-json\/wp\/v2\/types\/post"}],"author":[{"embeddable":true,"href":"https:\/\/aeronoticias.com.pe\/noticiero\/wp-json\/wp\/v2\/users\/1"}],"replies":[{"embeddable":true,"href":"https:\/\/aeronoticias.com.pe\/noticiero\/wp-json\/wp\/v2\/comments?post=53846"}],"version-history":[{"count":0,"href":"https:\/\/aeronoticias.com.pe\/noticiero\/wp-json\/wp\/v2\/posts\/53846\/revisions"}],"wp:attachment":[{"href":"https:\/\/aeronoticias.com.pe\/noticiero\/wp-json\/wp\/v2\/media?parent=53846"}],"wp:term":[{"taxonomy":"category","embeddable":true,"href":"https:\/\/aeronoticias.com.pe\/noticiero\/wp-json\/wp\/v2\/categories?post=53846"},{"taxonomy":"post_tag","embeddable":true,"href":"https:\/\/aeronoticias.com.pe\/noticiero\/wp-json\/wp\/v2\/tags?post=53846"}],"curies":[{"name":"wp","href":"https:\/\/api.w.org\/{rel}","templated":true}]}}