{"id":53847,"date":"2015-10-02T06:37:48","date_gmt":"2015-10-02T06:37:48","guid":{"rendered":"http:\/\/desarrollo.mcvicious.com\/aero2020\/2015\/10\/02\/avion-rosa-de-delta-aterriza-en-mexico-para-concientizar-sobre-cancer-de-mama\/"},"modified":"2015-10-02T06:37:48","modified_gmt":"2015-10-02T06:37:48","slug":"avion-rosa-de-delta-aterriza-en-mexico-para-concientizar-sobre-cancer-de-mama","status":"publish","type":"post","link":"https:\/\/aeronoticias.com.pe\/noticiero\/transporte-aereo\/internacional\/avion-rosa-de-delta-aterriza-en-mexico-para-concientizar-sobre-cancer-de-mama\/","title":{"rendered":"Avi\u00f3n Rosa de Delta aterriza en M\u00e9xico para concientizar sobre c\u00e1ncer de mama"},"content":{"rendered":"<p style=\"text-align: justify;\"><strong>(Aeronoticias)<\/strong>.-\u00a0El \u201cAvi\u00f3n Rosa\u201d de Delta Air Lines aterriz\u00f3 este mediod\u00eda en el Aeropuerto Internacional de la Ciudad de M\u00e9xico (AICM), con lo que inicia su campa\u00f1a de concientizaci\u00f3n sobre el c\u00e1ncer de mama y de recaudaci\u00f3n de fondos para investigaci\u00f3n que desde hace 11 a\u00f1os realiza durante el mes de octubre.<\/p>\n<p style=\"text-align: justify;\">En el reci\u00e9n pintado Boeing 767-400ER, que despeg\u00f3 del Aeropuerto Internacional John F. Kennedy, en Nueva York, viajaron m\u00e1s de 100 empleados de la aerol\u00ednea estadounidense y cuatro de Aerom\u00e9xico sobrevivientes de la neoplasia o que actualmente est\u00e1n luchando contra la enfermedad.<\/p>\n<p style=\"text-align: justify;\">Durante este vuelo charter, los pasajeros y pasajeras, siempre de muy buen humor, fueron atendidas por sobrecargos, mujeres con el uniforme completo de color rosa y los hombres con corbata, pa\u00f1uelo y mandil del mismo tono, quienes a lo largo del trayecto empezaron a recaudar fondos mediante rifas.<\/p>\n<p style=\"text-align: justify;\">Delta Air Lines celebr\u00f3 el d\u00e9cimo primer aniversario en su lucha contra el c\u00e1ncer volando por primera vez una ruta internacional entre Nueva York y la Ciudad de M\u00e9xico, a fin de mostrar el alcance internacional de los esfuerzos para acabar con el c\u00e1ncer de este tipo que afecta principalmente a mujeres, pero tambi\u00e9n a hombres.<\/p>\n<p style=\"text-align: justify;\">\u00abEs la primera vez que volamos fuera de los Estados Unidos por la sociedad que tenemos con Aerom\u00e9xico\u00bb inform\u00f3 Mauricio Parise, director de Comunicaci\u00f3n para Latinoam\u00e9rica de la aerol\u00ednea.<\/p>\n<p style=\"text-align: justify;\">Se\u00f1al\u00f3 que \u00abpor la importancia que tiene M\u00e9xico para nosotros tomamos la decisi\u00f3n de hacer el primer vuelo, es importante para el crecimiento de Delta y tambi\u00e9n para los empleados sobrevivientes del c\u00e1ncer\u00bb.<\/p>\n<p style=\"text-align: justify;\">Asimismo, Gail Grimmett, vicepresidente senior de Delta Air Lines New York, en entrevista dijo que desde 2005 se han recaudado 9.2 millones de d\u00f3lares para la Fundaci\u00f3n de Investigaci\u00f3n del C\u00e1ncer de Mama (BCRF por sus siglas en ingl\u00e9s).<\/p>\n<p style=\"text-align: justify;\">Las contribuciones de Delta han financiado adem\u00e1s el trabajo vital de 37 proyectos de investigaci\u00f3n distintos a lo largo de m\u00e1s de una d\u00e9cada en la b\u00fasqueda de la erradicaci\u00f3n del c\u00e1ncer de mama.<\/p>\n<p style=\"text-align: justify;\">En octubre se observar\u00e1 a los empleados de la aerol\u00ednea con uniformes rosados y recaudando fondos para la BCFR, al tiempo que informaran sobre la enfermedad.<\/p>\n<p style=\"text-align: justify;\">Las donaciones las recoger\u00e1n a bordo de los aviones mediante la venta de limonadas rosas y art\u00edculos rosados seleccionados. El Boeing 767-400ER que exhibe el caracter\u00edstico logo del lazo rosa de la BCRF partir\u00e1 ma\u00f1ana viernes a las 10:00 de la ma\u00f1ana a Atlanta.<\/p>\n<p style=\"text-align: justify;\">Fuente: <span style=\"text-decoration: underline;\"><strong><em>Aviaci\u00f3n al d\u00eda<\/em><\/strong><\/span>.<\/p>\n<p style=\"text-align: justify;\"><img decoding=\"async\" src=\"http:\/\/2.bp.blogspot.com\/-3PUvq2ebAlI\/Vg2PjShjDvI\/AAAAAAAAqqQ\/Y8xHCZkWOP0\/s1600\/delta.png\" border=\"0\" \/><\/p>\n","protected":false},"excerpt":{"rendered":"<p>(Aeronoticias).-\u00a0El \u201cAvi\u00f3n Rosa\u201d de Delta Air Lines aterriz\u00f3 este mediod\u00eda en el Aeropuerto Internacional de la Ciudad de M\u00e9xico (AICM), con lo que inicia su campa\u00f1a de concientizaci\u00f3n sobre el c\u00e1ncer de mama y de recaudaci\u00f3n de fondos para investigaci\u00f3n que desde hace 11 a\u00f1os realiza durante el mes de octubre. En el reci\u00e9n pintado [&hellip;]<\/p>\n","protected":false},"author":1,"featured_media":0,"comment_status":"open","ping_status":"open","sticky":false,"template":"","format":"standard","meta":{"tdm_status":"","tdm_grid_status":"","footnotes":""},"categories":[32],"tags":[],"class_list":{"0":"post-53847","1":"post","2":"type-post","3":"status-publish","4":"format-standard","6":"category-internacional"},"yoast_head":"<!-- This site is optimized with the Yoast SEO plugin v25.1 - https:\/\/yoast.com\/wordpress\/plugins\/seo\/ -->\n<title>Avi\u00f3n Rosa de Delta aterriza en M\u00e9xico para concientizar sobre c\u00e1ncer de mama<\/title>\n<meta name=\"description\" content=\"Portal de noticias del Per\u00fa sobre el transporte a\u00e9reo, aviaci\u00f3n, turismo, hoteleria, actualidad.\" \/>\n<meta name=\"robots\" content=\"index, follow, max-snippet:-1, max-image-preview:large, max-video-preview:-1\" \/>\n<link rel=\"canonical\" href=\"https:\/\/aeronoticias.com.pe\/noticiero\/transporte-aereo\/internacional\/avion-rosa-de-delta-aterriza-en-mexico-para-concientizar-sobre-cancer-de-mama\/\" \/>\n<meta property=\"og:locale\" content=\"es_ES\" \/>\n<meta property=\"og:type\" content=\"article\" \/>\n<meta property=\"og:title\" content=\"Avi\u00f3n Rosa de Delta aterriza en M\u00e9xico para concientizar sobre c\u00e1ncer de mama\" \/>\n<meta property=\"og:description\" content=\"Portal de noticias del Per\u00fa sobre el transporte a\u00e9reo, aviaci\u00f3n, turismo, hoteleria, actualidad.\" \/>\n<meta property=\"og:url\" content=\"https:\/\/aeronoticias.com.pe\/noticiero\/transporte-aereo\/internacional\/avion-rosa-de-delta-aterriza-en-mexico-para-concientizar-sobre-cancer-de-mama\/\" \/>\n<meta property=\"og:site_name\" content=\"Aeronoticias.com.pe\" \/>\n<meta property=\"article:publisher\" content=\"https:\/\/www.facebook.com\/Aeronoticias.com.pe\/\" \/>\n<meta property=\"article:published_time\" content=\"2015-10-02T06:37:48+00:00\" \/>\n<meta property=\"og:image\" content=\"http:\/\/2.bp.blogspot.com\/-3PUvq2ebAlI\/Vg2PjShjDvI\/AAAAAAAAqqQ\/Y8xHCZkWOP0\/s1600\/delta.png\" \/>\n<meta name=\"author\" content=\"Redacci\u00f3n Aeronoticias\" \/>\n<meta name=\"twitter:card\" content=\"summary_large_image\" \/>\n<meta name=\"twitter:creator\" content=\"@aeronoticias\" \/>\n<meta name=\"twitter:site\" content=\"@aeronoticias\" \/>\n<meta name=\"twitter:label1\" content=\"Escrito por\" \/>\n\t<meta name=\"twitter:data1\" content=\"Redacci\u00f3n Aeronoticias\" \/>\n\t<meta name=\"twitter:label2\" content=\"Tiempo de lectura\" \/>\n\t<meta name=\"twitter:data2\" content=\"2 minutos\" \/>\n<script type=\"application\/ld+json\" class=\"yoast-schema-graph\">{\"@context\":\"https:\/\/schema.org\",\"@graph\":[{\"@type\":\"WebPage\",\"@id\":\"https:\/\/aeronoticias.com.pe\/noticiero\/transporte-aereo\/internacional\/avion-rosa-de-delta-aterriza-en-mexico-para-concientizar-sobre-cancer-de-mama\/\",\"url\":\"https:\/\/aeronoticias.com.pe\/noticiero\/transporte-aereo\/internacional\/avion-rosa-de-delta-aterriza-en-mexico-para-concientizar-sobre-cancer-de-mama\/\",\"name\":\"Avi\u00f3n Rosa de Delta aterriza en M\u00e9xico para concientizar sobre c\u00e1ncer de mama\",\"isPartOf\":{\"@id\":\"https:\/\/aeronoticias.com.pe\/noticiero\/#website\"},\"primaryImageOfPage\":{\"@id\":\"https:\/\/aeronoticias.com.pe\/noticiero\/transporte-aereo\/internacional\/avion-rosa-de-delta-aterriza-en-mexico-para-concientizar-sobre-cancer-de-mama\/#primaryimage\"},\"image\":{\"@id\":\"https:\/\/aeronoticias.com.pe\/noticiero\/transporte-aereo\/internacional\/avion-rosa-de-delta-aterriza-en-mexico-para-concientizar-sobre-cancer-de-mama\/#primaryimage\"},\"thumbnailUrl\":\"http:\/\/2.bp.blogspot.com\/-3PUvq2ebAlI\/Vg2PjShjDvI\/AAAAAAAAqqQ\/Y8xHCZkWOP0\/s1600\/delta.png\",\"datePublished\":\"2015-10-02T06:37:48+00:00\",\"author\":{\"@id\":\"https:\/\/aeronoticias.com.pe\/noticiero\/#\/schema\/person\/fc1e5d578f4b62ba1cf7ac2bba1170a0\"},\"description\":\"Portal de noticias del Per\u00fa sobre el transporte a\u00e9reo, aviaci\u00f3n, turismo, hoteleria, actualidad.\",\"breadcrumb\":{\"@id\":\"https:\/\/aeronoticias.com.pe\/noticiero\/transporte-aereo\/internacional\/avion-rosa-de-delta-aterriza-en-mexico-para-concientizar-sobre-cancer-de-mama\/#breadcrumb\"},\"inLanguage\":\"es\",\"potentialAction\":[{\"@type\":\"ReadAction\",\"target\":[\"https:\/\/aeronoticias.com.pe\/noticiero\/transporte-aereo\/internacional\/avion-rosa-de-delta-aterriza-en-mexico-para-concientizar-sobre-cancer-de-mama\/\"]}]},{\"@type\":\"ImageObject\",\"inLanguage\":\"es\",\"@id\":\"https:\/\/aeronoticias.com.pe\/noticiero\/transporte-aereo\/internacional\/avion-rosa-de-delta-aterriza-en-mexico-para-concientizar-sobre-cancer-de-mama\/#primaryimage\",\"url\":\"http:\/\/2.bp.blogspot.com\/-3PUvq2ebAlI\/Vg2PjShjDvI\/AAAAAAAAqqQ\/Y8xHCZkWOP0\/s1600\/delta.png\",\"contentUrl\":\"http:\/\/2.bp.blogspot.com\/-3PUvq2ebAlI\/Vg2PjShjDvI\/AAAAAAAAqqQ\/Y8xHCZkWOP0\/s1600\/delta.png\"},{\"@type\":\"BreadcrumbList\",\"@id\":\"https:\/\/aeronoticias.com.pe\/noticiero\/transporte-aereo\/internacional\/avion-rosa-de-delta-aterriza-en-mexico-para-concientizar-sobre-cancer-de-mama\/#breadcrumb\",\"itemListElement\":[{\"@type\":\"ListItem\",\"position\":1,\"name\":\"Portada\",\"item\":\"https:\/\/aeronoticias.com.pe\/noticiero\/\"},{\"@type\":\"ListItem\",\"position\":2,\"name\":\"Avi\u00f3n Rosa de Delta aterriza en M\u00e9xico para concientizar sobre c\u00e1ncer de mama\"}]},{\"@type\":\"WebSite\",\"@id\":\"https:\/\/aeronoticias.com.pe\/noticiero\/#website\",\"url\":\"https:\/\/aeronoticias.com.pe\/noticiero\/\",\"name\":\"Aeronoticias.com.pe\",\"description\":\"Noticias de tranporte aereo, turismo, hoteles, gastronomia, actualidad, internacional\",\"potentialAction\":[{\"@type\":\"SearchAction\",\"target\":{\"@type\":\"EntryPoint\",\"urlTemplate\":\"https:\/\/aeronoticias.com.pe\/noticiero\/?s={search_term_string}\"},\"query-input\":{\"@type\":\"PropertyValueSpecification\",\"valueRequired\":true,\"valueName\":\"search_term_string\"}}],\"inLanguage\":\"es\"},{\"@type\":\"Person\",\"@id\":\"https:\/\/aeronoticias.com.pe\/noticiero\/#\/schema\/person\/fc1e5d578f4b62ba1cf7ac2bba1170a0\",\"name\":\"Redacci\u00f3n Aeronoticias\",\"url\":\"https:\/\/aeronoticias.com.pe\/noticiero\/author\/piloto\/\"}]}<\/script>\n<!-- \/ Yoast SEO plugin. -->","yoast_head_json":{"title":"Avi\u00f3n Rosa de Delta aterriza en M\u00e9xico para concientizar sobre c\u00e1ncer de mama","description":"Portal de noticias del Per\u00fa sobre el transporte a\u00e9reo, aviaci\u00f3n, turismo, hoteleria, actualidad.","robots":{"index":"index","follow":"follow","max-snippet":"max-snippet:-1","max-image-preview":"max-image-preview:large","max-video-preview":"max-video-preview:-1"},"canonical":"https:\/\/aeronoticias.com.pe\/noticiero\/transporte-aereo\/internacional\/avion-rosa-de-delta-aterriza-en-mexico-para-concientizar-sobre-cancer-de-mama\/","og_locale":"es_ES","og_type":"article","og_title":"Avi\u00f3n Rosa de Delta aterriza en M\u00e9xico para concientizar sobre c\u00e1ncer de mama","og_description":"Portal de noticias del Per\u00fa sobre el transporte a\u00e9reo, aviaci\u00f3n, turismo, hoteleria, actualidad.","og_url":"https:\/\/aeronoticias.com.pe\/noticiero\/transporte-aereo\/internacional\/avion-rosa-de-delta-aterriza-en-mexico-para-concientizar-sobre-cancer-de-mama\/","og_site_name":"Aeronoticias.com.pe","article_publisher":"https:\/\/www.facebook.com\/Aeronoticias.com.pe\/","article_published_time":"2015-10-02T06:37:48+00:00","og_image":[{"url":"http:\/\/2.bp.blogspot.com\/-3PUvq2ebAlI\/Vg2PjShjDvI\/AAAAAAAAqqQ\/Y8xHCZkWOP0\/s1600\/delta.png","type":"","width":"","height":""}],"author":"Redacci\u00f3n Aeronoticias","twitter_card":"summary_large_image","twitter_creator":"@aeronoticias","twitter_site":"@aeronoticias","twitter_misc":{"Escrito por":"Redacci\u00f3n Aeronoticias","Tiempo de lectura":"2 minutos"},"schema":{"@context":"https:\/\/schema.org","@graph":[{"@type":"WebPage","@id":"https:\/\/aeronoticias.com.pe\/noticiero\/transporte-aereo\/internacional\/avion-rosa-de-delta-aterriza-en-mexico-para-concientizar-sobre-cancer-de-mama\/","url":"https:\/\/aeronoticias.com.pe\/noticiero\/transporte-aereo\/internacional\/avion-rosa-de-delta-aterriza-en-mexico-para-concientizar-sobre-cancer-de-mama\/","name":"Avi\u00f3n Rosa de Delta aterriza en M\u00e9xico para concientizar sobre c\u00e1ncer de mama","isPartOf":{"@id":"https:\/\/aeronoticias.com.pe\/noticiero\/#website"},"primaryImageOfPage":{"@id":"https:\/\/aeronoticias.com.pe\/noticiero\/transporte-aereo\/internacional\/avion-rosa-de-delta-aterriza-en-mexico-para-concientizar-sobre-cancer-de-mama\/#primaryimage"},"image":{"@id":"https:\/\/aeronoticias.com.pe\/noticiero\/transporte-aereo\/internacional\/avion-rosa-de-delta-aterriza-en-mexico-para-concientizar-sobre-cancer-de-mama\/#primaryimage"},"thumbnailUrl":"http:\/\/2.bp.blogspot.com\/-3PUvq2ebAlI\/Vg2PjShjDvI\/AAAAAAAAqqQ\/Y8xHCZkWOP0\/s1600\/delta.png","datePublished":"2015-10-02T06:37:48+00:00","author":{"@id":"https:\/\/aeronoticias.com.pe\/noticiero\/#\/schema\/person\/fc1e5d578f4b62ba1cf7ac2bba1170a0"},"description":"Portal de noticias del Per\u00fa sobre el transporte a\u00e9reo, aviaci\u00f3n, turismo, hoteleria, actualidad.","breadcrumb":{"@id":"https:\/\/aeronoticias.com.pe\/noticiero\/transporte-aereo\/internacional\/avion-rosa-de-delta-aterriza-en-mexico-para-concientizar-sobre-cancer-de-mama\/#breadcrumb"},"inLanguage":"es","potentialAction":[{"@type":"ReadAction","target":["https:\/\/aeronoticias.com.pe\/noticiero\/transporte-aereo\/internacional\/avion-rosa-de-delta-aterriza-en-mexico-para-concientizar-sobre-cancer-de-mama\/"]}]},{"@type":"ImageObject","inLanguage":"es","@id":"https:\/\/aeronoticias.com.pe\/noticiero\/transporte-aereo\/internacional\/avion-rosa-de-delta-aterriza-en-mexico-para-concientizar-sobre-cancer-de-mama\/#primaryimage","url":"http:\/\/2.bp.blogspot.com\/-3PUvq2ebAlI\/Vg2PjShjDvI\/AAAAAAAAqqQ\/Y8xHCZkWOP0\/s1600\/delta.png","contentUrl":"http:\/\/2.bp.blogspot.com\/-3PUvq2ebAlI\/Vg2PjShjDvI\/AAAAAAAAqqQ\/Y8xHCZkWOP0\/s1600\/delta.png"},{"@type":"BreadcrumbList","@id":"https:\/\/aeronoticias.com.pe\/noticiero\/transporte-aereo\/internacional\/avion-rosa-de-delta-aterriza-en-mexico-para-concientizar-sobre-cancer-de-mama\/#breadcrumb","itemListElement":[{"@type":"ListItem","position":1,"name":"Portada","item":"https:\/\/aeronoticias.com.pe\/noticiero\/"},{"@type":"ListItem","position":2,"name":"Avi\u00f3n Rosa de Delta aterriza en M\u00e9xico para concientizar sobre c\u00e1ncer de mama"}]},{"@type":"WebSite","@id":"https:\/\/aeronoticias.com.pe\/noticiero\/#website","url":"https:\/\/aeronoticias.com.pe\/noticiero\/","name":"Aeronoticias.com.pe","description":"Noticias de tranporte aereo, turismo, hoteles, gastronomia, actualidad, internacional","potentialAction":[{"@type":"SearchAction","target":{"@type":"EntryPoint","urlTemplate":"https:\/\/aeronoticias.com.pe\/noticiero\/?s={search_term_string}"},"query-input":{"@type":"PropertyValueSpecification","valueRequired":true,"valueName":"search_term_string"}}],"inLanguage":"es"},{"@type":"Person","@id":"https:\/\/aeronoticias.com.pe\/noticiero\/#\/schema\/person\/fc1e5d578f4b62ba1cf7ac2bba1170a0","name":"Redacci\u00f3n Aeronoticias","url":"https:\/\/aeronoticias.com.pe\/noticiero\/author\/piloto\/"}]}},"_links":{"self":[{"href":"https:\/\/aeronoticias.com.pe\/noticiero\/wp-json\/wp\/v2\/posts\/53847","targetHints":{"allow":["GET"]}}],"collection":[{"href":"https:\/\/aeronoticias.com.pe\/noticiero\/wp-json\/wp\/v2\/posts"}],"about":[{"href":"https:\/\/aeronoticias.com.pe\/noticiero\/wp-json\/wp\/v2\/types\/post"}],"author":[{"embeddable":true,"href":"https:\/\/aeronoticias.com.pe\/noticiero\/wp-json\/wp\/v2\/users\/1"}],"replies":[{"embeddable":true,"href":"https:\/\/aeronoticias.com.pe\/noticiero\/wp-json\/wp\/v2\/comments?post=53847"}],"version-history":[{"count":0,"href":"https:\/\/aeronoticias.com.pe\/noticiero\/wp-json\/wp\/v2\/posts\/53847\/revisions"}],"wp:attachment":[{"href":"https:\/\/aeronoticias.com.pe\/noticiero\/wp-json\/wp\/v2\/media?parent=53847"}],"wp:term":[{"taxonomy":"category","embeddable":true,"href":"https:\/\/aeronoticias.com.pe\/noticiero\/wp-json\/wp\/v2\/categories?post=53847"},{"taxonomy":"post_tag","embeddable":true,"href":"https:\/\/aeronoticias.com.pe\/noticiero\/wp-json\/wp\/v2\/tags?post=53847"}],"curies":[{"name":"wp","href":"https:\/\/api.w.org\/{rel}","templated":true}]}}