{"id":53859,"date":"2015-10-02T19:32:03","date_gmt":"2015-10-02T19:32:03","guid":{"rendered":"http:\/\/desarrollo.mcvicious.com\/aero2020\/2015\/10\/02\/q-hoy-no-hubiera-elegido-el-periodismoq-confiesa-cesar-hildebrandt\/"},"modified":"2015-10-02T19:32:03","modified_gmt":"2015-10-02T19:32:03","slug":"q-hoy-no-hubiera-elegido-el-periodismoq-confiesa-cesar-hildebrandt","status":"publish","type":"post","link":"https:\/\/aeronoticias.com.pe\/noticiero\/politica\/q-hoy-no-hubiera-elegido-el-periodismoq-confiesa-cesar-hildebrandt\/","title":{"rendered":"\u00abHoy no hubiera elegido el periodismo\u00bb, confiesa C\u00e9sar Hildebrandt"},"content":{"rendered":"<p style=\"text-align: justify;\"><strong>(Aeronoticias) <\/strong><span style=\"font-size: 12.16px; line-height: 1.3em;\">Decepcionado por la forma como , a su parecer, se manejan actualmente las informaciones en los diversos medios de comunicaci\u00f3n del pa\u00eds,el periodista C\u00e9sar Hildebrandt, hartamente conocido por su estilo pol\u00e9mico y mordaz,manifest\u00f3 que hoy no hubiera elegido esta profesi\u00f3n.<\/span><\/p>\n<p style=\"text-align: justify;\"><span style=\"font-size: 12.16px; line-height: 1.3em;\">\u00abHoy, viendo lo que veo, escuchando lo que escucho, leyendo lo que leo y deduciendo lo que puedo deducir respecto de tanto busto parlante y de tanto prosista peleado con el idioma, hoy, digo, no habr\u00eda elegido el periodismo\u00bb, anot\u00f3 en la secci\u00f3n Matices del semanario que dirige desde hace seis a\u00f1os bajo el t\u00edtulo de \u00abHildebrandt en sus trece\u00bby que sali\u00f3 hoy a la venta.<\/span><\/p>\n<p style=\"text-align: justify;\"><span style=\"font-size: 12.16px; line-height: 1.3em;\">En una parte de su art\u00edculo \u00bb Noche del periodista\u00bb, Hildebrandt relata c\u00f3mo se formaban los colegas de otras \u00e9pocas para luego escribir, sin embargo las noticias \u00bb en f\u00e1cil\u00bb,\u00bb pero nunca dejamos de pensar que el periodismo era un asunto que requer\u00eda de independencia de criterio y de un sentido animal de la decencia\u00bb, remarca .<\/span><\/p>\n<p style=\"text-align: justify;\"><span style=\"font-size: 12.16px; line-height: 1.3em;\">Esta nota, justamente cuando los periodistas peruanos festejan su fecha jubilar ha sido causa de meditaci\u00f3n para todo el gremio que ahora la comentan en salones y otros ambientes parecidos.<\/span><\/p>\n<p><img decoding=\"async\" src=\"images\/stories\/15\/10\/021015\/hildebrandt.jpg\" border=\"0\" \/><\/p>\n","protected":false},"excerpt":{"rendered":"<p>(Aeronoticias) Decepcionado por la forma como , a su parecer, se manejan actualmente las informaciones en los diversos medios de comunicaci\u00f3n del pa\u00eds,el periodista C\u00e9sar Hildebrandt, hartamente conocido por su estilo pol\u00e9mico y mordaz,manifest\u00f3 que hoy no hubiera elegido esta profesi\u00f3n. \u00abHoy, viendo lo que veo, escuchando lo que escucho, leyendo lo que leo y [&hellip;]<\/p>\n","protected":false},"author":1,"featured_media":0,"comment_status":"open","ping_status":"open","sticky":false,"template":"","format":"standard","meta":{"tdm_status":"","tdm_grid_status":"","footnotes":""},"categories":[36],"tags":[],"class_list":{"0":"post-53859","1":"post","2":"type-post","3":"status-publish","4":"format-standard","6":"category-politica"},"yoast_head":"<!-- This site is optimized with the Yoast SEO plugin v25.1 - https:\/\/yoast.com\/wordpress\/plugins\/seo\/ -->\n<title>&quot;Hoy no hubiera elegido el periodismo&quot;, confiesa C\u00e9sar Hildebrandt<\/title>\n<meta name=\"description\" content=\"Portal de noticias del Per\u00fa sobre el transporte a\u00e9reo, aviaci\u00f3n, turismo, hoteleria, actualidad.\" \/>\n<meta name=\"robots\" content=\"index, follow, max-snippet:-1, max-image-preview:large, max-video-preview:-1\" \/>\n<link rel=\"canonical\" href=\"https:\/\/aeronoticias.com.pe\/noticiero\/politica\/q-hoy-no-hubiera-elegido-el-periodismoq-confiesa-cesar-hildebrandt\/\" \/>\n<meta property=\"og:locale\" content=\"es_ES\" \/>\n<meta property=\"og:type\" content=\"article\" \/>\n<meta property=\"og:title\" content=\"&quot;Hoy no hubiera elegido el periodismo&quot;, confiesa C\u00e9sar Hildebrandt\" \/>\n<meta property=\"og:description\" content=\"Portal de noticias del Per\u00fa sobre el transporte a\u00e9reo, aviaci\u00f3n, turismo, hoteleria, actualidad.\" \/>\n<meta property=\"og:url\" content=\"https:\/\/aeronoticias.com.pe\/noticiero\/politica\/q-hoy-no-hubiera-elegido-el-periodismoq-confiesa-cesar-hildebrandt\/\" \/>\n<meta property=\"og:site_name\" content=\"Aeronoticias.com.pe\" \/>\n<meta property=\"article:publisher\" content=\"https:\/\/www.facebook.com\/Aeronoticias.com.pe\/\" \/>\n<meta property=\"article:published_time\" content=\"2015-10-02T19:32:03+00:00\" \/>\n<meta name=\"author\" content=\"Redacci\u00f3n Aeronoticias\" \/>\n<meta name=\"twitter:card\" content=\"summary_large_image\" \/>\n<meta name=\"twitter:creator\" content=\"@aeronoticias\" \/>\n<meta name=\"twitter:site\" content=\"@aeronoticias\" \/>\n<meta name=\"twitter:label1\" content=\"Escrito por\" \/>\n\t<meta name=\"twitter:data1\" content=\"Redacci\u00f3n Aeronoticias\" \/>\n\t<meta name=\"twitter:label2\" content=\"Tiempo de lectura\" \/>\n\t<meta name=\"twitter:data2\" content=\"1 minuto\" \/>\n<script type=\"application\/ld+json\" class=\"yoast-schema-graph\">{\"@context\":\"https:\/\/schema.org\",\"@graph\":[{\"@type\":\"WebPage\",\"@id\":\"https:\/\/aeronoticias.com.pe\/noticiero\/politica\/q-hoy-no-hubiera-elegido-el-periodismoq-confiesa-cesar-hildebrandt\/\",\"url\":\"https:\/\/aeronoticias.com.pe\/noticiero\/politica\/q-hoy-no-hubiera-elegido-el-periodismoq-confiesa-cesar-hildebrandt\/\",\"name\":\"\\\"Hoy no hubiera elegido el periodismo\\\", confiesa C\u00e9sar Hildebrandt\",\"isPartOf\":{\"@id\":\"https:\/\/aeronoticias.com.pe\/noticiero\/#website\"},\"datePublished\":\"2015-10-02T19:32:03+00:00\",\"author\":{\"@id\":\"https:\/\/aeronoticias.com.pe\/noticiero\/#\/schema\/person\/fc1e5d578f4b62ba1cf7ac2bba1170a0\"},\"description\":\"Portal de noticias del Per\u00fa sobre el transporte a\u00e9reo, aviaci\u00f3n, turismo, hoteleria, actualidad.\",\"breadcrumb\":{\"@id\":\"https:\/\/aeronoticias.com.pe\/noticiero\/politica\/q-hoy-no-hubiera-elegido-el-periodismoq-confiesa-cesar-hildebrandt\/#breadcrumb\"},\"inLanguage\":\"es\",\"potentialAction\":[{\"@type\":\"ReadAction\",\"target\":[\"https:\/\/aeronoticias.com.pe\/noticiero\/politica\/q-hoy-no-hubiera-elegido-el-periodismoq-confiesa-cesar-hildebrandt\/\"]}]},{\"@type\":\"BreadcrumbList\",\"@id\":\"https:\/\/aeronoticias.com.pe\/noticiero\/politica\/q-hoy-no-hubiera-elegido-el-periodismoq-confiesa-cesar-hildebrandt\/#breadcrumb\",\"itemListElement\":[{\"@type\":\"ListItem\",\"position\":1,\"name\":\"Portada\",\"item\":\"https:\/\/aeronoticias.com.pe\/noticiero\/\"},{\"@type\":\"ListItem\",\"position\":2,\"name\":\"\u00abHoy no hubiera elegido el periodismo\u00bb, confiesa C\u00e9sar Hildebrandt\"}]},{\"@type\":\"WebSite\",\"@id\":\"https:\/\/aeronoticias.com.pe\/noticiero\/#website\",\"url\":\"https:\/\/aeronoticias.com.pe\/noticiero\/\",\"name\":\"Aeronoticias.com.pe\",\"description\":\"Noticias de tranporte aereo, turismo, hoteles, gastronomia, actualidad, internacional\",\"potentialAction\":[{\"@type\":\"SearchAction\",\"target\":{\"@type\":\"EntryPoint\",\"urlTemplate\":\"https:\/\/aeronoticias.com.pe\/noticiero\/?s={search_term_string}\"},\"query-input\":{\"@type\":\"PropertyValueSpecification\",\"valueRequired\":true,\"valueName\":\"search_term_string\"}}],\"inLanguage\":\"es\"},{\"@type\":\"Person\",\"@id\":\"https:\/\/aeronoticias.com.pe\/noticiero\/#\/schema\/person\/fc1e5d578f4b62ba1cf7ac2bba1170a0\",\"name\":\"Redacci\u00f3n Aeronoticias\",\"url\":\"https:\/\/aeronoticias.com.pe\/noticiero\/author\/piloto\/\"}]}<\/script>\n<!-- \/ Yoast SEO plugin. -->","yoast_head_json":{"title":"\"Hoy no hubiera elegido el periodismo\", confiesa C\u00e9sar Hildebrandt","description":"Portal de noticias del Per\u00fa sobre el transporte a\u00e9reo, aviaci\u00f3n, turismo, hoteleria, actualidad.","robots":{"index":"index","follow":"follow","max-snippet":"max-snippet:-1","max-image-preview":"max-image-preview:large","max-video-preview":"max-video-preview:-1"},"canonical":"https:\/\/aeronoticias.com.pe\/noticiero\/politica\/q-hoy-no-hubiera-elegido-el-periodismoq-confiesa-cesar-hildebrandt\/","og_locale":"es_ES","og_type":"article","og_title":"\"Hoy no hubiera elegido el periodismo\", confiesa C\u00e9sar Hildebrandt","og_description":"Portal de noticias del Per\u00fa sobre el transporte a\u00e9reo, aviaci\u00f3n, turismo, hoteleria, actualidad.","og_url":"https:\/\/aeronoticias.com.pe\/noticiero\/politica\/q-hoy-no-hubiera-elegido-el-periodismoq-confiesa-cesar-hildebrandt\/","og_site_name":"Aeronoticias.com.pe","article_publisher":"https:\/\/www.facebook.com\/Aeronoticias.com.pe\/","article_published_time":"2015-10-02T19:32:03+00:00","author":"Redacci\u00f3n Aeronoticias","twitter_card":"summary_large_image","twitter_creator":"@aeronoticias","twitter_site":"@aeronoticias","twitter_misc":{"Escrito por":"Redacci\u00f3n Aeronoticias","Tiempo de lectura":"1 minuto"},"schema":{"@context":"https:\/\/schema.org","@graph":[{"@type":"WebPage","@id":"https:\/\/aeronoticias.com.pe\/noticiero\/politica\/q-hoy-no-hubiera-elegido-el-periodismoq-confiesa-cesar-hildebrandt\/","url":"https:\/\/aeronoticias.com.pe\/noticiero\/politica\/q-hoy-no-hubiera-elegido-el-periodismoq-confiesa-cesar-hildebrandt\/","name":"\"Hoy no hubiera elegido el periodismo\", confiesa C\u00e9sar Hildebrandt","isPartOf":{"@id":"https:\/\/aeronoticias.com.pe\/noticiero\/#website"},"datePublished":"2015-10-02T19:32:03+00:00","author":{"@id":"https:\/\/aeronoticias.com.pe\/noticiero\/#\/schema\/person\/fc1e5d578f4b62ba1cf7ac2bba1170a0"},"description":"Portal de noticias del Per\u00fa sobre el transporte a\u00e9reo, aviaci\u00f3n, turismo, hoteleria, actualidad.","breadcrumb":{"@id":"https:\/\/aeronoticias.com.pe\/noticiero\/politica\/q-hoy-no-hubiera-elegido-el-periodismoq-confiesa-cesar-hildebrandt\/#breadcrumb"},"inLanguage":"es","potentialAction":[{"@type":"ReadAction","target":["https:\/\/aeronoticias.com.pe\/noticiero\/politica\/q-hoy-no-hubiera-elegido-el-periodismoq-confiesa-cesar-hildebrandt\/"]}]},{"@type":"BreadcrumbList","@id":"https:\/\/aeronoticias.com.pe\/noticiero\/politica\/q-hoy-no-hubiera-elegido-el-periodismoq-confiesa-cesar-hildebrandt\/#breadcrumb","itemListElement":[{"@type":"ListItem","position":1,"name":"Portada","item":"https:\/\/aeronoticias.com.pe\/noticiero\/"},{"@type":"ListItem","position":2,"name":"\u00abHoy no hubiera elegido el periodismo\u00bb, confiesa C\u00e9sar Hildebrandt"}]},{"@type":"WebSite","@id":"https:\/\/aeronoticias.com.pe\/noticiero\/#website","url":"https:\/\/aeronoticias.com.pe\/noticiero\/","name":"Aeronoticias.com.pe","description":"Noticias de tranporte aereo, turismo, hoteles, gastronomia, actualidad, internacional","potentialAction":[{"@type":"SearchAction","target":{"@type":"EntryPoint","urlTemplate":"https:\/\/aeronoticias.com.pe\/noticiero\/?s={search_term_string}"},"query-input":{"@type":"PropertyValueSpecification","valueRequired":true,"valueName":"search_term_string"}}],"inLanguage":"es"},{"@type":"Person","@id":"https:\/\/aeronoticias.com.pe\/noticiero\/#\/schema\/person\/fc1e5d578f4b62ba1cf7ac2bba1170a0","name":"Redacci\u00f3n Aeronoticias","url":"https:\/\/aeronoticias.com.pe\/noticiero\/author\/piloto\/"}]}},"_links":{"self":[{"href":"https:\/\/aeronoticias.com.pe\/noticiero\/wp-json\/wp\/v2\/posts\/53859","targetHints":{"allow":["GET"]}}],"collection":[{"href":"https:\/\/aeronoticias.com.pe\/noticiero\/wp-json\/wp\/v2\/posts"}],"about":[{"href":"https:\/\/aeronoticias.com.pe\/noticiero\/wp-json\/wp\/v2\/types\/post"}],"author":[{"embeddable":true,"href":"https:\/\/aeronoticias.com.pe\/noticiero\/wp-json\/wp\/v2\/users\/1"}],"replies":[{"embeddable":true,"href":"https:\/\/aeronoticias.com.pe\/noticiero\/wp-json\/wp\/v2\/comments?post=53859"}],"version-history":[{"count":0,"href":"https:\/\/aeronoticias.com.pe\/noticiero\/wp-json\/wp\/v2\/posts\/53859\/revisions"}],"wp:attachment":[{"href":"https:\/\/aeronoticias.com.pe\/noticiero\/wp-json\/wp\/v2\/media?parent=53859"}],"wp:term":[{"taxonomy":"category","embeddable":true,"href":"https:\/\/aeronoticias.com.pe\/noticiero\/wp-json\/wp\/v2\/categories?post=53859"},{"taxonomy":"post_tag","embeddable":true,"href":"https:\/\/aeronoticias.com.pe\/noticiero\/wp-json\/wp\/v2\/tags?post=53859"}],"curies":[{"name":"wp","href":"https:\/\/api.w.org\/{rel}","templated":true}]}}