{"id":53860,"date":"2015-10-02T22:39:41","date_gmt":"2015-10-02T22:39:41","guid":{"rendered":"http:\/\/desarrollo.mcvicious.com\/aero2020\/2015\/10\/02\/comunicado-de-copesa-con-motivo-de-la-apertura-de-la-embajada-de-la-republica-saharaui-en-ecuador\/"},"modified":"2015-10-02T22:39:41","modified_gmt":"2015-10-02T22:39:41","slug":"comunicado-de-copesa-con-motivo-de-la-apertura-de-la-embajada-de-la-republica-saharaui-en-ecuador","status":"publish","type":"post","link":"https:\/\/aeronoticias.com.pe\/noticiero\/internacionales\/comunicado-de-copesa-con-motivo-de-la-apertura-de-la-embajada-de-la-republica-saharaui-en-ecuador\/","title":{"rendered":"Comunicado de COPESA con motivo de la apertura de la Embajada de la Rep\u00fablica Saharaui en Ecuador"},"content":{"rendered":"<p style=\"text-align: justify;\"><strong>(Aeronoticias).<\/strong>&#8211;\u00a0El Consejo Peruano de Solidaridad con el Pueblo Saharaui (COPESA) saluda a la Rep\u00fablica \u00c1rabe Saharaui Democr\u00e1tica (RASD) con motivo de la apertura de su embajada en la hermana Rep\u00fablica del Ecuador.<\/p>\n<p style=\"text-align: justify;\">Nos causa m\u00e1s benepl\u00e1cito a\u00fan que un amigo del Per\u00fa, el diplom\u00e1tico saharaui Ali Salem Sidi Zein haya sido nombrado como primer embajador residente en Quito, habiendo presentado sus cartas credenciales ante el presidente recientemente.<\/p>\n<p style=\"text-align: justify;\">Al\u00ed Salem estuvo cinco a\u00f1os en el Per\u00fa como embajador en Misi\u00f3n Especial, habiendo realizado una fruct\u00edfera labor en favor de la amistad peruano-saharaui.<\/p>\n<p style=\"text-align: justify;\">Cabe recordar que la Rep\u00fablica del Ecuador reconoci\u00f3 a la RASD el 14 noviembre de 1983, durante la presidencia constitucional del social cristiano Oswaldo Hurtado Larrea y mantiene relaciones diplom\u00e1ticas de acuerdo a su pol\u00edtica exterior soberana.<\/p>\n<p style=\"text-align: justify;\">Valga la ocasi\u00f3n para exhortar, una vez m\u00e1s, a la Rep\u00fablica del Per\u00fa \u2013que reconoci\u00f3 a la RASD el 16 de agosto de 1984 durante el mandato constitucional del presidente Fernando Belaunde Terry- para que restablezca relaciones diplom\u00e1ticas con la Rep\u00fablica \u00c1rabe Saharaui Democr\u00e1tica (RASD) \u2013cumpliendo la promesa del se\u00f1or presidente Ollanta Humala, comprendida en el Plan de Gobierno de Gana Per\u00fa-, suspendidas injustamente y sin explicaci\u00f3n en 1996, por disposici\u00f3n del entonces siniestro asesor Vladimiro Montesinos.<\/p>\n<p style=\"text-align: justify;\">Dicho gesto impregnar\u00e1 a la pol\u00edtica exterior del Per\u00fa un sello propio en la defensa de los valores, del Derecho Internacional y del principio de autodeterminaci\u00f3n de los pueblos.<\/p>\n<p style=\"text-align: justify;\">Lima, 2 de octubre de 2015<\/p>\n<p style=\"text-align: justify;\"><span style=\"font-size: 12.16px; line-height: 1.3em;\"><span style=\"text-decoration: underline;\">Ricardo S\u00e1nchez Serra<\/span><\/span><\/p>\n<div style=\"text-align: justify;\">\n<div><strong>Presidente<\/strong><\/div>\n<div><strong>Consejo Peruano de<\/strong><\/div>\n<div><strong>Solidaridad con el Pueblo Saharaui<\/strong><\/div>\n<\/p><\/div>\n<div style=\"text-align: justify;\"><img decoding=\"async\" src=\"https:\/\/fbcdn-sphotos-f-a.akamaihd.net\/hphotos-ak-xpt1\/v\/t34.0-12\/12092453_10205084466247024_2108421520_n.jpg?oh=675ddb4d3ad880be084093b5f874a16c&amp;oe=56118C72&amp;__gda__=1443974058_698d60a6f83c22597d835f1afc87f274\" border=\"0\" \/><\/div>\n","protected":false},"excerpt":{"rendered":"<p>(Aeronoticias).&#8211;\u00a0El Consejo Peruano de Solidaridad con el Pueblo Saharaui (COPESA) saluda a la Rep\u00fablica \u00c1rabe Saharaui Democr\u00e1tica (RASD) con motivo de la apertura de su embajada en la hermana Rep\u00fablica del Ecuador. Nos causa m\u00e1s benepl\u00e1cito a\u00fan que un amigo del Per\u00fa, el diplom\u00e1tico saharaui Ali Salem Sidi Zein haya sido nombrado como primer embajador [&hellip;]<\/p>\n","protected":false},"author":1,"featured_media":0,"comment_status":"open","ping_status":"open","sticky":false,"template":"","format":"standard","meta":{"tdm_status":"","tdm_grid_status":"","footnotes":""},"categories":[34],"tags":[],"class_list":{"0":"post-53860","1":"post","2":"type-post","3":"status-publish","4":"format-standard","6":"category-internacionales"},"yoast_head":"<!-- This site is optimized with the Yoast SEO plugin v25.1 - https:\/\/yoast.com\/wordpress\/plugins\/seo\/ -->\n<title>Comunicado de COPESA con motivo de la apertura de la Embajada de la Rep\u00fablica Saharaui en Ecuador<\/title>\n<meta name=\"description\" content=\"Portal de noticias del Per\u00fa sobre el transporte a\u00e9reo, aviaci\u00f3n, turismo, hoteleria, actualidad.\" \/>\n<meta name=\"robots\" content=\"index, follow, max-snippet:-1, max-image-preview:large, max-video-preview:-1\" \/>\n<link rel=\"canonical\" href=\"https:\/\/aeronoticias.com.pe\/noticiero\/internacionales\/comunicado-de-copesa-con-motivo-de-la-apertura-de-la-embajada-de-la-republica-saharaui-en-ecuador\/\" \/>\n<meta property=\"og:locale\" content=\"es_ES\" \/>\n<meta property=\"og:type\" content=\"article\" \/>\n<meta property=\"og:title\" content=\"Comunicado de COPESA con motivo de la apertura de la Embajada de la Rep\u00fablica Saharaui en Ecuador\" \/>\n<meta property=\"og:description\" content=\"Portal de noticias del Per\u00fa sobre el transporte a\u00e9reo, aviaci\u00f3n, turismo, hoteleria, actualidad.\" \/>\n<meta property=\"og:url\" content=\"https:\/\/aeronoticias.com.pe\/noticiero\/internacionales\/comunicado-de-copesa-con-motivo-de-la-apertura-de-la-embajada-de-la-republica-saharaui-en-ecuador\/\" \/>\n<meta property=\"og:site_name\" content=\"Aeronoticias.com.pe\" \/>\n<meta property=\"article:publisher\" content=\"https:\/\/www.facebook.com\/Aeronoticias.com.pe\/\" \/>\n<meta property=\"article:published_time\" content=\"2015-10-02T22:39:41+00:00\" \/>\n<meta property=\"og:image\" content=\"https:\/\/fbcdn-sphotos-f-a.akamaihd.net\/hphotos-ak-xpt1\/v\/t34.0-12\/12092453_10205084466247024_2108421520_n.jpg?oh=675ddb4d3ad880be084093b5f874a16c&amp;oe=56118C72&amp;__gda__=1443974058_698d60a6f83c22597d835f1afc87f274\" \/>\n<meta name=\"author\" content=\"Redacci\u00f3n Aeronoticias\" \/>\n<meta name=\"twitter:card\" content=\"summary_large_image\" \/>\n<meta name=\"twitter:creator\" content=\"@aeronoticias\" \/>\n<meta name=\"twitter:site\" content=\"@aeronoticias\" \/>\n<meta name=\"twitter:label1\" content=\"Escrito por\" \/>\n\t<meta name=\"twitter:data1\" content=\"Redacci\u00f3n Aeronoticias\" \/>\n\t<meta name=\"twitter:label2\" content=\"Tiempo de lectura\" \/>\n\t<meta name=\"twitter:data2\" content=\"1 minuto\" \/>\n<script type=\"application\/ld+json\" class=\"yoast-schema-graph\">{\"@context\":\"https:\/\/schema.org\",\"@graph\":[{\"@type\":\"WebPage\",\"@id\":\"https:\/\/aeronoticias.com.pe\/noticiero\/internacionales\/comunicado-de-copesa-con-motivo-de-la-apertura-de-la-embajada-de-la-republica-saharaui-en-ecuador\/\",\"url\":\"https:\/\/aeronoticias.com.pe\/noticiero\/internacionales\/comunicado-de-copesa-con-motivo-de-la-apertura-de-la-embajada-de-la-republica-saharaui-en-ecuador\/\",\"name\":\"Comunicado de COPESA con motivo de la apertura de la Embajada de la Rep\u00fablica Saharaui en Ecuador\",\"isPartOf\":{\"@id\":\"https:\/\/aeronoticias.com.pe\/noticiero\/#website\"},\"primaryImageOfPage\":{\"@id\":\"https:\/\/aeronoticias.com.pe\/noticiero\/internacionales\/comunicado-de-copesa-con-motivo-de-la-apertura-de-la-embajada-de-la-republica-saharaui-en-ecuador\/#primaryimage\"},\"image\":{\"@id\":\"https:\/\/aeronoticias.com.pe\/noticiero\/internacionales\/comunicado-de-copesa-con-motivo-de-la-apertura-de-la-embajada-de-la-republica-saharaui-en-ecuador\/#primaryimage\"},\"thumbnailUrl\":\"https:\/\/fbcdn-sphotos-f-a.akamaihd.net\/hphotos-ak-xpt1\/v\/t34.0-12\/12092453_10205084466247024_2108421520_n.jpg?oh=675ddb4d3ad880be084093b5f874a16c&amp;oe=56118C72&amp;__gda__=1443974058_698d60a6f83c22597d835f1afc87f274\",\"datePublished\":\"2015-10-02T22:39:41+00:00\",\"author\":{\"@id\":\"https:\/\/aeronoticias.com.pe\/noticiero\/#\/schema\/person\/fc1e5d578f4b62ba1cf7ac2bba1170a0\"},\"description\":\"Portal de noticias del Per\u00fa sobre el transporte a\u00e9reo, aviaci\u00f3n, turismo, hoteleria, actualidad.\",\"breadcrumb\":{\"@id\":\"https:\/\/aeronoticias.com.pe\/noticiero\/internacionales\/comunicado-de-copesa-con-motivo-de-la-apertura-de-la-embajada-de-la-republica-saharaui-en-ecuador\/#breadcrumb\"},\"inLanguage\":\"es\",\"potentialAction\":[{\"@type\":\"ReadAction\",\"target\":[\"https:\/\/aeronoticias.com.pe\/noticiero\/internacionales\/comunicado-de-copesa-con-motivo-de-la-apertura-de-la-embajada-de-la-republica-saharaui-en-ecuador\/\"]}]},{\"@type\":\"ImageObject\",\"inLanguage\":\"es\",\"@id\":\"https:\/\/aeronoticias.com.pe\/noticiero\/internacionales\/comunicado-de-copesa-con-motivo-de-la-apertura-de-la-embajada-de-la-republica-saharaui-en-ecuador\/#primaryimage\",\"url\":\"https:\/\/fbcdn-sphotos-f-a.akamaihd.net\/hphotos-ak-xpt1\/v\/t34.0-12\/12092453_10205084466247024_2108421520_n.jpg?oh=675ddb4d3ad880be084093b5f874a16c&amp;oe=56118C72&amp;__gda__=1443974058_698d60a6f83c22597d835f1afc87f274\",\"contentUrl\":\"https:\/\/fbcdn-sphotos-f-a.akamaihd.net\/hphotos-ak-xpt1\/v\/t34.0-12\/12092453_10205084466247024_2108421520_n.jpg?oh=675ddb4d3ad880be084093b5f874a16c&amp;oe=56118C72&amp;__gda__=1443974058_698d60a6f83c22597d835f1afc87f274\"},{\"@type\":\"BreadcrumbList\",\"@id\":\"https:\/\/aeronoticias.com.pe\/noticiero\/internacionales\/comunicado-de-copesa-con-motivo-de-la-apertura-de-la-embajada-de-la-republica-saharaui-en-ecuador\/#breadcrumb\",\"itemListElement\":[{\"@type\":\"ListItem\",\"position\":1,\"name\":\"Portada\",\"item\":\"https:\/\/aeronoticias.com.pe\/noticiero\/\"},{\"@type\":\"ListItem\",\"position\":2,\"name\":\"Comunicado de COPESA con motivo de la apertura de la Embajada de la Rep\u00fablica Saharaui en Ecuador\"}]},{\"@type\":\"WebSite\",\"@id\":\"https:\/\/aeronoticias.com.pe\/noticiero\/#website\",\"url\":\"https:\/\/aeronoticias.com.pe\/noticiero\/\",\"name\":\"Aeronoticias.com.pe\",\"description\":\"Noticias de tranporte aereo, turismo, hoteles, gastronomia, actualidad, internacional\",\"potentialAction\":[{\"@type\":\"SearchAction\",\"target\":{\"@type\":\"EntryPoint\",\"urlTemplate\":\"https:\/\/aeronoticias.com.pe\/noticiero\/?s={search_term_string}\"},\"query-input\":{\"@type\":\"PropertyValueSpecification\",\"valueRequired\":true,\"valueName\":\"search_term_string\"}}],\"inLanguage\":\"es\"},{\"@type\":\"Person\",\"@id\":\"https:\/\/aeronoticias.com.pe\/noticiero\/#\/schema\/person\/fc1e5d578f4b62ba1cf7ac2bba1170a0\",\"name\":\"Redacci\u00f3n Aeronoticias\",\"url\":\"https:\/\/aeronoticias.com.pe\/noticiero\/author\/piloto\/\"}]}<\/script>\n<!-- \/ Yoast SEO plugin. -->","yoast_head_json":{"title":"Comunicado de COPESA con motivo de la apertura de la Embajada de la Rep\u00fablica Saharaui en Ecuador","description":"Portal de noticias del Per\u00fa sobre el transporte a\u00e9reo, aviaci\u00f3n, turismo, hoteleria, actualidad.","robots":{"index":"index","follow":"follow","max-snippet":"max-snippet:-1","max-image-preview":"max-image-preview:large","max-video-preview":"max-video-preview:-1"},"canonical":"https:\/\/aeronoticias.com.pe\/noticiero\/internacionales\/comunicado-de-copesa-con-motivo-de-la-apertura-de-la-embajada-de-la-republica-saharaui-en-ecuador\/","og_locale":"es_ES","og_type":"article","og_title":"Comunicado de COPESA con motivo de la apertura de la Embajada de la Rep\u00fablica Saharaui en Ecuador","og_description":"Portal de noticias del Per\u00fa sobre el transporte a\u00e9reo, aviaci\u00f3n, turismo, hoteleria, actualidad.","og_url":"https:\/\/aeronoticias.com.pe\/noticiero\/internacionales\/comunicado-de-copesa-con-motivo-de-la-apertura-de-la-embajada-de-la-republica-saharaui-en-ecuador\/","og_site_name":"Aeronoticias.com.pe","article_publisher":"https:\/\/www.facebook.com\/Aeronoticias.com.pe\/","article_published_time":"2015-10-02T22:39:41+00:00","og_image":[{"url":"https:\/\/fbcdn-sphotos-f-a.akamaihd.net\/hphotos-ak-xpt1\/v\/t34.0-12\/12092453_10205084466247024_2108421520_n.jpg?oh=675ddb4d3ad880be084093b5f874a16c&amp;oe=56118C72&amp;__gda__=1443974058_698d60a6f83c22597d835f1afc87f274","type":"","width":"","height":""}],"author":"Redacci\u00f3n Aeronoticias","twitter_card":"summary_large_image","twitter_creator":"@aeronoticias","twitter_site":"@aeronoticias","twitter_misc":{"Escrito por":"Redacci\u00f3n Aeronoticias","Tiempo de lectura":"1 minuto"},"schema":{"@context":"https:\/\/schema.org","@graph":[{"@type":"WebPage","@id":"https:\/\/aeronoticias.com.pe\/noticiero\/internacionales\/comunicado-de-copesa-con-motivo-de-la-apertura-de-la-embajada-de-la-republica-saharaui-en-ecuador\/","url":"https:\/\/aeronoticias.com.pe\/noticiero\/internacionales\/comunicado-de-copesa-con-motivo-de-la-apertura-de-la-embajada-de-la-republica-saharaui-en-ecuador\/","name":"Comunicado de COPESA con motivo de la apertura de la Embajada de la Rep\u00fablica Saharaui en Ecuador","isPartOf":{"@id":"https:\/\/aeronoticias.com.pe\/noticiero\/#website"},"primaryImageOfPage":{"@id":"https:\/\/aeronoticias.com.pe\/noticiero\/internacionales\/comunicado-de-copesa-con-motivo-de-la-apertura-de-la-embajada-de-la-republica-saharaui-en-ecuador\/#primaryimage"},"image":{"@id":"https:\/\/aeronoticias.com.pe\/noticiero\/internacionales\/comunicado-de-copesa-con-motivo-de-la-apertura-de-la-embajada-de-la-republica-saharaui-en-ecuador\/#primaryimage"},"thumbnailUrl":"https:\/\/fbcdn-sphotos-f-a.akamaihd.net\/hphotos-ak-xpt1\/v\/t34.0-12\/12092453_10205084466247024_2108421520_n.jpg?oh=675ddb4d3ad880be084093b5f874a16c&amp;oe=56118C72&amp;__gda__=1443974058_698d60a6f83c22597d835f1afc87f274","datePublished":"2015-10-02T22:39:41+00:00","author":{"@id":"https:\/\/aeronoticias.com.pe\/noticiero\/#\/schema\/person\/fc1e5d578f4b62ba1cf7ac2bba1170a0"},"description":"Portal de noticias del Per\u00fa sobre el transporte a\u00e9reo, aviaci\u00f3n, turismo, hoteleria, actualidad.","breadcrumb":{"@id":"https:\/\/aeronoticias.com.pe\/noticiero\/internacionales\/comunicado-de-copesa-con-motivo-de-la-apertura-de-la-embajada-de-la-republica-saharaui-en-ecuador\/#breadcrumb"},"inLanguage":"es","potentialAction":[{"@type":"ReadAction","target":["https:\/\/aeronoticias.com.pe\/noticiero\/internacionales\/comunicado-de-copesa-con-motivo-de-la-apertura-de-la-embajada-de-la-republica-saharaui-en-ecuador\/"]}]},{"@type":"ImageObject","inLanguage":"es","@id":"https:\/\/aeronoticias.com.pe\/noticiero\/internacionales\/comunicado-de-copesa-con-motivo-de-la-apertura-de-la-embajada-de-la-republica-saharaui-en-ecuador\/#primaryimage","url":"https:\/\/fbcdn-sphotos-f-a.akamaihd.net\/hphotos-ak-xpt1\/v\/t34.0-12\/12092453_10205084466247024_2108421520_n.jpg?oh=675ddb4d3ad880be084093b5f874a16c&amp;oe=56118C72&amp;__gda__=1443974058_698d60a6f83c22597d835f1afc87f274","contentUrl":"https:\/\/fbcdn-sphotos-f-a.akamaihd.net\/hphotos-ak-xpt1\/v\/t34.0-12\/12092453_10205084466247024_2108421520_n.jpg?oh=675ddb4d3ad880be084093b5f874a16c&amp;oe=56118C72&amp;__gda__=1443974058_698d60a6f83c22597d835f1afc87f274"},{"@type":"BreadcrumbList","@id":"https:\/\/aeronoticias.com.pe\/noticiero\/internacionales\/comunicado-de-copesa-con-motivo-de-la-apertura-de-la-embajada-de-la-republica-saharaui-en-ecuador\/#breadcrumb","itemListElement":[{"@type":"ListItem","position":1,"name":"Portada","item":"https:\/\/aeronoticias.com.pe\/noticiero\/"},{"@type":"ListItem","position":2,"name":"Comunicado de COPESA con motivo de la apertura de la Embajada de la Rep\u00fablica Saharaui en Ecuador"}]},{"@type":"WebSite","@id":"https:\/\/aeronoticias.com.pe\/noticiero\/#website","url":"https:\/\/aeronoticias.com.pe\/noticiero\/","name":"Aeronoticias.com.pe","description":"Noticias de tranporte aereo, turismo, hoteles, gastronomia, actualidad, internacional","potentialAction":[{"@type":"SearchAction","target":{"@type":"EntryPoint","urlTemplate":"https:\/\/aeronoticias.com.pe\/noticiero\/?s={search_term_string}"},"query-input":{"@type":"PropertyValueSpecification","valueRequired":true,"valueName":"search_term_string"}}],"inLanguage":"es"},{"@type":"Person","@id":"https:\/\/aeronoticias.com.pe\/noticiero\/#\/schema\/person\/fc1e5d578f4b62ba1cf7ac2bba1170a0","name":"Redacci\u00f3n Aeronoticias","url":"https:\/\/aeronoticias.com.pe\/noticiero\/author\/piloto\/"}]}},"_links":{"self":[{"href":"https:\/\/aeronoticias.com.pe\/noticiero\/wp-json\/wp\/v2\/posts\/53860","targetHints":{"allow":["GET"]}}],"collection":[{"href":"https:\/\/aeronoticias.com.pe\/noticiero\/wp-json\/wp\/v2\/posts"}],"about":[{"href":"https:\/\/aeronoticias.com.pe\/noticiero\/wp-json\/wp\/v2\/types\/post"}],"author":[{"embeddable":true,"href":"https:\/\/aeronoticias.com.pe\/noticiero\/wp-json\/wp\/v2\/users\/1"}],"replies":[{"embeddable":true,"href":"https:\/\/aeronoticias.com.pe\/noticiero\/wp-json\/wp\/v2\/comments?post=53860"}],"version-history":[{"count":0,"href":"https:\/\/aeronoticias.com.pe\/noticiero\/wp-json\/wp\/v2\/posts\/53860\/revisions"}],"wp:attachment":[{"href":"https:\/\/aeronoticias.com.pe\/noticiero\/wp-json\/wp\/v2\/media?parent=53860"}],"wp:term":[{"taxonomy":"category","embeddable":true,"href":"https:\/\/aeronoticias.com.pe\/noticiero\/wp-json\/wp\/v2\/categories?post=53860"},{"taxonomy":"post_tag","embeddable":true,"href":"https:\/\/aeronoticias.com.pe\/noticiero\/wp-json\/wp\/v2\/tags?post=53860"}],"curies":[{"name":"wp","href":"https:\/\/api.w.org\/{rel}","templated":true}]}}