{"id":53861,"date":"2015-10-04T14:08:21","date_gmt":"2015-10-04T14:08:21","guid":{"rendered":"http:\/\/desarrollo.mcvicious.com\/aero2020\/2015\/10\/04\/el-peru-debe-restablecer-relaciones-diplomaticas-con-la-republica-saharahui\/"},"modified":"2015-10-04T14:08:21","modified_gmt":"2015-10-04T14:08:21","slug":"el-peru-debe-restablecer-relaciones-diplomaticas-con-la-republica-saharahui","status":"publish","type":"post","link":"https:\/\/aeronoticias.com.pe\/noticiero\/politica\/el-peru-debe-restablecer-relaciones-diplomaticas-con-la-republica-saharahui\/","title":{"rendered":"El Per\u00fa debe restablecer relaciones diplom\u00e1ticas con la Rep\u00fablica Saharahui"},"content":{"rendered":"<p style=\"text-align: justify;\"><strong>(Aeronoticias)<\/strong>.-\u00a0<span style=\"font-size: 12.16px; line-height: 1.3em;\">Mediante un comunicado, el Consejo Peruano de Solidaridad con el Pueblo Saharaui (Copesa) exhort\u00f3 al Per\u00fa a que restablezca relaciones diplom\u00e1ticas con la Rep\u00fablica \u00c1rabe Saharaui Democr\u00e1tica (RASD) \u2013cumpliendo la promesa del presidente Ollanta Humala, comprendida en el Plan de Gobierno de Gana Per\u00fa-, suspendidas injustamente y sin explicaci\u00f3n en 1996, por disposici\u00f3n del entonces siniestro asesor Vladimiro Montesinos, que cedi\u00f3 a presiones del reino feudal de Marruecos.<\/span><\/p>\n<p style=\"text-align: justify;\">Qu\u00e9 casualidad que cuando Montesinos estuvo huyendo de la justicia peruana (hoy est\u00e1 preso en un c\u00e1rcel militar purgando condenas por diversos cr\u00edmenes), estando en Panam\u00e1, intent\u00f3 refugiarse en Marruecos. \u00bfUn favor por otro?<\/p>\n<p style=\"text-align: justify;\">El Per\u00fa reconoci\u00f3 a la RASD el 16 de agosto de 1984 durante el mandato constitucional del presidente Fernando Belaunde Terry. El primer embajador saharaui present\u00f3 cartas credenciales en 1986, durante la presidencia de Alan Garc\u00eda, siendo canciller el embajador Allan Wagner, quien se desempe\u00f1a actualmente como director de la Academia Diplom\u00e1tica. Cabe mencionar que la embajada saharaui en Caracas era concurrente con el Per\u00fa.<\/p>\n<p style=\"text-align: justify;\">Desde entonces numerosas delegaciones saharauis han viajado a Lima intentado el restablecimiento de relaciones diplom\u00e1ticas. Incluso, \u00faltimamente, una misi\u00f3n peruana viaj\u00f3 a los Campamentos de Refugiados Saharauis de Tinduf y se entrevist\u00f3 con el presidente Mohamed Abdelaziz y el canciller Mohamed Ould Salek, y al regresar a la capital peruana present\u00f3 un informe favorable para el restablecimiento de relaciones, quedando solamente en manos del mandatario Ollanta Humala la decisi\u00f3n, que incluye la ayuda humanitaria.<\/p>\n<p style=\"text-align: justify;\">La embajada marroqu\u00ed en Lima est\u00e1 desarrollando, a trav\u00e9s de su lobby, intensas presiones para que el Per\u00fa no restablezca las relaciones diplom\u00e1ticas. Para ello se ha valido de numerosos sobornos, en forma de regalos, cocteles, cenas y viajes, a numerosos parlamentarios, intelectuales, pol\u00edticos, periodistas y funcionarios del Gobierno muy cercanos al presidente para evitarlo.<\/p>\n<p style=\"text-align: justify;\">Asimismo, seg\u00fan versiones cercanas a la Canciller\u00eda habr\u00eda amenazado con retirar su embajada y sus inversiones (que no tiene ninguna); y apelar a que Espa\u00f1a y Francia se \u201cmolesten\u201d con el Per\u00fa. Las maniobras marroqu\u00edes llegaron a que Arabia Saudita intervenga a favor de Marruecos, motivando una nota de protesta oficial del Ministerio de Relaciones Exteriores del Per\u00fa.<\/p>\n<p style=\"text-align: justify;\">Copesa afirma que el gesto de restablecer relaciones con los saharauis \u201cimpregnar\u00e1 a la pol\u00edtica exterior del Per\u00fa un sello propio en la defensa de los valores, del Derecho Internacional y del principio de autodeterminaci\u00f3n de los pueblos\u201d.<\/p>\n<p style=\"text-align: justify;\">Fuentes cercanas a la embajada marroqu\u00ed en Lima, confiaron al suscrito que la embajadora Oumama Aouad se vale de todos los medios, incluso los m\u00e1s sorprendentes, para evitar que el Per\u00fa restablezca las relaciones con los saharauis. \u201cLa embajadora en continuas situaciones cae presa de los nervios pensando que el presidente Humala tome ya la decisi\u00f3n que prometi\u00f3\u201d, me dijeron.<\/p>\n<p style=\"text-align: justify;\">\u201cA usted \u2013agregaron- lo odia\u201d y me mostraron una carta fechada el 2011 que la embajadora escribi\u00f3 al cardenal Juan Luis Cipriani \u2013entonces mi jefe- contra el suscrito.<\/p>\n<p style=\"text-align: justify;\"><strong>Ecuador<\/strong><\/p>\n<p style=\"text-align: justify;\">Volviendo al comunicado de Copesa, \u00e9sta instituci\u00f3n saluda a la RASD con motivo de la apertura de su embajada en la hermana Rep\u00fablica del Ecuador.<\/p>\n<p style=\"text-align: justify;\">\u201cNos causa m\u00e1s benepl\u00e1cito a\u00fan que un amigo del Per\u00fa, el diplom\u00e1tico saharaui Ali Salem Sidi Zein, haya sido nombrado como primer embajador residente en Quito, habiendo presentado sus cartas credenciales ante el presidente recientemente\u201d, se\u00f1ala.<\/p>\n<p style=\"text-align: justify;\">\u201cAl\u00ed Salem \u2013prosigue- estuvo cinco a\u00f1os en el Per\u00fa como embajador en Misi\u00f3n Especial, habiendo realizado una fruct\u00edfera labor en favor de la amistad peruano-saharaui\u201d<\/p>\n<p style=\"text-align: justify;\">Cabe recordar que la Rep\u00fablica del Ecuador reconoci\u00f3 a la RASD el 14 noviembre de 1983, durante la presidencia constitucional del social cristiano Oswaldo Hurtado Larrea y mantiene relaciones diplom\u00e1ticas de acuerdo a su pol\u00edtica exterior soberana. (El Confidencial Saharaui)<\/p>\n<p>*Analista internacional<\/p>\n<p><img decoding=\"async\" src=\"https:\/\/fbcdn-sphotos-e-a.akamaihd.net\/hphotos-ak-xta1\/v\/t34.0-12\/12092303_10205090089427600_1000631830_n.jpg?oh=1d4402d482cb8ba42d0f0023bca53919&amp;oe=56137B99&amp;__gda__=1444107321_0a2a5b98f244376bab69bf626271eece\" border=\"0\" \/><\/p>\n","protected":false},"excerpt":{"rendered":"<p>(Aeronoticias).-\u00a0Mediante un comunicado, el Consejo Peruano de Solidaridad con el Pueblo Saharaui (Copesa) exhort\u00f3 al Per\u00fa a que restablezca relaciones diplom\u00e1ticas con la Rep\u00fablica \u00c1rabe Saharaui Democr\u00e1tica (RASD) \u2013cumpliendo la promesa del presidente Ollanta Humala, comprendida en el Plan de Gobierno de Gana Per\u00fa-, suspendidas injustamente y sin explicaci\u00f3n en 1996, por disposici\u00f3n del entonces [&hellip;]<\/p>\n","protected":false},"author":1,"featured_media":0,"comment_status":"open","ping_status":"open","sticky":false,"template":"","format":"standard","meta":{"tdm_status":"","tdm_grid_status":"","footnotes":""},"categories":[36],"tags":[],"class_list":{"0":"post-53861","1":"post","2":"type-post","3":"status-publish","4":"format-standard","6":"category-politica"},"yoast_head":"<!-- This site is optimized with the Yoast SEO plugin v25.1 - https:\/\/yoast.com\/wordpress\/plugins\/seo\/ -->\n<title>El Per\u00fa debe restablecer relaciones diplom\u00e1ticas con la Rep\u00fablica Saharahui<\/title>\n<meta name=\"description\" content=\"Portal de noticias del Per\u00fa sobre el transporte a\u00e9reo, aviaci\u00f3n, turismo, hoteleria, actualidad.\" \/>\n<meta name=\"robots\" content=\"index, follow, max-snippet:-1, max-image-preview:large, max-video-preview:-1\" \/>\n<link rel=\"canonical\" href=\"https:\/\/aeronoticias.com.pe\/noticiero\/politica\/el-peru-debe-restablecer-relaciones-diplomaticas-con-la-republica-saharahui\/\" \/>\n<meta property=\"og:locale\" content=\"es_ES\" \/>\n<meta property=\"og:type\" content=\"article\" \/>\n<meta property=\"og:title\" content=\"El Per\u00fa debe restablecer relaciones diplom\u00e1ticas con la Rep\u00fablica Saharahui\" \/>\n<meta property=\"og:description\" content=\"Portal de noticias del Per\u00fa sobre el transporte a\u00e9reo, aviaci\u00f3n, turismo, hoteleria, actualidad.\" \/>\n<meta property=\"og:url\" content=\"https:\/\/aeronoticias.com.pe\/noticiero\/politica\/el-peru-debe-restablecer-relaciones-diplomaticas-con-la-republica-saharahui\/\" \/>\n<meta property=\"og:site_name\" content=\"Aeronoticias.com.pe\" \/>\n<meta property=\"article:publisher\" content=\"https:\/\/www.facebook.com\/Aeronoticias.com.pe\/\" \/>\n<meta property=\"article:published_time\" content=\"2015-10-04T14:08:21+00:00\" \/>\n<meta property=\"og:image\" content=\"https:\/\/fbcdn-sphotos-e-a.akamaihd.net\/hphotos-ak-xta1\/v\/t34.0-12\/12092303_10205090089427600_1000631830_n.jpg?oh=1d4402d482cb8ba42d0f0023bca53919&amp;oe=56137B99&amp;__gda__=1444107321_0a2a5b98f244376bab69bf626271eece\" \/>\n<meta name=\"author\" content=\"Redacci\u00f3n Aeronoticias\" \/>\n<meta name=\"twitter:card\" content=\"summary_large_image\" \/>\n<meta name=\"twitter:creator\" content=\"@aeronoticias\" \/>\n<meta name=\"twitter:site\" content=\"@aeronoticias\" \/>\n<meta name=\"twitter:label1\" content=\"Escrito por\" \/>\n\t<meta name=\"twitter:data1\" content=\"Redacci\u00f3n Aeronoticias\" \/>\n\t<meta name=\"twitter:label2\" content=\"Tiempo de lectura\" \/>\n\t<meta name=\"twitter:data2\" content=\"3 minutos\" \/>\n<script type=\"application\/ld+json\" class=\"yoast-schema-graph\">{\"@context\":\"https:\/\/schema.org\",\"@graph\":[{\"@type\":\"WebPage\",\"@id\":\"https:\/\/aeronoticias.com.pe\/noticiero\/politica\/el-peru-debe-restablecer-relaciones-diplomaticas-con-la-republica-saharahui\/\",\"url\":\"https:\/\/aeronoticias.com.pe\/noticiero\/politica\/el-peru-debe-restablecer-relaciones-diplomaticas-con-la-republica-saharahui\/\",\"name\":\"El Per\u00fa debe restablecer relaciones diplom\u00e1ticas con la Rep\u00fablica Saharahui\",\"isPartOf\":{\"@id\":\"https:\/\/aeronoticias.com.pe\/noticiero\/#website\"},\"primaryImageOfPage\":{\"@id\":\"https:\/\/aeronoticias.com.pe\/noticiero\/politica\/el-peru-debe-restablecer-relaciones-diplomaticas-con-la-republica-saharahui\/#primaryimage\"},\"image\":{\"@id\":\"https:\/\/aeronoticias.com.pe\/noticiero\/politica\/el-peru-debe-restablecer-relaciones-diplomaticas-con-la-republica-saharahui\/#primaryimage\"},\"thumbnailUrl\":\"https:\/\/fbcdn-sphotos-e-a.akamaihd.net\/hphotos-ak-xta1\/v\/t34.0-12\/12092303_10205090089427600_1000631830_n.jpg?oh=1d4402d482cb8ba42d0f0023bca53919&amp;oe=56137B99&amp;__gda__=1444107321_0a2a5b98f244376bab69bf626271eece\",\"datePublished\":\"2015-10-04T14:08:21+00:00\",\"author\":{\"@id\":\"https:\/\/aeronoticias.com.pe\/noticiero\/#\/schema\/person\/fc1e5d578f4b62ba1cf7ac2bba1170a0\"},\"description\":\"Portal de noticias del Per\u00fa sobre el transporte a\u00e9reo, aviaci\u00f3n, turismo, hoteleria, actualidad.\",\"breadcrumb\":{\"@id\":\"https:\/\/aeronoticias.com.pe\/noticiero\/politica\/el-peru-debe-restablecer-relaciones-diplomaticas-con-la-republica-saharahui\/#breadcrumb\"},\"inLanguage\":\"es\",\"potentialAction\":[{\"@type\":\"ReadAction\",\"target\":[\"https:\/\/aeronoticias.com.pe\/noticiero\/politica\/el-peru-debe-restablecer-relaciones-diplomaticas-con-la-republica-saharahui\/\"]}]},{\"@type\":\"ImageObject\",\"inLanguage\":\"es\",\"@id\":\"https:\/\/aeronoticias.com.pe\/noticiero\/politica\/el-peru-debe-restablecer-relaciones-diplomaticas-con-la-republica-saharahui\/#primaryimage\",\"url\":\"https:\/\/fbcdn-sphotos-e-a.akamaihd.net\/hphotos-ak-xta1\/v\/t34.0-12\/12092303_10205090089427600_1000631830_n.jpg?oh=1d4402d482cb8ba42d0f0023bca53919&amp;oe=56137B99&amp;__gda__=1444107321_0a2a5b98f244376bab69bf626271eece\",\"contentUrl\":\"https:\/\/fbcdn-sphotos-e-a.akamaihd.net\/hphotos-ak-xta1\/v\/t34.0-12\/12092303_10205090089427600_1000631830_n.jpg?oh=1d4402d482cb8ba42d0f0023bca53919&amp;oe=56137B99&amp;__gda__=1444107321_0a2a5b98f244376bab69bf626271eece\"},{\"@type\":\"BreadcrumbList\",\"@id\":\"https:\/\/aeronoticias.com.pe\/noticiero\/politica\/el-peru-debe-restablecer-relaciones-diplomaticas-con-la-republica-saharahui\/#breadcrumb\",\"itemListElement\":[{\"@type\":\"ListItem\",\"position\":1,\"name\":\"Portada\",\"item\":\"https:\/\/aeronoticias.com.pe\/noticiero\/\"},{\"@type\":\"ListItem\",\"position\":2,\"name\":\"El Per\u00fa debe restablecer relaciones diplom\u00e1ticas con la Rep\u00fablica Saharahui\"}]},{\"@type\":\"WebSite\",\"@id\":\"https:\/\/aeronoticias.com.pe\/noticiero\/#website\",\"url\":\"https:\/\/aeronoticias.com.pe\/noticiero\/\",\"name\":\"Aeronoticias.com.pe\",\"description\":\"Noticias de tranporte aereo, turismo, hoteles, gastronomia, actualidad, internacional\",\"potentialAction\":[{\"@type\":\"SearchAction\",\"target\":{\"@type\":\"EntryPoint\",\"urlTemplate\":\"https:\/\/aeronoticias.com.pe\/noticiero\/?s={search_term_string}\"},\"query-input\":{\"@type\":\"PropertyValueSpecification\",\"valueRequired\":true,\"valueName\":\"search_term_string\"}}],\"inLanguage\":\"es\"},{\"@type\":\"Person\",\"@id\":\"https:\/\/aeronoticias.com.pe\/noticiero\/#\/schema\/person\/fc1e5d578f4b62ba1cf7ac2bba1170a0\",\"name\":\"Redacci\u00f3n Aeronoticias\",\"url\":\"https:\/\/aeronoticias.com.pe\/noticiero\/author\/piloto\/\"}]}<\/script>\n<!-- \/ Yoast SEO plugin. -->","yoast_head_json":{"title":"El Per\u00fa debe restablecer relaciones diplom\u00e1ticas con la Rep\u00fablica Saharahui","description":"Portal de noticias del Per\u00fa sobre el transporte a\u00e9reo, aviaci\u00f3n, turismo, hoteleria, actualidad.","robots":{"index":"index","follow":"follow","max-snippet":"max-snippet:-1","max-image-preview":"max-image-preview:large","max-video-preview":"max-video-preview:-1"},"canonical":"https:\/\/aeronoticias.com.pe\/noticiero\/politica\/el-peru-debe-restablecer-relaciones-diplomaticas-con-la-republica-saharahui\/","og_locale":"es_ES","og_type":"article","og_title":"El Per\u00fa debe restablecer relaciones diplom\u00e1ticas con la Rep\u00fablica Saharahui","og_description":"Portal de noticias del Per\u00fa sobre el transporte a\u00e9reo, aviaci\u00f3n, turismo, hoteleria, actualidad.","og_url":"https:\/\/aeronoticias.com.pe\/noticiero\/politica\/el-peru-debe-restablecer-relaciones-diplomaticas-con-la-republica-saharahui\/","og_site_name":"Aeronoticias.com.pe","article_publisher":"https:\/\/www.facebook.com\/Aeronoticias.com.pe\/","article_published_time":"2015-10-04T14:08:21+00:00","og_image":[{"url":"https:\/\/fbcdn-sphotos-e-a.akamaihd.net\/hphotos-ak-xta1\/v\/t34.0-12\/12092303_10205090089427600_1000631830_n.jpg?oh=1d4402d482cb8ba42d0f0023bca53919&amp;oe=56137B99&amp;__gda__=1444107321_0a2a5b98f244376bab69bf626271eece","type":"","width":"","height":""}],"author":"Redacci\u00f3n Aeronoticias","twitter_card":"summary_large_image","twitter_creator":"@aeronoticias","twitter_site":"@aeronoticias","twitter_misc":{"Escrito por":"Redacci\u00f3n Aeronoticias","Tiempo de lectura":"3 minutos"},"schema":{"@context":"https:\/\/schema.org","@graph":[{"@type":"WebPage","@id":"https:\/\/aeronoticias.com.pe\/noticiero\/politica\/el-peru-debe-restablecer-relaciones-diplomaticas-con-la-republica-saharahui\/","url":"https:\/\/aeronoticias.com.pe\/noticiero\/politica\/el-peru-debe-restablecer-relaciones-diplomaticas-con-la-republica-saharahui\/","name":"El Per\u00fa debe restablecer relaciones diplom\u00e1ticas con la Rep\u00fablica Saharahui","isPartOf":{"@id":"https:\/\/aeronoticias.com.pe\/noticiero\/#website"},"primaryImageOfPage":{"@id":"https:\/\/aeronoticias.com.pe\/noticiero\/politica\/el-peru-debe-restablecer-relaciones-diplomaticas-con-la-republica-saharahui\/#primaryimage"},"image":{"@id":"https:\/\/aeronoticias.com.pe\/noticiero\/politica\/el-peru-debe-restablecer-relaciones-diplomaticas-con-la-republica-saharahui\/#primaryimage"},"thumbnailUrl":"https:\/\/fbcdn-sphotos-e-a.akamaihd.net\/hphotos-ak-xta1\/v\/t34.0-12\/12092303_10205090089427600_1000631830_n.jpg?oh=1d4402d482cb8ba42d0f0023bca53919&amp;oe=56137B99&amp;__gda__=1444107321_0a2a5b98f244376bab69bf626271eece","datePublished":"2015-10-04T14:08:21+00:00","author":{"@id":"https:\/\/aeronoticias.com.pe\/noticiero\/#\/schema\/person\/fc1e5d578f4b62ba1cf7ac2bba1170a0"},"description":"Portal de noticias del Per\u00fa sobre el transporte a\u00e9reo, aviaci\u00f3n, turismo, hoteleria, actualidad.","breadcrumb":{"@id":"https:\/\/aeronoticias.com.pe\/noticiero\/politica\/el-peru-debe-restablecer-relaciones-diplomaticas-con-la-republica-saharahui\/#breadcrumb"},"inLanguage":"es","potentialAction":[{"@type":"ReadAction","target":["https:\/\/aeronoticias.com.pe\/noticiero\/politica\/el-peru-debe-restablecer-relaciones-diplomaticas-con-la-republica-saharahui\/"]}]},{"@type":"ImageObject","inLanguage":"es","@id":"https:\/\/aeronoticias.com.pe\/noticiero\/politica\/el-peru-debe-restablecer-relaciones-diplomaticas-con-la-republica-saharahui\/#primaryimage","url":"https:\/\/fbcdn-sphotos-e-a.akamaihd.net\/hphotos-ak-xta1\/v\/t34.0-12\/12092303_10205090089427600_1000631830_n.jpg?oh=1d4402d482cb8ba42d0f0023bca53919&amp;oe=56137B99&amp;__gda__=1444107321_0a2a5b98f244376bab69bf626271eece","contentUrl":"https:\/\/fbcdn-sphotos-e-a.akamaihd.net\/hphotos-ak-xta1\/v\/t34.0-12\/12092303_10205090089427600_1000631830_n.jpg?oh=1d4402d482cb8ba42d0f0023bca53919&amp;oe=56137B99&amp;__gda__=1444107321_0a2a5b98f244376bab69bf626271eece"},{"@type":"BreadcrumbList","@id":"https:\/\/aeronoticias.com.pe\/noticiero\/politica\/el-peru-debe-restablecer-relaciones-diplomaticas-con-la-republica-saharahui\/#breadcrumb","itemListElement":[{"@type":"ListItem","position":1,"name":"Portada","item":"https:\/\/aeronoticias.com.pe\/noticiero\/"},{"@type":"ListItem","position":2,"name":"El Per\u00fa debe restablecer relaciones diplom\u00e1ticas con la Rep\u00fablica Saharahui"}]},{"@type":"WebSite","@id":"https:\/\/aeronoticias.com.pe\/noticiero\/#website","url":"https:\/\/aeronoticias.com.pe\/noticiero\/","name":"Aeronoticias.com.pe","description":"Noticias de tranporte aereo, turismo, hoteles, gastronomia, actualidad, internacional","potentialAction":[{"@type":"SearchAction","target":{"@type":"EntryPoint","urlTemplate":"https:\/\/aeronoticias.com.pe\/noticiero\/?s={search_term_string}"},"query-input":{"@type":"PropertyValueSpecification","valueRequired":true,"valueName":"search_term_string"}}],"inLanguage":"es"},{"@type":"Person","@id":"https:\/\/aeronoticias.com.pe\/noticiero\/#\/schema\/person\/fc1e5d578f4b62ba1cf7ac2bba1170a0","name":"Redacci\u00f3n Aeronoticias","url":"https:\/\/aeronoticias.com.pe\/noticiero\/author\/piloto\/"}]}},"_links":{"self":[{"href":"https:\/\/aeronoticias.com.pe\/noticiero\/wp-json\/wp\/v2\/posts\/53861","targetHints":{"allow":["GET"]}}],"collection":[{"href":"https:\/\/aeronoticias.com.pe\/noticiero\/wp-json\/wp\/v2\/posts"}],"about":[{"href":"https:\/\/aeronoticias.com.pe\/noticiero\/wp-json\/wp\/v2\/types\/post"}],"author":[{"embeddable":true,"href":"https:\/\/aeronoticias.com.pe\/noticiero\/wp-json\/wp\/v2\/users\/1"}],"replies":[{"embeddable":true,"href":"https:\/\/aeronoticias.com.pe\/noticiero\/wp-json\/wp\/v2\/comments?post=53861"}],"version-history":[{"count":0,"href":"https:\/\/aeronoticias.com.pe\/noticiero\/wp-json\/wp\/v2\/posts\/53861\/revisions"}],"wp:attachment":[{"href":"https:\/\/aeronoticias.com.pe\/noticiero\/wp-json\/wp\/v2\/media?parent=53861"}],"wp:term":[{"taxonomy":"category","embeddable":true,"href":"https:\/\/aeronoticias.com.pe\/noticiero\/wp-json\/wp\/v2\/categories?post=53861"},{"taxonomy":"post_tag","embeddable":true,"href":"https:\/\/aeronoticias.com.pe\/noticiero\/wp-json\/wp\/v2\/tags?post=53861"}],"curies":[{"name":"wp","href":"https:\/\/api.w.org\/{rel}","templated":true}]}}