{"id":54134,"date":"2015-11-06T15:42:40","date_gmt":"2015-11-06T15:42:40","guid":{"rendered":"http:\/\/desarrollo.mcvicious.com\/aero2020\/2015\/11\/06\/e-pasaportes-ipotozen-sabia-todo-esto\/"},"modified":"2015-11-06T15:42:40","modified_gmt":"2015-11-06T15:42:40","slug":"e-pasaportes-ipotozen-sabia-todo-esto","status":"publish","type":"post","link":"https:\/\/aeronoticias.com.pe\/noticiero\/nacionales\/e-pasaportes-ipotozen-sabia-todo-esto\/","title":{"rendered":"E-pasaportes: \u00a1Potoz\u00e9n sab\u00eda todo esto!"},"content":{"rendered":"<p style=\"text-align: justify;\"><strong>(Aeronoticias) <\/strong><span style=\"font-size: 12.16px; line-height: 1.3em;\">Si usted, amigo lector o sus parientes, poseen pasaportes emitidos antes del 31 de diciembre del presente a\u00f1o y quiere disfrutar del espacio Schengen en Europa, entonces RENUEVE su pasaporte o SAQUE uno nuevo antes de esa fecha y tendr\u00e1 vigencia por 5 a\u00f1os. Avise, lea y difunda porque de acuerdo a lo que declar\u00f3 el inefable Superintendente Nacional de Migraciones, Boris Potoz\u00e9n, al diario Gesti\u00f3n, semanas atr\u00e1s, as\u00ed ser\u00e1n las cosas:<\/span><\/p>\n<p style=\"text-align: justify;\"><span style=\"font-size: 12.16px; line-height: 1.3em;\">\u00abLa Superintendencia Nacional de Migraciones inform\u00f3 que los pasaportes que se entregan actualmente o se dieron en el pasado \u2013llamados mecanizados- no perder\u00e1n su vigencia con la pr\u00f3xima emisi\u00f3n de los pasaportes electr\u00f3nicos y tambi\u00e9n servir\u00e1n para viajar a Europa sin la necesidad de la visa Schengen.<\/span><\/p>\n<p style=\"text-align: justify;\"><span style=\"font-size: 12.16px; line-height: 1.3em;\">De esta forma, los peruanos podr\u00e1n seguir usando sus pasaportes actuales hasta el t\u00e9rmino de su vigencia (de cinco a\u00f1os). Es decir, si fueron emitidos o renovados este a\u00f1o, podr\u00e1n seguir us\u00e1ndolos hasta el 2020, incluso para viajar a Europa sin la visa Schengen.<\/span><\/p>\n<p style=\"text-align: justify;\"><span style=\"font-size: 12.16px; line-height: 1.3em;\">La obligatoriedad de contar con un pasaporte electr\u00f3nico para viajar a Europa sin visa Schengen ser\u00e1 para los documentos emitidos a partir del 31 de diciembre del 2015, fecha prevista para el inicio de la emisi\u00f3n de los pasaportes electr\u00f3nicos.<\/span><\/p>\n<p style=\"text-align: justify;\"><span style=\"font-size: 12.16px; line-height: 1.3em;\">Desde esa fecha en adelante s\u00ed ser\u00e1 necesario que el pasaporte emitido sea electr\u00f3nico para viajar a Europa sin visa Schengen, explic\u00f3 la entidad.<\/span><\/p>\n<p style=\"text-align: justify;\"><span style=\"font-size: 12.16px; line-height: 1.3em;\">Todos los pasaportes mecanizados que se emitan hasta (fines de) diciembre de 2015 ser\u00e1n aceptados, con ello se podr\u00e1 ingresar a 22 pa\u00edses de Europa sin el visado Schengen. Los peruanos podr\u00e1n seguir usando sus pasaportes actuales hasta el t\u00e9rmino de su vigencia\u201d, subray\u00f3 la entidad.\u00bb \u00a0http:\/\/gestion.pe\/tu-dinero\/pasaportes-actuales-tambien-serviran-viajar-europa-sin-visa-schengen-2144135?href=mail<\/span><\/p>\n<p style=\"text-align: justify;\"><span style=\"font-size: 12.16px; line-height: 1.3em;\">\u00a1No pierda la ocasi\u00f3n y corra la voz para que ning\u00fan ciudadano peruano deje de renovar o sacar su pasaporte antes del 31-12! La gran campa\u00f1a nacional debe empezar ya mismo. Imprima el recorte del diario y mu\u00e9strelo en Migraciones. Y tendr\u00e1n que servirlo, a menos que desmientan a su propio Superintendente.<\/span><\/p>\n<p style=\"text-align: justify;\"><span style=\"font-size: 12.16px; line-height: 1.3em;\">M\u00e1s a\u00fan: si en Migraciones le ponen peros o le inventan alguna dificultad, usted debe decirles que tiene esta informaci\u00f3n sobre la cantidad disponible de pasaportes mecanizados:<\/span><\/p>\n<p style=\"text-align: justify;\"><span style=\"font-size: 12.16px; line-height: 1.3em;\">El pasado 10 de septiembre se emiti\u00f3 el pasaporte n\u00famero 6\u00b4890,100, es decir hay en dep\u00f3sito (7\u2019288.000 \u2013 6\u00b4890,100) = 397,900, estimando un consumo mensual de 25.000 pasaportes, de manera que en los pr\u00f3ximos 16.3 meses se pueden emitir estos documentos mecanizados para los peruanos que viajen a Europa. \u00a1Dif\u00edcil que nieguen fuentes muy al d\u00eda!<\/span><\/p>\n<p style=\"text-align: justify;\"><span style=\"font-size: 12.16px; line-height: 1.3em;\">Las preguntas fluyen aceleradas y punzantes: \u00bfpara qu\u00e9 se hizo, con prisas apuradas, desorganizaci\u00f3n evidente, fallas garrafales en la absoluci\u00f3n de consultas, faltas ante Registros P\u00fablicos porque unos firman por otros, con una entidad inexperta como OACI-ICAO, la convocatoria para emisi\u00f3n descentralizada de pasaportes electr\u00f3nicos que anunci\u00f3 tan pomposamente el Superintendente Potoz\u00e9n?<\/span><\/p>\n<p style=\"text-align: justify;\"><span style=\"font-size: 12.16px; line-height: 1.3em;\">Y \u00bfpor causa de qu\u00e9 embutieron al Per\u00fa una entidad como ICAO-OACI que de estas licitaciones carece de cualquier experiencia? \u00bfPorque era agencia de Naciones Unidas? Y el rosario de equivocaciones es una aut\u00e9ntica tragicomedia contra los bolsillos del pueblo peruano.<\/span><\/p>\n<p style=\"text-align: justify;\"><span style=\"font-size: 12.16px; line-height: 1.3em;\">O sea que, muy en frontera con la criollada y las v\u00edctimas son los de la Comunidad Europea a los que se sacar\u00e1 la vuelta con esta argucia, todas las decenas de miles de ciudadanos que renueven o saquen su pasaporte antes del 31 de diciembre, podr\u00e1n viajar a esos pa\u00edses sin que se les exija la visa Schengen. \u00a1Ya estoy imaginando el quebradero de cabeza que ser\u00e1 explicar que el pasaporte fue emitido con anterioridad, en franc\u00e9s, alem\u00e1n, ingl\u00e9s o cualquier otro idioma a los oficiales de Migraciones de esos 22 pa\u00edses!<\/span><\/p>\n<p style=\"text-align: justify;\"><span style=\"font-size: 12.16px; line-height: 1.3em;\">Mientras que en Colombia ya se emiten los pasaportes electr\u00f3nicos, porque ese fue el trato con la Comunidad Europea para la exenci\u00f3n de la visa Schengen, aqu\u00ed tenemos un recurso formidable para birlar condiciones que adem\u00e1s, forman parte de un trato diplom\u00e1tico al m\u00e1s alto nivel.<\/span><\/p>\n<p style=\"text-align: justify;\"><span style=\"font-size: 12.16px; line-height: 1.3em;\">\u00a1Todo esto lo sab\u00eda Potoz\u00e9n!, \u00bfno es cierto?<\/span><\/p>\n<p style=\"text-align: justify;\"><span style=\"font-size: 12.16px; line-height: 1.3em;\">Conocemos de fuente fidedigna que hay nuevas denuncias, serias y documentadas, contra la actuaci\u00f3n del Superintendente Nacional de Migraciones y que ser\u00e1n reveladas en cualquier momento. \u00bfPodr\u00eda haber sido, con tantos desmanes y des\u00f3rdenes, otro el camino? No estamos muy seguros. Al se\u00f1or Potoz\u00e9n parece ampararlo un poder omn\u00edmodo y por ello su autismo y auto-suficiencia.<\/span><\/p>\n<p style=\"text-align: justify;\"><span style=\"font-size: 12.16px; line-height: 1.3em;\"><img decoding=\"async\" src=\"images\/stories\/15\/11\/061115\/potozen1.jpg\" border=\"0\" \/><br \/><\/span><\/p>\n<p style=\"text-align: justify;\"><span style=\"font-size: 12.16px; line-height: 1.3em;\"><br \/><\/span><\/p>\n","protected":false},"excerpt":{"rendered":"<p>(Aeronoticias) Si usted, amigo lector o sus parientes, poseen pasaportes emitidos antes del 31 de diciembre del presente a\u00f1o y quiere disfrutar del espacio Schengen en Europa, entonces RENUEVE su pasaporte o SAQUE uno nuevo antes de esa fecha y tendr\u00e1 vigencia por 5 a\u00f1os. Avise, lea y difunda porque de acuerdo a lo que [&hellip;]<\/p>\n","protected":false},"author":1,"featured_media":0,"comment_status":"open","ping_status":"open","sticky":false,"template":"","format":"standard","meta":{"tdm_status":"","tdm_grid_status":"","footnotes":""},"categories":[38],"tags":[],"class_list":{"0":"post-54134","1":"post","2":"type-post","3":"status-publish","4":"format-standard","6":"category-nacionales"},"yoast_head":"<!-- This site is optimized with the Yoast SEO plugin v25.1 - https:\/\/yoast.com\/wordpress\/plugins\/seo\/ -->\n<title>E-pasaportes: \u00a1Potoz\u00e9n sab\u00eda todo esto!<\/title>\n<meta name=\"description\" content=\"Portal de noticias del Per\u00fa sobre el transporte a\u00e9reo, aviaci\u00f3n, turismo, hoteleria, actualidad.\" \/>\n<meta name=\"robots\" content=\"index, follow, max-snippet:-1, max-image-preview:large, max-video-preview:-1\" \/>\n<link rel=\"canonical\" href=\"https:\/\/aeronoticias.com.pe\/noticiero\/nacionales\/e-pasaportes-ipotozen-sabia-todo-esto\/\" \/>\n<meta property=\"og:locale\" content=\"es_ES\" \/>\n<meta property=\"og:type\" content=\"article\" \/>\n<meta property=\"og:title\" content=\"E-pasaportes: \u00a1Potoz\u00e9n sab\u00eda todo esto!\" \/>\n<meta property=\"og:description\" content=\"Portal de noticias del Per\u00fa sobre el transporte a\u00e9reo, aviaci\u00f3n, turismo, hoteleria, actualidad.\" \/>\n<meta property=\"og:url\" content=\"https:\/\/aeronoticias.com.pe\/noticiero\/nacionales\/e-pasaportes-ipotozen-sabia-todo-esto\/\" \/>\n<meta property=\"og:site_name\" content=\"Aeronoticias.com.pe\" \/>\n<meta property=\"article:publisher\" content=\"https:\/\/www.facebook.com\/Aeronoticias.com.pe\/\" \/>\n<meta property=\"article:published_time\" content=\"2015-11-06T15:42:40+00:00\" \/>\n<meta name=\"author\" content=\"Redacci\u00f3n Aeronoticias\" \/>\n<meta name=\"twitter:card\" content=\"summary_large_image\" \/>\n<meta name=\"twitter:creator\" content=\"@aeronoticias\" \/>\n<meta name=\"twitter:site\" content=\"@aeronoticias\" \/>\n<meta name=\"twitter:label1\" content=\"Escrito por\" \/>\n\t<meta name=\"twitter:data1\" content=\"Redacci\u00f3n Aeronoticias\" \/>\n\t<meta name=\"twitter:label2\" content=\"Tiempo de lectura\" \/>\n\t<meta name=\"twitter:data2\" content=\"4 minutos\" \/>\n<script type=\"application\/ld+json\" class=\"yoast-schema-graph\">{\"@context\":\"https:\/\/schema.org\",\"@graph\":[{\"@type\":\"WebPage\",\"@id\":\"https:\/\/aeronoticias.com.pe\/noticiero\/nacionales\/e-pasaportes-ipotozen-sabia-todo-esto\/\",\"url\":\"https:\/\/aeronoticias.com.pe\/noticiero\/nacionales\/e-pasaportes-ipotozen-sabia-todo-esto\/\",\"name\":\"E-pasaportes: \u00a1Potoz\u00e9n sab\u00eda todo esto!\",\"isPartOf\":{\"@id\":\"https:\/\/aeronoticias.com.pe\/noticiero\/#website\"},\"datePublished\":\"2015-11-06T15:42:40+00:00\",\"author\":{\"@id\":\"https:\/\/aeronoticias.com.pe\/noticiero\/#\/schema\/person\/fc1e5d578f4b62ba1cf7ac2bba1170a0\"},\"description\":\"Portal de noticias del Per\u00fa sobre el transporte a\u00e9reo, aviaci\u00f3n, turismo, hoteleria, actualidad.\",\"breadcrumb\":{\"@id\":\"https:\/\/aeronoticias.com.pe\/noticiero\/nacionales\/e-pasaportes-ipotozen-sabia-todo-esto\/#breadcrumb\"},\"inLanguage\":\"es\",\"potentialAction\":[{\"@type\":\"ReadAction\",\"target\":[\"https:\/\/aeronoticias.com.pe\/noticiero\/nacionales\/e-pasaportes-ipotozen-sabia-todo-esto\/\"]}]},{\"@type\":\"BreadcrumbList\",\"@id\":\"https:\/\/aeronoticias.com.pe\/noticiero\/nacionales\/e-pasaportes-ipotozen-sabia-todo-esto\/#breadcrumb\",\"itemListElement\":[{\"@type\":\"ListItem\",\"position\":1,\"name\":\"Portada\",\"item\":\"https:\/\/aeronoticias.com.pe\/noticiero\/\"},{\"@type\":\"ListItem\",\"position\":2,\"name\":\"E-pasaportes: \u00a1Potoz\u00e9n sab\u00eda todo esto!\"}]},{\"@type\":\"WebSite\",\"@id\":\"https:\/\/aeronoticias.com.pe\/noticiero\/#website\",\"url\":\"https:\/\/aeronoticias.com.pe\/noticiero\/\",\"name\":\"Aeronoticias.com.pe\",\"description\":\"Noticias de tranporte aereo, turismo, hoteles, gastronomia, actualidad, internacional\",\"potentialAction\":[{\"@type\":\"SearchAction\",\"target\":{\"@type\":\"EntryPoint\",\"urlTemplate\":\"https:\/\/aeronoticias.com.pe\/noticiero\/?s={search_term_string}\"},\"query-input\":{\"@type\":\"PropertyValueSpecification\",\"valueRequired\":true,\"valueName\":\"search_term_string\"}}],\"inLanguage\":\"es\"},{\"@type\":\"Person\",\"@id\":\"https:\/\/aeronoticias.com.pe\/noticiero\/#\/schema\/person\/fc1e5d578f4b62ba1cf7ac2bba1170a0\",\"name\":\"Redacci\u00f3n Aeronoticias\",\"url\":\"https:\/\/aeronoticias.com.pe\/noticiero\/author\/piloto\/\"}]}<\/script>\n<!-- \/ Yoast SEO plugin. -->","yoast_head_json":{"title":"E-pasaportes: \u00a1Potoz\u00e9n sab\u00eda todo esto!","description":"Portal de noticias del Per\u00fa sobre el transporte a\u00e9reo, aviaci\u00f3n, turismo, hoteleria, actualidad.","robots":{"index":"index","follow":"follow","max-snippet":"max-snippet:-1","max-image-preview":"max-image-preview:large","max-video-preview":"max-video-preview:-1"},"canonical":"https:\/\/aeronoticias.com.pe\/noticiero\/nacionales\/e-pasaportes-ipotozen-sabia-todo-esto\/","og_locale":"es_ES","og_type":"article","og_title":"E-pasaportes: \u00a1Potoz\u00e9n sab\u00eda todo esto!","og_description":"Portal de noticias del Per\u00fa sobre el transporte a\u00e9reo, aviaci\u00f3n, turismo, hoteleria, actualidad.","og_url":"https:\/\/aeronoticias.com.pe\/noticiero\/nacionales\/e-pasaportes-ipotozen-sabia-todo-esto\/","og_site_name":"Aeronoticias.com.pe","article_publisher":"https:\/\/www.facebook.com\/Aeronoticias.com.pe\/","article_published_time":"2015-11-06T15:42:40+00:00","author":"Redacci\u00f3n Aeronoticias","twitter_card":"summary_large_image","twitter_creator":"@aeronoticias","twitter_site":"@aeronoticias","twitter_misc":{"Escrito por":"Redacci\u00f3n Aeronoticias","Tiempo de lectura":"4 minutos"},"schema":{"@context":"https:\/\/schema.org","@graph":[{"@type":"WebPage","@id":"https:\/\/aeronoticias.com.pe\/noticiero\/nacionales\/e-pasaportes-ipotozen-sabia-todo-esto\/","url":"https:\/\/aeronoticias.com.pe\/noticiero\/nacionales\/e-pasaportes-ipotozen-sabia-todo-esto\/","name":"E-pasaportes: \u00a1Potoz\u00e9n sab\u00eda todo esto!","isPartOf":{"@id":"https:\/\/aeronoticias.com.pe\/noticiero\/#website"},"datePublished":"2015-11-06T15:42:40+00:00","author":{"@id":"https:\/\/aeronoticias.com.pe\/noticiero\/#\/schema\/person\/fc1e5d578f4b62ba1cf7ac2bba1170a0"},"description":"Portal de noticias del Per\u00fa sobre el transporte a\u00e9reo, aviaci\u00f3n, turismo, hoteleria, actualidad.","breadcrumb":{"@id":"https:\/\/aeronoticias.com.pe\/noticiero\/nacionales\/e-pasaportes-ipotozen-sabia-todo-esto\/#breadcrumb"},"inLanguage":"es","potentialAction":[{"@type":"ReadAction","target":["https:\/\/aeronoticias.com.pe\/noticiero\/nacionales\/e-pasaportes-ipotozen-sabia-todo-esto\/"]}]},{"@type":"BreadcrumbList","@id":"https:\/\/aeronoticias.com.pe\/noticiero\/nacionales\/e-pasaportes-ipotozen-sabia-todo-esto\/#breadcrumb","itemListElement":[{"@type":"ListItem","position":1,"name":"Portada","item":"https:\/\/aeronoticias.com.pe\/noticiero\/"},{"@type":"ListItem","position":2,"name":"E-pasaportes: \u00a1Potoz\u00e9n sab\u00eda todo esto!"}]},{"@type":"WebSite","@id":"https:\/\/aeronoticias.com.pe\/noticiero\/#website","url":"https:\/\/aeronoticias.com.pe\/noticiero\/","name":"Aeronoticias.com.pe","description":"Noticias de tranporte aereo, turismo, hoteles, gastronomia, actualidad, internacional","potentialAction":[{"@type":"SearchAction","target":{"@type":"EntryPoint","urlTemplate":"https:\/\/aeronoticias.com.pe\/noticiero\/?s={search_term_string}"},"query-input":{"@type":"PropertyValueSpecification","valueRequired":true,"valueName":"search_term_string"}}],"inLanguage":"es"},{"@type":"Person","@id":"https:\/\/aeronoticias.com.pe\/noticiero\/#\/schema\/person\/fc1e5d578f4b62ba1cf7ac2bba1170a0","name":"Redacci\u00f3n Aeronoticias","url":"https:\/\/aeronoticias.com.pe\/noticiero\/author\/piloto\/"}]}},"_links":{"self":[{"href":"https:\/\/aeronoticias.com.pe\/noticiero\/wp-json\/wp\/v2\/posts\/54134","targetHints":{"allow":["GET"]}}],"collection":[{"href":"https:\/\/aeronoticias.com.pe\/noticiero\/wp-json\/wp\/v2\/posts"}],"about":[{"href":"https:\/\/aeronoticias.com.pe\/noticiero\/wp-json\/wp\/v2\/types\/post"}],"author":[{"embeddable":true,"href":"https:\/\/aeronoticias.com.pe\/noticiero\/wp-json\/wp\/v2\/users\/1"}],"replies":[{"embeddable":true,"href":"https:\/\/aeronoticias.com.pe\/noticiero\/wp-json\/wp\/v2\/comments?post=54134"}],"version-history":[{"count":0,"href":"https:\/\/aeronoticias.com.pe\/noticiero\/wp-json\/wp\/v2\/posts\/54134\/revisions"}],"wp:attachment":[{"href":"https:\/\/aeronoticias.com.pe\/noticiero\/wp-json\/wp\/v2\/media?parent=54134"}],"wp:term":[{"taxonomy":"category","embeddable":true,"href":"https:\/\/aeronoticias.com.pe\/noticiero\/wp-json\/wp\/v2\/categories?post=54134"},{"taxonomy":"post_tag","embeddable":true,"href":"https:\/\/aeronoticias.com.pe\/noticiero\/wp-json\/wp\/v2\/tags?post=54134"}],"curies":[{"name":"wp","href":"https:\/\/api.w.org\/{rel}","templated":true}]}}