{"id":54165,"date":"2015-11-10T07:01:31","date_gmt":"2015-11-10T07:01:31","guid":{"rendered":"http:\/\/desarrollo.mcvicious.com\/aero2020\/2015\/11\/10\/emirates-recibe-su-primer-airbus-a380-configurado-con-solo-2-clases\/"},"modified":"2015-11-10T07:01:31","modified_gmt":"2015-11-10T07:01:31","slug":"emirates-recibe-su-primer-airbus-a380-configurado-con-solo-2-clases","status":"publish","type":"post","link":"https:\/\/aeronoticias.com.pe\/noticiero\/transporte-aereo\/internacional\/emirates-recibe-su-primer-airbus-a380-configurado-con-solo-2-clases\/","title":{"rendered":"Emirates recibe su primer Airbus A380 configurado con solo 2 clases"},"content":{"rendered":"<p style=\"text-align: justify;\"><strong>(Aeronoticias)<\/strong>.-\u00a0Las aerol\u00ednea Emirates se prepara para exhibir en el pr\u00f3ximo Sal\u00f3n A\u00e9reo de Dub\u00e1i, a celebrarse del 8 al 12 de Noviembre de 2015, el primer Airbus A380 a nivel mundial configurado con 2 clases \u00fanicamente, el cu\u00e1l ser\u00e1 tambi\u00e9n su Airbus A380 n\u00famero 68 en la flota, Seg\u00fan public\u00f3 Svzm Aero.<\/p>\n<p style=\"text-align: justify;\">El Airbus A380 con matr\u00edcula A6-EOP (MSN 200), fue entregado en las instalaciones de Airbus en Hamburgo, Alemania para despu\u00e9s volar ferry directamente al sitio del evento con el objetivo de permitir que los visitantes al Sal\u00f3n A\u00e9reo de Dub\u00e1i sean los primeros en abordar \u00e9ste nuevo Airbus A380 de la aerol\u00ednea de los Emiratos \u00c1rabes Unidos.<\/p>\n<p style=\"text-align: justify;\">Este Airbus A380 exhibido durante el Sal\u00f3n A\u00e9reo de Dub\u00e1i, est\u00e1 equipado con 58 asientos cama en Clase Ejecutiva y 557 asientos en clase Econ\u00f3mica. Tambi\u00e9n, esta nueva configuraci\u00f3n del A380 de Emirates ofrecer\u00e1 en Clase Econ\u00f3mica las pantallas individuales m\u00e1s amplias en la industria con 13.3 pulgadas.<\/p>\n<p style=\"text-align: justify;\">Su Alteza, el Jeque Ahmed bin Saeed Al Maktoum, Presidente y Director Ejecutivo de Emirates Group y Emirates Airlines dijo: \u201cEl Sal\u00f3n A\u00e9reo de Dub\u00e1i ha crecido hasta convertirse en un evento clave en el calendario de la aviaci\u00f3n y la industria aeroespacial y es apropiado que la aeronave que se exhiba este a\u00f1o, encarne el crecimiento de Emirates como una aerol\u00ednea global\u201d.<\/p>\n<p style=\"text-align: justify;\">Adem\u00e1s, del Airbus A380, Emirates tambi\u00e9n exhibir\u00e1 los nuevos Cirrus SR22 y Embraer Phenom 100 de reciente adquisici\u00f3n que ser\u00e1n usados por la \u201cEmirates Flight Training Academy\u201d con el objetivo de abordar la creciente demanda mundial de pilotos. Emirates recientemente firm\u00f3 un acuerdo con Cirrus y Embraer por 22 Cirrus SR22 y 5 Embraer Phenom 100E valuados en $39 millones de d\u00f3lares a precio de cat\u00e1logo.<\/p>\n<p style=\"text-align: justify;\">Fuente: <span style=\"text-decoration: underline;\"><em><strong>Aviaci\u00f3n al d\u00eda<\/strong><\/em><\/span>.<\/p>\n<p style=\"text-align: justify;\"><img decoding=\"async\" src=\"http:\/\/3.bp.blogspot.com\/-EAN8gP874B0\/Vj9VXE3rq_I\/AAAAAAAAr1k\/zEl11jKOr8g\/s1600\/Emirates.png\" border=\"0\" \/><\/p>\n","protected":false},"excerpt":{"rendered":"<p>(Aeronoticias).-\u00a0Las aerol\u00ednea Emirates se prepara para exhibir en el pr\u00f3ximo Sal\u00f3n A\u00e9reo de Dub\u00e1i, a celebrarse del 8 al 12 de Noviembre de 2015, el primer Airbus A380 a nivel mundial configurado con 2 clases \u00fanicamente, el cu\u00e1l ser\u00e1 tambi\u00e9n su Airbus A380 n\u00famero 68 en la flota, Seg\u00fan public\u00f3 Svzm Aero. El Airbus A380 [&hellip;]<\/p>\n","protected":false},"author":1,"featured_media":0,"comment_status":"open","ping_status":"open","sticky":false,"template":"","format":"standard","meta":{"tdm_status":"","tdm_grid_status":"","footnotes":""},"categories":[32],"tags":[],"class_list":{"0":"post-54165","1":"post","2":"type-post","3":"status-publish","4":"format-standard","6":"category-internacional"},"yoast_head":"<!-- This site is optimized with the Yoast SEO plugin v25.1 - https:\/\/yoast.com\/wordpress\/plugins\/seo\/ -->\n<title>Emirates recibe su primer Airbus A380 configurado con solo 2 clases<\/title>\n<meta name=\"description\" content=\"Portal de noticias del Per\u00fa sobre el transporte a\u00e9reo, aviaci\u00f3n, turismo, hoteleria, actualidad.\" \/>\n<meta name=\"robots\" content=\"index, follow, max-snippet:-1, max-image-preview:large, max-video-preview:-1\" \/>\n<link rel=\"canonical\" href=\"https:\/\/aeronoticias.com.pe\/noticiero\/transporte-aereo\/internacional\/emirates-recibe-su-primer-airbus-a380-configurado-con-solo-2-clases\/\" \/>\n<meta property=\"og:locale\" content=\"es_ES\" \/>\n<meta property=\"og:type\" content=\"article\" \/>\n<meta property=\"og:title\" content=\"Emirates recibe su primer Airbus A380 configurado con solo 2 clases\" \/>\n<meta property=\"og:description\" content=\"Portal de noticias del Per\u00fa sobre el transporte a\u00e9reo, aviaci\u00f3n, turismo, hoteleria, actualidad.\" \/>\n<meta property=\"og:url\" content=\"https:\/\/aeronoticias.com.pe\/noticiero\/transporte-aereo\/internacional\/emirates-recibe-su-primer-airbus-a380-configurado-con-solo-2-clases\/\" \/>\n<meta property=\"og:site_name\" content=\"Aeronoticias.com.pe\" \/>\n<meta property=\"article:publisher\" content=\"https:\/\/www.facebook.com\/Aeronoticias.com.pe\/\" \/>\n<meta property=\"article:published_time\" content=\"2015-11-10T07:01:31+00:00\" \/>\n<meta property=\"og:image\" content=\"http:\/\/3.bp.blogspot.com\/-EAN8gP874B0\/Vj9VXE3rq_I\/AAAAAAAAr1k\/zEl11jKOr8g\/s1600\/Emirates.png\" \/>\n<meta name=\"author\" content=\"Redacci\u00f3n Aeronoticias\" \/>\n<meta name=\"twitter:card\" content=\"summary_large_image\" \/>\n<meta name=\"twitter:creator\" content=\"@aeronoticias\" \/>\n<meta name=\"twitter:site\" content=\"@aeronoticias\" \/>\n<meta name=\"twitter:label1\" content=\"Escrito por\" \/>\n\t<meta name=\"twitter:data1\" content=\"Redacci\u00f3n Aeronoticias\" \/>\n\t<meta name=\"twitter:label2\" content=\"Tiempo de lectura\" \/>\n\t<meta name=\"twitter:data2\" content=\"2 minutos\" \/>\n<script type=\"application\/ld+json\" class=\"yoast-schema-graph\">{\"@context\":\"https:\/\/schema.org\",\"@graph\":[{\"@type\":\"WebPage\",\"@id\":\"https:\/\/aeronoticias.com.pe\/noticiero\/transporte-aereo\/internacional\/emirates-recibe-su-primer-airbus-a380-configurado-con-solo-2-clases\/\",\"url\":\"https:\/\/aeronoticias.com.pe\/noticiero\/transporte-aereo\/internacional\/emirates-recibe-su-primer-airbus-a380-configurado-con-solo-2-clases\/\",\"name\":\"Emirates recibe su primer Airbus A380 configurado con solo 2 clases\",\"isPartOf\":{\"@id\":\"https:\/\/aeronoticias.com.pe\/noticiero\/#website\"},\"primaryImageOfPage\":{\"@id\":\"https:\/\/aeronoticias.com.pe\/noticiero\/transporte-aereo\/internacional\/emirates-recibe-su-primer-airbus-a380-configurado-con-solo-2-clases\/#primaryimage\"},\"image\":{\"@id\":\"https:\/\/aeronoticias.com.pe\/noticiero\/transporte-aereo\/internacional\/emirates-recibe-su-primer-airbus-a380-configurado-con-solo-2-clases\/#primaryimage\"},\"thumbnailUrl\":\"http:\/\/3.bp.blogspot.com\/-EAN8gP874B0\/Vj9VXE3rq_I\/AAAAAAAAr1k\/zEl11jKOr8g\/s1600\/Emirates.png\",\"datePublished\":\"2015-11-10T07:01:31+00:00\",\"author\":{\"@id\":\"https:\/\/aeronoticias.com.pe\/noticiero\/#\/schema\/person\/fc1e5d578f4b62ba1cf7ac2bba1170a0\"},\"description\":\"Portal de noticias del Per\u00fa sobre el transporte a\u00e9reo, aviaci\u00f3n, turismo, hoteleria, actualidad.\",\"breadcrumb\":{\"@id\":\"https:\/\/aeronoticias.com.pe\/noticiero\/transporte-aereo\/internacional\/emirates-recibe-su-primer-airbus-a380-configurado-con-solo-2-clases\/#breadcrumb\"},\"inLanguage\":\"es\",\"potentialAction\":[{\"@type\":\"ReadAction\",\"target\":[\"https:\/\/aeronoticias.com.pe\/noticiero\/transporte-aereo\/internacional\/emirates-recibe-su-primer-airbus-a380-configurado-con-solo-2-clases\/\"]}]},{\"@type\":\"ImageObject\",\"inLanguage\":\"es\",\"@id\":\"https:\/\/aeronoticias.com.pe\/noticiero\/transporte-aereo\/internacional\/emirates-recibe-su-primer-airbus-a380-configurado-con-solo-2-clases\/#primaryimage\",\"url\":\"http:\/\/3.bp.blogspot.com\/-EAN8gP874B0\/Vj9VXE3rq_I\/AAAAAAAAr1k\/zEl11jKOr8g\/s1600\/Emirates.png\",\"contentUrl\":\"http:\/\/3.bp.blogspot.com\/-EAN8gP874B0\/Vj9VXE3rq_I\/AAAAAAAAr1k\/zEl11jKOr8g\/s1600\/Emirates.png\"},{\"@type\":\"BreadcrumbList\",\"@id\":\"https:\/\/aeronoticias.com.pe\/noticiero\/transporte-aereo\/internacional\/emirates-recibe-su-primer-airbus-a380-configurado-con-solo-2-clases\/#breadcrumb\",\"itemListElement\":[{\"@type\":\"ListItem\",\"position\":1,\"name\":\"Portada\",\"item\":\"https:\/\/aeronoticias.com.pe\/noticiero\/\"},{\"@type\":\"ListItem\",\"position\":2,\"name\":\"Emirates recibe su primer Airbus A380 configurado con solo 2 clases\"}]},{\"@type\":\"WebSite\",\"@id\":\"https:\/\/aeronoticias.com.pe\/noticiero\/#website\",\"url\":\"https:\/\/aeronoticias.com.pe\/noticiero\/\",\"name\":\"Aeronoticias.com.pe\",\"description\":\"Noticias de tranporte aereo, turismo, hoteles, gastronomia, actualidad, internacional\",\"potentialAction\":[{\"@type\":\"SearchAction\",\"target\":{\"@type\":\"EntryPoint\",\"urlTemplate\":\"https:\/\/aeronoticias.com.pe\/noticiero\/?s={search_term_string}\"},\"query-input\":{\"@type\":\"PropertyValueSpecification\",\"valueRequired\":true,\"valueName\":\"search_term_string\"}}],\"inLanguage\":\"es\"},{\"@type\":\"Person\",\"@id\":\"https:\/\/aeronoticias.com.pe\/noticiero\/#\/schema\/person\/fc1e5d578f4b62ba1cf7ac2bba1170a0\",\"name\":\"Redacci\u00f3n Aeronoticias\",\"url\":\"https:\/\/aeronoticias.com.pe\/noticiero\/author\/piloto\/\"}]}<\/script>\n<!-- \/ Yoast SEO plugin. -->","yoast_head_json":{"title":"Emirates recibe su primer Airbus A380 configurado con solo 2 clases","description":"Portal de noticias del Per\u00fa sobre el transporte a\u00e9reo, aviaci\u00f3n, turismo, hoteleria, actualidad.","robots":{"index":"index","follow":"follow","max-snippet":"max-snippet:-1","max-image-preview":"max-image-preview:large","max-video-preview":"max-video-preview:-1"},"canonical":"https:\/\/aeronoticias.com.pe\/noticiero\/transporte-aereo\/internacional\/emirates-recibe-su-primer-airbus-a380-configurado-con-solo-2-clases\/","og_locale":"es_ES","og_type":"article","og_title":"Emirates recibe su primer Airbus A380 configurado con solo 2 clases","og_description":"Portal de noticias del Per\u00fa sobre el transporte a\u00e9reo, aviaci\u00f3n, turismo, hoteleria, actualidad.","og_url":"https:\/\/aeronoticias.com.pe\/noticiero\/transporte-aereo\/internacional\/emirates-recibe-su-primer-airbus-a380-configurado-con-solo-2-clases\/","og_site_name":"Aeronoticias.com.pe","article_publisher":"https:\/\/www.facebook.com\/Aeronoticias.com.pe\/","article_published_time":"2015-11-10T07:01:31+00:00","og_image":[{"url":"http:\/\/3.bp.blogspot.com\/-EAN8gP874B0\/Vj9VXE3rq_I\/AAAAAAAAr1k\/zEl11jKOr8g\/s1600\/Emirates.png","type":"","width":"","height":""}],"author":"Redacci\u00f3n Aeronoticias","twitter_card":"summary_large_image","twitter_creator":"@aeronoticias","twitter_site":"@aeronoticias","twitter_misc":{"Escrito por":"Redacci\u00f3n Aeronoticias","Tiempo de lectura":"2 minutos"},"schema":{"@context":"https:\/\/schema.org","@graph":[{"@type":"WebPage","@id":"https:\/\/aeronoticias.com.pe\/noticiero\/transporte-aereo\/internacional\/emirates-recibe-su-primer-airbus-a380-configurado-con-solo-2-clases\/","url":"https:\/\/aeronoticias.com.pe\/noticiero\/transporte-aereo\/internacional\/emirates-recibe-su-primer-airbus-a380-configurado-con-solo-2-clases\/","name":"Emirates recibe su primer Airbus A380 configurado con solo 2 clases","isPartOf":{"@id":"https:\/\/aeronoticias.com.pe\/noticiero\/#website"},"primaryImageOfPage":{"@id":"https:\/\/aeronoticias.com.pe\/noticiero\/transporte-aereo\/internacional\/emirates-recibe-su-primer-airbus-a380-configurado-con-solo-2-clases\/#primaryimage"},"image":{"@id":"https:\/\/aeronoticias.com.pe\/noticiero\/transporte-aereo\/internacional\/emirates-recibe-su-primer-airbus-a380-configurado-con-solo-2-clases\/#primaryimage"},"thumbnailUrl":"http:\/\/3.bp.blogspot.com\/-EAN8gP874B0\/Vj9VXE3rq_I\/AAAAAAAAr1k\/zEl11jKOr8g\/s1600\/Emirates.png","datePublished":"2015-11-10T07:01:31+00:00","author":{"@id":"https:\/\/aeronoticias.com.pe\/noticiero\/#\/schema\/person\/fc1e5d578f4b62ba1cf7ac2bba1170a0"},"description":"Portal de noticias del Per\u00fa sobre el transporte a\u00e9reo, aviaci\u00f3n, turismo, hoteleria, actualidad.","breadcrumb":{"@id":"https:\/\/aeronoticias.com.pe\/noticiero\/transporte-aereo\/internacional\/emirates-recibe-su-primer-airbus-a380-configurado-con-solo-2-clases\/#breadcrumb"},"inLanguage":"es","potentialAction":[{"@type":"ReadAction","target":["https:\/\/aeronoticias.com.pe\/noticiero\/transporte-aereo\/internacional\/emirates-recibe-su-primer-airbus-a380-configurado-con-solo-2-clases\/"]}]},{"@type":"ImageObject","inLanguage":"es","@id":"https:\/\/aeronoticias.com.pe\/noticiero\/transporte-aereo\/internacional\/emirates-recibe-su-primer-airbus-a380-configurado-con-solo-2-clases\/#primaryimage","url":"http:\/\/3.bp.blogspot.com\/-EAN8gP874B0\/Vj9VXE3rq_I\/AAAAAAAAr1k\/zEl11jKOr8g\/s1600\/Emirates.png","contentUrl":"http:\/\/3.bp.blogspot.com\/-EAN8gP874B0\/Vj9VXE3rq_I\/AAAAAAAAr1k\/zEl11jKOr8g\/s1600\/Emirates.png"},{"@type":"BreadcrumbList","@id":"https:\/\/aeronoticias.com.pe\/noticiero\/transporte-aereo\/internacional\/emirates-recibe-su-primer-airbus-a380-configurado-con-solo-2-clases\/#breadcrumb","itemListElement":[{"@type":"ListItem","position":1,"name":"Portada","item":"https:\/\/aeronoticias.com.pe\/noticiero\/"},{"@type":"ListItem","position":2,"name":"Emirates recibe su primer Airbus A380 configurado con solo 2 clases"}]},{"@type":"WebSite","@id":"https:\/\/aeronoticias.com.pe\/noticiero\/#website","url":"https:\/\/aeronoticias.com.pe\/noticiero\/","name":"Aeronoticias.com.pe","description":"Noticias de tranporte aereo, turismo, hoteles, gastronomia, actualidad, internacional","potentialAction":[{"@type":"SearchAction","target":{"@type":"EntryPoint","urlTemplate":"https:\/\/aeronoticias.com.pe\/noticiero\/?s={search_term_string}"},"query-input":{"@type":"PropertyValueSpecification","valueRequired":true,"valueName":"search_term_string"}}],"inLanguage":"es"},{"@type":"Person","@id":"https:\/\/aeronoticias.com.pe\/noticiero\/#\/schema\/person\/fc1e5d578f4b62ba1cf7ac2bba1170a0","name":"Redacci\u00f3n Aeronoticias","url":"https:\/\/aeronoticias.com.pe\/noticiero\/author\/piloto\/"}]}},"_links":{"self":[{"href":"https:\/\/aeronoticias.com.pe\/noticiero\/wp-json\/wp\/v2\/posts\/54165","targetHints":{"allow":["GET"]}}],"collection":[{"href":"https:\/\/aeronoticias.com.pe\/noticiero\/wp-json\/wp\/v2\/posts"}],"about":[{"href":"https:\/\/aeronoticias.com.pe\/noticiero\/wp-json\/wp\/v2\/types\/post"}],"author":[{"embeddable":true,"href":"https:\/\/aeronoticias.com.pe\/noticiero\/wp-json\/wp\/v2\/users\/1"}],"replies":[{"embeddable":true,"href":"https:\/\/aeronoticias.com.pe\/noticiero\/wp-json\/wp\/v2\/comments?post=54165"}],"version-history":[{"count":0,"href":"https:\/\/aeronoticias.com.pe\/noticiero\/wp-json\/wp\/v2\/posts\/54165\/revisions"}],"wp:attachment":[{"href":"https:\/\/aeronoticias.com.pe\/noticiero\/wp-json\/wp\/v2\/media?parent=54165"}],"wp:term":[{"taxonomy":"category","embeddable":true,"href":"https:\/\/aeronoticias.com.pe\/noticiero\/wp-json\/wp\/v2\/categories?post=54165"},{"taxonomy":"post_tag","embeddable":true,"href":"https:\/\/aeronoticias.com.pe\/noticiero\/wp-json\/wp\/v2\/tags?post=54165"}],"curies":[{"name":"wp","href":"https:\/\/api.w.org\/{rel}","templated":true}]}}