{"id":54166,"date":"2015-11-10T15:37:35","date_gmt":"2015-11-10T15:37:35","guid":{"rendered":"http:\/\/desarrollo.mcvicious.com\/aero2020\/2015\/11\/10\/la-periodista-y-abogada-dora-garrido-apoya-a-julian-palacin-al-decanato-del-cal\/"},"modified":"2020-09-11T13:03:43","modified_gmt":"2020-09-11T13:03:43","slug":"la-periodista-y-abogada-dora-garrido-apoya-a-julian-palacin-al-decanato-del-cal","status":"publish","type":"post","link":"https:\/\/aeronoticias.com.pe\/noticiero\/politica\/la-periodista-y-abogada-dora-garrido-apoya-a-julian-palacin-al-decanato-del-cal\/","title":{"rendered":"La periodista y abogada Dora Garrido apoya a Juli\u00e1n Palacin al Decanato del CAL"},"content":{"rendered":"<p style=\"text-align: justify;\"><strong>(Aeronoticias) <\/strong>La Periodista del Grupo RPP y abogada Dora Garrido, en la sede del CAL en la Av. Santa Cruz 255, Miraflores, brind\u00f3 su apoyo al Candidato al Decanato del Colegio de Abogados de Lima, Juli\u00e1n Palac\u00edn Fern\u00e1ndez.<\/p>\n<p style=\"text-align: justify;\">Al respecto, la abogada Angela Macchiavello, expres\u00f3 que Dora Garrido es una l\u00edder gremial representativa de todas las generaciones de abogadas mujeres \u00a0que ahora se suma al gran cambio que nos enorgullece, porque la Dra. Garrido tiene una trayectoria de defensa a los Derechos de la Mujer, de los ni\u00f1os y adolescentes.<\/p>\n<p style=\"text-align: justify;\"><img decoding=\"async\" src=\"images\/stories\/15\/11\/101115\/doragarrido.jpg\" border=\"0\" \/><\/p>\n","protected":false},"excerpt":{"rendered":"<p>(Aeronoticias) La Periodista del Grupo RPP y abogada Dora Garrido, en la sede del CAL en la Av. Santa Cruz 255, Miraflores, brind\u00f3 su apoyo al Candidato al Decanato del Colegio de Abogados de Lima, Juli\u00e1n Palac\u00edn Fern\u00e1ndez. Al respecto, la abogada Angela Macchiavello, expres\u00f3 que Dora Garrido es una l\u00edder gremial representativa de todas [&hellip;]<\/p>\n","protected":false},"author":1,"featured_media":0,"comment_status":"open","ping_status":"open","sticky":false,"template":"","format":"standard","meta":{"tdm_status":"","tdm_grid_status":"","footnotes":""},"categories":[36],"tags":[],"class_list":{"0":"post-54166","1":"post","2":"type-post","3":"status-publish","4":"format-standard","6":"category-politica"},"yoast_head":"<!-- This site is optimized with the Yoast SEO plugin v25.1 - https:\/\/yoast.com\/wordpress\/plugins\/seo\/ -->\n<title>La periodista y abogada Dora Garrido apoya a Juli\u00e1n Palacin al Decanato del CAL<\/title>\n<meta name=\"description\" content=\"Portal de noticias del Per\u00fa sobre el transporte a\u00e9reo, aviaci\u00f3n, turismo, hoteleria, actualidad.\" \/>\n<meta name=\"robots\" content=\"index, follow, max-snippet:-1, max-image-preview:large, max-video-preview:-1\" \/>\n<link rel=\"canonical\" href=\"https:\/\/aeronoticias.com.pe\/noticiero\/politica\/la-periodista-y-abogada-dora-garrido-apoya-a-julian-palacin-al-decanato-del-cal\/\" \/>\n<meta property=\"og:locale\" content=\"es_ES\" \/>\n<meta property=\"og:type\" content=\"article\" \/>\n<meta property=\"og:title\" content=\"La periodista y abogada Dora Garrido apoya a Juli\u00e1n Palacin al Decanato del CAL\" \/>\n<meta property=\"og:description\" content=\"Portal de noticias del Per\u00fa sobre el transporte a\u00e9reo, aviaci\u00f3n, turismo, hoteleria, actualidad.\" \/>\n<meta property=\"og:url\" content=\"https:\/\/aeronoticias.com.pe\/noticiero\/politica\/la-periodista-y-abogada-dora-garrido-apoya-a-julian-palacin-al-decanato-del-cal\/\" \/>\n<meta property=\"og:site_name\" content=\"Aeronoticias.com.pe\" \/>\n<meta property=\"article:publisher\" content=\"https:\/\/www.facebook.com\/Aeronoticias.com.pe\/\" \/>\n<meta property=\"article:published_time\" content=\"2015-11-10T15:37:35+00:00\" \/>\n<meta property=\"article:modified_time\" content=\"2020-09-11T13:03:43+00:00\" \/>\n<meta name=\"author\" content=\"Redacci\u00f3n Aeronoticias\" \/>\n<meta name=\"twitter:card\" content=\"summary_large_image\" \/>\n<meta name=\"twitter:creator\" content=\"@aeronoticias\" \/>\n<meta name=\"twitter:site\" content=\"@aeronoticias\" \/>\n<meta name=\"twitter:label1\" content=\"Escrito por\" \/>\n\t<meta name=\"twitter:data1\" content=\"Redacci\u00f3n Aeronoticias\" \/>\n<script type=\"application\/ld+json\" class=\"yoast-schema-graph\">{\"@context\":\"https:\/\/schema.org\",\"@graph\":[{\"@type\":\"WebPage\",\"@id\":\"https:\/\/aeronoticias.com.pe\/noticiero\/politica\/la-periodista-y-abogada-dora-garrido-apoya-a-julian-palacin-al-decanato-del-cal\/\",\"url\":\"https:\/\/aeronoticias.com.pe\/noticiero\/politica\/la-periodista-y-abogada-dora-garrido-apoya-a-julian-palacin-al-decanato-del-cal\/\",\"name\":\"La periodista y abogada Dora Garrido apoya a Juli\u00e1n Palacin al Decanato del CAL\",\"isPartOf\":{\"@id\":\"https:\/\/aeronoticias.com.pe\/noticiero\/#website\"},\"datePublished\":\"2015-11-10T15:37:35+00:00\",\"dateModified\":\"2020-09-11T13:03:43+00:00\",\"author\":{\"@id\":\"https:\/\/aeronoticias.com.pe\/noticiero\/#\/schema\/person\/fc1e5d578f4b62ba1cf7ac2bba1170a0\"},\"description\":\"Portal de noticias del Per\u00fa sobre el transporte a\u00e9reo, aviaci\u00f3n, turismo, hoteleria, actualidad.\",\"breadcrumb\":{\"@id\":\"https:\/\/aeronoticias.com.pe\/noticiero\/politica\/la-periodista-y-abogada-dora-garrido-apoya-a-julian-palacin-al-decanato-del-cal\/#breadcrumb\"},\"inLanguage\":\"es\",\"potentialAction\":[{\"@type\":\"ReadAction\",\"target\":[\"https:\/\/aeronoticias.com.pe\/noticiero\/politica\/la-periodista-y-abogada-dora-garrido-apoya-a-julian-palacin-al-decanato-del-cal\/\"]}]},{\"@type\":\"BreadcrumbList\",\"@id\":\"https:\/\/aeronoticias.com.pe\/noticiero\/politica\/la-periodista-y-abogada-dora-garrido-apoya-a-julian-palacin-al-decanato-del-cal\/#breadcrumb\",\"itemListElement\":[{\"@type\":\"ListItem\",\"position\":1,\"name\":\"Portada\",\"item\":\"https:\/\/aeronoticias.com.pe\/noticiero\/\"},{\"@type\":\"ListItem\",\"position\":2,\"name\":\"La periodista y abogada Dora Garrido apoya a Juli\u00e1n Palacin al Decanato del CAL\"}]},{\"@type\":\"WebSite\",\"@id\":\"https:\/\/aeronoticias.com.pe\/noticiero\/#website\",\"url\":\"https:\/\/aeronoticias.com.pe\/noticiero\/\",\"name\":\"Aeronoticias.com.pe\",\"description\":\"Noticias de tranporte aereo, turismo, hoteles, gastronomia, actualidad, internacional\",\"potentialAction\":[{\"@type\":\"SearchAction\",\"target\":{\"@type\":\"EntryPoint\",\"urlTemplate\":\"https:\/\/aeronoticias.com.pe\/noticiero\/?s={search_term_string}\"},\"query-input\":{\"@type\":\"PropertyValueSpecification\",\"valueRequired\":true,\"valueName\":\"search_term_string\"}}],\"inLanguage\":\"es\"},{\"@type\":\"Person\",\"@id\":\"https:\/\/aeronoticias.com.pe\/noticiero\/#\/schema\/person\/fc1e5d578f4b62ba1cf7ac2bba1170a0\",\"name\":\"Redacci\u00f3n Aeronoticias\",\"url\":\"https:\/\/aeronoticias.com.pe\/noticiero\/author\/piloto\/\"}]}<\/script>\n<!-- \/ Yoast SEO plugin. -->","yoast_head_json":{"title":"La periodista y abogada Dora Garrido apoya a Juli\u00e1n Palacin al Decanato del CAL","description":"Portal de noticias del Per\u00fa sobre el transporte a\u00e9reo, aviaci\u00f3n, turismo, hoteleria, actualidad.","robots":{"index":"index","follow":"follow","max-snippet":"max-snippet:-1","max-image-preview":"max-image-preview:large","max-video-preview":"max-video-preview:-1"},"canonical":"https:\/\/aeronoticias.com.pe\/noticiero\/politica\/la-periodista-y-abogada-dora-garrido-apoya-a-julian-palacin-al-decanato-del-cal\/","og_locale":"es_ES","og_type":"article","og_title":"La periodista y abogada Dora Garrido apoya a Juli\u00e1n Palacin al Decanato del CAL","og_description":"Portal de noticias del Per\u00fa sobre el transporte a\u00e9reo, aviaci\u00f3n, turismo, hoteleria, actualidad.","og_url":"https:\/\/aeronoticias.com.pe\/noticiero\/politica\/la-periodista-y-abogada-dora-garrido-apoya-a-julian-palacin-al-decanato-del-cal\/","og_site_name":"Aeronoticias.com.pe","article_publisher":"https:\/\/www.facebook.com\/Aeronoticias.com.pe\/","article_published_time":"2015-11-10T15:37:35+00:00","article_modified_time":"2020-09-11T13:03:43+00:00","author":"Redacci\u00f3n Aeronoticias","twitter_card":"summary_large_image","twitter_creator":"@aeronoticias","twitter_site":"@aeronoticias","twitter_misc":{"Escrito por":"Redacci\u00f3n Aeronoticias"},"schema":{"@context":"https:\/\/schema.org","@graph":[{"@type":"WebPage","@id":"https:\/\/aeronoticias.com.pe\/noticiero\/politica\/la-periodista-y-abogada-dora-garrido-apoya-a-julian-palacin-al-decanato-del-cal\/","url":"https:\/\/aeronoticias.com.pe\/noticiero\/politica\/la-periodista-y-abogada-dora-garrido-apoya-a-julian-palacin-al-decanato-del-cal\/","name":"La periodista y abogada Dora Garrido apoya a Juli\u00e1n Palacin al Decanato del CAL","isPartOf":{"@id":"https:\/\/aeronoticias.com.pe\/noticiero\/#website"},"datePublished":"2015-11-10T15:37:35+00:00","dateModified":"2020-09-11T13:03:43+00:00","author":{"@id":"https:\/\/aeronoticias.com.pe\/noticiero\/#\/schema\/person\/fc1e5d578f4b62ba1cf7ac2bba1170a0"},"description":"Portal de noticias del Per\u00fa sobre el transporte a\u00e9reo, aviaci\u00f3n, turismo, hoteleria, actualidad.","breadcrumb":{"@id":"https:\/\/aeronoticias.com.pe\/noticiero\/politica\/la-periodista-y-abogada-dora-garrido-apoya-a-julian-palacin-al-decanato-del-cal\/#breadcrumb"},"inLanguage":"es","potentialAction":[{"@type":"ReadAction","target":["https:\/\/aeronoticias.com.pe\/noticiero\/politica\/la-periodista-y-abogada-dora-garrido-apoya-a-julian-palacin-al-decanato-del-cal\/"]}]},{"@type":"BreadcrumbList","@id":"https:\/\/aeronoticias.com.pe\/noticiero\/politica\/la-periodista-y-abogada-dora-garrido-apoya-a-julian-palacin-al-decanato-del-cal\/#breadcrumb","itemListElement":[{"@type":"ListItem","position":1,"name":"Portada","item":"https:\/\/aeronoticias.com.pe\/noticiero\/"},{"@type":"ListItem","position":2,"name":"La periodista y abogada Dora Garrido apoya a Juli\u00e1n Palacin al Decanato del CAL"}]},{"@type":"WebSite","@id":"https:\/\/aeronoticias.com.pe\/noticiero\/#website","url":"https:\/\/aeronoticias.com.pe\/noticiero\/","name":"Aeronoticias.com.pe","description":"Noticias de tranporte aereo, turismo, hoteles, gastronomia, actualidad, internacional","potentialAction":[{"@type":"SearchAction","target":{"@type":"EntryPoint","urlTemplate":"https:\/\/aeronoticias.com.pe\/noticiero\/?s={search_term_string}"},"query-input":{"@type":"PropertyValueSpecification","valueRequired":true,"valueName":"search_term_string"}}],"inLanguage":"es"},{"@type":"Person","@id":"https:\/\/aeronoticias.com.pe\/noticiero\/#\/schema\/person\/fc1e5d578f4b62ba1cf7ac2bba1170a0","name":"Redacci\u00f3n Aeronoticias","url":"https:\/\/aeronoticias.com.pe\/noticiero\/author\/piloto\/"}]}},"_links":{"self":[{"href":"https:\/\/aeronoticias.com.pe\/noticiero\/wp-json\/wp\/v2\/posts\/54166","targetHints":{"allow":["GET"]}}],"collection":[{"href":"https:\/\/aeronoticias.com.pe\/noticiero\/wp-json\/wp\/v2\/posts"}],"about":[{"href":"https:\/\/aeronoticias.com.pe\/noticiero\/wp-json\/wp\/v2\/types\/post"}],"author":[{"embeddable":true,"href":"https:\/\/aeronoticias.com.pe\/noticiero\/wp-json\/wp\/v2\/users\/1"}],"replies":[{"embeddable":true,"href":"https:\/\/aeronoticias.com.pe\/noticiero\/wp-json\/wp\/v2\/comments?post=54166"}],"version-history":[{"count":0,"href":"https:\/\/aeronoticias.com.pe\/noticiero\/wp-json\/wp\/v2\/posts\/54166\/revisions"}],"wp:attachment":[{"href":"https:\/\/aeronoticias.com.pe\/noticiero\/wp-json\/wp\/v2\/media?parent=54166"}],"wp:term":[{"taxonomy":"category","embeddable":true,"href":"https:\/\/aeronoticias.com.pe\/noticiero\/wp-json\/wp\/v2\/categories?post=54166"},{"taxonomy":"post_tag","embeddable":true,"href":"https:\/\/aeronoticias.com.pe\/noticiero\/wp-json\/wp\/v2\/tags?post=54166"}],"curies":[{"name":"wp","href":"https:\/\/api.w.org\/{rel}","templated":true}]}}