{"id":54170,"date":"2015-11-10T19:39:47","date_gmt":"2015-11-10T19:39:47","guid":{"rendered":"http:\/\/desarrollo.mcvicious.com\/aero2020\/2015\/11\/10\/evento-interamericano-de-scouts-en-peru\/"},"modified":"2015-11-10T19:39:47","modified_gmt":"2015-11-10T19:39:47","slug":"evento-interamericano-de-scouts-en-peru","status":"publish","type":"post","link":"https:\/\/aeronoticias.com.pe\/noticiero\/deportes\/evento-interamericano-de-scouts-en-peru\/","title":{"rendered":"Evento interamericano de Scouts en Per\u00fa"},"content":{"rendered":"<p style=\"text-align: justify;\"><strong>(Aeronoticias) <\/strong>El v<span style=\"font-size: 12.16px; line-height: 1.3em;\">iernes 13 \u00a0llega mexicano Ra\u00fal S\u00e1nchez Vaca, Director Regional de la Organizaci\u00f3n Scout Mundial Regi\u00f3n Interamericana y se queda hasta el domingo.<\/span><\/p>\n<p style=\"text-align: justify;\"><span style=\"font-size: 12.16px; line-height: 1.3em;\">&#8211; Entrevistas por favor coordinar con Pablo Nieto: \u00a0998139950<\/span><\/p>\n<p style=\"text-align: justify;\"><span style=\"font-size: 12.16px; line-height: 1.3em;\">La Organizaci\u00f3n Mundial Scout Regi\u00f3n Interamericana ha elegido al Per\u00fa, espec\u00edficamente, la ciudad del Cusco, como sede del III Rover MootInteramericano a llevarse a cabo entre el 27 de julio y el 05 de agosto de 2018.<\/span><\/p>\n<p style=\"text-align: justify;\">El Moot es un evento scout de nivel interamericano, dirigido a j\u00f3venes scouts, hombres y mujeres desde los 17 a\u00f1os hasta antes de cumplir los 22 a\u00f1os de edad, miembros de alguna de las Organizaciones Scouts Nacionales miembros de la Organizaci\u00f3n Mundial del Movimiento Scout (OMMS ) Regi\u00f3n Interamericana o de Organizaciones Scouts Nacionales miembros de la OMMS invitadas al evento.<\/p>\n<p style=\"text-align: justify;\">Se espera que participen j\u00f3venes de las 34 Organizaciones Scouts Nacionales de Am\u00e9rica.<\/p>\n<p style=\"text-align: justify;\">Su objetivo es ser un espacio de acercamiento entre j\u00f3venes scouts de todos los pa\u00edses del continente Americano, que promueva el conocimiento e intercambio cultural, estrechamiento de los lazos de hermandad scout y a la generaci\u00f3n de experiencias educativas significativas.<\/p>\n<p style=\"text-align: justify;\">Es as\u00ed que durante los 10 d\u00edas que dure el evento, el cual ser\u00e1 enteramente acampado, se llevar\u00e1n a cabo actividades de servicio a la comunidad, proyectos de conservaci\u00f3n de medio ambiente, deportes de aventura, actividades de intercambio cultural.<\/p>\n<p style=\"text-align: justify;\">El lanzamiento de este evento se llevar\u00e1 a cabo el d\u00eda s\u00e1bado 14 de noviembre a las 19.00 horas en la Asociaci\u00f3n de Scouts del Per\u00fa, sito en Avenida Arequipa 5140, Miraflores. Contar\u00e1 con la presencia del se\u00f1or Ra\u00fal Sanchez Vaca, Director Regional de la Organizaci\u00f3n Scout Mundial Regi\u00f3n Interamericana.<\/p>\n<p style=\"text-align: justify;\"><span style=\"font-size: 12.16px; line-height: 1.3em;\">RA\u00daL ARTURO SANCHEZ VACA<\/span><\/p>\n<p style=\"text-align: justify;\">DIRECTOR REGIONAL DE LA ORGANIZACI\u00d3N SCOUT MUNDIAL<\/p>\n<p style=\"text-align: justify;\">Fue Director Ejecutivo de Scouts de M\u00e9xico, durante 8 a\u00f1os luego de lo cual, ante el traslado de la Oficina Scout Mundial Regi\u00f3n Interamericana a la ciudad de Panam\u00e1, se tom\u00f3 la decisi\u00f3n de designar a un nuevo Director Ejecutivo, es as\u00ed que luego de un proceso de selecci\u00f3n fue elegido para este cargo el cual ocupa desde el a\u00f1o 2010.<\/p>\n<p style=\"text-align: justify;\">Ra\u00fal es scout desde al a\u00f1o 1982 y durante todo ese tiempo ha participado y organizado grandes eventos del continente, como miembro del equipo de servicio, joven participante o dirigente scout.<\/p>\n<p style=\"text-align: justify;\">La Regi\u00f3n Scout Interamericana, \u00a0integra a todos los pa\u00edses del Continente Americano, desde Canad\u00e1, hasta la Patagonia \u00a0y cuenta con m\u00e1s de 8 millones de scouts en 34 organizaciones scouts nacionales. \u00a0Algunas de sus organizaciones scouts cuentan ya con 100 a\u00f1os de vida, como la de Per\u00fa, Canad\u00e1, Estados Unidos, Brasil, Chile y algunos pa\u00edses del Caribe como Guyana y Jamaica.<\/p>\n<p style=\"text-align: justify;\"><img decoding=\"async\" src=\"images\/stories\/15\/11\/101115\/sanchezvaca.jpg\" border=\"0\" \/><\/p>\n","protected":false},"excerpt":{"rendered":"<p>(Aeronoticias) El viernes 13 \u00a0llega mexicano Ra\u00fal S\u00e1nchez Vaca, Director Regional de la Organizaci\u00f3n Scout Mundial Regi\u00f3n Interamericana y se queda hasta el domingo. &#8211; Entrevistas por favor coordinar con Pablo Nieto: \u00a0998139950 La Organizaci\u00f3n Mundial Scout Regi\u00f3n Interamericana ha elegido al Per\u00fa, espec\u00edficamente, la ciudad del Cusco, como sede del III Rover MootInteramericano a [&hellip;]<\/p>\n","protected":false},"author":1,"featured_media":0,"comment_status":"open","ping_status":"open","sticky":false,"template":"","format":"standard","meta":{"tdm_status":"","tdm_grid_status":"","footnotes":""},"categories":[40],"tags":[],"class_list":{"0":"post-54170","1":"post","2":"type-post","3":"status-publish","4":"format-standard","6":"category-deportes"},"yoast_head":"<!-- This site is optimized with the Yoast SEO plugin v25.1 - https:\/\/yoast.com\/wordpress\/plugins\/seo\/ -->\n<title>Evento interamericano de Scouts en Per\u00fa<\/title>\n<meta name=\"description\" content=\"Portal de noticias del Per\u00fa sobre el transporte a\u00e9reo, aviaci\u00f3n, turismo, hoteleria, actualidad.\" \/>\n<meta name=\"robots\" content=\"index, follow, max-snippet:-1, max-image-preview:large, max-video-preview:-1\" \/>\n<link rel=\"canonical\" href=\"https:\/\/aeronoticias.com.pe\/noticiero\/deportes\/evento-interamericano-de-scouts-en-peru\/\" \/>\n<meta property=\"og:locale\" content=\"es_ES\" \/>\n<meta property=\"og:type\" content=\"article\" \/>\n<meta property=\"og:title\" content=\"Evento interamericano de Scouts en Per\u00fa\" \/>\n<meta property=\"og:description\" content=\"Portal de noticias del Per\u00fa sobre el transporte a\u00e9reo, aviaci\u00f3n, turismo, hoteleria, actualidad.\" \/>\n<meta property=\"og:url\" content=\"https:\/\/aeronoticias.com.pe\/noticiero\/deportes\/evento-interamericano-de-scouts-en-peru\/\" \/>\n<meta property=\"og:site_name\" content=\"Aeronoticias.com.pe\" \/>\n<meta property=\"article:publisher\" content=\"https:\/\/www.facebook.com\/Aeronoticias.com.pe\/\" \/>\n<meta property=\"article:published_time\" content=\"2015-11-10T19:39:47+00:00\" \/>\n<meta name=\"author\" content=\"Redacci\u00f3n Aeronoticias\" \/>\n<meta name=\"twitter:card\" content=\"summary_large_image\" \/>\n<meta name=\"twitter:creator\" content=\"@aeronoticias\" \/>\n<meta name=\"twitter:site\" content=\"@aeronoticias\" \/>\n<meta name=\"twitter:label1\" content=\"Escrito por\" \/>\n\t<meta name=\"twitter:data1\" content=\"Redacci\u00f3n Aeronoticias\" \/>\n\t<meta name=\"twitter:label2\" content=\"Tiempo de lectura\" \/>\n\t<meta name=\"twitter:data2\" content=\"2 minutos\" \/>\n<script type=\"application\/ld+json\" class=\"yoast-schema-graph\">{\"@context\":\"https:\/\/schema.org\",\"@graph\":[{\"@type\":\"WebPage\",\"@id\":\"https:\/\/aeronoticias.com.pe\/noticiero\/deportes\/evento-interamericano-de-scouts-en-peru\/\",\"url\":\"https:\/\/aeronoticias.com.pe\/noticiero\/deportes\/evento-interamericano-de-scouts-en-peru\/\",\"name\":\"Evento interamericano de Scouts en Per\u00fa\",\"isPartOf\":{\"@id\":\"https:\/\/aeronoticias.com.pe\/noticiero\/#website\"},\"datePublished\":\"2015-11-10T19:39:47+00:00\",\"author\":{\"@id\":\"https:\/\/aeronoticias.com.pe\/noticiero\/#\/schema\/person\/fc1e5d578f4b62ba1cf7ac2bba1170a0\"},\"description\":\"Portal de noticias del Per\u00fa sobre el transporte a\u00e9reo, aviaci\u00f3n, turismo, hoteleria, actualidad.\",\"breadcrumb\":{\"@id\":\"https:\/\/aeronoticias.com.pe\/noticiero\/deportes\/evento-interamericano-de-scouts-en-peru\/#breadcrumb\"},\"inLanguage\":\"es\",\"potentialAction\":[{\"@type\":\"ReadAction\",\"target\":[\"https:\/\/aeronoticias.com.pe\/noticiero\/deportes\/evento-interamericano-de-scouts-en-peru\/\"]}]},{\"@type\":\"BreadcrumbList\",\"@id\":\"https:\/\/aeronoticias.com.pe\/noticiero\/deportes\/evento-interamericano-de-scouts-en-peru\/#breadcrumb\",\"itemListElement\":[{\"@type\":\"ListItem\",\"position\":1,\"name\":\"Portada\",\"item\":\"https:\/\/aeronoticias.com.pe\/noticiero\/\"},{\"@type\":\"ListItem\",\"position\":2,\"name\":\"Evento interamericano de Scouts en Per\u00fa\"}]},{\"@type\":\"WebSite\",\"@id\":\"https:\/\/aeronoticias.com.pe\/noticiero\/#website\",\"url\":\"https:\/\/aeronoticias.com.pe\/noticiero\/\",\"name\":\"Aeronoticias.com.pe\",\"description\":\"Noticias de tranporte aereo, turismo, hoteles, gastronomia, actualidad, internacional\",\"potentialAction\":[{\"@type\":\"SearchAction\",\"target\":{\"@type\":\"EntryPoint\",\"urlTemplate\":\"https:\/\/aeronoticias.com.pe\/noticiero\/?s={search_term_string}\"},\"query-input\":{\"@type\":\"PropertyValueSpecification\",\"valueRequired\":true,\"valueName\":\"search_term_string\"}}],\"inLanguage\":\"es\"},{\"@type\":\"Person\",\"@id\":\"https:\/\/aeronoticias.com.pe\/noticiero\/#\/schema\/person\/fc1e5d578f4b62ba1cf7ac2bba1170a0\",\"name\":\"Redacci\u00f3n Aeronoticias\",\"url\":\"https:\/\/aeronoticias.com.pe\/noticiero\/author\/piloto\/\"}]}<\/script>\n<!-- \/ Yoast SEO plugin. -->","yoast_head_json":{"title":"Evento interamericano de Scouts en Per\u00fa","description":"Portal de noticias del Per\u00fa sobre el transporte a\u00e9reo, aviaci\u00f3n, turismo, hoteleria, actualidad.","robots":{"index":"index","follow":"follow","max-snippet":"max-snippet:-1","max-image-preview":"max-image-preview:large","max-video-preview":"max-video-preview:-1"},"canonical":"https:\/\/aeronoticias.com.pe\/noticiero\/deportes\/evento-interamericano-de-scouts-en-peru\/","og_locale":"es_ES","og_type":"article","og_title":"Evento interamericano de Scouts en Per\u00fa","og_description":"Portal de noticias del Per\u00fa sobre el transporte a\u00e9reo, aviaci\u00f3n, turismo, hoteleria, actualidad.","og_url":"https:\/\/aeronoticias.com.pe\/noticiero\/deportes\/evento-interamericano-de-scouts-en-peru\/","og_site_name":"Aeronoticias.com.pe","article_publisher":"https:\/\/www.facebook.com\/Aeronoticias.com.pe\/","article_published_time":"2015-11-10T19:39:47+00:00","author":"Redacci\u00f3n Aeronoticias","twitter_card":"summary_large_image","twitter_creator":"@aeronoticias","twitter_site":"@aeronoticias","twitter_misc":{"Escrito por":"Redacci\u00f3n Aeronoticias","Tiempo de lectura":"2 minutos"},"schema":{"@context":"https:\/\/schema.org","@graph":[{"@type":"WebPage","@id":"https:\/\/aeronoticias.com.pe\/noticiero\/deportes\/evento-interamericano-de-scouts-en-peru\/","url":"https:\/\/aeronoticias.com.pe\/noticiero\/deportes\/evento-interamericano-de-scouts-en-peru\/","name":"Evento interamericano de Scouts en Per\u00fa","isPartOf":{"@id":"https:\/\/aeronoticias.com.pe\/noticiero\/#website"},"datePublished":"2015-11-10T19:39:47+00:00","author":{"@id":"https:\/\/aeronoticias.com.pe\/noticiero\/#\/schema\/person\/fc1e5d578f4b62ba1cf7ac2bba1170a0"},"description":"Portal de noticias del Per\u00fa sobre el transporte a\u00e9reo, aviaci\u00f3n, turismo, hoteleria, actualidad.","breadcrumb":{"@id":"https:\/\/aeronoticias.com.pe\/noticiero\/deportes\/evento-interamericano-de-scouts-en-peru\/#breadcrumb"},"inLanguage":"es","potentialAction":[{"@type":"ReadAction","target":["https:\/\/aeronoticias.com.pe\/noticiero\/deportes\/evento-interamericano-de-scouts-en-peru\/"]}]},{"@type":"BreadcrumbList","@id":"https:\/\/aeronoticias.com.pe\/noticiero\/deportes\/evento-interamericano-de-scouts-en-peru\/#breadcrumb","itemListElement":[{"@type":"ListItem","position":1,"name":"Portada","item":"https:\/\/aeronoticias.com.pe\/noticiero\/"},{"@type":"ListItem","position":2,"name":"Evento interamericano de Scouts en Per\u00fa"}]},{"@type":"WebSite","@id":"https:\/\/aeronoticias.com.pe\/noticiero\/#website","url":"https:\/\/aeronoticias.com.pe\/noticiero\/","name":"Aeronoticias.com.pe","description":"Noticias de tranporte aereo, turismo, hoteles, gastronomia, actualidad, internacional","potentialAction":[{"@type":"SearchAction","target":{"@type":"EntryPoint","urlTemplate":"https:\/\/aeronoticias.com.pe\/noticiero\/?s={search_term_string}"},"query-input":{"@type":"PropertyValueSpecification","valueRequired":true,"valueName":"search_term_string"}}],"inLanguage":"es"},{"@type":"Person","@id":"https:\/\/aeronoticias.com.pe\/noticiero\/#\/schema\/person\/fc1e5d578f4b62ba1cf7ac2bba1170a0","name":"Redacci\u00f3n Aeronoticias","url":"https:\/\/aeronoticias.com.pe\/noticiero\/author\/piloto\/"}]}},"_links":{"self":[{"href":"https:\/\/aeronoticias.com.pe\/noticiero\/wp-json\/wp\/v2\/posts\/54170","targetHints":{"allow":["GET"]}}],"collection":[{"href":"https:\/\/aeronoticias.com.pe\/noticiero\/wp-json\/wp\/v2\/posts"}],"about":[{"href":"https:\/\/aeronoticias.com.pe\/noticiero\/wp-json\/wp\/v2\/types\/post"}],"author":[{"embeddable":true,"href":"https:\/\/aeronoticias.com.pe\/noticiero\/wp-json\/wp\/v2\/users\/1"}],"replies":[{"embeddable":true,"href":"https:\/\/aeronoticias.com.pe\/noticiero\/wp-json\/wp\/v2\/comments?post=54170"}],"version-history":[{"count":0,"href":"https:\/\/aeronoticias.com.pe\/noticiero\/wp-json\/wp\/v2\/posts\/54170\/revisions"}],"wp:attachment":[{"href":"https:\/\/aeronoticias.com.pe\/noticiero\/wp-json\/wp\/v2\/media?parent=54170"}],"wp:term":[{"taxonomy":"category","embeddable":true,"href":"https:\/\/aeronoticias.com.pe\/noticiero\/wp-json\/wp\/v2\/categories?post=54170"},{"taxonomy":"post_tag","embeddable":true,"href":"https:\/\/aeronoticias.com.pe\/noticiero\/wp-json\/wp\/v2\/tags?post=54170"}],"curies":[{"name":"wp","href":"https:\/\/api.w.org\/{rel}","templated":true}]}}