{"id":54173,"date":"2015-11-11T12:12:20","date_gmt":"2015-11-11T12:12:20","guid":{"rendered":"http:\/\/desarrollo.mcvicious.com\/aero2020\/2015\/11\/11\/avianca-lanza-tarifas-promocionales-a-estados-unidos-y-canada\/"},"modified":"2015-11-11T12:12:20","modified_gmt":"2015-11-11T12:12:20","slug":"avianca-lanza-tarifas-promocionales-a-estados-unidos-y-canada","status":"publish","type":"post","link":"https:\/\/aeronoticias.com.pe\/noticiero\/transporte-aereo\/internacional\/avianca-lanza-tarifas-promocionales-a-estados-unidos-y-canada\/","title":{"rendered":"Avianca lanza tarifas promocionales a Estados Unidos y Canad\u00e1"},"content":{"rendered":"<p style=\"text-align: justify;\"><strong>(Aeronoticias)<\/strong>.-\u00a0Avianca lanz\u00f3 tarifas promocionales hacia nueve ciudades de Estados Unidos y Canad\u00e1. Desde el 9 \u00a0al \u00a023 de noviembre, la aerol\u00ednea ofrece tarifas especiales hacia destinos como: Houston, Dallas, Miami a US$399 \u2013tasas e impuestos incluidos-; Los \u00c1ngeles, Nueva York, Chicago, Washington, San Francisco y Toronto, Canad\u00e1 a US$499 \u2013tasas e impuestos incluidos-.<\/p>\n<p style=\"text-align: justify;\">Estas tarifas aplican para quienes compren entre 9 y el 23 de noviembre. Los boletos se podr\u00e1n utilizar para viajar entre el 1\u00b0 de diciembre de 2015 y el 10 de junio de 2016, a excepci\u00f3n de los d\u00edas entre el 18 y el 23 de diciembre de 2015.<\/p>\n<p style=\"text-align: justify;\">\u201cAvianca quiere acercar a las familias y amigos en estas fecha de fin a\u00f1o y durante los primeros meses del 2016, \u00a0ofreciendo tarifas promocionales para viajar a 9 destinos de Norteam\u00e9rica en el mes de diciembre. La ciudad m\u00e1s de moda, la ciudad m\u00e1s grande de los Estados Unidos, la ciudad del sol, la meca del cine, la gran manzana, la ciudad de los vientos, la capital de la pol\u00edtica, la joya del oeste o la ciudad m\u00e1s multicultural del mundo\u2026 un men\u00fa de posibilidades con tarifas a la medida para conocer una o m\u00e1s de las nueve ciudades m\u00e1s atractivas de Norteam\u00e9rica\u201d, coment\u00f3 Danilo Correa, Director Comercial de Avianca para Centroam\u00e9rica, M\u00e9xico y Caribe.<\/p>\n<p style=\"text-align: justify;\">Las tarifas promocionales est\u00e1n disponibles para la venta a trav\u00e9s del www.avianca.com, los centros de servicio Avianca, el call center de la aerol\u00ednea o en cualquiera de las agencias de viajes del pa\u00eds.<\/p>\n<div style=\"text-align: justify;\">Fuente: <span style=\"text-decoration: underline;\"><em><strong>Aviaci\u00f3n al d\u00eda<\/strong><\/em><\/span>.<\/div>\n<div style=\"text-align: justify;\"><\/div>\n<div style=\"text-align: justify;\"><img decoding=\"async\" src=\"http:\/\/2.bp.blogspot.com\/-oWwFBhLiQe4\/VkIkb40Py5I\/AAAAAAAAr4c\/TXGUz9ideSE\/s1600\/Avianca.png\" border=\"0\" \/><\/div>\n","protected":false},"excerpt":{"rendered":"<p>(Aeronoticias).-\u00a0Avianca lanz\u00f3 tarifas promocionales hacia nueve ciudades de Estados Unidos y Canad\u00e1. Desde el 9 \u00a0al \u00a023 de noviembre, la aerol\u00ednea ofrece tarifas especiales hacia destinos como: Houston, Dallas, Miami a US$399 \u2013tasas e impuestos incluidos-; Los \u00c1ngeles, Nueva York, Chicago, Washington, San Francisco y Toronto, Canad\u00e1 a US$499 \u2013tasas e impuestos incluidos-. Estas tarifas [&hellip;]<\/p>\n","protected":false},"author":1,"featured_media":0,"comment_status":"open","ping_status":"open","sticky":false,"template":"","format":"standard","meta":{"tdm_status":"","tdm_grid_status":"","footnotes":""},"categories":[32],"tags":[],"class_list":{"0":"post-54173","1":"post","2":"type-post","3":"status-publish","4":"format-standard","6":"category-internacional"},"yoast_head":"<!-- This site is optimized with the Yoast SEO plugin v25.1 - https:\/\/yoast.com\/wordpress\/plugins\/seo\/ -->\n<title>Avianca lanza tarifas promocionales a Estados Unidos y Canad\u00e1<\/title>\n<meta name=\"description\" content=\"Portal de noticias del Per\u00fa sobre el transporte a\u00e9reo, aviaci\u00f3n, turismo, hoteleria, actualidad.\" \/>\n<meta name=\"robots\" content=\"index, follow, max-snippet:-1, max-image-preview:large, max-video-preview:-1\" \/>\n<link rel=\"canonical\" href=\"https:\/\/aeronoticias.com.pe\/noticiero\/transporte-aereo\/internacional\/avianca-lanza-tarifas-promocionales-a-estados-unidos-y-canada\/\" \/>\n<meta property=\"og:locale\" content=\"es_ES\" \/>\n<meta property=\"og:type\" content=\"article\" \/>\n<meta property=\"og:title\" content=\"Avianca lanza tarifas promocionales a Estados Unidos y Canad\u00e1\" \/>\n<meta property=\"og:description\" content=\"Portal de noticias del Per\u00fa sobre el transporte a\u00e9reo, aviaci\u00f3n, turismo, hoteleria, actualidad.\" \/>\n<meta property=\"og:url\" content=\"https:\/\/aeronoticias.com.pe\/noticiero\/transporte-aereo\/internacional\/avianca-lanza-tarifas-promocionales-a-estados-unidos-y-canada\/\" \/>\n<meta property=\"og:site_name\" content=\"Aeronoticias.com.pe\" \/>\n<meta property=\"article:publisher\" content=\"https:\/\/www.facebook.com\/Aeronoticias.com.pe\/\" \/>\n<meta property=\"article:published_time\" content=\"2015-11-11T12:12:20+00:00\" \/>\n<meta property=\"og:image\" content=\"http:\/\/2.bp.blogspot.com\/-oWwFBhLiQe4\/VkIkb40Py5I\/AAAAAAAAr4c\/TXGUz9ideSE\/s1600\/Avianca.png\" \/>\n<meta name=\"author\" content=\"Redacci\u00f3n Aeronoticias\" \/>\n<meta name=\"twitter:card\" content=\"summary_large_image\" \/>\n<meta name=\"twitter:creator\" content=\"@aeronoticias\" \/>\n<meta name=\"twitter:site\" content=\"@aeronoticias\" \/>\n<meta name=\"twitter:label1\" content=\"Escrito por\" \/>\n\t<meta name=\"twitter:data1\" content=\"Redacci\u00f3n Aeronoticias\" \/>\n\t<meta name=\"twitter:label2\" content=\"Tiempo de lectura\" \/>\n\t<meta name=\"twitter:data2\" content=\"1 minuto\" \/>\n<script type=\"application\/ld+json\" class=\"yoast-schema-graph\">{\"@context\":\"https:\/\/schema.org\",\"@graph\":[{\"@type\":\"WebPage\",\"@id\":\"https:\/\/aeronoticias.com.pe\/noticiero\/transporte-aereo\/internacional\/avianca-lanza-tarifas-promocionales-a-estados-unidos-y-canada\/\",\"url\":\"https:\/\/aeronoticias.com.pe\/noticiero\/transporte-aereo\/internacional\/avianca-lanza-tarifas-promocionales-a-estados-unidos-y-canada\/\",\"name\":\"Avianca lanza tarifas promocionales a Estados Unidos y Canad\u00e1\",\"isPartOf\":{\"@id\":\"https:\/\/aeronoticias.com.pe\/noticiero\/#website\"},\"primaryImageOfPage\":{\"@id\":\"https:\/\/aeronoticias.com.pe\/noticiero\/transporte-aereo\/internacional\/avianca-lanza-tarifas-promocionales-a-estados-unidos-y-canada\/#primaryimage\"},\"image\":{\"@id\":\"https:\/\/aeronoticias.com.pe\/noticiero\/transporte-aereo\/internacional\/avianca-lanza-tarifas-promocionales-a-estados-unidos-y-canada\/#primaryimage\"},\"thumbnailUrl\":\"http:\/\/2.bp.blogspot.com\/-oWwFBhLiQe4\/VkIkb40Py5I\/AAAAAAAAr4c\/TXGUz9ideSE\/s1600\/Avianca.png\",\"datePublished\":\"2015-11-11T12:12:20+00:00\",\"author\":{\"@id\":\"https:\/\/aeronoticias.com.pe\/noticiero\/#\/schema\/person\/fc1e5d578f4b62ba1cf7ac2bba1170a0\"},\"description\":\"Portal de noticias del Per\u00fa sobre el transporte a\u00e9reo, aviaci\u00f3n, turismo, hoteleria, actualidad.\",\"breadcrumb\":{\"@id\":\"https:\/\/aeronoticias.com.pe\/noticiero\/transporte-aereo\/internacional\/avianca-lanza-tarifas-promocionales-a-estados-unidos-y-canada\/#breadcrumb\"},\"inLanguage\":\"es\",\"potentialAction\":[{\"@type\":\"ReadAction\",\"target\":[\"https:\/\/aeronoticias.com.pe\/noticiero\/transporte-aereo\/internacional\/avianca-lanza-tarifas-promocionales-a-estados-unidos-y-canada\/\"]}]},{\"@type\":\"ImageObject\",\"inLanguage\":\"es\",\"@id\":\"https:\/\/aeronoticias.com.pe\/noticiero\/transporte-aereo\/internacional\/avianca-lanza-tarifas-promocionales-a-estados-unidos-y-canada\/#primaryimage\",\"url\":\"http:\/\/2.bp.blogspot.com\/-oWwFBhLiQe4\/VkIkb40Py5I\/AAAAAAAAr4c\/TXGUz9ideSE\/s1600\/Avianca.png\",\"contentUrl\":\"http:\/\/2.bp.blogspot.com\/-oWwFBhLiQe4\/VkIkb40Py5I\/AAAAAAAAr4c\/TXGUz9ideSE\/s1600\/Avianca.png\"},{\"@type\":\"BreadcrumbList\",\"@id\":\"https:\/\/aeronoticias.com.pe\/noticiero\/transporte-aereo\/internacional\/avianca-lanza-tarifas-promocionales-a-estados-unidos-y-canada\/#breadcrumb\",\"itemListElement\":[{\"@type\":\"ListItem\",\"position\":1,\"name\":\"Portada\",\"item\":\"https:\/\/aeronoticias.com.pe\/noticiero\/\"},{\"@type\":\"ListItem\",\"position\":2,\"name\":\"Avianca lanza tarifas promocionales a Estados Unidos y Canad\u00e1\"}]},{\"@type\":\"WebSite\",\"@id\":\"https:\/\/aeronoticias.com.pe\/noticiero\/#website\",\"url\":\"https:\/\/aeronoticias.com.pe\/noticiero\/\",\"name\":\"Aeronoticias.com.pe\",\"description\":\"Noticias de tranporte aereo, turismo, hoteles, gastronomia, actualidad, internacional\",\"potentialAction\":[{\"@type\":\"SearchAction\",\"target\":{\"@type\":\"EntryPoint\",\"urlTemplate\":\"https:\/\/aeronoticias.com.pe\/noticiero\/?s={search_term_string}\"},\"query-input\":{\"@type\":\"PropertyValueSpecification\",\"valueRequired\":true,\"valueName\":\"search_term_string\"}}],\"inLanguage\":\"es\"},{\"@type\":\"Person\",\"@id\":\"https:\/\/aeronoticias.com.pe\/noticiero\/#\/schema\/person\/fc1e5d578f4b62ba1cf7ac2bba1170a0\",\"name\":\"Redacci\u00f3n Aeronoticias\",\"url\":\"https:\/\/aeronoticias.com.pe\/noticiero\/author\/piloto\/\"}]}<\/script>\n<!-- \/ Yoast SEO plugin. -->","yoast_head_json":{"title":"Avianca lanza tarifas promocionales a Estados Unidos y Canad\u00e1","description":"Portal de noticias del Per\u00fa sobre el transporte a\u00e9reo, aviaci\u00f3n, turismo, hoteleria, actualidad.","robots":{"index":"index","follow":"follow","max-snippet":"max-snippet:-1","max-image-preview":"max-image-preview:large","max-video-preview":"max-video-preview:-1"},"canonical":"https:\/\/aeronoticias.com.pe\/noticiero\/transporte-aereo\/internacional\/avianca-lanza-tarifas-promocionales-a-estados-unidos-y-canada\/","og_locale":"es_ES","og_type":"article","og_title":"Avianca lanza tarifas promocionales a Estados Unidos y Canad\u00e1","og_description":"Portal de noticias del Per\u00fa sobre el transporte a\u00e9reo, aviaci\u00f3n, turismo, hoteleria, actualidad.","og_url":"https:\/\/aeronoticias.com.pe\/noticiero\/transporte-aereo\/internacional\/avianca-lanza-tarifas-promocionales-a-estados-unidos-y-canada\/","og_site_name":"Aeronoticias.com.pe","article_publisher":"https:\/\/www.facebook.com\/Aeronoticias.com.pe\/","article_published_time":"2015-11-11T12:12:20+00:00","og_image":[{"url":"http:\/\/2.bp.blogspot.com\/-oWwFBhLiQe4\/VkIkb40Py5I\/AAAAAAAAr4c\/TXGUz9ideSE\/s1600\/Avianca.png","type":"","width":"","height":""}],"author":"Redacci\u00f3n Aeronoticias","twitter_card":"summary_large_image","twitter_creator":"@aeronoticias","twitter_site":"@aeronoticias","twitter_misc":{"Escrito por":"Redacci\u00f3n Aeronoticias","Tiempo de lectura":"1 minuto"},"schema":{"@context":"https:\/\/schema.org","@graph":[{"@type":"WebPage","@id":"https:\/\/aeronoticias.com.pe\/noticiero\/transporte-aereo\/internacional\/avianca-lanza-tarifas-promocionales-a-estados-unidos-y-canada\/","url":"https:\/\/aeronoticias.com.pe\/noticiero\/transporte-aereo\/internacional\/avianca-lanza-tarifas-promocionales-a-estados-unidos-y-canada\/","name":"Avianca lanza tarifas promocionales a Estados Unidos y Canad\u00e1","isPartOf":{"@id":"https:\/\/aeronoticias.com.pe\/noticiero\/#website"},"primaryImageOfPage":{"@id":"https:\/\/aeronoticias.com.pe\/noticiero\/transporte-aereo\/internacional\/avianca-lanza-tarifas-promocionales-a-estados-unidos-y-canada\/#primaryimage"},"image":{"@id":"https:\/\/aeronoticias.com.pe\/noticiero\/transporte-aereo\/internacional\/avianca-lanza-tarifas-promocionales-a-estados-unidos-y-canada\/#primaryimage"},"thumbnailUrl":"http:\/\/2.bp.blogspot.com\/-oWwFBhLiQe4\/VkIkb40Py5I\/AAAAAAAAr4c\/TXGUz9ideSE\/s1600\/Avianca.png","datePublished":"2015-11-11T12:12:20+00:00","author":{"@id":"https:\/\/aeronoticias.com.pe\/noticiero\/#\/schema\/person\/fc1e5d578f4b62ba1cf7ac2bba1170a0"},"description":"Portal de noticias del Per\u00fa sobre el transporte a\u00e9reo, aviaci\u00f3n, turismo, hoteleria, actualidad.","breadcrumb":{"@id":"https:\/\/aeronoticias.com.pe\/noticiero\/transporte-aereo\/internacional\/avianca-lanza-tarifas-promocionales-a-estados-unidos-y-canada\/#breadcrumb"},"inLanguage":"es","potentialAction":[{"@type":"ReadAction","target":["https:\/\/aeronoticias.com.pe\/noticiero\/transporte-aereo\/internacional\/avianca-lanza-tarifas-promocionales-a-estados-unidos-y-canada\/"]}]},{"@type":"ImageObject","inLanguage":"es","@id":"https:\/\/aeronoticias.com.pe\/noticiero\/transporte-aereo\/internacional\/avianca-lanza-tarifas-promocionales-a-estados-unidos-y-canada\/#primaryimage","url":"http:\/\/2.bp.blogspot.com\/-oWwFBhLiQe4\/VkIkb40Py5I\/AAAAAAAAr4c\/TXGUz9ideSE\/s1600\/Avianca.png","contentUrl":"http:\/\/2.bp.blogspot.com\/-oWwFBhLiQe4\/VkIkb40Py5I\/AAAAAAAAr4c\/TXGUz9ideSE\/s1600\/Avianca.png"},{"@type":"BreadcrumbList","@id":"https:\/\/aeronoticias.com.pe\/noticiero\/transporte-aereo\/internacional\/avianca-lanza-tarifas-promocionales-a-estados-unidos-y-canada\/#breadcrumb","itemListElement":[{"@type":"ListItem","position":1,"name":"Portada","item":"https:\/\/aeronoticias.com.pe\/noticiero\/"},{"@type":"ListItem","position":2,"name":"Avianca lanza tarifas promocionales a Estados Unidos y Canad\u00e1"}]},{"@type":"WebSite","@id":"https:\/\/aeronoticias.com.pe\/noticiero\/#website","url":"https:\/\/aeronoticias.com.pe\/noticiero\/","name":"Aeronoticias.com.pe","description":"Noticias de tranporte aereo, turismo, hoteles, gastronomia, actualidad, internacional","potentialAction":[{"@type":"SearchAction","target":{"@type":"EntryPoint","urlTemplate":"https:\/\/aeronoticias.com.pe\/noticiero\/?s={search_term_string}"},"query-input":{"@type":"PropertyValueSpecification","valueRequired":true,"valueName":"search_term_string"}}],"inLanguage":"es"},{"@type":"Person","@id":"https:\/\/aeronoticias.com.pe\/noticiero\/#\/schema\/person\/fc1e5d578f4b62ba1cf7ac2bba1170a0","name":"Redacci\u00f3n Aeronoticias","url":"https:\/\/aeronoticias.com.pe\/noticiero\/author\/piloto\/"}]}},"_links":{"self":[{"href":"https:\/\/aeronoticias.com.pe\/noticiero\/wp-json\/wp\/v2\/posts\/54173","targetHints":{"allow":["GET"]}}],"collection":[{"href":"https:\/\/aeronoticias.com.pe\/noticiero\/wp-json\/wp\/v2\/posts"}],"about":[{"href":"https:\/\/aeronoticias.com.pe\/noticiero\/wp-json\/wp\/v2\/types\/post"}],"author":[{"embeddable":true,"href":"https:\/\/aeronoticias.com.pe\/noticiero\/wp-json\/wp\/v2\/users\/1"}],"replies":[{"embeddable":true,"href":"https:\/\/aeronoticias.com.pe\/noticiero\/wp-json\/wp\/v2\/comments?post=54173"}],"version-history":[{"count":0,"href":"https:\/\/aeronoticias.com.pe\/noticiero\/wp-json\/wp\/v2\/posts\/54173\/revisions"}],"wp:attachment":[{"href":"https:\/\/aeronoticias.com.pe\/noticiero\/wp-json\/wp\/v2\/media?parent=54173"}],"wp:term":[{"taxonomy":"category","embeddable":true,"href":"https:\/\/aeronoticias.com.pe\/noticiero\/wp-json\/wp\/v2\/categories?post=54173"},{"taxonomy":"post_tag","embeddable":true,"href":"https:\/\/aeronoticias.com.pe\/noticiero\/wp-json\/wp\/v2\/tags?post=54173"}],"curies":[{"name":"wp","href":"https:\/\/api.w.org\/{rel}","templated":true}]}}