{"id":54174,"date":"2015-11-11T12:14:13","date_gmt":"2015-11-11T12:14:13","guid":{"rendered":"http:\/\/desarrollo.mcvicious.com\/aero2020\/2015\/11\/11\/american-airlines-inauguro-sus-vuelos-entre-los-angeles-y-mazatlan\/"},"modified":"2015-11-11T12:14:13","modified_gmt":"2015-11-11T12:14:13","slug":"american-airlines-inauguro-sus-vuelos-entre-los-angeles-y-mazatlan","status":"publish","type":"post","link":"https:\/\/aeronoticias.com.pe\/noticiero\/transporte-aereo\/internacional\/american-airlines-inauguro-sus-vuelos-entre-los-angeles-y-mazatlan\/","title":{"rendered":"American Airlines inaugur\u00f3 sus vuelos entre Los \u00c1ngeles y Mazatl\u00e1n"},"content":{"rendered":"<p style=\"text-align: justify;\"><strong>(Aeronoticias)<\/strong>.-\u00a0American Airlines inici\u00f3 el pasado 7 de noviembre operaciones de Los \u00c1ngeles a Mazatl\u00e1n, Sinaloa, como parte de su plan de expansi\u00f3n de vuelos desde M\u00e9xico hacia su centro de conexiones en esa ciudad de California, Estados Unidos.<\/p>\n<p style=\"text-align: justify;\">\u00abCon este vuelo subrayamos el compromiso de American Airlines con M\u00e9xico, un pa\u00eds que orgullosamente hemos servido por m\u00e1s de 70 a\u00f1os\u00bb, dijo la directora de la aerol\u00ednea en el pa\u00eds, Tony Guti\u00e9rrez.<\/p>\n<p style=\"text-align: justify;\">Expuso en un comunicado que Mazatl\u00e1n es un importante destino tur\u00edstico y portuario de M\u00e9xico y ha crecido en los \u00faltimos a\u00f1os para convertirse en unas de las principales ciudades del pa\u00eds.<\/p>\n<p style=\"text-align: justify;\">\u00abNos enorgullece ahora poder conectar a Mazatl\u00e1n con Los \u00c1ngeles, desde donde ofrecemos m\u00e1s de 200 vuelos diarios a m\u00e1s de 55 destinos en Asia, Europa, Am\u00e9rica Latina y Estados Unidos\u00bb, refiere la directiva, quien a\u00f1ade que los vuelos est\u00e1n operados con aeronaves Embraer 175 con capacidad de 76 asientos.<\/p>\n<p style=\"text-align: justify;\">Fuente: <span style=\"text-decoration: underline;\"><em><strong>Aviaci\u00f3n al d\u00eda<\/strong><\/em><\/span>.<\/p>\n<p style=\"text-align: justify;\"><img decoding=\"async\" src=\"http:\/\/1.bp.blogspot.com\/-HD8tjY1i9pw\/VkIW95Ri8xI\/AAAAAAAAr4M\/4aZZJ01_FA8\/s1600\/American_Eagle.png\" border=\"0\" \/><\/p>\n<div><\/div>\n","protected":false},"excerpt":{"rendered":"<p>(Aeronoticias).-\u00a0American Airlines inici\u00f3 el pasado 7 de noviembre operaciones de Los \u00c1ngeles a Mazatl\u00e1n, Sinaloa, como parte de su plan de expansi\u00f3n de vuelos desde M\u00e9xico hacia su centro de conexiones en esa ciudad de California, Estados Unidos. \u00abCon este vuelo subrayamos el compromiso de American Airlines con M\u00e9xico, un pa\u00eds que orgullosamente hemos servido [&hellip;]<\/p>\n","protected":false},"author":1,"featured_media":0,"comment_status":"open","ping_status":"open","sticky":false,"template":"","format":"standard","meta":{"tdm_status":"","tdm_grid_status":"","footnotes":""},"categories":[32],"tags":[],"class_list":{"0":"post-54174","1":"post","2":"type-post","3":"status-publish","4":"format-standard","6":"category-internacional"},"yoast_head":"<!-- This site is optimized with the Yoast SEO plugin v25.1 - https:\/\/yoast.com\/wordpress\/plugins\/seo\/ -->\n<title>American Airlines inaugur\u00f3 sus vuelos entre Los \u00c1ngeles y Mazatl\u00e1n<\/title>\n<meta name=\"description\" content=\"Portal de noticias del Per\u00fa sobre el transporte a\u00e9reo, aviaci\u00f3n, turismo, hoteleria, actualidad.\" \/>\n<meta name=\"robots\" content=\"index, follow, max-snippet:-1, max-image-preview:large, max-video-preview:-1\" \/>\n<link rel=\"canonical\" href=\"https:\/\/aeronoticias.com.pe\/noticiero\/transporte-aereo\/internacional\/american-airlines-inauguro-sus-vuelos-entre-los-angeles-y-mazatlan\/\" \/>\n<meta property=\"og:locale\" content=\"es_ES\" \/>\n<meta property=\"og:type\" content=\"article\" \/>\n<meta property=\"og:title\" content=\"American Airlines inaugur\u00f3 sus vuelos entre Los \u00c1ngeles y Mazatl\u00e1n\" \/>\n<meta property=\"og:description\" content=\"Portal de noticias del Per\u00fa sobre el transporte a\u00e9reo, aviaci\u00f3n, turismo, hoteleria, actualidad.\" \/>\n<meta property=\"og:url\" content=\"https:\/\/aeronoticias.com.pe\/noticiero\/transporte-aereo\/internacional\/american-airlines-inauguro-sus-vuelos-entre-los-angeles-y-mazatlan\/\" \/>\n<meta property=\"og:site_name\" content=\"Aeronoticias.com.pe\" \/>\n<meta property=\"article:publisher\" content=\"https:\/\/www.facebook.com\/Aeronoticias.com.pe\/\" \/>\n<meta property=\"article:published_time\" content=\"2015-11-11T12:14:13+00:00\" \/>\n<meta property=\"og:image\" content=\"http:\/\/1.bp.blogspot.com\/-HD8tjY1i9pw\/VkIW95Ri8xI\/AAAAAAAAr4M\/4aZZJ01_FA8\/s1600\/American_Eagle.png\" \/>\n<meta name=\"author\" content=\"Redacci\u00f3n Aeronoticias\" \/>\n<meta name=\"twitter:card\" content=\"summary_large_image\" \/>\n<meta name=\"twitter:creator\" content=\"@aeronoticias\" \/>\n<meta name=\"twitter:site\" content=\"@aeronoticias\" \/>\n<meta name=\"twitter:label1\" content=\"Escrito por\" \/>\n\t<meta name=\"twitter:data1\" content=\"Redacci\u00f3n Aeronoticias\" \/>\n\t<meta name=\"twitter:label2\" content=\"Tiempo de lectura\" \/>\n\t<meta name=\"twitter:data2\" content=\"1 minuto\" \/>\n<script type=\"application\/ld+json\" class=\"yoast-schema-graph\">{\"@context\":\"https:\/\/schema.org\",\"@graph\":[{\"@type\":\"WebPage\",\"@id\":\"https:\/\/aeronoticias.com.pe\/noticiero\/transporte-aereo\/internacional\/american-airlines-inauguro-sus-vuelos-entre-los-angeles-y-mazatlan\/\",\"url\":\"https:\/\/aeronoticias.com.pe\/noticiero\/transporte-aereo\/internacional\/american-airlines-inauguro-sus-vuelos-entre-los-angeles-y-mazatlan\/\",\"name\":\"American Airlines inaugur\u00f3 sus vuelos entre Los \u00c1ngeles y Mazatl\u00e1n\",\"isPartOf\":{\"@id\":\"https:\/\/aeronoticias.com.pe\/noticiero\/#website\"},\"primaryImageOfPage\":{\"@id\":\"https:\/\/aeronoticias.com.pe\/noticiero\/transporte-aereo\/internacional\/american-airlines-inauguro-sus-vuelos-entre-los-angeles-y-mazatlan\/#primaryimage\"},\"image\":{\"@id\":\"https:\/\/aeronoticias.com.pe\/noticiero\/transporte-aereo\/internacional\/american-airlines-inauguro-sus-vuelos-entre-los-angeles-y-mazatlan\/#primaryimage\"},\"thumbnailUrl\":\"http:\/\/1.bp.blogspot.com\/-HD8tjY1i9pw\/VkIW95Ri8xI\/AAAAAAAAr4M\/4aZZJ01_FA8\/s1600\/American_Eagle.png\",\"datePublished\":\"2015-11-11T12:14:13+00:00\",\"author\":{\"@id\":\"https:\/\/aeronoticias.com.pe\/noticiero\/#\/schema\/person\/fc1e5d578f4b62ba1cf7ac2bba1170a0\"},\"description\":\"Portal de noticias del Per\u00fa sobre el transporte a\u00e9reo, aviaci\u00f3n, turismo, hoteleria, actualidad.\",\"breadcrumb\":{\"@id\":\"https:\/\/aeronoticias.com.pe\/noticiero\/transporte-aereo\/internacional\/american-airlines-inauguro-sus-vuelos-entre-los-angeles-y-mazatlan\/#breadcrumb\"},\"inLanguage\":\"es\",\"potentialAction\":[{\"@type\":\"ReadAction\",\"target\":[\"https:\/\/aeronoticias.com.pe\/noticiero\/transporte-aereo\/internacional\/american-airlines-inauguro-sus-vuelos-entre-los-angeles-y-mazatlan\/\"]}]},{\"@type\":\"ImageObject\",\"inLanguage\":\"es\",\"@id\":\"https:\/\/aeronoticias.com.pe\/noticiero\/transporte-aereo\/internacional\/american-airlines-inauguro-sus-vuelos-entre-los-angeles-y-mazatlan\/#primaryimage\",\"url\":\"http:\/\/1.bp.blogspot.com\/-HD8tjY1i9pw\/VkIW95Ri8xI\/AAAAAAAAr4M\/4aZZJ01_FA8\/s1600\/American_Eagle.png\",\"contentUrl\":\"http:\/\/1.bp.blogspot.com\/-HD8tjY1i9pw\/VkIW95Ri8xI\/AAAAAAAAr4M\/4aZZJ01_FA8\/s1600\/American_Eagle.png\"},{\"@type\":\"BreadcrumbList\",\"@id\":\"https:\/\/aeronoticias.com.pe\/noticiero\/transporte-aereo\/internacional\/american-airlines-inauguro-sus-vuelos-entre-los-angeles-y-mazatlan\/#breadcrumb\",\"itemListElement\":[{\"@type\":\"ListItem\",\"position\":1,\"name\":\"Portada\",\"item\":\"https:\/\/aeronoticias.com.pe\/noticiero\/\"},{\"@type\":\"ListItem\",\"position\":2,\"name\":\"American Airlines inaugur\u00f3 sus vuelos entre Los \u00c1ngeles y Mazatl\u00e1n\"}]},{\"@type\":\"WebSite\",\"@id\":\"https:\/\/aeronoticias.com.pe\/noticiero\/#website\",\"url\":\"https:\/\/aeronoticias.com.pe\/noticiero\/\",\"name\":\"Aeronoticias.com.pe\",\"description\":\"Noticias de tranporte aereo, turismo, hoteles, gastronomia, actualidad, internacional\",\"potentialAction\":[{\"@type\":\"SearchAction\",\"target\":{\"@type\":\"EntryPoint\",\"urlTemplate\":\"https:\/\/aeronoticias.com.pe\/noticiero\/?s={search_term_string}\"},\"query-input\":{\"@type\":\"PropertyValueSpecification\",\"valueRequired\":true,\"valueName\":\"search_term_string\"}}],\"inLanguage\":\"es\"},{\"@type\":\"Person\",\"@id\":\"https:\/\/aeronoticias.com.pe\/noticiero\/#\/schema\/person\/fc1e5d578f4b62ba1cf7ac2bba1170a0\",\"name\":\"Redacci\u00f3n Aeronoticias\",\"url\":\"https:\/\/aeronoticias.com.pe\/noticiero\/author\/piloto\/\"}]}<\/script>\n<!-- \/ Yoast SEO plugin. -->","yoast_head_json":{"title":"American Airlines inaugur\u00f3 sus vuelos entre Los \u00c1ngeles y Mazatl\u00e1n","description":"Portal de noticias del Per\u00fa sobre el transporte a\u00e9reo, aviaci\u00f3n, turismo, hoteleria, actualidad.","robots":{"index":"index","follow":"follow","max-snippet":"max-snippet:-1","max-image-preview":"max-image-preview:large","max-video-preview":"max-video-preview:-1"},"canonical":"https:\/\/aeronoticias.com.pe\/noticiero\/transporte-aereo\/internacional\/american-airlines-inauguro-sus-vuelos-entre-los-angeles-y-mazatlan\/","og_locale":"es_ES","og_type":"article","og_title":"American Airlines inaugur\u00f3 sus vuelos entre Los \u00c1ngeles y Mazatl\u00e1n","og_description":"Portal de noticias del Per\u00fa sobre el transporte a\u00e9reo, aviaci\u00f3n, turismo, hoteleria, actualidad.","og_url":"https:\/\/aeronoticias.com.pe\/noticiero\/transporte-aereo\/internacional\/american-airlines-inauguro-sus-vuelos-entre-los-angeles-y-mazatlan\/","og_site_name":"Aeronoticias.com.pe","article_publisher":"https:\/\/www.facebook.com\/Aeronoticias.com.pe\/","article_published_time":"2015-11-11T12:14:13+00:00","og_image":[{"url":"http:\/\/1.bp.blogspot.com\/-HD8tjY1i9pw\/VkIW95Ri8xI\/AAAAAAAAr4M\/4aZZJ01_FA8\/s1600\/American_Eagle.png","type":"","width":"","height":""}],"author":"Redacci\u00f3n Aeronoticias","twitter_card":"summary_large_image","twitter_creator":"@aeronoticias","twitter_site":"@aeronoticias","twitter_misc":{"Escrito por":"Redacci\u00f3n Aeronoticias","Tiempo de lectura":"1 minuto"},"schema":{"@context":"https:\/\/schema.org","@graph":[{"@type":"WebPage","@id":"https:\/\/aeronoticias.com.pe\/noticiero\/transporte-aereo\/internacional\/american-airlines-inauguro-sus-vuelos-entre-los-angeles-y-mazatlan\/","url":"https:\/\/aeronoticias.com.pe\/noticiero\/transporte-aereo\/internacional\/american-airlines-inauguro-sus-vuelos-entre-los-angeles-y-mazatlan\/","name":"American Airlines inaugur\u00f3 sus vuelos entre Los \u00c1ngeles y Mazatl\u00e1n","isPartOf":{"@id":"https:\/\/aeronoticias.com.pe\/noticiero\/#website"},"primaryImageOfPage":{"@id":"https:\/\/aeronoticias.com.pe\/noticiero\/transporte-aereo\/internacional\/american-airlines-inauguro-sus-vuelos-entre-los-angeles-y-mazatlan\/#primaryimage"},"image":{"@id":"https:\/\/aeronoticias.com.pe\/noticiero\/transporte-aereo\/internacional\/american-airlines-inauguro-sus-vuelos-entre-los-angeles-y-mazatlan\/#primaryimage"},"thumbnailUrl":"http:\/\/1.bp.blogspot.com\/-HD8tjY1i9pw\/VkIW95Ri8xI\/AAAAAAAAr4M\/4aZZJ01_FA8\/s1600\/American_Eagle.png","datePublished":"2015-11-11T12:14:13+00:00","author":{"@id":"https:\/\/aeronoticias.com.pe\/noticiero\/#\/schema\/person\/fc1e5d578f4b62ba1cf7ac2bba1170a0"},"description":"Portal de noticias del Per\u00fa sobre el transporte a\u00e9reo, aviaci\u00f3n, turismo, hoteleria, actualidad.","breadcrumb":{"@id":"https:\/\/aeronoticias.com.pe\/noticiero\/transporte-aereo\/internacional\/american-airlines-inauguro-sus-vuelos-entre-los-angeles-y-mazatlan\/#breadcrumb"},"inLanguage":"es","potentialAction":[{"@type":"ReadAction","target":["https:\/\/aeronoticias.com.pe\/noticiero\/transporte-aereo\/internacional\/american-airlines-inauguro-sus-vuelos-entre-los-angeles-y-mazatlan\/"]}]},{"@type":"ImageObject","inLanguage":"es","@id":"https:\/\/aeronoticias.com.pe\/noticiero\/transporte-aereo\/internacional\/american-airlines-inauguro-sus-vuelos-entre-los-angeles-y-mazatlan\/#primaryimage","url":"http:\/\/1.bp.blogspot.com\/-HD8tjY1i9pw\/VkIW95Ri8xI\/AAAAAAAAr4M\/4aZZJ01_FA8\/s1600\/American_Eagle.png","contentUrl":"http:\/\/1.bp.blogspot.com\/-HD8tjY1i9pw\/VkIW95Ri8xI\/AAAAAAAAr4M\/4aZZJ01_FA8\/s1600\/American_Eagle.png"},{"@type":"BreadcrumbList","@id":"https:\/\/aeronoticias.com.pe\/noticiero\/transporte-aereo\/internacional\/american-airlines-inauguro-sus-vuelos-entre-los-angeles-y-mazatlan\/#breadcrumb","itemListElement":[{"@type":"ListItem","position":1,"name":"Portada","item":"https:\/\/aeronoticias.com.pe\/noticiero\/"},{"@type":"ListItem","position":2,"name":"American Airlines inaugur\u00f3 sus vuelos entre Los \u00c1ngeles y Mazatl\u00e1n"}]},{"@type":"WebSite","@id":"https:\/\/aeronoticias.com.pe\/noticiero\/#website","url":"https:\/\/aeronoticias.com.pe\/noticiero\/","name":"Aeronoticias.com.pe","description":"Noticias de tranporte aereo, turismo, hoteles, gastronomia, actualidad, internacional","potentialAction":[{"@type":"SearchAction","target":{"@type":"EntryPoint","urlTemplate":"https:\/\/aeronoticias.com.pe\/noticiero\/?s={search_term_string}"},"query-input":{"@type":"PropertyValueSpecification","valueRequired":true,"valueName":"search_term_string"}}],"inLanguage":"es"},{"@type":"Person","@id":"https:\/\/aeronoticias.com.pe\/noticiero\/#\/schema\/person\/fc1e5d578f4b62ba1cf7ac2bba1170a0","name":"Redacci\u00f3n Aeronoticias","url":"https:\/\/aeronoticias.com.pe\/noticiero\/author\/piloto\/"}]}},"_links":{"self":[{"href":"https:\/\/aeronoticias.com.pe\/noticiero\/wp-json\/wp\/v2\/posts\/54174","targetHints":{"allow":["GET"]}}],"collection":[{"href":"https:\/\/aeronoticias.com.pe\/noticiero\/wp-json\/wp\/v2\/posts"}],"about":[{"href":"https:\/\/aeronoticias.com.pe\/noticiero\/wp-json\/wp\/v2\/types\/post"}],"author":[{"embeddable":true,"href":"https:\/\/aeronoticias.com.pe\/noticiero\/wp-json\/wp\/v2\/users\/1"}],"replies":[{"embeddable":true,"href":"https:\/\/aeronoticias.com.pe\/noticiero\/wp-json\/wp\/v2\/comments?post=54174"}],"version-history":[{"count":0,"href":"https:\/\/aeronoticias.com.pe\/noticiero\/wp-json\/wp\/v2\/posts\/54174\/revisions"}],"wp:attachment":[{"href":"https:\/\/aeronoticias.com.pe\/noticiero\/wp-json\/wp\/v2\/media?parent=54174"}],"wp:term":[{"taxonomy":"category","embeddable":true,"href":"https:\/\/aeronoticias.com.pe\/noticiero\/wp-json\/wp\/v2\/categories?post=54174"},{"taxonomy":"post_tag","embeddable":true,"href":"https:\/\/aeronoticias.com.pe\/noticiero\/wp-json\/wp\/v2\/tags?post=54174"}],"curies":[{"name":"wp","href":"https:\/\/api.w.org\/{rel}","templated":true}]}}