{"id":54177,"date":"2015-11-11T12:23:00","date_gmt":"2015-11-11T12:23:00","guid":{"rendered":"http:\/\/desarrollo.mcvicious.com\/aero2020\/2015\/11\/11\/hugo-carrillo-nadine-heredia-no-encabezara-lista-al-congreso\/"},"modified":"2015-11-11T12:23:00","modified_gmt":"2015-11-11T12:23:00","slug":"hugo-carrillo-nadine-heredia-no-encabezara-lista-al-congreso","status":"publish","type":"post","link":"https:\/\/aeronoticias.com.pe\/noticiero\/politica\/hugo-carrillo-nadine-heredia-no-encabezara-lista-al-congreso\/","title":{"rendered":"Hugo Carrillo: &#8216;Nadine Heredia no encabezar\u00e1 lista al Congreso&#8217;"},"content":{"rendered":"<p style=\"text-align: justify;\"><strong>(Aeronoticias)<\/strong>.-\u00a0El vocero de la bancada de Gana Per\u00fa, Hugo Carrillo, se\u00f1al\u00f3 ayer que mantuvo una conversaci\u00f3n privada con la presidenta del Partido Nacionalista, Nadine Heredia, y que esta le inform\u00f3 que no encabezar\u00e1 la lista al Congreso en Lima para las Elecciones Generales del 2016.<\/p>\n<p style=\"text-align: justify;\">Asimismo, Hugo Carrillo inform\u00f3 que le dijo a la primera dama que encabezar la lista al Legislativo ser\u00eda \u00abuna muy buena posibilidad\u00bb para ella. No obstante, inform\u00f3 que la esposa del presidente Ollanta Humala ha decidido rechazar la candidatura, lo cual \u00e9l calific\u00f3 como \u00abun error\u00bb.<\/p>\n<p style=\"text-align: justify;\">\u00abYo he conversado personalmente [con Nadine Heredia] y a m\u00ed me ha sabido manifestar, contra mi posici\u00f3n (&#8230;), que en esta oportunidad se declinar\u00eda esta candidatura\u00bb, sostuvo en di\u00e1logo con Ideeleradio. \u00abYo le dije que un liderazgo no se puede dejar as\u00ed por as\u00ed y que es una oportunidad de fortalecimiento de la institucionalidad del partido, sin embargo, a m\u00ed me comunicaron que no (presentar\u00eda su candidatura)\u00bb, afirm\u00f3.<\/p>\n<p style=\"text-align: justify;\">Diversos congresistas de oposici\u00f3n han sostenido que Nadine Heredia tentar\u00eda postular al Congreso a trav\u00e9s de su agrupaci\u00f3n pol\u00edtica para as\u00ed adquirir inmunidad parlamentaria respecto a investigaciones y eventuales procesos judiciales.<\/p>\n<p style=\"text-align: justify;\">Fuente: <span style=\"text-decoration: underline;\"><em><strong>El Comercio<\/strong><\/em><\/span>.<\/p>\n<p style=\"text-align: justify;\"><img decoding=\"async\" src=\"http:\/\/cde.3.elcomercio.pe\/ima\/0\/1\/2\/4\/2\/1242727\/base_image.jpg\" border=\"0\" alt=\"Hugo Carrillo: &quot;Nadine Heredia no encabezar\u00e1 lista al Congreso&quot;\" \/><\/p>\n","protected":false},"excerpt":{"rendered":"<p>(Aeronoticias).-\u00a0El vocero de la bancada de Gana Per\u00fa, Hugo Carrillo, se\u00f1al\u00f3 ayer que mantuvo una conversaci\u00f3n privada con la presidenta del Partido Nacionalista, Nadine Heredia, y que esta le inform\u00f3 que no encabezar\u00e1 la lista al Congreso en Lima para las Elecciones Generales del 2016. Asimismo, Hugo Carrillo inform\u00f3 que le dijo a la primera [&hellip;]<\/p>\n","protected":false},"author":1,"featured_media":0,"comment_status":"open","ping_status":"open","sticky":false,"template":"","format":"standard","meta":{"tdm_status":"","tdm_grid_status":"","footnotes":""},"categories":[36],"tags":[],"class_list":{"0":"post-54177","1":"post","2":"type-post","3":"status-publish","4":"format-standard","6":"category-politica"},"yoast_head":"<!-- This site is optimized with the Yoast SEO plugin v25.1 - https:\/\/yoast.com\/wordpress\/plugins\/seo\/ -->\n<title>Hugo Carrillo: &#039;Nadine Heredia no encabezar\u00e1 lista al Congreso&#039;<\/title>\n<meta name=\"description\" content=\"Portal de noticias del Per\u00fa sobre el transporte a\u00e9reo, aviaci\u00f3n, turismo, hoteleria, actualidad.\" \/>\n<meta name=\"robots\" content=\"index, follow, max-snippet:-1, max-image-preview:large, max-video-preview:-1\" \/>\n<link rel=\"canonical\" href=\"https:\/\/aeronoticias.com.pe\/noticiero\/politica\/hugo-carrillo-nadine-heredia-no-encabezara-lista-al-congreso\/\" \/>\n<meta property=\"og:locale\" content=\"es_ES\" \/>\n<meta property=\"og:type\" content=\"article\" \/>\n<meta property=\"og:title\" content=\"Hugo Carrillo: &#039;Nadine Heredia no encabezar\u00e1 lista al Congreso&#039;\" \/>\n<meta property=\"og:description\" content=\"Portal de noticias del Per\u00fa sobre el transporte a\u00e9reo, aviaci\u00f3n, turismo, hoteleria, actualidad.\" \/>\n<meta property=\"og:url\" content=\"https:\/\/aeronoticias.com.pe\/noticiero\/politica\/hugo-carrillo-nadine-heredia-no-encabezara-lista-al-congreso\/\" \/>\n<meta property=\"og:site_name\" content=\"Aeronoticias.com.pe\" \/>\n<meta property=\"article:publisher\" content=\"https:\/\/www.facebook.com\/Aeronoticias.com.pe\/\" \/>\n<meta property=\"article:published_time\" content=\"2015-11-11T12:23:00+00:00\" \/>\n<meta property=\"og:image\" content=\"http:\/\/cde.3.elcomercio.pe\/ima\/0\/1\/2\/4\/2\/1242727\/base_image.jpg\" \/>\n<meta name=\"author\" content=\"Redacci\u00f3n Aeronoticias\" \/>\n<meta name=\"twitter:card\" content=\"summary_large_image\" \/>\n<meta name=\"twitter:creator\" content=\"@aeronoticias\" \/>\n<meta name=\"twitter:site\" content=\"@aeronoticias\" \/>\n<meta name=\"twitter:label1\" content=\"Escrito por\" \/>\n\t<meta name=\"twitter:data1\" content=\"Redacci\u00f3n Aeronoticias\" \/>\n\t<meta name=\"twitter:label2\" content=\"Tiempo de lectura\" \/>\n\t<meta name=\"twitter:data2\" content=\"1 minuto\" \/>\n<script type=\"application\/ld+json\" class=\"yoast-schema-graph\">{\"@context\":\"https:\/\/schema.org\",\"@graph\":[{\"@type\":\"WebPage\",\"@id\":\"https:\/\/aeronoticias.com.pe\/noticiero\/politica\/hugo-carrillo-nadine-heredia-no-encabezara-lista-al-congreso\/\",\"url\":\"https:\/\/aeronoticias.com.pe\/noticiero\/politica\/hugo-carrillo-nadine-heredia-no-encabezara-lista-al-congreso\/\",\"name\":\"Hugo Carrillo: 'Nadine Heredia no encabezar\u00e1 lista al Congreso'\",\"isPartOf\":{\"@id\":\"https:\/\/aeronoticias.com.pe\/noticiero\/#website\"},\"primaryImageOfPage\":{\"@id\":\"https:\/\/aeronoticias.com.pe\/noticiero\/politica\/hugo-carrillo-nadine-heredia-no-encabezara-lista-al-congreso\/#primaryimage\"},\"image\":{\"@id\":\"https:\/\/aeronoticias.com.pe\/noticiero\/politica\/hugo-carrillo-nadine-heredia-no-encabezara-lista-al-congreso\/#primaryimage\"},\"thumbnailUrl\":\"http:\/\/cde.3.elcomercio.pe\/ima\/0\/1\/2\/4\/2\/1242727\/base_image.jpg\",\"datePublished\":\"2015-11-11T12:23:00+00:00\",\"author\":{\"@id\":\"https:\/\/aeronoticias.com.pe\/noticiero\/#\/schema\/person\/fc1e5d578f4b62ba1cf7ac2bba1170a0\"},\"description\":\"Portal de noticias del Per\u00fa sobre el transporte a\u00e9reo, aviaci\u00f3n, turismo, hoteleria, actualidad.\",\"breadcrumb\":{\"@id\":\"https:\/\/aeronoticias.com.pe\/noticiero\/politica\/hugo-carrillo-nadine-heredia-no-encabezara-lista-al-congreso\/#breadcrumb\"},\"inLanguage\":\"es\",\"potentialAction\":[{\"@type\":\"ReadAction\",\"target\":[\"https:\/\/aeronoticias.com.pe\/noticiero\/politica\/hugo-carrillo-nadine-heredia-no-encabezara-lista-al-congreso\/\"]}]},{\"@type\":\"ImageObject\",\"inLanguage\":\"es\",\"@id\":\"https:\/\/aeronoticias.com.pe\/noticiero\/politica\/hugo-carrillo-nadine-heredia-no-encabezara-lista-al-congreso\/#primaryimage\",\"url\":\"http:\/\/cde.3.elcomercio.pe\/ima\/0\/1\/2\/4\/2\/1242727\/base_image.jpg\",\"contentUrl\":\"http:\/\/cde.3.elcomercio.pe\/ima\/0\/1\/2\/4\/2\/1242727\/base_image.jpg\"},{\"@type\":\"BreadcrumbList\",\"@id\":\"https:\/\/aeronoticias.com.pe\/noticiero\/politica\/hugo-carrillo-nadine-heredia-no-encabezara-lista-al-congreso\/#breadcrumb\",\"itemListElement\":[{\"@type\":\"ListItem\",\"position\":1,\"name\":\"Portada\",\"item\":\"https:\/\/aeronoticias.com.pe\/noticiero\/\"},{\"@type\":\"ListItem\",\"position\":2,\"name\":\"Hugo Carrillo: &#8216;Nadine Heredia no encabezar\u00e1 lista al Congreso&#8217;\"}]},{\"@type\":\"WebSite\",\"@id\":\"https:\/\/aeronoticias.com.pe\/noticiero\/#website\",\"url\":\"https:\/\/aeronoticias.com.pe\/noticiero\/\",\"name\":\"Aeronoticias.com.pe\",\"description\":\"Noticias de tranporte aereo, turismo, hoteles, gastronomia, actualidad, internacional\",\"potentialAction\":[{\"@type\":\"SearchAction\",\"target\":{\"@type\":\"EntryPoint\",\"urlTemplate\":\"https:\/\/aeronoticias.com.pe\/noticiero\/?s={search_term_string}\"},\"query-input\":{\"@type\":\"PropertyValueSpecification\",\"valueRequired\":true,\"valueName\":\"search_term_string\"}}],\"inLanguage\":\"es\"},{\"@type\":\"Person\",\"@id\":\"https:\/\/aeronoticias.com.pe\/noticiero\/#\/schema\/person\/fc1e5d578f4b62ba1cf7ac2bba1170a0\",\"name\":\"Redacci\u00f3n Aeronoticias\",\"url\":\"https:\/\/aeronoticias.com.pe\/noticiero\/author\/piloto\/\"}]}<\/script>\n<!-- \/ Yoast SEO plugin. -->","yoast_head_json":{"title":"Hugo Carrillo: 'Nadine Heredia no encabezar\u00e1 lista al Congreso'","description":"Portal de noticias del Per\u00fa sobre el transporte a\u00e9reo, aviaci\u00f3n, turismo, hoteleria, actualidad.","robots":{"index":"index","follow":"follow","max-snippet":"max-snippet:-1","max-image-preview":"max-image-preview:large","max-video-preview":"max-video-preview:-1"},"canonical":"https:\/\/aeronoticias.com.pe\/noticiero\/politica\/hugo-carrillo-nadine-heredia-no-encabezara-lista-al-congreso\/","og_locale":"es_ES","og_type":"article","og_title":"Hugo Carrillo: 'Nadine Heredia no encabezar\u00e1 lista al Congreso'","og_description":"Portal de noticias del Per\u00fa sobre el transporte a\u00e9reo, aviaci\u00f3n, turismo, hoteleria, actualidad.","og_url":"https:\/\/aeronoticias.com.pe\/noticiero\/politica\/hugo-carrillo-nadine-heredia-no-encabezara-lista-al-congreso\/","og_site_name":"Aeronoticias.com.pe","article_publisher":"https:\/\/www.facebook.com\/Aeronoticias.com.pe\/","article_published_time":"2015-11-11T12:23:00+00:00","og_image":[{"url":"http:\/\/cde.3.elcomercio.pe\/ima\/0\/1\/2\/4\/2\/1242727\/base_image.jpg","type":"","width":"","height":""}],"author":"Redacci\u00f3n Aeronoticias","twitter_card":"summary_large_image","twitter_creator":"@aeronoticias","twitter_site":"@aeronoticias","twitter_misc":{"Escrito por":"Redacci\u00f3n Aeronoticias","Tiempo de lectura":"1 minuto"},"schema":{"@context":"https:\/\/schema.org","@graph":[{"@type":"WebPage","@id":"https:\/\/aeronoticias.com.pe\/noticiero\/politica\/hugo-carrillo-nadine-heredia-no-encabezara-lista-al-congreso\/","url":"https:\/\/aeronoticias.com.pe\/noticiero\/politica\/hugo-carrillo-nadine-heredia-no-encabezara-lista-al-congreso\/","name":"Hugo Carrillo: 'Nadine Heredia no encabezar\u00e1 lista al Congreso'","isPartOf":{"@id":"https:\/\/aeronoticias.com.pe\/noticiero\/#website"},"primaryImageOfPage":{"@id":"https:\/\/aeronoticias.com.pe\/noticiero\/politica\/hugo-carrillo-nadine-heredia-no-encabezara-lista-al-congreso\/#primaryimage"},"image":{"@id":"https:\/\/aeronoticias.com.pe\/noticiero\/politica\/hugo-carrillo-nadine-heredia-no-encabezara-lista-al-congreso\/#primaryimage"},"thumbnailUrl":"http:\/\/cde.3.elcomercio.pe\/ima\/0\/1\/2\/4\/2\/1242727\/base_image.jpg","datePublished":"2015-11-11T12:23:00+00:00","author":{"@id":"https:\/\/aeronoticias.com.pe\/noticiero\/#\/schema\/person\/fc1e5d578f4b62ba1cf7ac2bba1170a0"},"description":"Portal de noticias del Per\u00fa sobre el transporte a\u00e9reo, aviaci\u00f3n, turismo, hoteleria, actualidad.","breadcrumb":{"@id":"https:\/\/aeronoticias.com.pe\/noticiero\/politica\/hugo-carrillo-nadine-heredia-no-encabezara-lista-al-congreso\/#breadcrumb"},"inLanguage":"es","potentialAction":[{"@type":"ReadAction","target":["https:\/\/aeronoticias.com.pe\/noticiero\/politica\/hugo-carrillo-nadine-heredia-no-encabezara-lista-al-congreso\/"]}]},{"@type":"ImageObject","inLanguage":"es","@id":"https:\/\/aeronoticias.com.pe\/noticiero\/politica\/hugo-carrillo-nadine-heredia-no-encabezara-lista-al-congreso\/#primaryimage","url":"http:\/\/cde.3.elcomercio.pe\/ima\/0\/1\/2\/4\/2\/1242727\/base_image.jpg","contentUrl":"http:\/\/cde.3.elcomercio.pe\/ima\/0\/1\/2\/4\/2\/1242727\/base_image.jpg"},{"@type":"BreadcrumbList","@id":"https:\/\/aeronoticias.com.pe\/noticiero\/politica\/hugo-carrillo-nadine-heredia-no-encabezara-lista-al-congreso\/#breadcrumb","itemListElement":[{"@type":"ListItem","position":1,"name":"Portada","item":"https:\/\/aeronoticias.com.pe\/noticiero\/"},{"@type":"ListItem","position":2,"name":"Hugo Carrillo: &#8216;Nadine Heredia no encabezar\u00e1 lista al Congreso&#8217;"}]},{"@type":"WebSite","@id":"https:\/\/aeronoticias.com.pe\/noticiero\/#website","url":"https:\/\/aeronoticias.com.pe\/noticiero\/","name":"Aeronoticias.com.pe","description":"Noticias de tranporte aereo, turismo, hoteles, gastronomia, actualidad, internacional","potentialAction":[{"@type":"SearchAction","target":{"@type":"EntryPoint","urlTemplate":"https:\/\/aeronoticias.com.pe\/noticiero\/?s={search_term_string}"},"query-input":{"@type":"PropertyValueSpecification","valueRequired":true,"valueName":"search_term_string"}}],"inLanguage":"es"},{"@type":"Person","@id":"https:\/\/aeronoticias.com.pe\/noticiero\/#\/schema\/person\/fc1e5d578f4b62ba1cf7ac2bba1170a0","name":"Redacci\u00f3n Aeronoticias","url":"https:\/\/aeronoticias.com.pe\/noticiero\/author\/piloto\/"}]}},"_links":{"self":[{"href":"https:\/\/aeronoticias.com.pe\/noticiero\/wp-json\/wp\/v2\/posts\/54177","targetHints":{"allow":["GET"]}}],"collection":[{"href":"https:\/\/aeronoticias.com.pe\/noticiero\/wp-json\/wp\/v2\/posts"}],"about":[{"href":"https:\/\/aeronoticias.com.pe\/noticiero\/wp-json\/wp\/v2\/types\/post"}],"author":[{"embeddable":true,"href":"https:\/\/aeronoticias.com.pe\/noticiero\/wp-json\/wp\/v2\/users\/1"}],"replies":[{"embeddable":true,"href":"https:\/\/aeronoticias.com.pe\/noticiero\/wp-json\/wp\/v2\/comments?post=54177"}],"version-history":[{"count":0,"href":"https:\/\/aeronoticias.com.pe\/noticiero\/wp-json\/wp\/v2\/posts\/54177\/revisions"}],"wp:attachment":[{"href":"https:\/\/aeronoticias.com.pe\/noticiero\/wp-json\/wp\/v2\/media?parent=54177"}],"wp:term":[{"taxonomy":"category","embeddable":true,"href":"https:\/\/aeronoticias.com.pe\/noticiero\/wp-json\/wp\/v2\/categories?post=54177"},{"taxonomy":"post_tag","embeddable":true,"href":"https:\/\/aeronoticias.com.pe\/noticiero\/wp-json\/wp\/v2\/tags?post=54177"}],"curies":[{"name":"wp","href":"https:\/\/api.w.org\/{rel}","templated":true}]}}