{"id":54178,"date":"2015-11-11T18:27:21","date_gmt":"2015-11-11T18:27:21","guid":{"rendered":"http:\/\/desarrollo.mcvicious.com\/aero2020\/2015\/11\/11\/acuerdo-sobre-vuelos-entre-eeuu-y-cuba-podria-cerrarse-antes-de-fin-de-ano\/"},"modified":"2015-11-11T18:27:21","modified_gmt":"2015-11-11T18:27:21","slug":"acuerdo-sobre-vuelos-entre-eeuu-y-cuba-podria-cerrarse-antes-de-fin-de-ano","status":"publish","type":"post","link":"https:\/\/aeronoticias.com.pe\/noticiero\/internacionales\/acuerdo-sobre-vuelos-entre-eeuu-y-cuba-podria-cerrarse-antes-de-fin-de-ano\/","title":{"rendered":"Acuerdo sobre vuelos entre EEUU y Cuba podr\u00eda cerrarse antes de fin de a\u00f1o"},"content":{"rendered":"<p style=\"text-align: justify;\"><strong>(Aeronoticias) <\/strong><span style=\"font-size: 12.16px; line-height: 1.3em;\">Estados Unidos y Cuba podr\u00edan anunciar acuerdos para restaurar los servicios programados de aerol\u00edneas comerciales y del servicio postal entre ambos pa\u00edses antes de fin de a\u00f1o, dijo el martes una funcionaria cubana de alto rango.<\/span><\/p>\n<p style=\"text-align: justify;\"><span style=\"font-size: 12.16px; line-height: 1.3em;\">Las m\u00e1s recientes se\u00f1ales de avances en la distensi\u00f3n entre los ex rivales de la Guerra Fr\u00eda surgieron de negociaciones en Washington sobre la normalizaci\u00f3n de relaciones, luego del restablecimiento de lazos diplom\u00e1ticos en julio despu\u00e9s de m\u00e1s de medio siglo de hostilidades.<\/span><\/p>\n<p style=\"text-align: justify;\"><span style=\"font-size: 12.16px; line-height: 1.3em;\">\u00abEstamos muy cerca de los primeros acuerdos o arreglos que podr\u00edamos anunciar en las pr\u00f3ximas semanas\u00bb, dijo la Directora General para Estados Unidos del Ministerio de Relaciones Exteriores y jefa de la delegaci\u00f3n cubana en las negociaciones, Josefina Vidal, a periodistas en la embajada cubana en Washington.<\/span><\/p>\n<p style=\"text-align: justify;\"><span style=\"font-size: 12.16px; line-height: 1.3em;\">Ella dijo que los acuerdos, que se espera que se cierren antes de fin de a\u00f1o, tambi\u00e9n cubrir\u00edan temas de protecci\u00f3n ambiental y sobre la lucha contra el narcotr\u00e1fico.<\/span><\/p>\n<p style=\"text-align: justify;\"><span style=\"font-size: 12.16px; line-height: 1.3em;\">Vidal agreg\u00f3, sin embargo, que si bien se alcanzar\u00eda un acuerdo sobre los viajes directos, \u00abno puedo decir cu\u00e1ndo esos vuelos estar\u00e1n operativos\u00bb.<\/span><\/p>\n<p style=\"text-align: justify;\"><span style=\"font-size: 12.16px; line-height: 1.3em;\">Un funcionario del Departamento de Estado dijo en septiembre que entre los temas clave que deb\u00edan discutirse est\u00e1 la seguridad en la aviaci\u00f3n.<\/span><\/p>\n<p style=\"text-align: justify;\"><span style=\"font-size: 12.16px; line-height: 1.3em;\">La Administraci\u00f3n Federal de Aviaci\u00f3n (FAA, por sus siglas en ingl\u00e9s) y la Administraci\u00f3n de Seguridad en el Transporte (TSA) deben aprobar las operaciones en Cuba. Los vuelos ch\u00e1rter directos han servido a los cubanos estadounidenses y a otros grupos para sus viajes a la isla durante a\u00f1os.<\/span><\/p>\n<p style=\"text-align: justify;\"><span style=\"font-size: 12.16px; line-height: 1.3em;\"> <\/span><\/p>\n<p style=\"text-align: justify;\"><strong><em>Fuente: http:\/\/lta.reuters.com\/article\/topNews\/idLTAKCN0T005R20151111<\/em><\/strong><\/p>\n<p style=\"text-align: justify;\"><strong><em><img decoding=\"async\" src=\"images\/stories\/15\/11\/111115\/american.jpg\" border=\"0\" \/><br \/><\/em><\/strong><\/p>\n<p style=\"text-align: justify;\">\u00a0<\/p>\n<p>\u00a0<\/p>\n<p>\u00a0<\/p>\n<p>\u00a0<\/p>\n","protected":false},"excerpt":{"rendered":"<p>(Aeronoticias) Estados Unidos y Cuba podr\u00edan anunciar acuerdos para restaurar los servicios programados de aerol\u00edneas comerciales y del servicio postal entre ambos pa\u00edses antes de fin de a\u00f1o, dijo el martes una funcionaria cubana de alto rango. Las m\u00e1s recientes se\u00f1ales de avances en la distensi\u00f3n entre los ex rivales de la Guerra Fr\u00eda surgieron [&hellip;]<\/p>\n","protected":false},"author":1,"featured_media":0,"comment_status":"open","ping_status":"open","sticky":false,"template":"","format":"standard","meta":{"tdm_status":"","tdm_grid_status":"","footnotes":""},"categories":[34],"tags":[],"class_list":{"0":"post-54178","1":"post","2":"type-post","3":"status-publish","4":"format-standard","6":"category-internacionales"},"yoast_head":"<!-- This site is optimized with the Yoast SEO plugin v25.1 - https:\/\/yoast.com\/wordpress\/plugins\/seo\/ -->\n<title>Acuerdo sobre vuelos entre EEUU y Cuba podr\u00eda cerrarse antes de fin de a\u00f1o<\/title>\n<meta name=\"description\" content=\"Portal de noticias del Per\u00fa sobre el transporte a\u00e9reo, aviaci\u00f3n, turismo, hoteleria, actualidad.\" \/>\n<meta name=\"robots\" content=\"index, follow, max-snippet:-1, max-image-preview:large, max-video-preview:-1\" \/>\n<link rel=\"canonical\" href=\"https:\/\/aeronoticias.com.pe\/noticiero\/internacionales\/acuerdo-sobre-vuelos-entre-eeuu-y-cuba-podria-cerrarse-antes-de-fin-de-ano\/\" \/>\n<meta property=\"og:locale\" content=\"es_ES\" \/>\n<meta property=\"og:type\" content=\"article\" \/>\n<meta property=\"og:title\" content=\"Acuerdo sobre vuelos entre EEUU y Cuba podr\u00eda cerrarse antes de fin de a\u00f1o\" \/>\n<meta property=\"og:description\" content=\"Portal de noticias del Per\u00fa sobre el transporte a\u00e9reo, aviaci\u00f3n, turismo, hoteleria, actualidad.\" \/>\n<meta property=\"og:url\" content=\"https:\/\/aeronoticias.com.pe\/noticiero\/internacionales\/acuerdo-sobre-vuelos-entre-eeuu-y-cuba-podria-cerrarse-antes-de-fin-de-ano\/\" \/>\n<meta property=\"og:site_name\" content=\"Aeronoticias.com.pe\" \/>\n<meta property=\"article:publisher\" content=\"https:\/\/www.facebook.com\/Aeronoticias.com.pe\/\" \/>\n<meta property=\"article:published_time\" content=\"2015-11-11T18:27:21+00:00\" \/>\n<meta name=\"author\" content=\"Redacci\u00f3n Aeronoticias\" \/>\n<meta name=\"twitter:card\" content=\"summary_large_image\" \/>\n<meta name=\"twitter:creator\" content=\"@aeronoticias\" \/>\n<meta name=\"twitter:site\" content=\"@aeronoticias\" \/>\n<meta name=\"twitter:label1\" content=\"Escrito por\" \/>\n\t<meta name=\"twitter:data1\" content=\"Redacci\u00f3n Aeronoticias\" \/>\n\t<meta name=\"twitter:label2\" content=\"Tiempo de lectura\" \/>\n\t<meta name=\"twitter:data2\" content=\"1 minuto\" \/>\n<script type=\"application\/ld+json\" class=\"yoast-schema-graph\">{\"@context\":\"https:\/\/schema.org\",\"@graph\":[{\"@type\":\"WebPage\",\"@id\":\"https:\/\/aeronoticias.com.pe\/noticiero\/internacionales\/acuerdo-sobre-vuelos-entre-eeuu-y-cuba-podria-cerrarse-antes-de-fin-de-ano\/\",\"url\":\"https:\/\/aeronoticias.com.pe\/noticiero\/internacionales\/acuerdo-sobre-vuelos-entre-eeuu-y-cuba-podria-cerrarse-antes-de-fin-de-ano\/\",\"name\":\"Acuerdo sobre vuelos entre EEUU y Cuba podr\u00eda cerrarse antes de fin de a\u00f1o\",\"isPartOf\":{\"@id\":\"https:\/\/aeronoticias.com.pe\/noticiero\/#website\"},\"datePublished\":\"2015-11-11T18:27:21+00:00\",\"author\":{\"@id\":\"https:\/\/aeronoticias.com.pe\/noticiero\/#\/schema\/person\/fc1e5d578f4b62ba1cf7ac2bba1170a0\"},\"description\":\"Portal de noticias del Per\u00fa sobre el transporte a\u00e9reo, aviaci\u00f3n, turismo, hoteleria, actualidad.\",\"breadcrumb\":{\"@id\":\"https:\/\/aeronoticias.com.pe\/noticiero\/internacionales\/acuerdo-sobre-vuelos-entre-eeuu-y-cuba-podria-cerrarse-antes-de-fin-de-ano\/#breadcrumb\"},\"inLanguage\":\"es\",\"potentialAction\":[{\"@type\":\"ReadAction\",\"target\":[\"https:\/\/aeronoticias.com.pe\/noticiero\/internacionales\/acuerdo-sobre-vuelos-entre-eeuu-y-cuba-podria-cerrarse-antes-de-fin-de-ano\/\"]}]},{\"@type\":\"BreadcrumbList\",\"@id\":\"https:\/\/aeronoticias.com.pe\/noticiero\/internacionales\/acuerdo-sobre-vuelos-entre-eeuu-y-cuba-podria-cerrarse-antes-de-fin-de-ano\/#breadcrumb\",\"itemListElement\":[{\"@type\":\"ListItem\",\"position\":1,\"name\":\"Portada\",\"item\":\"https:\/\/aeronoticias.com.pe\/noticiero\/\"},{\"@type\":\"ListItem\",\"position\":2,\"name\":\"Acuerdo sobre vuelos entre EEUU y Cuba podr\u00eda cerrarse antes de fin de a\u00f1o\"}]},{\"@type\":\"WebSite\",\"@id\":\"https:\/\/aeronoticias.com.pe\/noticiero\/#website\",\"url\":\"https:\/\/aeronoticias.com.pe\/noticiero\/\",\"name\":\"Aeronoticias.com.pe\",\"description\":\"Noticias de tranporte aereo, turismo, hoteles, gastronomia, actualidad, internacional\",\"potentialAction\":[{\"@type\":\"SearchAction\",\"target\":{\"@type\":\"EntryPoint\",\"urlTemplate\":\"https:\/\/aeronoticias.com.pe\/noticiero\/?s={search_term_string}\"},\"query-input\":{\"@type\":\"PropertyValueSpecification\",\"valueRequired\":true,\"valueName\":\"search_term_string\"}}],\"inLanguage\":\"es\"},{\"@type\":\"Person\",\"@id\":\"https:\/\/aeronoticias.com.pe\/noticiero\/#\/schema\/person\/fc1e5d578f4b62ba1cf7ac2bba1170a0\",\"name\":\"Redacci\u00f3n Aeronoticias\",\"url\":\"https:\/\/aeronoticias.com.pe\/noticiero\/author\/piloto\/\"}]}<\/script>\n<!-- \/ Yoast SEO plugin. -->","yoast_head_json":{"title":"Acuerdo sobre vuelos entre EEUU y Cuba podr\u00eda cerrarse antes de fin de a\u00f1o","description":"Portal de noticias del Per\u00fa sobre el transporte a\u00e9reo, aviaci\u00f3n, turismo, hoteleria, actualidad.","robots":{"index":"index","follow":"follow","max-snippet":"max-snippet:-1","max-image-preview":"max-image-preview:large","max-video-preview":"max-video-preview:-1"},"canonical":"https:\/\/aeronoticias.com.pe\/noticiero\/internacionales\/acuerdo-sobre-vuelos-entre-eeuu-y-cuba-podria-cerrarse-antes-de-fin-de-ano\/","og_locale":"es_ES","og_type":"article","og_title":"Acuerdo sobre vuelos entre EEUU y Cuba podr\u00eda cerrarse antes de fin de a\u00f1o","og_description":"Portal de noticias del Per\u00fa sobre el transporte a\u00e9reo, aviaci\u00f3n, turismo, hoteleria, actualidad.","og_url":"https:\/\/aeronoticias.com.pe\/noticiero\/internacionales\/acuerdo-sobre-vuelos-entre-eeuu-y-cuba-podria-cerrarse-antes-de-fin-de-ano\/","og_site_name":"Aeronoticias.com.pe","article_publisher":"https:\/\/www.facebook.com\/Aeronoticias.com.pe\/","article_published_time":"2015-11-11T18:27:21+00:00","author":"Redacci\u00f3n Aeronoticias","twitter_card":"summary_large_image","twitter_creator":"@aeronoticias","twitter_site":"@aeronoticias","twitter_misc":{"Escrito por":"Redacci\u00f3n Aeronoticias","Tiempo de lectura":"1 minuto"},"schema":{"@context":"https:\/\/schema.org","@graph":[{"@type":"WebPage","@id":"https:\/\/aeronoticias.com.pe\/noticiero\/internacionales\/acuerdo-sobre-vuelos-entre-eeuu-y-cuba-podria-cerrarse-antes-de-fin-de-ano\/","url":"https:\/\/aeronoticias.com.pe\/noticiero\/internacionales\/acuerdo-sobre-vuelos-entre-eeuu-y-cuba-podria-cerrarse-antes-de-fin-de-ano\/","name":"Acuerdo sobre vuelos entre EEUU y Cuba podr\u00eda cerrarse antes de fin de a\u00f1o","isPartOf":{"@id":"https:\/\/aeronoticias.com.pe\/noticiero\/#website"},"datePublished":"2015-11-11T18:27:21+00:00","author":{"@id":"https:\/\/aeronoticias.com.pe\/noticiero\/#\/schema\/person\/fc1e5d578f4b62ba1cf7ac2bba1170a0"},"description":"Portal de noticias del Per\u00fa sobre el transporte a\u00e9reo, aviaci\u00f3n, turismo, hoteleria, actualidad.","breadcrumb":{"@id":"https:\/\/aeronoticias.com.pe\/noticiero\/internacionales\/acuerdo-sobre-vuelos-entre-eeuu-y-cuba-podria-cerrarse-antes-de-fin-de-ano\/#breadcrumb"},"inLanguage":"es","potentialAction":[{"@type":"ReadAction","target":["https:\/\/aeronoticias.com.pe\/noticiero\/internacionales\/acuerdo-sobre-vuelos-entre-eeuu-y-cuba-podria-cerrarse-antes-de-fin-de-ano\/"]}]},{"@type":"BreadcrumbList","@id":"https:\/\/aeronoticias.com.pe\/noticiero\/internacionales\/acuerdo-sobre-vuelos-entre-eeuu-y-cuba-podria-cerrarse-antes-de-fin-de-ano\/#breadcrumb","itemListElement":[{"@type":"ListItem","position":1,"name":"Portada","item":"https:\/\/aeronoticias.com.pe\/noticiero\/"},{"@type":"ListItem","position":2,"name":"Acuerdo sobre vuelos entre EEUU y Cuba podr\u00eda cerrarse antes de fin de a\u00f1o"}]},{"@type":"WebSite","@id":"https:\/\/aeronoticias.com.pe\/noticiero\/#website","url":"https:\/\/aeronoticias.com.pe\/noticiero\/","name":"Aeronoticias.com.pe","description":"Noticias de tranporte aereo, turismo, hoteles, gastronomia, actualidad, internacional","potentialAction":[{"@type":"SearchAction","target":{"@type":"EntryPoint","urlTemplate":"https:\/\/aeronoticias.com.pe\/noticiero\/?s={search_term_string}"},"query-input":{"@type":"PropertyValueSpecification","valueRequired":true,"valueName":"search_term_string"}}],"inLanguage":"es"},{"@type":"Person","@id":"https:\/\/aeronoticias.com.pe\/noticiero\/#\/schema\/person\/fc1e5d578f4b62ba1cf7ac2bba1170a0","name":"Redacci\u00f3n Aeronoticias","url":"https:\/\/aeronoticias.com.pe\/noticiero\/author\/piloto\/"}]}},"_links":{"self":[{"href":"https:\/\/aeronoticias.com.pe\/noticiero\/wp-json\/wp\/v2\/posts\/54178","targetHints":{"allow":["GET"]}}],"collection":[{"href":"https:\/\/aeronoticias.com.pe\/noticiero\/wp-json\/wp\/v2\/posts"}],"about":[{"href":"https:\/\/aeronoticias.com.pe\/noticiero\/wp-json\/wp\/v2\/types\/post"}],"author":[{"embeddable":true,"href":"https:\/\/aeronoticias.com.pe\/noticiero\/wp-json\/wp\/v2\/users\/1"}],"replies":[{"embeddable":true,"href":"https:\/\/aeronoticias.com.pe\/noticiero\/wp-json\/wp\/v2\/comments?post=54178"}],"version-history":[{"count":0,"href":"https:\/\/aeronoticias.com.pe\/noticiero\/wp-json\/wp\/v2\/posts\/54178\/revisions"}],"wp:attachment":[{"href":"https:\/\/aeronoticias.com.pe\/noticiero\/wp-json\/wp\/v2\/media?parent=54178"}],"wp:term":[{"taxonomy":"category","embeddable":true,"href":"https:\/\/aeronoticias.com.pe\/noticiero\/wp-json\/wp\/v2\/categories?post=54178"},{"taxonomy":"post_tag","embeddable":true,"href":"https:\/\/aeronoticias.com.pe\/noticiero\/wp-json\/wp\/v2\/tags?post=54178"}],"curies":[{"name":"wp","href":"https:\/\/api.w.org\/{rel}","templated":true}]}}