{"id":54179,"date":"2015-11-11T19:10:14","date_gmt":"2015-11-11T19:10:14","guid":{"rendered":"http:\/\/desarrollo.mcvicious.com\/aero2020\/2015\/11\/11\/feria-del-senor-de-los-milagros-2da-corrida\/"},"modified":"2015-11-11T19:10:14","modified_gmt":"2015-11-11T19:10:14","slug":"feria-del-senor-de-los-milagros-2da-corrida","status":"publish","type":"post","link":"https:\/\/aeronoticias.com.pe\/noticiero\/taurina-taurina\/feria-del-senor-de-los-milagros-2da-corrida\/","title":{"rendered":"Feria del Se\u00f1or de los Milagros 2da. Corrida"},"content":{"rendered":"<p style=\"text-align: justify;\"><strong>(Aeronoticias)<\/strong> Con ganado espa\u00f1ol de \u00a0la famosa \u00a0ganader\u00eda MIURA y con 3 matadores que \u00a0figuran en las Ferias \u00a0m\u00e1s importantes de \u00a0de Espa\u00f1a y Francia, \u00a0Rafaelillo, Manuel Escribano y Paco Ure\u00f1a.<\/p>\n<p style=\"text-align: justify;\">Rafaelillo vestido de Rosa y Oro brindo al p\u00fablico y empez\u00f3 su faena \u00a0a Teniente de \u00a04370 kilos con entusiasmo y entrega, con la capa se lucio , luego de la pica y las banderillas, Rafaelillo con rodilla en tierra ejecut\u00f2 \u00a0muletazos muy aplaudidos. Con la Espada no tuvo suerte \u00a0una media \u00a0y la puntilla acabaron con el astado.<\/p>\n<p style=\"text-align: justify;\">En el segundo toro Aquilito de 545 kilos lanceo y el toro fue al picador que anmend\u00f2 la gente protest\u00f2. Rafaelillo9 \u00a0trat\u00f2 de conducir al toro por elpiton derecho le sac\u00f2 pases de castigo a este astado que calamocheaba y tenia peligro, mato transpasando al toro y la gente protesto.<\/p>\n<p style=\"text-align: justify;\"><span style=\"font-size: 12.16px; line-height: 1.3em;\">El esperado Manuel \u00a0Escribano de rojo y oro \u00a0empez\u00f3 con Tomillero , c\u00e1rdeno de \u00a0475 kilos \u00a0, \u00a0lluego de sus \u00a0lucidos capotazos, con las banderillas es muy apraciado sobre todo las que \u00a0pone al quiebro,sus derechazo, aplaudidos \u00a0coreados de Oles, \u00a0el toro estaba flojo de patas y por ello no pod\u00eda ofrecer mayor lucimiento, siembargo logro naturales suavez \u00a0que apracio la afici\u00f3n. Mat\u00f2 de una media <\/span><\/p>\n<p style=\"text-align: justify;\">A su segundo lorecibi\u00f2 a porta gallola, lo lanceo con la capa, una serie de chicuelinas, el toro se fue \u00a0al picador, y luego se opar\u00f2 lo que le costo al torero forzar a que \u00a0embista, Se lucio con las banderillas muy bien , se adorn\u00f2 y al quiebro lo hace de maravilla, mato \u00a0de una entera.<\/p>\n<p style=\"text-align: justify;\">Ure\u00f1a de verde y oro \u00a0arrac\u00f2 con Huron que lo picaron excesivamente, con la capa fue breve y \u00a0brind\u00f2 al p\u00fablico, \u00a0este toro algo complejo al que trat\u00f29 de sacarle lo mejor , con molinetes apretdos y una estocada ladeada, que remat\u00f2 con el descabello<\/p>\n<p style=\"text-align: justify;\">A Paco Ure\u00f1a en su ultimo toro le pudo ir mejor pues empez\u00f3 empe\u00f1oso pero sufrio una voltereta y dice que un golpe en el muslo , del que se recuper\u00f2 y prosigio con su faena el publico reconocio su valent\u00eda y lo premio con una grean ovaci\u00f3n , mato bien y corto una oreja la \u00fanica de la tarde.<\/p>\n<p style=\"text-align: justify;\"><img decoding=\"async\" src=\"images\/stories\/15\/11\/111115\/acho.jpg\" border=\"0\" \/><\/p>\n","protected":false},"excerpt":{"rendered":"<p>(Aeronoticias) Con ganado espa\u00f1ol de \u00a0la famosa \u00a0ganader\u00eda MIURA y con 3 matadores que \u00a0figuran en las Ferias \u00a0m\u00e1s importantes de \u00a0de Espa\u00f1a y Francia, \u00a0Rafaelillo, Manuel Escribano y Paco Ure\u00f1a. Rafaelillo vestido de Rosa y Oro brindo al p\u00fablico y empez\u00f3 su faena \u00a0a Teniente de \u00a04370 kilos con entusiasmo y entrega, con la [&hellip;]<\/p>\n","protected":false},"author":1,"featured_media":0,"comment_status":"open","ping_status":"open","sticky":false,"template":"","format":"standard","meta":{"tdm_status":"","tdm_grid_status":"","footnotes":""},"categories":[46],"tags":[],"class_list":{"0":"post-54179","1":"post","2":"type-post","3":"status-publish","4":"format-standard","6":"category-taurina-taurina"},"yoast_head":"<!-- This site is optimized with the Yoast SEO plugin v25.1 - https:\/\/yoast.com\/wordpress\/plugins\/seo\/ -->\n<title>Feria del Se\u00f1or de los Milagros 2da. Corrida<\/title>\n<meta name=\"description\" content=\"Portal de noticias del Per\u00fa sobre el transporte a\u00e9reo, aviaci\u00f3n, turismo, hoteleria, actualidad.\" \/>\n<meta name=\"robots\" content=\"index, follow, max-snippet:-1, max-image-preview:large, max-video-preview:-1\" \/>\n<link rel=\"canonical\" href=\"https:\/\/aeronoticias.com.pe\/noticiero\/taurina-taurina\/feria-del-senor-de-los-milagros-2da-corrida\/\" \/>\n<meta property=\"og:locale\" content=\"es_ES\" \/>\n<meta property=\"og:type\" content=\"article\" \/>\n<meta property=\"og:title\" content=\"Feria del Se\u00f1or de los Milagros 2da. Corrida\" \/>\n<meta property=\"og:description\" content=\"Portal de noticias del Per\u00fa sobre el transporte a\u00e9reo, aviaci\u00f3n, turismo, hoteleria, actualidad.\" \/>\n<meta property=\"og:url\" content=\"https:\/\/aeronoticias.com.pe\/noticiero\/taurina-taurina\/feria-del-senor-de-los-milagros-2da-corrida\/\" \/>\n<meta property=\"og:site_name\" content=\"Aeronoticias.com.pe\" \/>\n<meta property=\"article:publisher\" content=\"https:\/\/www.facebook.com\/Aeronoticias.com.pe\/\" \/>\n<meta property=\"article:published_time\" content=\"2015-11-11T19:10:14+00:00\" \/>\n<meta name=\"author\" content=\"Redacci\u00f3n Aeronoticias\" \/>\n<meta name=\"twitter:card\" content=\"summary_large_image\" \/>\n<meta name=\"twitter:creator\" content=\"@aeronoticias\" \/>\n<meta name=\"twitter:site\" content=\"@aeronoticias\" \/>\n<meta name=\"twitter:label1\" content=\"Escrito por\" \/>\n\t<meta name=\"twitter:data1\" content=\"Redacci\u00f3n Aeronoticias\" \/>\n\t<meta name=\"twitter:label2\" content=\"Tiempo de lectura\" \/>\n\t<meta name=\"twitter:data2\" content=\"2 minutos\" \/>\n<script type=\"application\/ld+json\" class=\"yoast-schema-graph\">{\"@context\":\"https:\/\/schema.org\",\"@graph\":[{\"@type\":\"WebPage\",\"@id\":\"https:\/\/aeronoticias.com.pe\/noticiero\/taurina-taurina\/feria-del-senor-de-los-milagros-2da-corrida\/\",\"url\":\"https:\/\/aeronoticias.com.pe\/noticiero\/taurina-taurina\/feria-del-senor-de-los-milagros-2da-corrida\/\",\"name\":\"Feria del Se\u00f1or de los Milagros 2da. Corrida\",\"isPartOf\":{\"@id\":\"https:\/\/aeronoticias.com.pe\/noticiero\/#website\"},\"datePublished\":\"2015-11-11T19:10:14+00:00\",\"author\":{\"@id\":\"https:\/\/aeronoticias.com.pe\/noticiero\/#\/schema\/person\/fc1e5d578f4b62ba1cf7ac2bba1170a0\"},\"description\":\"Portal de noticias del Per\u00fa sobre el transporte a\u00e9reo, aviaci\u00f3n, turismo, hoteleria, actualidad.\",\"breadcrumb\":{\"@id\":\"https:\/\/aeronoticias.com.pe\/noticiero\/taurina-taurina\/feria-del-senor-de-los-milagros-2da-corrida\/#breadcrumb\"},\"inLanguage\":\"es\",\"potentialAction\":[{\"@type\":\"ReadAction\",\"target\":[\"https:\/\/aeronoticias.com.pe\/noticiero\/taurina-taurina\/feria-del-senor-de-los-milagros-2da-corrida\/\"]}]},{\"@type\":\"BreadcrumbList\",\"@id\":\"https:\/\/aeronoticias.com.pe\/noticiero\/taurina-taurina\/feria-del-senor-de-los-milagros-2da-corrida\/#breadcrumb\",\"itemListElement\":[{\"@type\":\"ListItem\",\"position\":1,\"name\":\"Portada\",\"item\":\"https:\/\/aeronoticias.com.pe\/noticiero\/\"},{\"@type\":\"ListItem\",\"position\":2,\"name\":\"Feria del Se\u00f1or de los Milagros 2da. Corrida\"}]},{\"@type\":\"WebSite\",\"@id\":\"https:\/\/aeronoticias.com.pe\/noticiero\/#website\",\"url\":\"https:\/\/aeronoticias.com.pe\/noticiero\/\",\"name\":\"Aeronoticias.com.pe\",\"description\":\"Noticias de tranporte aereo, turismo, hoteles, gastronomia, actualidad, internacional\",\"potentialAction\":[{\"@type\":\"SearchAction\",\"target\":{\"@type\":\"EntryPoint\",\"urlTemplate\":\"https:\/\/aeronoticias.com.pe\/noticiero\/?s={search_term_string}\"},\"query-input\":{\"@type\":\"PropertyValueSpecification\",\"valueRequired\":true,\"valueName\":\"search_term_string\"}}],\"inLanguage\":\"es\"},{\"@type\":\"Person\",\"@id\":\"https:\/\/aeronoticias.com.pe\/noticiero\/#\/schema\/person\/fc1e5d578f4b62ba1cf7ac2bba1170a0\",\"name\":\"Redacci\u00f3n Aeronoticias\",\"url\":\"https:\/\/aeronoticias.com.pe\/noticiero\/author\/piloto\/\"}]}<\/script>\n<!-- \/ Yoast SEO plugin. -->","yoast_head_json":{"title":"Feria del Se\u00f1or de los Milagros 2da. Corrida","description":"Portal de noticias del Per\u00fa sobre el transporte a\u00e9reo, aviaci\u00f3n, turismo, hoteleria, actualidad.","robots":{"index":"index","follow":"follow","max-snippet":"max-snippet:-1","max-image-preview":"max-image-preview:large","max-video-preview":"max-video-preview:-1"},"canonical":"https:\/\/aeronoticias.com.pe\/noticiero\/taurina-taurina\/feria-del-senor-de-los-milagros-2da-corrida\/","og_locale":"es_ES","og_type":"article","og_title":"Feria del Se\u00f1or de los Milagros 2da. Corrida","og_description":"Portal de noticias del Per\u00fa sobre el transporte a\u00e9reo, aviaci\u00f3n, turismo, hoteleria, actualidad.","og_url":"https:\/\/aeronoticias.com.pe\/noticiero\/taurina-taurina\/feria-del-senor-de-los-milagros-2da-corrida\/","og_site_name":"Aeronoticias.com.pe","article_publisher":"https:\/\/www.facebook.com\/Aeronoticias.com.pe\/","article_published_time":"2015-11-11T19:10:14+00:00","author":"Redacci\u00f3n Aeronoticias","twitter_card":"summary_large_image","twitter_creator":"@aeronoticias","twitter_site":"@aeronoticias","twitter_misc":{"Escrito por":"Redacci\u00f3n Aeronoticias","Tiempo de lectura":"2 minutos"},"schema":{"@context":"https:\/\/schema.org","@graph":[{"@type":"WebPage","@id":"https:\/\/aeronoticias.com.pe\/noticiero\/taurina-taurina\/feria-del-senor-de-los-milagros-2da-corrida\/","url":"https:\/\/aeronoticias.com.pe\/noticiero\/taurina-taurina\/feria-del-senor-de-los-milagros-2da-corrida\/","name":"Feria del Se\u00f1or de los Milagros 2da. Corrida","isPartOf":{"@id":"https:\/\/aeronoticias.com.pe\/noticiero\/#website"},"datePublished":"2015-11-11T19:10:14+00:00","author":{"@id":"https:\/\/aeronoticias.com.pe\/noticiero\/#\/schema\/person\/fc1e5d578f4b62ba1cf7ac2bba1170a0"},"description":"Portal de noticias del Per\u00fa sobre el transporte a\u00e9reo, aviaci\u00f3n, turismo, hoteleria, actualidad.","breadcrumb":{"@id":"https:\/\/aeronoticias.com.pe\/noticiero\/taurina-taurina\/feria-del-senor-de-los-milagros-2da-corrida\/#breadcrumb"},"inLanguage":"es","potentialAction":[{"@type":"ReadAction","target":["https:\/\/aeronoticias.com.pe\/noticiero\/taurina-taurina\/feria-del-senor-de-los-milagros-2da-corrida\/"]}]},{"@type":"BreadcrumbList","@id":"https:\/\/aeronoticias.com.pe\/noticiero\/taurina-taurina\/feria-del-senor-de-los-milagros-2da-corrida\/#breadcrumb","itemListElement":[{"@type":"ListItem","position":1,"name":"Portada","item":"https:\/\/aeronoticias.com.pe\/noticiero\/"},{"@type":"ListItem","position":2,"name":"Feria del Se\u00f1or de los Milagros 2da. Corrida"}]},{"@type":"WebSite","@id":"https:\/\/aeronoticias.com.pe\/noticiero\/#website","url":"https:\/\/aeronoticias.com.pe\/noticiero\/","name":"Aeronoticias.com.pe","description":"Noticias de tranporte aereo, turismo, hoteles, gastronomia, actualidad, internacional","potentialAction":[{"@type":"SearchAction","target":{"@type":"EntryPoint","urlTemplate":"https:\/\/aeronoticias.com.pe\/noticiero\/?s={search_term_string}"},"query-input":{"@type":"PropertyValueSpecification","valueRequired":true,"valueName":"search_term_string"}}],"inLanguage":"es"},{"@type":"Person","@id":"https:\/\/aeronoticias.com.pe\/noticiero\/#\/schema\/person\/fc1e5d578f4b62ba1cf7ac2bba1170a0","name":"Redacci\u00f3n Aeronoticias","url":"https:\/\/aeronoticias.com.pe\/noticiero\/author\/piloto\/"}]}},"_links":{"self":[{"href":"https:\/\/aeronoticias.com.pe\/noticiero\/wp-json\/wp\/v2\/posts\/54179","targetHints":{"allow":["GET"]}}],"collection":[{"href":"https:\/\/aeronoticias.com.pe\/noticiero\/wp-json\/wp\/v2\/posts"}],"about":[{"href":"https:\/\/aeronoticias.com.pe\/noticiero\/wp-json\/wp\/v2\/types\/post"}],"author":[{"embeddable":true,"href":"https:\/\/aeronoticias.com.pe\/noticiero\/wp-json\/wp\/v2\/users\/1"}],"replies":[{"embeddable":true,"href":"https:\/\/aeronoticias.com.pe\/noticiero\/wp-json\/wp\/v2\/comments?post=54179"}],"version-history":[{"count":0,"href":"https:\/\/aeronoticias.com.pe\/noticiero\/wp-json\/wp\/v2\/posts\/54179\/revisions"}],"wp:attachment":[{"href":"https:\/\/aeronoticias.com.pe\/noticiero\/wp-json\/wp\/v2\/media?parent=54179"}],"wp:term":[{"taxonomy":"category","embeddable":true,"href":"https:\/\/aeronoticias.com.pe\/noticiero\/wp-json\/wp\/v2\/categories?post=54179"},{"taxonomy":"post_tag","embeddable":true,"href":"https:\/\/aeronoticias.com.pe\/noticiero\/wp-json\/wp\/v2\/tags?post=54179"}],"curies":[{"name":"wp","href":"https:\/\/api.w.org\/{rel}","templated":true}]}}