{"id":54181,"date":"2015-11-11T19:54:00","date_gmt":"2015-11-11T19:54:00","guid":{"rendered":"http:\/\/desarrollo.mcvicious.com\/aero2020\/2015\/11\/11\/lima-sera-sede-del-iii-foro-internacional-de-marcas-pais-de-la-region\/"},"modified":"2015-11-11T19:54:00","modified_gmt":"2015-11-11T19:54:00","slug":"lima-sera-sede-del-iii-foro-internacional-de-marcas-pais-de-la-region","status":"publish","type":"post","link":"https:\/\/aeronoticias.com.pe\/noticiero\/turismo\/13\/lima-sera-sede-del-iii-foro-internacional-de-marcas-pais-de-la-region\/","title":{"rendered":"Lima ser\u00e1 sede del III Foro Internacional de Marcas Pa\u00eds de la regi\u00f3n"},"content":{"rendered":"<p style=\"text-align: justify;\"><strong>(Aeronoticias) <\/strong><span style=\"font-size: 12.16px; line-height: 1.3em;\">Del 18 al 19 de noviembre se realizar\u00e1 en Lima el III Foro Internacional de Marcas Pa\u00eds, importante evento en el que se compartir\u00e1n las diversas experiencias que las naciones invitadas han experimentado con la creaci\u00f3n y la gesti\u00f3n de sus respectivas marcas. El evento es organizado por PromPer\u00fa y asistir\u00e1n autoridades y especialistas de M\u00e9xico, Panam\u00e1, Honduras, Colombia, Ecuador, Brasil, Costa Rica, Argentina, Chile, Cuba, Uruguay, Auastralia, entre otros pa\u00edses.<\/span><\/p>\n<p style=\"text-align: justify;\"><span style=\"font-size: 12.16px; line-height: 1.3em;\">Al respecto la ministra de Comercio Exterior y Turismo, Magali Silva, sostuvo que esta actividad har\u00e1 que Lima se convierta en el punto de encuentro de las Marcas Pa\u00eds de la regi\u00f3n y pretende compartir conocimientos y experiencias relacionados a los aspectos inherentes al manejo de las marcas pa\u00eds desde las \u00e1reas de comunicaci\u00f3n como el marketing y la publicidad, as\u00ed como el \u00e1mbito legal. <\/span><\/p>\n<p style=\"text-align: justify;\"><span style=\"font-size: 12.16px; line-height: 1.3em;\">\u00abLa Marca Pa\u00eds es una herramienta de promoci\u00f3n que trabaja sus estrategias dirigidas a posicionar la imagen de un pa\u00eds y a trav\u00e9s de ella impulsar sectores estrat\u00e9gicos como el turismo, las exportaciones y las inversiones\u201d, se\u00f1al\u00f3 la titular del Mincetur.<\/span><\/p>\n<p style=\"text-align: justify;\"><span style=\"font-size: 12.16px; line-height: 1.3em;\">Dijo que la Marca Pa\u00eds acompa\u00f1a un producto en su posicionamiento internacional, le transfiere orgullo e identidad, un elemento b\u00e1sico en la concepci\u00f3n y gestaci\u00f3n de una marca. Juntos crean, recrean, posicionan y fortalecen la reputaci\u00f3n de un pa\u00eds. <\/span><\/p>\n<p style=\"text-align: justify;\"><span style=\"font-size: 12.16px; line-height: 1.3em;\">\u201cEl III Foro Internacional de Marca Pa\u00eds que organiza PromPer\u00fa es un encuentro de representantes de marcas pa\u00eds que promueve un espacio para el conocimiento, el intercambio de experiencias y nuevos desaf\u00edos para su protecci\u00f3n y desarrollo; adem\u00e1s que establece nuevas redes de contactos para intercambiar dichas experiencias\u201d, expres\u00f3.<\/span><\/p>\n<p style=\"text-align: justify;\"><span style=\"font-size: 12.16px; line-height: 1.3em;\">Para participar, los interesados deben registrarse en el sitio web Foromarcapais.peru.info.<\/span><\/p>\n<p style=\"text-align: justify;\"><span style=\"font-size: 12.16px; line-height: 1.3em;\">TEMARIO<\/span><\/p>\n<p style=\"text-align: justify;\"><span style=\"font-size: 12.16px; line-height: 1.3em;\">El III Foro abordar\u00e1 temas como: Protecci\u00f3n de la Marca Pa\u00eds, para analizar las diversas acciones que los pa\u00edses han efectuado para proteger sus marcas y nuevas iniciativas para solucionar definitivamente este aspecto; Marca Pa\u00eds Australia Unlimited, una exitosa experiencia de gesti\u00f3n de marca; Indicadores de la evaluaci\u00f3n de la percepci\u00f3n de un pa\u00eds y\/o Marca Pa\u00eds; Programa de licenciatarios y otorgamientos de licencias para el uso de las marcas pa\u00eds; Arquitectura de marcas, que tiene relaci\u00f3n directa con su administraci\u00f3n y su relaci\u00f3n con las submarcas; Estrategias y campa\u00f1as de comunicaci\u00f3n de las Marcas Pa\u00eds.<\/span><\/p>\n<p style=\"text-align: justify;\"><span style=\"font-size: 12.16px; line-height: 1.3em;\">ANTECEDENTES<\/span><\/p>\n<p style=\"text-align: justify;\">El I Foro Internacional de Marca Pa\u00eds: Intercambio de Experiencias de Gesti\u00f3n se realiz\u00f3 el 26 y 27 de junio de 2013 en la ciudad de Montevideo, Uruguay; el II Foro Internacional Marca Pa\u00eds fue el 20 y 21 de noviembre de 2014 en Santiago de Chile. El 22 de junio de 2015, en ciudad de Buenos Aires, se realiz\u00f3 la reuni\u00f3n previa al III Foro Internacional de Marca Pa\u00eds, organizado por el Ministerio de Turismo de Argentina.<\/p>\n<p style=\"text-align: justify;\"><span style=\"font-size: 12.16px; line-height: 1.3em;\">Esta \u00faltima actividad sirvi\u00f3 como espacio para compartir algunas experiencias de gesti\u00f3n de marca pa\u00eds con otros pa\u00edses latinoamericanos y precisar el temario del III Foro, en el que participaron representantes de Argentina, Bolivia, Brasil, Chile, Colombia, Costa Rica, Cuba, Ecuador, El Salvador, Guatemala, Honduras, Panam\u00e1, Per\u00fa, Rep\u00fablica Dominicana, Uruguay y Venezuela.<\/span><\/p>\n<p style=\"text-align: justify;\"><span style=\"font-size: 12.16px; line-height: 1.3em;\"><img decoding=\"async\" src=\"images\/stories\/15\/11\/111115\/titularmincetur.jpg\" border=\"0\" \/><br \/><\/span><\/p>\n","protected":false},"excerpt":{"rendered":"<p>(Aeronoticias) Del 18 al 19 de noviembre se realizar\u00e1 en Lima el III Foro Internacional de Marcas Pa\u00eds, importante evento en el que se compartir\u00e1n las diversas experiencias que las naciones invitadas han experimentado con la creaci\u00f3n y la gesti\u00f3n de sus respectivas marcas. El evento es organizado por PromPer\u00fa y asistir\u00e1n autoridades y especialistas [&hellip;]<\/p>\n","protected":false},"author":1,"featured_media":0,"comment_status":"open","ping_status":"open","sticky":false,"template":"","format":"standard","meta":{"tdm_status":"","tdm_grid_status":"","footnotes":""},"categories":[31],"tags":[],"class_list":{"0":"post-54181","1":"post","2":"type-post","3":"status-publish","4":"format-standard","6":"category-31"},"yoast_head":"<!-- This site is optimized with the Yoast SEO plugin v25.1 - https:\/\/yoast.com\/wordpress\/plugins\/seo\/ -->\n<title>Lima ser\u00e1 sede del III Foro Internacional de Marcas Pa\u00eds de la regi\u00f3n<\/title>\n<meta name=\"description\" content=\"Portal de noticias del Per\u00fa sobre el transporte a\u00e9reo, aviaci\u00f3n, turismo, hoteleria, actualidad.\" \/>\n<meta name=\"robots\" content=\"index, follow, max-snippet:-1, max-image-preview:large, max-video-preview:-1\" \/>\n<link rel=\"canonical\" href=\"https:\/\/aeronoticias.com.pe\/noticiero\/turismo\/13\/lima-sera-sede-del-iii-foro-internacional-de-marcas-pais-de-la-region\/\" \/>\n<meta property=\"og:locale\" content=\"es_ES\" \/>\n<meta property=\"og:type\" content=\"article\" \/>\n<meta property=\"og:title\" content=\"Lima ser\u00e1 sede del III Foro Internacional de Marcas Pa\u00eds de la regi\u00f3n\" \/>\n<meta property=\"og:description\" content=\"Portal de noticias del Per\u00fa sobre el transporte a\u00e9reo, aviaci\u00f3n, turismo, hoteleria, actualidad.\" \/>\n<meta property=\"og:url\" content=\"https:\/\/aeronoticias.com.pe\/noticiero\/turismo\/13\/lima-sera-sede-del-iii-foro-internacional-de-marcas-pais-de-la-region\/\" \/>\n<meta property=\"og:site_name\" content=\"Aeronoticias.com.pe\" \/>\n<meta property=\"article:publisher\" content=\"https:\/\/www.facebook.com\/Aeronoticias.com.pe\/\" \/>\n<meta property=\"article:published_time\" content=\"2015-11-11T19:54:00+00:00\" \/>\n<meta name=\"author\" content=\"Redacci\u00f3n Aeronoticias\" \/>\n<meta name=\"twitter:card\" content=\"summary_large_image\" \/>\n<meta name=\"twitter:creator\" content=\"@aeronoticias\" \/>\n<meta name=\"twitter:site\" content=\"@aeronoticias\" \/>\n<meta name=\"twitter:label1\" content=\"Escrito por\" \/>\n\t<meta name=\"twitter:data1\" content=\"Redacci\u00f3n Aeronoticias\" \/>\n\t<meta name=\"twitter:label2\" content=\"Tiempo de lectura\" \/>\n\t<meta name=\"twitter:data2\" content=\"3 minutos\" \/>\n<script type=\"application\/ld+json\" class=\"yoast-schema-graph\">{\"@context\":\"https:\/\/schema.org\",\"@graph\":[{\"@type\":\"WebPage\",\"@id\":\"https:\/\/aeronoticias.com.pe\/noticiero\/turismo\/13\/lima-sera-sede-del-iii-foro-internacional-de-marcas-pais-de-la-region\/\",\"url\":\"https:\/\/aeronoticias.com.pe\/noticiero\/turismo\/13\/lima-sera-sede-del-iii-foro-internacional-de-marcas-pais-de-la-region\/\",\"name\":\"Lima ser\u00e1 sede del III Foro Internacional de Marcas Pa\u00eds de la regi\u00f3n\",\"isPartOf\":{\"@id\":\"https:\/\/aeronoticias.com.pe\/noticiero\/#website\"},\"datePublished\":\"2015-11-11T19:54:00+00:00\",\"author\":{\"@id\":\"https:\/\/aeronoticias.com.pe\/noticiero\/#\/schema\/person\/fc1e5d578f4b62ba1cf7ac2bba1170a0\"},\"description\":\"Portal de noticias del Per\u00fa sobre el transporte a\u00e9reo, aviaci\u00f3n, turismo, hoteleria, actualidad.\",\"breadcrumb\":{\"@id\":\"https:\/\/aeronoticias.com.pe\/noticiero\/turismo\/13\/lima-sera-sede-del-iii-foro-internacional-de-marcas-pais-de-la-region\/#breadcrumb\"},\"inLanguage\":\"es\",\"potentialAction\":[{\"@type\":\"ReadAction\",\"target\":[\"https:\/\/aeronoticias.com.pe\/noticiero\/turismo\/13\/lima-sera-sede-del-iii-foro-internacional-de-marcas-pais-de-la-region\/\"]}]},{\"@type\":\"BreadcrumbList\",\"@id\":\"https:\/\/aeronoticias.com.pe\/noticiero\/turismo\/13\/lima-sera-sede-del-iii-foro-internacional-de-marcas-pais-de-la-region\/#breadcrumb\",\"itemListElement\":[{\"@type\":\"ListItem\",\"position\":1,\"name\":\"Portada\",\"item\":\"https:\/\/aeronoticias.com.pe\/noticiero\/\"},{\"@type\":\"ListItem\",\"position\":2,\"name\":\"Lima ser\u00e1 sede del III Foro Internacional de Marcas Pa\u00eds de la regi\u00f3n\"}]},{\"@type\":\"WebSite\",\"@id\":\"https:\/\/aeronoticias.com.pe\/noticiero\/#website\",\"url\":\"https:\/\/aeronoticias.com.pe\/noticiero\/\",\"name\":\"Aeronoticias.com.pe\",\"description\":\"Noticias de tranporte aereo, turismo, hoteles, gastronomia, actualidad, internacional\",\"potentialAction\":[{\"@type\":\"SearchAction\",\"target\":{\"@type\":\"EntryPoint\",\"urlTemplate\":\"https:\/\/aeronoticias.com.pe\/noticiero\/?s={search_term_string}\"},\"query-input\":{\"@type\":\"PropertyValueSpecification\",\"valueRequired\":true,\"valueName\":\"search_term_string\"}}],\"inLanguage\":\"es\"},{\"@type\":\"Person\",\"@id\":\"https:\/\/aeronoticias.com.pe\/noticiero\/#\/schema\/person\/fc1e5d578f4b62ba1cf7ac2bba1170a0\",\"name\":\"Redacci\u00f3n Aeronoticias\",\"url\":\"https:\/\/aeronoticias.com.pe\/noticiero\/author\/piloto\/\"}]}<\/script>\n<!-- \/ Yoast SEO plugin. -->","yoast_head_json":{"title":"Lima ser\u00e1 sede del III Foro Internacional de Marcas Pa\u00eds de la regi\u00f3n","description":"Portal de noticias del Per\u00fa sobre el transporte a\u00e9reo, aviaci\u00f3n, turismo, hoteleria, actualidad.","robots":{"index":"index","follow":"follow","max-snippet":"max-snippet:-1","max-image-preview":"max-image-preview:large","max-video-preview":"max-video-preview:-1"},"canonical":"https:\/\/aeronoticias.com.pe\/noticiero\/turismo\/13\/lima-sera-sede-del-iii-foro-internacional-de-marcas-pais-de-la-region\/","og_locale":"es_ES","og_type":"article","og_title":"Lima ser\u00e1 sede del III Foro Internacional de Marcas Pa\u00eds de la regi\u00f3n","og_description":"Portal de noticias del Per\u00fa sobre el transporte a\u00e9reo, aviaci\u00f3n, turismo, hoteleria, actualidad.","og_url":"https:\/\/aeronoticias.com.pe\/noticiero\/turismo\/13\/lima-sera-sede-del-iii-foro-internacional-de-marcas-pais-de-la-region\/","og_site_name":"Aeronoticias.com.pe","article_publisher":"https:\/\/www.facebook.com\/Aeronoticias.com.pe\/","article_published_time":"2015-11-11T19:54:00+00:00","author":"Redacci\u00f3n Aeronoticias","twitter_card":"summary_large_image","twitter_creator":"@aeronoticias","twitter_site":"@aeronoticias","twitter_misc":{"Escrito por":"Redacci\u00f3n Aeronoticias","Tiempo de lectura":"3 minutos"},"schema":{"@context":"https:\/\/schema.org","@graph":[{"@type":"WebPage","@id":"https:\/\/aeronoticias.com.pe\/noticiero\/turismo\/13\/lima-sera-sede-del-iii-foro-internacional-de-marcas-pais-de-la-region\/","url":"https:\/\/aeronoticias.com.pe\/noticiero\/turismo\/13\/lima-sera-sede-del-iii-foro-internacional-de-marcas-pais-de-la-region\/","name":"Lima ser\u00e1 sede del III Foro Internacional de Marcas Pa\u00eds de la regi\u00f3n","isPartOf":{"@id":"https:\/\/aeronoticias.com.pe\/noticiero\/#website"},"datePublished":"2015-11-11T19:54:00+00:00","author":{"@id":"https:\/\/aeronoticias.com.pe\/noticiero\/#\/schema\/person\/fc1e5d578f4b62ba1cf7ac2bba1170a0"},"description":"Portal de noticias del Per\u00fa sobre el transporte a\u00e9reo, aviaci\u00f3n, turismo, hoteleria, actualidad.","breadcrumb":{"@id":"https:\/\/aeronoticias.com.pe\/noticiero\/turismo\/13\/lima-sera-sede-del-iii-foro-internacional-de-marcas-pais-de-la-region\/#breadcrumb"},"inLanguage":"es","potentialAction":[{"@type":"ReadAction","target":["https:\/\/aeronoticias.com.pe\/noticiero\/turismo\/13\/lima-sera-sede-del-iii-foro-internacional-de-marcas-pais-de-la-region\/"]}]},{"@type":"BreadcrumbList","@id":"https:\/\/aeronoticias.com.pe\/noticiero\/turismo\/13\/lima-sera-sede-del-iii-foro-internacional-de-marcas-pais-de-la-region\/#breadcrumb","itemListElement":[{"@type":"ListItem","position":1,"name":"Portada","item":"https:\/\/aeronoticias.com.pe\/noticiero\/"},{"@type":"ListItem","position":2,"name":"Lima ser\u00e1 sede del III Foro Internacional de Marcas Pa\u00eds de la regi\u00f3n"}]},{"@type":"WebSite","@id":"https:\/\/aeronoticias.com.pe\/noticiero\/#website","url":"https:\/\/aeronoticias.com.pe\/noticiero\/","name":"Aeronoticias.com.pe","description":"Noticias de tranporte aereo, turismo, hoteles, gastronomia, actualidad, internacional","potentialAction":[{"@type":"SearchAction","target":{"@type":"EntryPoint","urlTemplate":"https:\/\/aeronoticias.com.pe\/noticiero\/?s={search_term_string}"},"query-input":{"@type":"PropertyValueSpecification","valueRequired":true,"valueName":"search_term_string"}}],"inLanguage":"es"},{"@type":"Person","@id":"https:\/\/aeronoticias.com.pe\/noticiero\/#\/schema\/person\/fc1e5d578f4b62ba1cf7ac2bba1170a0","name":"Redacci\u00f3n Aeronoticias","url":"https:\/\/aeronoticias.com.pe\/noticiero\/author\/piloto\/"}]}},"_links":{"self":[{"href":"https:\/\/aeronoticias.com.pe\/noticiero\/wp-json\/wp\/v2\/posts\/54181","targetHints":{"allow":["GET"]}}],"collection":[{"href":"https:\/\/aeronoticias.com.pe\/noticiero\/wp-json\/wp\/v2\/posts"}],"about":[{"href":"https:\/\/aeronoticias.com.pe\/noticiero\/wp-json\/wp\/v2\/types\/post"}],"author":[{"embeddable":true,"href":"https:\/\/aeronoticias.com.pe\/noticiero\/wp-json\/wp\/v2\/users\/1"}],"replies":[{"embeddable":true,"href":"https:\/\/aeronoticias.com.pe\/noticiero\/wp-json\/wp\/v2\/comments?post=54181"}],"version-history":[{"count":0,"href":"https:\/\/aeronoticias.com.pe\/noticiero\/wp-json\/wp\/v2\/posts\/54181\/revisions"}],"wp:attachment":[{"href":"https:\/\/aeronoticias.com.pe\/noticiero\/wp-json\/wp\/v2\/media?parent=54181"}],"wp:term":[{"taxonomy":"category","embeddable":true,"href":"https:\/\/aeronoticias.com.pe\/noticiero\/wp-json\/wp\/v2\/categories?post=54181"},{"taxonomy":"post_tag","embeddable":true,"href":"https:\/\/aeronoticias.com.pe\/noticiero\/wp-json\/wp\/v2\/tags?post=54181"}],"curies":[{"name":"wp","href":"https:\/\/api.w.org\/{rel}","templated":true}]}}