{"id":54182,"date":"2015-11-12T05:04:03","date_gmt":"2015-11-12T05:04:03","guid":{"rendered":"http:\/\/desarrollo.mcvicious.com\/aero2020\/2015\/11\/12\/seminario-sobre-sexualidad-itienen-algo-que-ver-la-homosexualidad-y-el-aborto\/"},"modified":"2015-11-12T05:04:03","modified_gmt":"2015-11-12T05:04:03","slug":"seminario-sobre-sexualidad-itienen-algo-que-ver-la-homosexualidad-y-el-aborto","status":"publish","type":"post","link":"https:\/\/aeronoticias.com.pe\/noticiero\/nacionales\/seminario-sobre-sexualidad-itienen-algo-que-ver-la-homosexualidad-y-el-aborto\/","title":{"rendered":"Seminario sobre Sexualidad: \u00bfTienen algo que ver la homosexualidad y el aborto?"},"content":{"rendered":"<p style=\"text-align: justify;\"><strong>(Aeronoticias)<\/strong>.-\u00a0Cuando la consigna es <em><strong>\u201chaz con tu cuerpo lo que quieras\u201d<\/strong><\/em>, la conclusi\u00f3n es que homosexualidad y aborto son los dos pilares del enriquecimiento de la cultura de la muerte. Movimientos y organizaciones internacionales pro gay y pro aborto mueven millones de d\u00f3lares al a\u00f1o que invierten en fiestas, periodistas, campa\u00f1as de concientizaci\u00f3n, pel\u00edculas, m\u00fasica, literatura y cultura en general con el fin de promover sus intereses en la sociedad.<\/p>\n<p style=\"text-align: justify;\">Para esclarecer esta realidad a la luz de la ciencia, la Red J\u00f3venes Provida Per\u00fa y Ceprofarena realizaron, el lunes 9 de noviembre, un Seminario Cient\u00edfico sobre Sexualidad Humana, el cual cont\u00f3 con las ponencias sobre Sexualidad y Homosexualidad, de la Lic. Lola Sheen; PAT: Protocolo Aborto Terap\u00e9utico, del sacerdote y Dr. Augusto Meloni; y Aborto y Secuelas Post Aborto, del Dr. y presidente de Ceprofarena, Mart\u00edn Tantale\u00e1n.<\/p>\n<p style=\"text-align: justify;\">En la primera ponencia, la Lic. Lola Sheen de Ramos precis\u00f3 que, en la homosexualidad, la atracci\u00f3n por alguien del mismo sexo es un mero s\u00edntoma, la manifestaci\u00f3n exterior de un gran conflicto de fondo. Y, pese a su eliminaci\u00f3n del Manual de Diagn\u00f3stico y Estad\u00edstica de Enfermedades Mentales (DSM), y a que su tratamiento (terapia reparativa) fuera prohibido en varios estados norteamericanos, los indicadores del problema psicobiol\u00f3gico del homosexualismo van en aumento.<\/p>\n<p style=\"text-align: justify;\">Entre los errores mostrados por la ciencia, la Lic. Sheen se\u00f1al\u00f3 la transmisi\u00f3n gen\u00e9tica, el factor neurol\u00f3gico y el deterioro hormonal.<\/p>\n<p style=\"text-align: justify;\">Sheen indic\u00f3 que al descartarse lo anterior, los apologistas de la homosexualidad optaron por llamarle \u201cvariante\u201d, \u201cpreferencia\u201d, etc. Adem\u00e1s cit\u00f3 numerosos estudiosos que descartan el origen gen\u00e9tico de la homosexualidad como Pellarold, Byley, Hemmer, incluso Francis S. Collins, descubridor del genoma humano.<\/p>\n<p style=\"text-align: justify;\">Por su parte, el Dr. Augusto Meloni se\u00f1al\u00f3 errores de redacci\u00f3n e incoherencias de la gu\u00eda del aborto terap\u00e9utico del Ministerio de Salud, enfatizando en la falsa relaci\u00f3n establecida entre la causal 11 de la gu\u00eda y el art\u00edculo 119 del C\u00f3digo Penal, el cual indica que si un m\u00e9dico atiende a una gestante en situaci\u00f3n de gravedad y se produce la muerte del ni\u00f1o involuntariamente, se trata de un hecho no punible; sin embargo, la causal 11 es una puerta abierta la elecci\u00f3n del aborto bajo cualquier pretexto.<\/p>\n<p style=\"text-align: justify;\"><strong>ABORTO Y SECUELAS<\/strong><\/p>\n<p style=\"text-align: justify;\"><span style=\"font-size: 12.16px; line-height: 15.808px;\">En la \u00faltima ponencia, e<\/span>l Dr. Mart\u00edn Tantale\u00e1n explic\u00f3 que el aborto como pr\u00e1ctica ha ido adquiriendo nuevas dimensiones en el aspecto m\u00e9dico y legal, cada vez mayores en grado de agresi\u00f3n, mientras las potencialidades de atenci\u00f3n psicol\u00f3gica y espiritual a las madres con s\u00edndrome post aborto se han desarrollado palpablemente. Asimismo, se\u00f1al\u00f3 que el falseo del lenguaje sobre el origen de la vida humana y la muerte en el vientre materno ha dado lugar a una absoluta permisividad abortista en t\u00e9rminos m\u00e9dicos y legales. <span style=\"white-space: pre;\"> <\/span><\/p>\n<p style=\"text-align: justify;\">El Dr. Tantale\u00e1n enfatiz\u00f3 en la gravedad de este falseo terminol\u00f3gico, al citar la abominable publicaci\u00f3n de la revista Etica M\u00e9dica: \u201cAborto despu\u00e9s del nacimiento: \u00bfPor qu\u00e9 tiene que nacer el beb\u00e9?\u201d Se trata del m\u00e1s grande horror en la historia de la bio\u00e9tica, una propuesta infanticida sin usar la palabra infanticidio.<\/p>\n<p style=\"text-align: justify;\">Tantale\u00e1n indic\u00f3 que entre las consecuencias m\u00e1s comunes del aborto est\u00e1n el c\u00e1ncer de mama y la depresi\u00f3n, el autocastigo y los intentos de suicidio. En Inglaterra, a ra\u00edz de que una cantante se suicid\u00f3 por haber abortado, los centros de atenci\u00f3n abortista explican a las mujeres que el suicidio es uno de los riesgos y as\u00ed dan a las madres opci\u00f3n a decidir retirarse y tener a sus beb\u00e9s.<\/p>\n<p style=\"text-align: justify;\">El seminario culmin\u00f3 con la entrega de reconocimientos a los ponentes y las palabras de despedida de la coordinadora de la Red Jovenes Provida Per\u00fa, Sof\u00eda Luque, quien adem\u00e1s invit\u00f3 a los asistentes a mantener el contacto con la Red para los pr\u00f3ximos eventos.<\/p>\n<p style=\"text-align: justify;\">Y as\u00ed como los estudios cient\u00edficos afirman con certeza la naturaleza humana y su condici\u00f3n biol\u00f3gica, as\u00ed tambi\u00e9n la moral en defensa de la vida se impregna a trav\u00e9s de una mujer que en sus labios afirm\u00f3 que: \u201cEl pa\u00eds que acepta el aborto no est\u00e1 ense\u00f1ando a su pueblo a amar, sino a aplicar la violencia para conseguir lo que se quiere. El mayor destructor del amor y de la paz es el aborto\u201d. Esa mujer fue la beata Madre Teresa de Calcuta.<\/p>\n<p style=\"text-align: justify;\"><span style=\"font-size: 12.16px; line-height: 15.808px;\"><em>Haz clic aqu\u00ed para acceder a la <\/em><a href=\"https:\/\/www.facebook.com\/media\/set\/?set=a.742197705924580.1073741835.536476179830068&amp;type=3\" target=\"_blank\" rel=\"noopener noreferrer\"><strong><span style=\"text-decoration: underline;\">GALER\u00cdA DE FOTOS<\/span><\/strong><\/a>.<\/span><\/p>\n<p style=\"text-align: justify;\"><span style=\"font-size: 12.16px; line-height: 1.3em;\">&#8212;&#8212;&#8212;&#8212;&#8212;&#8212;&#8212;&#8212;&#8212;&#8212;&#8212;&#8212;&#8212;&#8212;&#8212;&#8212;&#8212;&#8212;&#8212;&#8212;<\/span><\/p>\n<p style=\"text-align: justify;\"><span style=\"font-size: 12.16px; line-height: 1.3em;\">Edici\u00f3n: Jefrey Cuya.<\/span><\/p>\n<div><img decoding=\"async\" src=\"https:\/\/scontent-mia1-1.xx.fbcdn.net\/hphotos-xlf1\/v\/t1.0-9\/12227052_1626010910994267_6942440562192626665_n.jpg?oh=9129357b9aefb2859a0a476022d73611&amp;oe=56ED1CD3\" border=\"0\" style=\"font-size: 12.16px; line-height: 1.3em;\" \/><\/div>\n","protected":false},"excerpt":{"rendered":"<p>(Aeronoticias).-\u00a0Cuando la consigna es \u201chaz con tu cuerpo lo que quieras\u201d, la conclusi\u00f3n es que homosexualidad y aborto son los dos pilares del enriquecimiento de la cultura de la muerte. Movimientos y organizaciones internacionales pro gay y pro aborto mueven millones de d\u00f3lares al a\u00f1o que invierten en fiestas, periodistas, campa\u00f1as de concientizaci\u00f3n, pel\u00edculas, m\u00fasica, [&hellip;]<\/p>\n","protected":false},"author":1,"featured_media":0,"comment_status":"open","ping_status":"open","sticky":false,"template":"","format":"standard","meta":{"tdm_status":"","tdm_grid_status":"","footnotes":""},"categories":[38],"tags":[],"class_list":{"0":"post-54182","1":"post","2":"type-post","3":"status-publish","4":"format-standard","6":"category-nacionales"},"yoast_head":"<!-- This site is optimized with the Yoast SEO plugin v25.1 - https:\/\/yoast.com\/wordpress\/plugins\/seo\/ -->\n<title>Seminario sobre Sexualidad: \u00bfTienen algo que ver la homosexualidad y el aborto?<\/title>\n<meta name=\"description\" content=\"Portal de noticias del Per\u00fa sobre el transporte a\u00e9reo, aviaci\u00f3n, turismo, hoteleria, actualidad.\" \/>\n<meta name=\"robots\" content=\"index, follow, max-snippet:-1, max-image-preview:large, max-video-preview:-1\" \/>\n<link rel=\"canonical\" href=\"https:\/\/aeronoticias.com.pe\/noticiero\/nacionales\/seminario-sobre-sexualidad-itienen-algo-que-ver-la-homosexualidad-y-el-aborto\/\" \/>\n<meta property=\"og:locale\" content=\"es_ES\" \/>\n<meta property=\"og:type\" content=\"article\" \/>\n<meta property=\"og:title\" content=\"Seminario sobre Sexualidad: \u00bfTienen algo que ver la homosexualidad y el aborto?\" \/>\n<meta property=\"og:description\" content=\"Portal de noticias del Per\u00fa sobre el transporte a\u00e9reo, aviaci\u00f3n, turismo, hoteleria, actualidad.\" \/>\n<meta property=\"og:url\" content=\"https:\/\/aeronoticias.com.pe\/noticiero\/nacionales\/seminario-sobre-sexualidad-itienen-algo-que-ver-la-homosexualidad-y-el-aborto\/\" \/>\n<meta property=\"og:site_name\" content=\"Aeronoticias.com.pe\" \/>\n<meta property=\"article:publisher\" content=\"https:\/\/www.facebook.com\/Aeronoticias.com.pe\/\" \/>\n<meta property=\"article:published_time\" content=\"2015-11-12T05:04:03+00:00\" \/>\n<meta property=\"og:image\" content=\"https:\/\/scontent-mia1-1.xx.fbcdn.net\/hphotos-xlf1\/v\/t1.0-9\/12227052_1626010910994267_6942440562192626665_n.jpg?oh=9129357b9aefb2859a0a476022d73611&amp;oe=56ED1CD3\" \/>\n<meta name=\"author\" content=\"Redacci\u00f3n Aeronoticias\" \/>\n<meta name=\"twitter:card\" content=\"summary_large_image\" \/>\n<meta name=\"twitter:creator\" content=\"@aeronoticias\" \/>\n<meta name=\"twitter:site\" content=\"@aeronoticias\" \/>\n<meta name=\"twitter:label1\" content=\"Escrito por\" \/>\n\t<meta name=\"twitter:data1\" content=\"Redacci\u00f3n Aeronoticias\" \/>\n\t<meta name=\"twitter:label2\" content=\"Tiempo de lectura\" \/>\n\t<meta name=\"twitter:data2\" content=\"4 minutos\" \/>\n<script type=\"application\/ld+json\" class=\"yoast-schema-graph\">{\"@context\":\"https:\/\/schema.org\",\"@graph\":[{\"@type\":\"WebPage\",\"@id\":\"https:\/\/aeronoticias.com.pe\/noticiero\/nacionales\/seminario-sobre-sexualidad-itienen-algo-que-ver-la-homosexualidad-y-el-aborto\/\",\"url\":\"https:\/\/aeronoticias.com.pe\/noticiero\/nacionales\/seminario-sobre-sexualidad-itienen-algo-que-ver-la-homosexualidad-y-el-aborto\/\",\"name\":\"Seminario sobre Sexualidad: \u00bfTienen algo que ver la homosexualidad y el aborto?\",\"isPartOf\":{\"@id\":\"https:\/\/aeronoticias.com.pe\/noticiero\/#website\"},\"primaryImageOfPage\":{\"@id\":\"https:\/\/aeronoticias.com.pe\/noticiero\/nacionales\/seminario-sobre-sexualidad-itienen-algo-que-ver-la-homosexualidad-y-el-aborto\/#primaryimage\"},\"image\":{\"@id\":\"https:\/\/aeronoticias.com.pe\/noticiero\/nacionales\/seminario-sobre-sexualidad-itienen-algo-que-ver-la-homosexualidad-y-el-aborto\/#primaryimage\"},\"thumbnailUrl\":\"https:\/\/scontent-mia1-1.xx.fbcdn.net\/hphotos-xlf1\/v\/t1.0-9\/12227052_1626010910994267_6942440562192626665_n.jpg?oh=9129357b9aefb2859a0a476022d73611&amp;oe=56ED1CD3\",\"datePublished\":\"2015-11-12T05:04:03+00:00\",\"author\":{\"@id\":\"https:\/\/aeronoticias.com.pe\/noticiero\/#\/schema\/person\/fc1e5d578f4b62ba1cf7ac2bba1170a0\"},\"description\":\"Portal de noticias del Per\u00fa sobre el transporte a\u00e9reo, aviaci\u00f3n, turismo, hoteleria, actualidad.\",\"breadcrumb\":{\"@id\":\"https:\/\/aeronoticias.com.pe\/noticiero\/nacionales\/seminario-sobre-sexualidad-itienen-algo-que-ver-la-homosexualidad-y-el-aborto\/#breadcrumb\"},\"inLanguage\":\"es\",\"potentialAction\":[{\"@type\":\"ReadAction\",\"target\":[\"https:\/\/aeronoticias.com.pe\/noticiero\/nacionales\/seminario-sobre-sexualidad-itienen-algo-que-ver-la-homosexualidad-y-el-aborto\/\"]}]},{\"@type\":\"ImageObject\",\"inLanguage\":\"es\",\"@id\":\"https:\/\/aeronoticias.com.pe\/noticiero\/nacionales\/seminario-sobre-sexualidad-itienen-algo-que-ver-la-homosexualidad-y-el-aborto\/#primaryimage\",\"url\":\"https:\/\/scontent-mia1-1.xx.fbcdn.net\/hphotos-xlf1\/v\/t1.0-9\/12227052_1626010910994267_6942440562192626665_n.jpg?oh=9129357b9aefb2859a0a476022d73611&amp;oe=56ED1CD3\",\"contentUrl\":\"https:\/\/scontent-mia1-1.xx.fbcdn.net\/hphotos-xlf1\/v\/t1.0-9\/12227052_1626010910994267_6942440562192626665_n.jpg?oh=9129357b9aefb2859a0a476022d73611&amp;oe=56ED1CD3\"},{\"@type\":\"BreadcrumbList\",\"@id\":\"https:\/\/aeronoticias.com.pe\/noticiero\/nacionales\/seminario-sobre-sexualidad-itienen-algo-que-ver-la-homosexualidad-y-el-aborto\/#breadcrumb\",\"itemListElement\":[{\"@type\":\"ListItem\",\"position\":1,\"name\":\"Portada\",\"item\":\"https:\/\/aeronoticias.com.pe\/noticiero\/\"},{\"@type\":\"ListItem\",\"position\":2,\"name\":\"Seminario sobre Sexualidad: \u00bfTienen algo que ver la homosexualidad y el aborto?\"}]},{\"@type\":\"WebSite\",\"@id\":\"https:\/\/aeronoticias.com.pe\/noticiero\/#website\",\"url\":\"https:\/\/aeronoticias.com.pe\/noticiero\/\",\"name\":\"Aeronoticias.com.pe\",\"description\":\"Noticias de tranporte aereo, turismo, hoteles, gastronomia, actualidad, internacional\",\"potentialAction\":[{\"@type\":\"SearchAction\",\"target\":{\"@type\":\"EntryPoint\",\"urlTemplate\":\"https:\/\/aeronoticias.com.pe\/noticiero\/?s={search_term_string}\"},\"query-input\":{\"@type\":\"PropertyValueSpecification\",\"valueRequired\":true,\"valueName\":\"search_term_string\"}}],\"inLanguage\":\"es\"},{\"@type\":\"Person\",\"@id\":\"https:\/\/aeronoticias.com.pe\/noticiero\/#\/schema\/person\/fc1e5d578f4b62ba1cf7ac2bba1170a0\",\"name\":\"Redacci\u00f3n Aeronoticias\",\"url\":\"https:\/\/aeronoticias.com.pe\/noticiero\/author\/piloto\/\"}]}<\/script>\n<!-- \/ Yoast SEO plugin. -->","yoast_head_json":{"title":"Seminario sobre Sexualidad: \u00bfTienen algo que ver la homosexualidad y el aborto?","description":"Portal de noticias del Per\u00fa sobre el transporte a\u00e9reo, aviaci\u00f3n, turismo, hoteleria, actualidad.","robots":{"index":"index","follow":"follow","max-snippet":"max-snippet:-1","max-image-preview":"max-image-preview:large","max-video-preview":"max-video-preview:-1"},"canonical":"https:\/\/aeronoticias.com.pe\/noticiero\/nacionales\/seminario-sobre-sexualidad-itienen-algo-que-ver-la-homosexualidad-y-el-aborto\/","og_locale":"es_ES","og_type":"article","og_title":"Seminario sobre Sexualidad: \u00bfTienen algo que ver la homosexualidad y el aborto?","og_description":"Portal de noticias del Per\u00fa sobre el transporte a\u00e9reo, aviaci\u00f3n, turismo, hoteleria, actualidad.","og_url":"https:\/\/aeronoticias.com.pe\/noticiero\/nacionales\/seminario-sobre-sexualidad-itienen-algo-que-ver-la-homosexualidad-y-el-aborto\/","og_site_name":"Aeronoticias.com.pe","article_publisher":"https:\/\/www.facebook.com\/Aeronoticias.com.pe\/","article_published_time":"2015-11-12T05:04:03+00:00","og_image":[{"url":"https:\/\/scontent-mia1-1.xx.fbcdn.net\/hphotos-xlf1\/v\/t1.0-9\/12227052_1626010910994267_6942440562192626665_n.jpg?oh=9129357b9aefb2859a0a476022d73611&amp;oe=56ED1CD3","type":"","width":"","height":""}],"author":"Redacci\u00f3n Aeronoticias","twitter_card":"summary_large_image","twitter_creator":"@aeronoticias","twitter_site":"@aeronoticias","twitter_misc":{"Escrito por":"Redacci\u00f3n Aeronoticias","Tiempo de lectura":"4 minutos"},"schema":{"@context":"https:\/\/schema.org","@graph":[{"@type":"WebPage","@id":"https:\/\/aeronoticias.com.pe\/noticiero\/nacionales\/seminario-sobre-sexualidad-itienen-algo-que-ver-la-homosexualidad-y-el-aborto\/","url":"https:\/\/aeronoticias.com.pe\/noticiero\/nacionales\/seminario-sobre-sexualidad-itienen-algo-que-ver-la-homosexualidad-y-el-aborto\/","name":"Seminario sobre Sexualidad: \u00bfTienen algo que ver la homosexualidad y el aborto?","isPartOf":{"@id":"https:\/\/aeronoticias.com.pe\/noticiero\/#website"},"primaryImageOfPage":{"@id":"https:\/\/aeronoticias.com.pe\/noticiero\/nacionales\/seminario-sobre-sexualidad-itienen-algo-que-ver-la-homosexualidad-y-el-aborto\/#primaryimage"},"image":{"@id":"https:\/\/aeronoticias.com.pe\/noticiero\/nacionales\/seminario-sobre-sexualidad-itienen-algo-que-ver-la-homosexualidad-y-el-aborto\/#primaryimage"},"thumbnailUrl":"https:\/\/scontent-mia1-1.xx.fbcdn.net\/hphotos-xlf1\/v\/t1.0-9\/12227052_1626010910994267_6942440562192626665_n.jpg?oh=9129357b9aefb2859a0a476022d73611&amp;oe=56ED1CD3","datePublished":"2015-11-12T05:04:03+00:00","author":{"@id":"https:\/\/aeronoticias.com.pe\/noticiero\/#\/schema\/person\/fc1e5d578f4b62ba1cf7ac2bba1170a0"},"description":"Portal de noticias del Per\u00fa sobre el transporte a\u00e9reo, aviaci\u00f3n, turismo, hoteleria, actualidad.","breadcrumb":{"@id":"https:\/\/aeronoticias.com.pe\/noticiero\/nacionales\/seminario-sobre-sexualidad-itienen-algo-que-ver-la-homosexualidad-y-el-aborto\/#breadcrumb"},"inLanguage":"es","potentialAction":[{"@type":"ReadAction","target":["https:\/\/aeronoticias.com.pe\/noticiero\/nacionales\/seminario-sobre-sexualidad-itienen-algo-que-ver-la-homosexualidad-y-el-aborto\/"]}]},{"@type":"ImageObject","inLanguage":"es","@id":"https:\/\/aeronoticias.com.pe\/noticiero\/nacionales\/seminario-sobre-sexualidad-itienen-algo-que-ver-la-homosexualidad-y-el-aborto\/#primaryimage","url":"https:\/\/scontent-mia1-1.xx.fbcdn.net\/hphotos-xlf1\/v\/t1.0-9\/12227052_1626010910994267_6942440562192626665_n.jpg?oh=9129357b9aefb2859a0a476022d73611&amp;oe=56ED1CD3","contentUrl":"https:\/\/scontent-mia1-1.xx.fbcdn.net\/hphotos-xlf1\/v\/t1.0-9\/12227052_1626010910994267_6942440562192626665_n.jpg?oh=9129357b9aefb2859a0a476022d73611&amp;oe=56ED1CD3"},{"@type":"BreadcrumbList","@id":"https:\/\/aeronoticias.com.pe\/noticiero\/nacionales\/seminario-sobre-sexualidad-itienen-algo-que-ver-la-homosexualidad-y-el-aborto\/#breadcrumb","itemListElement":[{"@type":"ListItem","position":1,"name":"Portada","item":"https:\/\/aeronoticias.com.pe\/noticiero\/"},{"@type":"ListItem","position":2,"name":"Seminario sobre Sexualidad: \u00bfTienen algo que ver la homosexualidad y el aborto?"}]},{"@type":"WebSite","@id":"https:\/\/aeronoticias.com.pe\/noticiero\/#website","url":"https:\/\/aeronoticias.com.pe\/noticiero\/","name":"Aeronoticias.com.pe","description":"Noticias de tranporte aereo, turismo, hoteles, gastronomia, actualidad, internacional","potentialAction":[{"@type":"SearchAction","target":{"@type":"EntryPoint","urlTemplate":"https:\/\/aeronoticias.com.pe\/noticiero\/?s={search_term_string}"},"query-input":{"@type":"PropertyValueSpecification","valueRequired":true,"valueName":"search_term_string"}}],"inLanguage":"es"},{"@type":"Person","@id":"https:\/\/aeronoticias.com.pe\/noticiero\/#\/schema\/person\/fc1e5d578f4b62ba1cf7ac2bba1170a0","name":"Redacci\u00f3n Aeronoticias","url":"https:\/\/aeronoticias.com.pe\/noticiero\/author\/piloto\/"}]}},"_links":{"self":[{"href":"https:\/\/aeronoticias.com.pe\/noticiero\/wp-json\/wp\/v2\/posts\/54182","targetHints":{"allow":["GET"]}}],"collection":[{"href":"https:\/\/aeronoticias.com.pe\/noticiero\/wp-json\/wp\/v2\/posts"}],"about":[{"href":"https:\/\/aeronoticias.com.pe\/noticiero\/wp-json\/wp\/v2\/types\/post"}],"author":[{"embeddable":true,"href":"https:\/\/aeronoticias.com.pe\/noticiero\/wp-json\/wp\/v2\/users\/1"}],"replies":[{"embeddable":true,"href":"https:\/\/aeronoticias.com.pe\/noticiero\/wp-json\/wp\/v2\/comments?post=54182"}],"version-history":[{"count":0,"href":"https:\/\/aeronoticias.com.pe\/noticiero\/wp-json\/wp\/v2\/posts\/54182\/revisions"}],"wp:attachment":[{"href":"https:\/\/aeronoticias.com.pe\/noticiero\/wp-json\/wp\/v2\/media?parent=54182"}],"wp:term":[{"taxonomy":"category","embeddable":true,"href":"https:\/\/aeronoticias.com.pe\/noticiero\/wp-json\/wp\/v2\/categories?post=54182"},{"taxonomy":"post_tag","embeddable":true,"href":"https:\/\/aeronoticias.com.pe\/noticiero\/wp-json\/wp\/v2\/tags?post=54182"}],"curies":[{"name":"wp","href":"https:\/\/api.w.org\/{rel}","templated":true}]}}