{"id":54183,"date":"2015-11-12T16:11:16","date_gmt":"2015-11-12T16:11:16","guid":{"rendered":"http:\/\/desarrollo.mcvicious.com\/aero2020\/2015\/11\/12\/ex-cancilleres-chilenos-q-no-hay-que-exagerar-sobre-el-triangulo-terrestreq\/"},"modified":"2015-11-12T16:11:16","modified_gmt":"2015-11-12T16:11:16","slug":"ex-cancilleres-chilenos-q-no-hay-que-exagerar-sobre-el-triangulo-terrestreq","status":"publish","type":"post","link":"https:\/\/aeronoticias.com.pe\/noticiero\/internacionales\/ex-cancilleres-chilenos-q-no-hay-que-exagerar-sobre-el-triangulo-terrestreq\/","title":{"rendered":"Ex cancilleres chilenos: \u00abNo hay que exagerar sobre el tri\u00e1ngulo terrestre\u00bb"},"content":{"rendered":"<p style=\"text-align: justify;\"><strong>(Aeronoticias) <\/strong><span style=\"font-size: 12.16px; line-height: 1.3em;\">Ex jefes de la diplomacia chilena coincidieron en opinar que en su pa\u00eds se viene \u00abdramatizando\u00bb el tema del llamado tri\u00e1ngulo terrestre fronterizo donde Per\u00fa acaba de crear un nuevo distrito, iniciativa que ha dado lugar a una paranoia generalizada en algunos sectores de su pa\u00eds.<\/span><\/p>\n<p style=\"text-align: justify;\"><span style=\"font-size: 12.16px; line-height: 1.3em;\">As\u00ed, el ex canciller Jos\u00e9 Miguel Insulza enfatiz\u00f3 que tal caso no reviste \u00bb una situaci\u00f3n de emergencia\u00bb, que no corresponde a la realidad, a\u00f1adiendo que \u00a0\u00bb la \u00fanica parte donde se le est\u00e1 dando un grado de dramatismo es en Chile\u00bb.<\/span><\/p>\n<p style=\"text-align: justify;\"><span style=\"font-size: 12.16px; line-height: 1.3em;\">El tambi\u00e9n ex Presidente de la Organizaci\u00f3n de Estados Americanos (OEA) destac\u00f3 que,en contraste, la prensa peruana no sobredimensiona el tema y m\u00e1s bien se editorializa abogando por dar por terminado el asunto.<\/span><\/p>\n<p style=\"text-align: justify;\"><span style=\"font-size: 12.16px; line-height: 1.3em;\">Por su parte, otro ex canciller chileno, Alejandro Foxley, declar\u00f3 que no es conveniente atizar sentimientos ultranacionalistas: \u00bb Un nacionalismo exacerbado no es bueno\u00bb, aconsej\u00f3.<\/span><\/p>\n<p style=\"text-align: justify;\"><span style=\"font-size: 12.16px; line-height: 1.3em;\">Fue al terminar una reuni\u00f3n convocada por el actual jefe de la diplomacia chilena, Heraldo Mu\u00f1\u00f3z, quien a su vez dijo que la Presidenta Michelle Bachelet ha ordenado que el tema del tri\u00e1ngulo, as\u00ed como la creaci\u00f3n del distrito La Yarada, en la frontera con Per\u00fa, sea tratado con la debida sobriedad y en el campo diplom\u00e1tico.<\/span><\/p>\n<p style=\"text-align: justify;\"><span style=\"font-size: 12.16px; line-height: 1.3em;\">Es de \u00a0desear que las cabezas calientes de los halcones chilenos sepan acatar la postura asumida por sus ex cancilleres,a quienes sin embargo califican como derrotistas y hasta traidores, cegados por su paranoia belicista.<\/span><\/p>\n<p style=\"text-align: justify;\"><span style=\"font-size: 12.16px; line-height: 1.3em;\"><img decoding=\"async\" src=\"images\/stories\/15\/11\/121115\/trianguloterreste.jpg\" border=\"0\" \/><br \/><\/span><\/p>\n","protected":false},"excerpt":{"rendered":"<p>(Aeronoticias) Ex jefes de la diplomacia chilena coincidieron en opinar que en su pa\u00eds se viene \u00abdramatizando\u00bb el tema del llamado tri\u00e1ngulo terrestre fronterizo donde Per\u00fa acaba de crear un nuevo distrito, iniciativa que ha dado lugar a una paranoia generalizada en algunos sectores de su pa\u00eds. As\u00ed, el ex canciller Jos\u00e9 Miguel Insulza enfatiz\u00f3 [&hellip;]<\/p>\n","protected":false},"author":1,"featured_media":0,"comment_status":"open","ping_status":"open","sticky":false,"template":"","format":"standard","meta":{"tdm_status":"","tdm_grid_status":"","footnotes":""},"categories":[34],"tags":[],"class_list":{"0":"post-54183","1":"post","2":"type-post","3":"status-publish","4":"format-standard","6":"category-internacionales"},"yoast_head":"<!-- This site is optimized with the Yoast SEO plugin v25.1 - https:\/\/yoast.com\/wordpress\/plugins\/seo\/ -->\n<title>Ex cancilleres chilenos: &quot;No hay que exagerar sobre el tri\u00e1ngulo terrestre&quot;<\/title>\n<meta name=\"description\" content=\"Portal de noticias del Per\u00fa sobre el transporte a\u00e9reo, aviaci\u00f3n, turismo, hoteleria, actualidad.\" \/>\n<meta name=\"robots\" content=\"index, follow, max-snippet:-1, max-image-preview:large, max-video-preview:-1\" \/>\n<link rel=\"canonical\" href=\"https:\/\/aeronoticias.com.pe\/noticiero\/internacionales\/ex-cancilleres-chilenos-q-no-hay-que-exagerar-sobre-el-triangulo-terrestreq\/\" \/>\n<meta property=\"og:locale\" content=\"es_ES\" \/>\n<meta property=\"og:type\" content=\"article\" \/>\n<meta property=\"og:title\" content=\"Ex cancilleres chilenos: &quot;No hay que exagerar sobre el tri\u00e1ngulo terrestre&quot;\" \/>\n<meta property=\"og:description\" content=\"Portal de noticias del Per\u00fa sobre el transporte a\u00e9reo, aviaci\u00f3n, turismo, hoteleria, actualidad.\" \/>\n<meta property=\"og:url\" content=\"https:\/\/aeronoticias.com.pe\/noticiero\/internacionales\/ex-cancilleres-chilenos-q-no-hay-que-exagerar-sobre-el-triangulo-terrestreq\/\" \/>\n<meta property=\"og:site_name\" content=\"Aeronoticias.com.pe\" \/>\n<meta property=\"article:publisher\" content=\"https:\/\/www.facebook.com\/Aeronoticias.com.pe\/\" \/>\n<meta property=\"article:published_time\" content=\"2015-11-12T16:11:16+00:00\" \/>\n<meta name=\"author\" content=\"Redacci\u00f3n Aeronoticias\" \/>\n<meta name=\"twitter:card\" content=\"summary_large_image\" \/>\n<meta name=\"twitter:creator\" content=\"@aeronoticias\" \/>\n<meta name=\"twitter:site\" content=\"@aeronoticias\" \/>\n<meta name=\"twitter:label1\" content=\"Escrito por\" \/>\n\t<meta name=\"twitter:data1\" content=\"Redacci\u00f3n Aeronoticias\" \/>\n\t<meta name=\"twitter:label2\" content=\"Tiempo de lectura\" \/>\n\t<meta name=\"twitter:data2\" content=\"1 minuto\" \/>\n<script type=\"application\/ld+json\" class=\"yoast-schema-graph\">{\"@context\":\"https:\/\/schema.org\",\"@graph\":[{\"@type\":\"WebPage\",\"@id\":\"https:\/\/aeronoticias.com.pe\/noticiero\/internacionales\/ex-cancilleres-chilenos-q-no-hay-que-exagerar-sobre-el-triangulo-terrestreq\/\",\"url\":\"https:\/\/aeronoticias.com.pe\/noticiero\/internacionales\/ex-cancilleres-chilenos-q-no-hay-que-exagerar-sobre-el-triangulo-terrestreq\/\",\"name\":\"Ex cancilleres chilenos: \\\"No hay que exagerar sobre el tri\u00e1ngulo terrestre\\\"\",\"isPartOf\":{\"@id\":\"https:\/\/aeronoticias.com.pe\/noticiero\/#website\"},\"datePublished\":\"2015-11-12T16:11:16+00:00\",\"author\":{\"@id\":\"https:\/\/aeronoticias.com.pe\/noticiero\/#\/schema\/person\/fc1e5d578f4b62ba1cf7ac2bba1170a0\"},\"description\":\"Portal de noticias del Per\u00fa sobre el transporte a\u00e9reo, aviaci\u00f3n, turismo, hoteleria, actualidad.\",\"breadcrumb\":{\"@id\":\"https:\/\/aeronoticias.com.pe\/noticiero\/internacionales\/ex-cancilleres-chilenos-q-no-hay-que-exagerar-sobre-el-triangulo-terrestreq\/#breadcrumb\"},\"inLanguage\":\"es\",\"potentialAction\":[{\"@type\":\"ReadAction\",\"target\":[\"https:\/\/aeronoticias.com.pe\/noticiero\/internacionales\/ex-cancilleres-chilenos-q-no-hay-que-exagerar-sobre-el-triangulo-terrestreq\/\"]}]},{\"@type\":\"BreadcrumbList\",\"@id\":\"https:\/\/aeronoticias.com.pe\/noticiero\/internacionales\/ex-cancilleres-chilenos-q-no-hay-que-exagerar-sobre-el-triangulo-terrestreq\/#breadcrumb\",\"itemListElement\":[{\"@type\":\"ListItem\",\"position\":1,\"name\":\"Portada\",\"item\":\"https:\/\/aeronoticias.com.pe\/noticiero\/\"},{\"@type\":\"ListItem\",\"position\":2,\"name\":\"Ex cancilleres chilenos: \u00abNo hay que exagerar sobre el tri\u00e1ngulo terrestre\u00bb\"}]},{\"@type\":\"WebSite\",\"@id\":\"https:\/\/aeronoticias.com.pe\/noticiero\/#website\",\"url\":\"https:\/\/aeronoticias.com.pe\/noticiero\/\",\"name\":\"Aeronoticias.com.pe\",\"description\":\"Noticias de tranporte aereo, turismo, hoteles, gastronomia, actualidad, internacional\",\"potentialAction\":[{\"@type\":\"SearchAction\",\"target\":{\"@type\":\"EntryPoint\",\"urlTemplate\":\"https:\/\/aeronoticias.com.pe\/noticiero\/?s={search_term_string}\"},\"query-input\":{\"@type\":\"PropertyValueSpecification\",\"valueRequired\":true,\"valueName\":\"search_term_string\"}}],\"inLanguage\":\"es\"},{\"@type\":\"Person\",\"@id\":\"https:\/\/aeronoticias.com.pe\/noticiero\/#\/schema\/person\/fc1e5d578f4b62ba1cf7ac2bba1170a0\",\"name\":\"Redacci\u00f3n Aeronoticias\",\"url\":\"https:\/\/aeronoticias.com.pe\/noticiero\/author\/piloto\/\"}]}<\/script>\n<!-- \/ Yoast SEO plugin. -->","yoast_head_json":{"title":"Ex cancilleres chilenos: \"No hay que exagerar sobre el tri\u00e1ngulo terrestre\"","description":"Portal de noticias del Per\u00fa sobre el transporte a\u00e9reo, aviaci\u00f3n, turismo, hoteleria, actualidad.","robots":{"index":"index","follow":"follow","max-snippet":"max-snippet:-1","max-image-preview":"max-image-preview:large","max-video-preview":"max-video-preview:-1"},"canonical":"https:\/\/aeronoticias.com.pe\/noticiero\/internacionales\/ex-cancilleres-chilenos-q-no-hay-que-exagerar-sobre-el-triangulo-terrestreq\/","og_locale":"es_ES","og_type":"article","og_title":"Ex cancilleres chilenos: \"No hay que exagerar sobre el tri\u00e1ngulo terrestre\"","og_description":"Portal de noticias del Per\u00fa sobre el transporte a\u00e9reo, aviaci\u00f3n, turismo, hoteleria, actualidad.","og_url":"https:\/\/aeronoticias.com.pe\/noticiero\/internacionales\/ex-cancilleres-chilenos-q-no-hay-que-exagerar-sobre-el-triangulo-terrestreq\/","og_site_name":"Aeronoticias.com.pe","article_publisher":"https:\/\/www.facebook.com\/Aeronoticias.com.pe\/","article_published_time":"2015-11-12T16:11:16+00:00","author":"Redacci\u00f3n Aeronoticias","twitter_card":"summary_large_image","twitter_creator":"@aeronoticias","twitter_site":"@aeronoticias","twitter_misc":{"Escrito por":"Redacci\u00f3n Aeronoticias","Tiempo de lectura":"1 minuto"},"schema":{"@context":"https:\/\/schema.org","@graph":[{"@type":"WebPage","@id":"https:\/\/aeronoticias.com.pe\/noticiero\/internacionales\/ex-cancilleres-chilenos-q-no-hay-que-exagerar-sobre-el-triangulo-terrestreq\/","url":"https:\/\/aeronoticias.com.pe\/noticiero\/internacionales\/ex-cancilleres-chilenos-q-no-hay-que-exagerar-sobre-el-triangulo-terrestreq\/","name":"Ex cancilleres chilenos: \"No hay que exagerar sobre el tri\u00e1ngulo terrestre\"","isPartOf":{"@id":"https:\/\/aeronoticias.com.pe\/noticiero\/#website"},"datePublished":"2015-11-12T16:11:16+00:00","author":{"@id":"https:\/\/aeronoticias.com.pe\/noticiero\/#\/schema\/person\/fc1e5d578f4b62ba1cf7ac2bba1170a0"},"description":"Portal de noticias del Per\u00fa sobre el transporte a\u00e9reo, aviaci\u00f3n, turismo, hoteleria, actualidad.","breadcrumb":{"@id":"https:\/\/aeronoticias.com.pe\/noticiero\/internacionales\/ex-cancilleres-chilenos-q-no-hay-que-exagerar-sobre-el-triangulo-terrestreq\/#breadcrumb"},"inLanguage":"es","potentialAction":[{"@type":"ReadAction","target":["https:\/\/aeronoticias.com.pe\/noticiero\/internacionales\/ex-cancilleres-chilenos-q-no-hay-que-exagerar-sobre-el-triangulo-terrestreq\/"]}]},{"@type":"BreadcrumbList","@id":"https:\/\/aeronoticias.com.pe\/noticiero\/internacionales\/ex-cancilleres-chilenos-q-no-hay-que-exagerar-sobre-el-triangulo-terrestreq\/#breadcrumb","itemListElement":[{"@type":"ListItem","position":1,"name":"Portada","item":"https:\/\/aeronoticias.com.pe\/noticiero\/"},{"@type":"ListItem","position":2,"name":"Ex cancilleres chilenos: \u00abNo hay que exagerar sobre el tri\u00e1ngulo terrestre\u00bb"}]},{"@type":"WebSite","@id":"https:\/\/aeronoticias.com.pe\/noticiero\/#website","url":"https:\/\/aeronoticias.com.pe\/noticiero\/","name":"Aeronoticias.com.pe","description":"Noticias de tranporte aereo, turismo, hoteles, gastronomia, actualidad, internacional","potentialAction":[{"@type":"SearchAction","target":{"@type":"EntryPoint","urlTemplate":"https:\/\/aeronoticias.com.pe\/noticiero\/?s={search_term_string}"},"query-input":{"@type":"PropertyValueSpecification","valueRequired":true,"valueName":"search_term_string"}}],"inLanguage":"es"},{"@type":"Person","@id":"https:\/\/aeronoticias.com.pe\/noticiero\/#\/schema\/person\/fc1e5d578f4b62ba1cf7ac2bba1170a0","name":"Redacci\u00f3n Aeronoticias","url":"https:\/\/aeronoticias.com.pe\/noticiero\/author\/piloto\/"}]}},"_links":{"self":[{"href":"https:\/\/aeronoticias.com.pe\/noticiero\/wp-json\/wp\/v2\/posts\/54183","targetHints":{"allow":["GET"]}}],"collection":[{"href":"https:\/\/aeronoticias.com.pe\/noticiero\/wp-json\/wp\/v2\/posts"}],"about":[{"href":"https:\/\/aeronoticias.com.pe\/noticiero\/wp-json\/wp\/v2\/types\/post"}],"author":[{"embeddable":true,"href":"https:\/\/aeronoticias.com.pe\/noticiero\/wp-json\/wp\/v2\/users\/1"}],"replies":[{"embeddable":true,"href":"https:\/\/aeronoticias.com.pe\/noticiero\/wp-json\/wp\/v2\/comments?post=54183"}],"version-history":[{"count":0,"href":"https:\/\/aeronoticias.com.pe\/noticiero\/wp-json\/wp\/v2\/posts\/54183\/revisions"}],"wp:attachment":[{"href":"https:\/\/aeronoticias.com.pe\/noticiero\/wp-json\/wp\/v2\/media?parent=54183"}],"wp:term":[{"taxonomy":"category","embeddable":true,"href":"https:\/\/aeronoticias.com.pe\/noticiero\/wp-json\/wp\/v2\/categories?post=54183"},{"taxonomy":"post_tag","embeddable":true,"href":"https:\/\/aeronoticias.com.pe\/noticiero\/wp-json\/wp\/v2\/tags?post=54183"}],"curies":[{"name":"wp","href":"https:\/\/api.w.org\/{rel}","templated":true}]}}