{"id":54184,"date":"2015-11-12T16:15:44","date_gmt":"2015-11-12T16:15:44","guid":{"rendered":"http:\/\/desarrollo.mcvicious.com\/aero2020\/2015\/11\/12\/e-pasaporte-ini-una-semana-y-empiezan-peros\/"},"modified":"2015-11-12T16:15:44","modified_gmt":"2015-11-12T16:15:44","slug":"e-pasaporte-ini-una-semana-y-empiezan-peros","status":"publish","type":"post","link":"https:\/\/aeronoticias.com.pe\/noticiero\/politica\/e-pasaporte-ini-una-semana-y-empiezan-peros\/","title":{"rendered":"E-pasaporte: \u00a1ni una semana y empiezan peros!"},"content":{"rendered":"<p style=\"text-align: justify;\"><strong>(Aeronoticias) <\/strong><span style=\"font-size: 12.16px; line-height: 1.3em;\">\u00a1No tiene 7 d\u00edas de firmado el contrato con Gemalto-Imprimerie Nationale Continu Et Services-Segres Systec S.A. y, v\u00eda El Comercio, ya se anuncian excusas para no decir que NO se tendr\u00e1 el pasaporte electr\u00f3nico antes del 31 de diciembre!<\/span><\/p>\n<p style=\"text-align: justify;\"><span style=\"font-size: 12.16px; line-height: 1.3em;\">En uno de los p\u00e1rrafos m\u00e1s desopilantes se dice lo siguiente:<\/span><\/p>\n<p style=\"text-align: justify;\"><span style=\"font-size: 12.16px; line-height: 1.3em;\">\u00abSeg\u00fan comentaron a este Diario fuentes de la Superintendencia Nacional de Migraciones, reci\u00e9n en ese momento se conocer\u00e1 la fecha en que empezar\u00e1 a emitirse este documento. \u00bb http:\/\/elcomercio.pe\/politica\/actualidad\/visa-schengen-no-hay-fecha-ingreso-peruanos-ue-noticia-1855261<\/span><\/p>\n<p style=\"text-align: justify;\"><span style=\"font-size: 12.16px; line-height: 1.3em;\">\u00a1Un momentito! \u00bfCu\u00e1les fuentes? El \u00fanico autorizado a hablar por la Superintendencia Nacional de Migraciones es su titular, don Boris Potoz\u00e9n, el amable funcionario que dijo en su pomposa \u00abconvocatoria mundial\u00bb para el documento biom\u00e9trico que \u00e9ste empezar\u00eda a circular a partir de diciembre. (Pasaporte biom\u00e9trico tendr\u00e1 informaci\u00f3n de huellas dactilares y reconocimiento facial,http:\/\/www.tvperu.gob.pe\/informa\/politica\/pasaporte-biom-trico-tendr-informaci-n-de-huellas-dactilares-y-reconocimiento-facial, 15 Agosto 2015)<\/span><\/p>\n<p style=\"text-align: justify;\"><span style=\"font-size: 12.16px; line-height: 1.3em;\">La verdad podr\u00eda ser otra y anunciada varias veces por quien esto escribe: que NO tendremos pasaporte electr\u00f3nico en diciembre sino -como dice el contrato- hasta el 11 de mayo del 2016. Entonces, lo que est\u00e1n anunciando con desverguenza es un parche y una informaci\u00f3n distractiva que El Comercio no se encarga tampoco de investigar o desentra\u00f1ar.<\/span><\/p>\n<p style=\"text-align: justify;\"><span style=\"font-size: 12.16px; line-height: 1.3em;\">Peor a\u00fan: <\/span><\/p>\n<p style=\"text-align: justify;\"><span style=\"font-size: 12.16px; line-height: 1.3em;\">\u00abAl ser consultado sobre el tema, el ministro del Interior, Jos\u00e9 Luis P\u00e9rez Guadalupe, de cuya cartera depende Migraciones, dijo que el cronograma que dar\u00e1 a conocer el consorcio ganador se presentar\u00e1 en Bruselas a fin de mes.<\/span><\/p>\n<p style=\"text-align: justify;\"><span style=\"font-size: 12.16px; line-height: 1.3em;\">\u201cA partir de all\u00ed, la Uni\u00f3n Europa decide en qu\u00e9 momento se va a dar la eliminaci\u00f3n de la visa Schengen\u201d, indic\u00f3 a la prensa.<\/span><\/p>\n<p style=\"text-align: justify;\"><span style=\"font-size: 12.16px; line-height: 1.3em;\">Seg\u00fan consider\u00f3 el titular del sector, \u201ctodo est\u00e1 marchando muy bien, y as\u00ed tambi\u00e9n lo ha manifestado la embajadora de la Uni\u00f3n Europea en Lima, Irene Horejs\u201d.<\/span><\/p>\n<p style=\"text-align: justify;\"><span style=\"font-size: 12.16px; line-height: 1.3em;\">No hay duda posible que Nicol\u00e1s Kecskemethy, due\u00f1o de la controvertida Segres Systec S.A., que particip\u00f3 activamente en los negociados de Vladimiro Montesinos, s\u00ed tiene una buena cartera de amigos, aqu\u00ed y en las legaciones diplom\u00e1ticas.<\/span><\/p>\n<p style=\"text-align: justify;\"><span style=\"font-size: 12.16px; line-height: 1.3em;\">Los colombianos podr\u00e1n ingresar a los pa\u00edses del espacio Schengen sin la respectiva visa desde el 3 de diciembre pr\u00f3ximo, seg\u00fan anunci\u00f3 su mandatario Juan Manuel Santos hace unos d\u00edas.\u00bb http:\/\/elcomercio.pe\/politica\/actualidad\/visa-schengen-no-hay-fecha-ingreso-peruanos-ue-noticia-1855261<\/span><\/p>\n<p style=\"text-align: justify;\"><span style=\"font-size: 12.16px; line-height: 1.3em;\">\u00bfAs\u00ed que primero firma el Estado peruano a trav\u00e9s de Migraciones un contrato con Gemalto-Imprimerie Nationale-Segres Systec, y luego el consorcio dar\u00e1 a conocer el cronograma que se comunicar\u00e1 a Bruselas para que ellos decidan cu\u00e1ndo se eliminar\u00e1 la visa Schengen? \u00bfNo suena a cuento bobo?<\/span><\/p>\n<p style=\"text-align: justify;\"><span style=\"font-size: 12.16px; line-height: 1.3em;\">Corre el rumor intenso, desde dentro mismo de Migraciones, que empiezan a conocer facetas del interesante asunto, que el consorcio ganador estar\u00eda preparando una muestra, al estilo del n\u00famero 0 que se usa en periodismo para las publicaciones, y para exhibir ante la Comunidad Europea. \u00bfUna criollada monda y lironda? o \u00bfa cambio de qu\u00e9?, \u00bfse nos viene la primera addenda para elevar el contrato en un 30%, el monto original? Esperemos estos d\u00edas a ver con qu\u00e9 nos pretenden marear los cuentistas.<\/span><\/p>\n<p style=\"text-align: justify;\"><span style=\"font-size: 12.16px; line-height: 1.3em;\">\u00bfPor qu\u00e9 en Colombia ya funciona el pasaporte electr\u00f3nico a partir del 3 de diciembre y la eliminaci\u00f3n de la visa Schengen para sus ciudadanos en la Comunidad Europea y aqu\u00ed tenemos a unos prestidigitadores diciendo tonter\u00edas al inocente pueblo peruano?<\/span><\/p>\n<p style=\"text-align: justify;\"><span style=\"font-size: 12.16px; line-height: 1.3em;\">Que se sepa esa clase de distinciones entre canciller\u00edas no es usual. Y Colombia cumpli\u00f3 los plazos y Per\u00fa no. \u00bfQu\u00e9 buena gente son los europeos, no?.<\/span><\/p>\n<p style=\"text-align: justify;\"><span style=\"font-size: 12.16px; line-height: 1.3em;\">Pero, esto s\u00ed es preocupante, la respuesta del ministro Guadalupe revela que s\u00ed conoc\u00eda del tema de las fechas y el posible incumplimiento respecto de lo ofrecido por su subordinado Potoz\u00e9n y por eso ha salido a decir lo que ha dicho. En buen castellano, sab\u00edan de pe a pa, que el consorcio ganador Gemalto-Imprimerie Nationale-Segres Systec NO iba a cumplir y a pesar de ello y las denuncias que se hicieron, la contumacia se hizo realidad y se otorg\u00f3 la buena pro y se firm\u00f3 el contrato con aquellas empresas.<\/span><\/p>\n<p style=\"text-align: justify;\"><span style=\"font-size: 12.16px; line-height: 1.3em;\">Como dec\u00edamos al comienzo: ni una semana y empiezan peros. \u00bfQu\u00e9 m\u00e1s sorpresas nos tienen en Migraciones? \u00a1Exijo una explicaci\u00f3n!<\/span><\/p>\n<p style=\"text-align: justify;\"><span style=\"font-size: 12.16px; line-height: 1.3em;\"><img decoding=\"async\" src=\"images\/stories\/15\/11\/121115\/e-pasaporte.jpg\" border=\"0\" \/><br \/><\/span><\/p>\n<p style=\"text-align: justify;\">\u00a0<\/p>\n","protected":false},"excerpt":{"rendered":"<p>(Aeronoticias) \u00a1No tiene 7 d\u00edas de firmado el contrato con Gemalto-Imprimerie Nationale Continu Et Services-Segres Systec S.A. y, v\u00eda El Comercio, ya se anuncian excusas para no decir que NO se tendr\u00e1 el pasaporte electr\u00f3nico antes del 31 de diciembre! En uno de los p\u00e1rrafos m\u00e1s desopilantes se dice lo siguiente: \u00abSeg\u00fan comentaron a este [&hellip;]<\/p>\n","protected":false},"author":1,"featured_media":0,"comment_status":"open","ping_status":"open","sticky":false,"template":"","format":"standard","meta":{"tdm_status":"","tdm_grid_status":"","footnotes":""},"categories":[36],"tags":[],"class_list":{"0":"post-54184","1":"post","2":"type-post","3":"status-publish","4":"format-standard","6":"category-politica"},"yoast_head":"<!-- This site is optimized with the Yoast SEO plugin v25.1 - https:\/\/yoast.com\/wordpress\/plugins\/seo\/ -->\n<title>E-pasaporte: \u00a1ni una semana y empiezan peros!<\/title>\n<meta name=\"description\" content=\"Portal de noticias del Per\u00fa sobre el transporte a\u00e9reo, aviaci\u00f3n, turismo, hoteleria, actualidad.\" \/>\n<meta name=\"robots\" content=\"index, follow, max-snippet:-1, max-image-preview:large, max-video-preview:-1\" \/>\n<link rel=\"canonical\" href=\"https:\/\/aeronoticias.com.pe\/noticiero\/politica\/e-pasaporte-ini-una-semana-y-empiezan-peros\/\" \/>\n<meta property=\"og:locale\" content=\"es_ES\" \/>\n<meta property=\"og:type\" content=\"article\" \/>\n<meta property=\"og:title\" content=\"E-pasaporte: \u00a1ni una semana y empiezan peros!\" \/>\n<meta property=\"og:description\" content=\"Portal de noticias del Per\u00fa sobre el transporte a\u00e9reo, aviaci\u00f3n, turismo, hoteleria, actualidad.\" \/>\n<meta property=\"og:url\" content=\"https:\/\/aeronoticias.com.pe\/noticiero\/politica\/e-pasaporte-ini-una-semana-y-empiezan-peros\/\" \/>\n<meta property=\"og:site_name\" content=\"Aeronoticias.com.pe\" \/>\n<meta property=\"article:publisher\" content=\"https:\/\/www.facebook.com\/Aeronoticias.com.pe\/\" \/>\n<meta property=\"article:published_time\" content=\"2015-11-12T16:15:44+00:00\" \/>\n<meta name=\"author\" content=\"Redacci\u00f3n Aeronoticias\" \/>\n<meta name=\"twitter:card\" content=\"summary_large_image\" \/>\n<meta name=\"twitter:creator\" content=\"@aeronoticias\" \/>\n<meta name=\"twitter:site\" content=\"@aeronoticias\" \/>\n<meta name=\"twitter:label1\" content=\"Escrito por\" \/>\n\t<meta name=\"twitter:data1\" content=\"Redacci\u00f3n Aeronoticias\" \/>\n\t<meta name=\"twitter:label2\" content=\"Tiempo de lectura\" \/>\n\t<meta name=\"twitter:data2\" content=\"4 minutos\" \/>\n<script type=\"application\/ld+json\" class=\"yoast-schema-graph\">{\"@context\":\"https:\/\/schema.org\",\"@graph\":[{\"@type\":\"WebPage\",\"@id\":\"https:\/\/aeronoticias.com.pe\/noticiero\/politica\/e-pasaporte-ini-una-semana-y-empiezan-peros\/\",\"url\":\"https:\/\/aeronoticias.com.pe\/noticiero\/politica\/e-pasaporte-ini-una-semana-y-empiezan-peros\/\",\"name\":\"E-pasaporte: \u00a1ni una semana y empiezan peros!\",\"isPartOf\":{\"@id\":\"https:\/\/aeronoticias.com.pe\/noticiero\/#website\"},\"datePublished\":\"2015-11-12T16:15:44+00:00\",\"author\":{\"@id\":\"https:\/\/aeronoticias.com.pe\/noticiero\/#\/schema\/person\/fc1e5d578f4b62ba1cf7ac2bba1170a0\"},\"description\":\"Portal de noticias del Per\u00fa sobre el transporte a\u00e9reo, aviaci\u00f3n, turismo, hoteleria, actualidad.\",\"breadcrumb\":{\"@id\":\"https:\/\/aeronoticias.com.pe\/noticiero\/politica\/e-pasaporte-ini-una-semana-y-empiezan-peros\/#breadcrumb\"},\"inLanguage\":\"es\",\"potentialAction\":[{\"@type\":\"ReadAction\",\"target\":[\"https:\/\/aeronoticias.com.pe\/noticiero\/politica\/e-pasaporte-ini-una-semana-y-empiezan-peros\/\"]}]},{\"@type\":\"BreadcrumbList\",\"@id\":\"https:\/\/aeronoticias.com.pe\/noticiero\/politica\/e-pasaporte-ini-una-semana-y-empiezan-peros\/#breadcrumb\",\"itemListElement\":[{\"@type\":\"ListItem\",\"position\":1,\"name\":\"Portada\",\"item\":\"https:\/\/aeronoticias.com.pe\/noticiero\/\"},{\"@type\":\"ListItem\",\"position\":2,\"name\":\"E-pasaporte: \u00a1ni una semana y empiezan peros!\"}]},{\"@type\":\"WebSite\",\"@id\":\"https:\/\/aeronoticias.com.pe\/noticiero\/#website\",\"url\":\"https:\/\/aeronoticias.com.pe\/noticiero\/\",\"name\":\"Aeronoticias.com.pe\",\"description\":\"Noticias de tranporte aereo, turismo, hoteles, gastronomia, actualidad, internacional\",\"potentialAction\":[{\"@type\":\"SearchAction\",\"target\":{\"@type\":\"EntryPoint\",\"urlTemplate\":\"https:\/\/aeronoticias.com.pe\/noticiero\/?s={search_term_string}\"},\"query-input\":{\"@type\":\"PropertyValueSpecification\",\"valueRequired\":true,\"valueName\":\"search_term_string\"}}],\"inLanguage\":\"es\"},{\"@type\":\"Person\",\"@id\":\"https:\/\/aeronoticias.com.pe\/noticiero\/#\/schema\/person\/fc1e5d578f4b62ba1cf7ac2bba1170a0\",\"name\":\"Redacci\u00f3n Aeronoticias\",\"url\":\"https:\/\/aeronoticias.com.pe\/noticiero\/author\/piloto\/\"}]}<\/script>\n<!-- \/ Yoast SEO plugin. -->","yoast_head_json":{"title":"E-pasaporte: \u00a1ni una semana y empiezan peros!","description":"Portal de noticias del Per\u00fa sobre el transporte a\u00e9reo, aviaci\u00f3n, turismo, hoteleria, actualidad.","robots":{"index":"index","follow":"follow","max-snippet":"max-snippet:-1","max-image-preview":"max-image-preview:large","max-video-preview":"max-video-preview:-1"},"canonical":"https:\/\/aeronoticias.com.pe\/noticiero\/politica\/e-pasaporte-ini-una-semana-y-empiezan-peros\/","og_locale":"es_ES","og_type":"article","og_title":"E-pasaporte: \u00a1ni una semana y empiezan peros!","og_description":"Portal de noticias del Per\u00fa sobre el transporte a\u00e9reo, aviaci\u00f3n, turismo, hoteleria, actualidad.","og_url":"https:\/\/aeronoticias.com.pe\/noticiero\/politica\/e-pasaporte-ini-una-semana-y-empiezan-peros\/","og_site_name":"Aeronoticias.com.pe","article_publisher":"https:\/\/www.facebook.com\/Aeronoticias.com.pe\/","article_published_time":"2015-11-12T16:15:44+00:00","author":"Redacci\u00f3n Aeronoticias","twitter_card":"summary_large_image","twitter_creator":"@aeronoticias","twitter_site":"@aeronoticias","twitter_misc":{"Escrito por":"Redacci\u00f3n Aeronoticias","Tiempo de lectura":"4 minutos"},"schema":{"@context":"https:\/\/schema.org","@graph":[{"@type":"WebPage","@id":"https:\/\/aeronoticias.com.pe\/noticiero\/politica\/e-pasaporte-ini-una-semana-y-empiezan-peros\/","url":"https:\/\/aeronoticias.com.pe\/noticiero\/politica\/e-pasaporte-ini-una-semana-y-empiezan-peros\/","name":"E-pasaporte: \u00a1ni una semana y empiezan peros!","isPartOf":{"@id":"https:\/\/aeronoticias.com.pe\/noticiero\/#website"},"datePublished":"2015-11-12T16:15:44+00:00","author":{"@id":"https:\/\/aeronoticias.com.pe\/noticiero\/#\/schema\/person\/fc1e5d578f4b62ba1cf7ac2bba1170a0"},"description":"Portal de noticias del Per\u00fa sobre el transporte a\u00e9reo, aviaci\u00f3n, turismo, hoteleria, actualidad.","breadcrumb":{"@id":"https:\/\/aeronoticias.com.pe\/noticiero\/politica\/e-pasaporte-ini-una-semana-y-empiezan-peros\/#breadcrumb"},"inLanguage":"es","potentialAction":[{"@type":"ReadAction","target":["https:\/\/aeronoticias.com.pe\/noticiero\/politica\/e-pasaporte-ini-una-semana-y-empiezan-peros\/"]}]},{"@type":"BreadcrumbList","@id":"https:\/\/aeronoticias.com.pe\/noticiero\/politica\/e-pasaporte-ini-una-semana-y-empiezan-peros\/#breadcrumb","itemListElement":[{"@type":"ListItem","position":1,"name":"Portada","item":"https:\/\/aeronoticias.com.pe\/noticiero\/"},{"@type":"ListItem","position":2,"name":"E-pasaporte: \u00a1ni una semana y empiezan peros!"}]},{"@type":"WebSite","@id":"https:\/\/aeronoticias.com.pe\/noticiero\/#website","url":"https:\/\/aeronoticias.com.pe\/noticiero\/","name":"Aeronoticias.com.pe","description":"Noticias de tranporte aereo, turismo, hoteles, gastronomia, actualidad, internacional","potentialAction":[{"@type":"SearchAction","target":{"@type":"EntryPoint","urlTemplate":"https:\/\/aeronoticias.com.pe\/noticiero\/?s={search_term_string}"},"query-input":{"@type":"PropertyValueSpecification","valueRequired":true,"valueName":"search_term_string"}}],"inLanguage":"es"},{"@type":"Person","@id":"https:\/\/aeronoticias.com.pe\/noticiero\/#\/schema\/person\/fc1e5d578f4b62ba1cf7ac2bba1170a0","name":"Redacci\u00f3n Aeronoticias","url":"https:\/\/aeronoticias.com.pe\/noticiero\/author\/piloto\/"}]}},"_links":{"self":[{"href":"https:\/\/aeronoticias.com.pe\/noticiero\/wp-json\/wp\/v2\/posts\/54184","targetHints":{"allow":["GET"]}}],"collection":[{"href":"https:\/\/aeronoticias.com.pe\/noticiero\/wp-json\/wp\/v2\/posts"}],"about":[{"href":"https:\/\/aeronoticias.com.pe\/noticiero\/wp-json\/wp\/v2\/types\/post"}],"author":[{"embeddable":true,"href":"https:\/\/aeronoticias.com.pe\/noticiero\/wp-json\/wp\/v2\/users\/1"}],"replies":[{"embeddable":true,"href":"https:\/\/aeronoticias.com.pe\/noticiero\/wp-json\/wp\/v2\/comments?post=54184"}],"version-history":[{"count":0,"href":"https:\/\/aeronoticias.com.pe\/noticiero\/wp-json\/wp\/v2\/posts\/54184\/revisions"}],"wp:attachment":[{"href":"https:\/\/aeronoticias.com.pe\/noticiero\/wp-json\/wp\/v2\/media?parent=54184"}],"wp:term":[{"taxonomy":"category","embeddable":true,"href":"https:\/\/aeronoticias.com.pe\/noticiero\/wp-json\/wp\/v2\/categories?post=54184"},{"taxonomy":"post_tag","embeddable":true,"href":"https:\/\/aeronoticias.com.pe\/noticiero\/wp-json\/wp\/v2\/tags?post=54184"}],"curies":[{"name":"wp","href":"https:\/\/api.w.org\/{rel}","templated":true}]}}