{"id":54185,"date":"2015-11-12T16:28:01","date_gmt":"2015-11-12T16:28:01","guid":{"rendered":"http:\/\/desarrollo.mcvicious.com\/aero2020\/2015\/11\/12\/julian-palacin-candidato-al-decanato-del-cal-apoya-el-paro-nacional-de-los-trabajadores-judiciales\/"},"modified":"2015-11-12T16:28:01","modified_gmt":"2015-11-12T16:28:01","slug":"julian-palacin-candidato-al-decanato-del-cal-apoya-el-paro-nacional-de-los-trabajadores-judiciales","status":"publish","type":"post","link":"https:\/\/aeronoticias.com.pe\/noticiero\/nacionales\/julian-palacin-candidato-al-decanato-del-cal-apoya-el-paro-nacional-de-los-trabajadores-judiciales\/","title":{"rendered":"Juli\u00e1n Palac\u00edn candidato al Decanato del CAL, apoya el Paro Nacional de los Trabajadores Judiciales"},"content":{"rendered":"<p style=\"text-align: justify;\"><strong>(Aeronoticias) <\/strong><span style=\"font-size: 12.16px; line-height: 1.3em;\">El conocido abogado experto en Derecho Aeron\u00e1utico y candidato al Decanato del Colegio de Abogados de Lima 2016-2017, Juli\u00e1n Palac\u00edn Fern\u00e1ndez, se identific\u00f3 con el Paro Nacional de los trabajadores del Sindicato Unitario de Trabajadores del Poder Judicial, incluyendo a los trabajadores judiciales, INPE, Poder Judicial, Ministerio P\u00fablico, Jurado Nacional de Elecciones, Sutramip (Sindicato de Trabajadores de Ministerio P\u00fablico) Sutramp, Fentramip, exigiendo que el Ministerio de Econom\u00eda y Finanzas otorgue el presupuesto econ\u00f3mico y se ponga fin al paro Judicial. <\/span><\/p>\n<p style=\"text-align: justify;\">No puede ser que nuestros abogados que trabajan en el Poder Judicial tengan un ingreso salarial similar a la de una empleada dom\u00e9stica, el Ministro de Econom\u00eda debe aumentar el presupuesto del Poder Judicial y se tiene que nombrar m\u00e1s jueces ya que un magistrado no puede ver 8 mil expedientes por mes.<\/p>\n<p style=\"text-align: justify;\">Respald\u00f3 al grupo de los trabajadores sindicales de las instituciones Judiciales reclaman sus derechos como personas que laboran en estas empresas del Estado Peruano, por lo cual el Presidente Ollanta Humala y el Ministerio de Econom\u00eda no deber\u00edan permitir que estos trabajadores \u00a0obtengan ingresos paup\u00e9rrimos siendo profesionales con t\u00edtulo universitario, maestr\u00edas y doctorados, es por ello, que se realizar\u00e1 una imposici\u00f3n Institucional del Colegio de Abogados de Lima para que no suceda este tipo de discriminaci\u00f3n hacia dichos profesiones que merecen ser reconocidos como tales.<\/p>\n<p style=\"text-align: justify;\">El Sindicato de Trabajadores Penitenciarios acota: \u201cJunto por nuestras reivindicaciones laborales exigimos \u201cMayor Presupuesto\u201d para incrementos salariales y mejores condiciones de trabajo, Trabajadores Estatales del Sector de Justicia unidos por un solo pu\u00f1o\u201d.<\/p>\n<p style=\"text-align: justify;\">Dijo que con el Jurista Jos\u00e9 Roberto Rend\u00f3n V\u00e1squez, profesor de Post Grado de la Universidad de San Marcos que va en su lista al Decanato del CAL han hecho un trabajo de investigaci\u00f3n sobre los derecho laborales de los jueces y de los auxiliares jurisdiccionales y que este documento acad\u00e9mico es y ser\u00e1 objetivo del Plan de Desarrollo Institucional del CAL 2016-2017<\/p>\n<p style=\"text-align: justify;\">En conclusi\u00f3n, solicitan un aumento salarial para confrontar sus necesidades econ\u00f3micas y personales.<\/p>\n<p style=\"text-align: justify;\"><img decoding=\"async\" src=\"images\/stories\/15\/11\/121115\/parojudicial1.jpg\" border=\"0\" \/><\/p>\n<p style=\"text-align: justify;\">\u00a0<\/p>\n<p>\u00a0<\/p>\n","protected":false},"excerpt":{"rendered":"<p>(Aeronoticias) El conocido abogado experto en Derecho Aeron\u00e1utico y candidato al Decanato del Colegio de Abogados de Lima 2016-2017, Juli\u00e1n Palac\u00edn Fern\u00e1ndez, se identific\u00f3 con el Paro Nacional de los trabajadores del Sindicato Unitario de Trabajadores del Poder Judicial, incluyendo a los trabajadores judiciales, INPE, Poder Judicial, Ministerio P\u00fablico, Jurado Nacional de Elecciones, Sutramip (Sindicato [&hellip;]<\/p>\n","protected":false},"author":1,"featured_media":0,"comment_status":"open","ping_status":"open","sticky":false,"template":"","format":"standard","meta":{"tdm_status":"","tdm_grid_status":"","footnotes":""},"categories":[38],"tags":[],"class_list":{"0":"post-54185","1":"post","2":"type-post","3":"status-publish","4":"format-standard","6":"category-nacionales"},"yoast_head":"<!-- This site is optimized with the Yoast SEO plugin v25.1 - https:\/\/yoast.com\/wordpress\/plugins\/seo\/ -->\n<title>Juli\u00e1n Palac\u00edn candidato al Decanato del CAL, apoya el Paro Nacional de los Trabajadores Judiciales<\/title>\n<meta name=\"description\" content=\"Portal de noticias del Per\u00fa sobre el transporte a\u00e9reo, aviaci\u00f3n, turismo, hoteleria, actualidad.\" \/>\n<meta name=\"robots\" content=\"index, follow, max-snippet:-1, max-image-preview:large, max-video-preview:-1\" \/>\n<link rel=\"canonical\" href=\"https:\/\/aeronoticias.com.pe\/noticiero\/nacionales\/julian-palacin-candidato-al-decanato-del-cal-apoya-el-paro-nacional-de-los-trabajadores-judiciales\/\" \/>\n<meta property=\"og:locale\" content=\"es_ES\" \/>\n<meta property=\"og:type\" content=\"article\" \/>\n<meta property=\"og:title\" content=\"Juli\u00e1n Palac\u00edn candidato al Decanato del CAL, apoya el Paro Nacional de los Trabajadores Judiciales\" \/>\n<meta property=\"og:description\" content=\"Portal de noticias del Per\u00fa sobre el transporte a\u00e9reo, aviaci\u00f3n, turismo, hoteleria, actualidad.\" \/>\n<meta property=\"og:url\" content=\"https:\/\/aeronoticias.com.pe\/noticiero\/nacionales\/julian-palacin-candidato-al-decanato-del-cal-apoya-el-paro-nacional-de-los-trabajadores-judiciales\/\" \/>\n<meta property=\"og:site_name\" content=\"Aeronoticias.com.pe\" \/>\n<meta property=\"article:publisher\" content=\"https:\/\/www.facebook.com\/Aeronoticias.com.pe\/\" \/>\n<meta property=\"article:published_time\" content=\"2015-11-12T16:28:01+00:00\" \/>\n<meta name=\"author\" content=\"Redacci\u00f3n Aeronoticias\" \/>\n<meta name=\"twitter:card\" content=\"summary_large_image\" \/>\n<meta name=\"twitter:creator\" content=\"@aeronoticias\" \/>\n<meta name=\"twitter:site\" content=\"@aeronoticias\" \/>\n<meta name=\"twitter:label1\" content=\"Escrito por\" \/>\n\t<meta name=\"twitter:data1\" content=\"Redacci\u00f3n Aeronoticias\" \/>\n\t<meta name=\"twitter:label2\" content=\"Tiempo de lectura\" \/>\n\t<meta name=\"twitter:data2\" content=\"2 minutos\" \/>\n<script type=\"application\/ld+json\" class=\"yoast-schema-graph\">{\"@context\":\"https:\/\/schema.org\",\"@graph\":[{\"@type\":\"WebPage\",\"@id\":\"https:\/\/aeronoticias.com.pe\/noticiero\/nacionales\/julian-palacin-candidato-al-decanato-del-cal-apoya-el-paro-nacional-de-los-trabajadores-judiciales\/\",\"url\":\"https:\/\/aeronoticias.com.pe\/noticiero\/nacionales\/julian-palacin-candidato-al-decanato-del-cal-apoya-el-paro-nacional-de-los-trabajadores-judiciales\/\",\"name\":\"Juli\u00e1n Palac\u00edn candidato al Decanato del CAL, apoya el Paro Nacional de los Trabajadores Judiciales\",\"isPartOf\":{\"@id\":\"https:\/\/aeronoticias.com.pe\/noticiero\/#website\"},\"datePublished\":\"2015-11-12T16:28:01+00:00\",\"author\":{\"@id\":\"https:\/\/aeronoticias.com.pe\/noticiero\/#\/schema\/person\/fc1e5d578f4b62ba1cf7ac2bba1170a0\"},\"description\":\"Portal de noticias del Per\u00fa sobre el transporte a\u00e9reo, aviaci\u00f3n, turismo, hoteleria, actualidad.\",\"breadcrumb\":{\"@id\":\"https:\/\/aeronoticias.com.pe\/noticiero\/nacionales\/julian-palacin-candidato-al-decanato-del-cal-apoya-el-paro-nacional-de-los-trabajadores-judiciales\/#breadcrumb\"},\"inLanguage\":\"es\",\"potentialAction\":[{\"@type\":\"ReadAction\",\"target\":[\"https:\/\/aeronoticias.com.pe\/noticiero\/nacionales\/julian-palacin-candidato-al-decanato-del-cal-apoya-el-paro-nacional-de-los-trabajadores-judiciales\/\"]}]},{\"@type\":\"BreadcrumbList\",\"@id\":\"https:\/\/aeronoticias.com.pe\/noticiero\/nacionales\/julian-palacin-candidato-al-decanato-del-cal-apoya-el-paro-nacional-de-los-trabajadores-judiciales\/#breadcrumb\",\"itemListElement\":[{\"@type\":\"ListItem\",\"position\":1,\"name\":\"Portada\",\"item\":\"https:\/\/aeronoticias.com.pe\/noticiero\/\"},{\"@type\":\"ListItem\",\"position\":2,\"name\":\"Juli\u00e1n Palac\u00edn candidato al Decanato del CAL, apoya el Paro Nacional de los Trabajadores Judiciales\"}]},{\"@type\":\"WebSite\",\"@id\":\"https:\/\/aeronoticias.com.pe\/noticiero\/#website\",\"url\":\"https:\/\/aeronoticias.com.pe\/noticiero\/\",\"name\":\"Aeronoticias.com.pe\",\"description\":\"Noticias de tranporte aereo, turismo, hoteles, gastronomia, actualidad, internacional\",\"potentialAction\":[{\"@type\":\"SearchAction\",\"target\":{\"@type\":\"EntryPoint\",\"urlTemplate\":\"https:\/\/aeronoticias.com.pe\/noticiero\/?s={search_term_string}\"},\"query-input\":{\"@type\":\"PropertyValueSpecification\",\"valueRequired\":true,\"valueName\":\"search_term_string\"}}],\"inLanguage\":\"es\"},{\"@type\":\"Person\",\"@id\":\"https:\/\/aeronoticias.com.pe\/noticiero\/#\/schema\/person\/fc1e5d578f4b62ba1cf7ac2bba1170a0\",\"name\":\"Redacci\u00f3n Aeronoticias\",\"url\":\"https:\/\/aeronoticias.com.pe\/noticiero\/author\/piloto\/\"}]}<\/script>\n<!-- \/ Yoast SEO plugin. -->","yoast_head_json":{"title":"Juli\u00e1n Palac\u00edn candidato al Decanato del CAL, apoya el Paro Nacional de los Trabajadores Judiciales","description":"Portal de noticias del Per\u00fa sobre el transporte a\u00e9reo, aviaci\u00f3n, turismo, hoteleria, actualidad.","robots":{"index":"index","follow":"follow","max-snippet":"max-snippet:-1","max-image-preview":"max-image-preview:large","max-video-preview":"max-video-preview:-1"},"canonical":"https:\/\/aeronoticias.com.pe\/noticiero\/nacionales\/julian-palacin-candidato-al-decanato-del-cal-apoya-el-paro-nacional-de-los-trabajadores-judiciales\/","og_locale":"es_ES","og_type":"article","og_title":"Juli\u00e1n Palac\u00edn candidato al Decanato del CAL, apoya el Paro Nacional de los Trabajadores Judiciales","og_description":"Portal de noticias del Per\u00fa sobre el transporte a\u00e9reo, aviaci\u00f3n, turismo, hoteleria, actualidad.","og_url":"https:\/\/aeronoticias.com.pe\/noticiero\/nacionales\/julian-palacin-candidato-al-decanato-del-cal-apoya-el-paro-nacional-de-los-trabajadores-judiciales\/","og_site_name":"Aeronoticias.com.pe","article_publisher":"https:\/\/www.facebook.com\/Aeronoticias.com.pe\/","article_published_time":"2015-11-12T16:28:01+00:00","author":"Redacci\u00f3n Aeronoticias","twitter_card":"summary_large_image","twitter_creator":"@aeronoticias","twitter_site":"@aeronoticias","twitter_misc":{"Escrito por":"Redacci\u00f3n Aeronoticias","Tiempo de lectura":"2 minutos"},"schema":{"@context":"https:\/\/schema.org","@graph":[{"@type":"WebPage","@id":"https:\/\/aeronoticias.com.pe\/noticiero\/nacionales\/julian-palacin-candidato-al-decanato-del-cal-apoya-el-paro-nacional-de-los-trabajadores-judiciales\/","url":"https:\/\/aeronoticias.com.pe\/noticiero\/nacionales\/julian-palacin-candidato-al-decanato-del-cal-apoya-el-paro-nacional-de-los-trabajadores-judiciales\/","name":"Juli\u00e1n Palac\u00edn candidato al Decanato del CAL, apoya el Paro Nacional de los Trabajadores Judiciales","isPartOf":{"@id":"https:\/\/aeronoticias.com.pe\/noticiero\/#website"},"datePublished":"2015-11-12T16:28:01+00:00","author":{"@id":"https:\/\/aeronoticias.com.pe\/noticiero\/#\/schema\/person\/fc1e5d578f4b62ba1cf7ac2bba1170a0"},"description":"Portal de noticias del Per\u00fa sobre el transporte a\u00e9reo, aviaci\u00f3n, turismo, hoteleria, actualidad.","breadcrumb":{"@id":"https:\/\/aeronoticias.com.pe\/noticiero\/nacionales\/julian-palacin-candidato-al-decanato-del-cal-apoya-el-paro-nacional-de-los-trabajadores-judiciales\/#breadcrumb"},"inLanguage":"es","potentialAction":[{"@type":"ReadAction","target":["https:\/\/aeronoticias.com.pe\/noticiero\/nacionales\/julian-palacin-candidato-al-decanato-del-cal-apoya-el-paro-nacional-de-los-trabajadores-judiciales\/"]}]},{"@type":"BreadcrumbList","@id":"https:\/\/aeronoticias.com.pe\/noticiero\/nacionales\/julian-palacin-candidato-al-decanato-del-cal-apoya-el-paro-nacional-de-los-trabajadores-judiciales\/#breadcrumb","itemListElement":[{"@type":"ListItem","position":1,"name":"Portada","item":"https:\/\/aeronoticias.com.pe\/noticiero\/"},{"@type":"ListItem","position":2,"name":"Juli\u00e1n Palac\u00edn candidato al Decanato del CAL, apoya el Paro Nacional de los Trabajadores Judiciales"}]},{"@type":"WebSite","@id":"https:\/\/aeronoticias.com.pe\/noticiero\/#website","url":"https:\/\/aeronoticias.com.pe\/noticiero\/","name":"Aeronoticias.com.pe","description":"Noticias de tranporte aereo, turismo, hoteles, gastronomia, actualidad, internacional","potentialAction":[{"@type":"SearchAction","target":{"@type":"EntryPoint","urlTemplate":"https:\/\/aeronoticias.com.pe\/noticiero\/?s={search_term_string}"},"query-input":{"@type":"PropertyValueSpecification","valueRequired":true,"valueName":"search_term_string"}}],"inLanguage":"es"},{"@type":"Person","@id":"https:\/\/aeronoticias.com.pe\/noticiero\/#\/schema\/person\/fc1e5d578f4b62ba1cf7ac2bba1170a0","name":"Redacci\u00f3n Aeronoticias","url":"https:\/\/aeronoticias.com.pe\/noticiero\/author\/piloto\/"}]}},"_links":{"self":[{"href":"https:\/\/aeronoticias.com.pe\/noticiero\/wp-json\/wp\/v2\/posts\/54185","targetHints":{"allow":["GET"]}}],"collection":[{"href":"https:\/\/aeronoticias.com.pe\/noticiero\/wp-json\/wp\/v2\/posts"}],"about":[{"href":"https:\/\/aeronoticias.com.pe\/noticiero\/wp-json\/wp\/v2\/types\/post"}],"author":[{"embeddable":true,"href":"https:\/\/aeronoticias.com.pe\/noticiero\/wp-json\/wp\/v2\/users\/1"}],"replies":[{"embeddable":true,"href":"https:\/\/aeronoticias.com.pe\/noticiero\/wp-json\/wp\/v2\/comments?post=54185"}],"version-history":[{"count":0,"href":"https:\/\/aeronoticias.com.pe\/noticiero\/wp-json\/wp\/v2\/posts\/54185\/revisions"}],"wp:attachment":[{"href":"https:\/\/aeronoticias.com.pe\/noticiero\/wp-json\/wp\/v2\/media?parent=54185"}],"wp:term":[{"taxonomy":"category","embeddable":true,"href":"https:\/\/aeronoticias.com.pe\/noticiero\/wp-json\/wp\/v2\/categories?post=54185"},{"taxonomy":"post_tag","embeddable":true,"href":"https:\/\/aeronoticias.com.pe\/noticiero\/wp-json\/wp\/v2\/tags?post=54185"}],"curies":[{"name":"wp","href":"https:\/\/api.w.org\/{rel}","templated":true}]}}