{"id":54187,"date":"2015-11-12T16:57:27","date_gmt":"2015-11-12T16:57:27","guid":{"rendered":"http:\/\/desarrollo.mcvicious.com\/aero2020\/2015\/11\/12\/rastrear-los-vuelos-civiles-por-satelite-un-nuevo-acuerdo-internacional\/"},"modified":"2015-11-12T16:57:27","modified_gmt":"2015-11-12T16:57:27","slug":"rastrear-los-vuelos-civiles-por-satelite-un-nuevo-acuerdo-internacional","status":"publish","type":"post","link":"https:\/\/aeronoticias.com.pe\/noticiero\/ultimas\/1\/rastrear-los-vuelos-civiles-por-satelite-un-nuevo-acuerdo-internacional\/","title":{"rendered":"Rastrear los vuelos civiles por sat\u00e9lite, un nuevo acuerdo internacional"},"content":{"rendered":"<p style=\"text-align: justify;\"><strong>(Aeronoticias) <\/strong><span style=\"font-size: 12.16px; line-height: 1.3em;\">Una conferencia mundial de radiocomunicaciones bajo los auspicios de la Organizaci\u00f3n de las Naciones Unidas logr\u00f3 un acuerdo mundial para rastrear los vuelos civiles por sat\u00e9lite, con el fin de evitar desapariciones de aviones como el de Malaysia Airlines en marzo de 2014, anunci\u00f3 este mi\u00e9rcoles la ONU.<\/span><\/p>\n<p style=\"text-align: justify;\"><span style=\"font-size: 12.16px; line-height: 1.3em;\">\u00abLa Conferencia Mundial de Radiocomunicaciones alcanz\u00f3 un acuerdo en Ginebra sobre la atribuci\u00f3n de un espectro de radiofrecuencias para el seguimiento mundial de los vuelos de la aviaci\u00f3n civil\u00bb, indic\u00f3 la Uni\u00f3n Internacional de Telecomunicaciones (UIT), un organismo especializado de la ONU.<\/span><\/p>\n<p style=\"text-align: justify;\"><span style=\"font-size: 12.16px; line-height: 1.3em;\">La puesta en pr\u00e1ctica de este acuerdo depender\u00e1 de la Organizaci\u00f3n de Aviaci\u00f3n Civil Internacional (OACI), otra agencia de la ONU con sede en Montreal, Canad\u00e1, la cual habr\u00e1 de aplicar la medida con las aerol\u00edneas.<\/span><\/p>\n<p style=\"text-align: justify;\"><span style=\"font-size: 12.16px; line-height: 1.3em;\">Su aplicaci\u00f3n permitir\u00e1 localizar aviones en cualquier parte del mundo a partir de 2017. Actualmente, 70% de la superficie del planeta est\u00e1 excluida de esta vigilancia.<\/span><\/p>\n<p style=\"text-align: justify;\"><span style=\"font-size: 12.16px; line-height: 1.3em;\">\u00abEste acuerdo se produce tras la desaparici\u00f3n y tr\u00e1gica p\u00e9rdida del vuelo MH370 de Malaysian Airlines en marzo de 2014, con 239 personas a bordo, que desencaden\u00f3 debates en todo el mundo acerca del seguimiento mundial de los vuelos y la necesidad de una acci\u00f3n coordinada por parte de la UIT y otras organizaciones pertinentes\u00bb, precis\u00f3 la UIT.<\/span><\/p>\n<p style=\"text-align: justify;\"><span style=\"font-size: 12.16px; line-height: 1.3em;\"><strong><em>Fuente: http:\/\/mexico.cnn.com\/mundo\/2015\/11\/11\/rastrear-los-vuelos-civiles-por-satelite-un-nuevo-acuerdo-internacional<\/em><\/strong><\/span><\/p>\n<p style=\"text-align: justify;\"><span style=\"font-size: 12.16px; line-height: 1.3em;\"><strong><em><img decoding=\"async\" src=\"images\/stories\/15\/11\/121115\/vuelocivil.jpg\" border=\"0\" \/><br \/><\/em><\/strong><\/span><\/p>\n","protected":false},"excerpt":{"rendered":"<p>(Aeronoticias) Una conferencia mundial de radiocomunicaciones bajo los auspicios de la Organizaci\u00f3n de las Naciones Unidas logr\u00f3 un acuerdo mundial para rastrear los vuelos civiles por sat\u00e9lite, con el fin de evitar desapariciones de aviones como el de Malaysia Airlines en marzo de 2014, anunci\u00f3 este mi\u00e9rcoles la ONU. \u00abLa Conferencia Mundial de Radiocomunicaciones alcanz\u00f3 [&hellip;]<\/p>\n","protected":false},"author":1,"featured_media":0,"comment_status":"open","ping_status":"open","sticky":false,"template":"","format":"standard","meta":{"tdm_status":"","tdm_grid_status":"","footnotes":""},"categories":[30],"tags":[],"class_list":{"0":"post-54187","1":"post","2":"type-post","3":"status-publish","4":"format-standard","6":"category-30"},"yoast_head":"<!-- This site is optimized with the Yoast SEO plugin v25.1 - https:\/\/yoast.com\/wordpress\/plugins\/seo\/ -->\n<title>Rastrear los vuelos civiles por sat\u00e9lite, un nuevo acuerdo internacional<\/title>\n<meta name=\"description\" content=\"Portal de noticias del Per\u00fa sobre el transporte a\u00e9reo, aviaci\u00f3n, turismo, hoteleria, actualidad.\" \/>\n<meta name=\"robots\" content=\"index, follow, max-snippet:-1, max-image-preview:large, max-video-preview:-1\" \/>\n<link rel=\"canonical\" href=\"https:\/\/aeronoticias.com.pe\/noticiero\/ultimas\/1\/rastrear-los-vuelos-civiles-por-satelite-un-nuevo-acuerdo-internacional\/\" \/>\n<meta property=\"og:locale\" content=\"es_ES\" \/>\n<meta property=\"og:type\" content=\"article\" \/>\n<meta property=\"og:title\" content=\"Rastrear los vuelos civiles por sat\u00e9lite, un nuevo acuerdo internacional\" \/>\n<meta property=\"og:description\" content=\"Portal de noticias del Per\u00fa sobre el transporte a\u00e9reo, aviaci\u00f3n, turismo, hoteleria, actualidad.\" \/>\n<meta property=\"og:url\" content=\"https:\/\/aeronoticias.com.pe\/noticiero\/ultimas\/1\/rastrear-los-vuelos-civiles-por-satelite-un-nuevo-acuerdo-internacional\/\" \/>\n<meta property=\"og:site_name\" content=\"Aeronoticias.com.pe\" \/>\n<meta property=\"article:publisher\" content=\"https:\/\/www.facebook.com\/Aeronoticias.com.pe\/\" \/>\n<meta property=\"article:published_time\" content=\"2015-11-12T16:57:27+00:00\" \/>\n<meta name=\"author\" content=\"Redacci\u00f3n Aeronoticias\" \/>\n<meta name=\"twitter:card\" content=\"summary_large_image\" \/>\n<meta name=\"twitter:creator\" content=\"@aeronoticias\" \/>\n<meta name=\"twitter:site\" content=\"@aeronoticias\" \/>\n<meta name=\"twitter:label1\" content=\"Escrito por\" \/>\n\t<meta name=\"twitter:data1\" content=\"Redacci\u00f3n Aeronoticias\" \/>\n\t<meta name=\"twitter:label2\" content=\"Tiempo de lectura\" \/>\n\t<meta name=\"twitter:data2\" content=\"1 minuto\" \/>\n<script type=\"application\/ld+json\" class=\"yoast-schema-graph\">{\"@context\":\"https:\/\/schema.org\",\"@graph\":[{\"@type\":\"WebPage\",\"@id\":\"https:\/\/aeronoticias.com.pe\/noticiero\/ultimas\/1\/rastrear-los-vuelos-civiles-por-satelite-un-nuevo-acuerdo-internacional\/\",\"url\":\"https:\/\/aeronoticias.com.pe\/noticiero\/ultimas\/1\/rastrear-los-vuelos-civiles-por-satelite-un-nuevo-acuerdo-internacional\/\",\"name\":\"Rastrear los vuelos civiles por sat\u00e9lite, un nuevo acuerdo internacional\",\"isPartOf\":{\"@id\":\"https:\/\/aeronoticias.com.pe\/noticiero\/#website\"},\"datePublished\":\"2015-11-12T16:57:27+00:00\",\"author\":{\"@id\":\"https:\/\/aeronoticias.com.pe\/noticiero\/#\/schema\/person\/fc1e5d578f4b62ba1cf7ac2bba1170a0\"},\"description\":\"Portal de noticias del Per\u00fa sobre el transporte a\u00e9reo, aviaci\u00f3n, turismo, hoteleria, actualidad.\",\"breadcrumb\":{\"@id\":\"https:\/\/aeronoticias.com.pe\/noticiero\/ultimas\/1\/rastrear-los-vuelos-civiles-por-satelite-un-nuevo-acuerdo-internacional\/#breadcrumb\"},\"inLanguage\":\"es\",\"potentialAction\":[{\"@type\":\"ReadAction\",\"target\":[\"https:\/\/aeronoticias.com.pe\/noticiero\/ultimas\/1\/rastrear-los-vuelos-civiles-por-satelite-un-nuevo-acuerdo-internacional\/\"]}]},{\"@type\":\"BreadcrumbList\",\"@id\":\"https:\/\/aeronoticias.com.pe\/noticiero\/ultimas\/1\/rastrear-los-vuelos-civiles-por-satelite-un-nuevo-acuerdo-internacional\/#breadcrumb\",\"itemListElement\":[{\"@type\":\"ListItem\",\"position\":1,\"name\":\"Portada\",\"item\":\"https:\/\/aeronoticias.com.pe\/noticiero\/\"},{\"@type\":\"ListItem\",\"position\":2,\"name\":\"Rastrear los vuelos civiles por sat\u00e9lite, un nuevo acuerdo internacional\"}]},{\"@type\":\"WebSite\",\"@id\":\"https:\/\/aeronoticias.com.pe\/noticiero\/#website\",\"url\":\"https:\/\/aeronoticias.com.pe\/noticiero\/\",\"name\":\"Aeronoticias.com.pe\",\"description\":\"Noticias de tranporte aereo, turismo, hoteles, gastronomia, actualidad, internacional\",\"potentialAction\":[{\"@type\":\"SearchAction\",\"target\":{\"@type\":\"EntryPoint\",\"urlTemplate\":\"https:\/\/aeronoticias.com.pe\/noticiero\/?s={search_term_string}\"},\"query-input\":{\"@type\":\"PropertyValueSpecification\",\"valueRequired\":true,\"valueName\":\"search_term_string\"}}],\"inLanguage\":\"es\"},{\"@type\":\"Person\",\"@id\":\"https:\/\/aeronoticias.com.pe\/noticiero\/#\/schema\/person\/fc1e5d578f4b62ba1cf7ac2bba1170a0\",\"name\":\"Redacci\u00f3n Aeronoticias\",\"url\":\"https:\/\/aeronoticias.com.pe\/noticiero\/author\/piloto\/\"}]}<\/script>\n<!-- \/ Yoast SEO plugin. -->","yoast_head_json":{"title":"Rastrear los vuelos civiles por sat\u00e9lite, un nuevo acuerdo internacional","description":"Portal de noticias del Per\u00fa sobre el transporte a\u00e9reo, aviaci\u00f3n, turismo, hoteleria, actualidad.","robots":{"index":"index","follow":"follow","max-snippet":"max-snippet:-1","max-image-preview":"max-image-preview:large","max-video-preview":"max-video-preview:-1"},"canonical":"https:\/\/aeronoticias.com.pe\/noticiero\/ultimas\/1\/rastrear-los-vuelos-civiles-por-satelite-un-nuevo-acuerdo-internacional\/","og_locale":"es_ES","og_type":"article","og_title":"Rastrear los vuelos civiles por sat\u00e9lite, un nuevo acuerdo internacional","og_description":"Portal de noticias del Per\u00fa sobre el transporte a\u00e9reo, aviaci\u00f3n, turismo, hoteleria, actualidad.","og_url":"https:\/\/aeronoticias.com.pe\/noticiero\/ultimas\/1\/rastrear-los-vuelos-civiles-por-satelite-un-nuevo-acuerdo-internacional\/","og_site_name":"Aeronoticias.com.pe","article_publisher":"https:\/\/www.facebook.com\/Aeronoticias.com.pe\/","article_published_time":"2015-11-12T16:57:27+00:00","author":"Redacci\u00f3n Aeronoticias","twitter_card":"summary_large_image","twitter_creator":"@aeronoticias","twitter_site":"@aeronoticias","twitter_misc":{"Escrito por":"Redacci\u00f3n Aeronoticias","Tiempo de lectura":"1 minuto"},"schema":{"@context":"https:\/\/schema.org","@graph":[{"@type":"WebPage","@id":"https:\/\/aeronoticias.com.pe\/noticiero\/ultimas\/1\/rastrear-los-vuelos-civiles-por-satelite-un-nuevo-acuerdo-internacional\/","url":"https:\/\/aeronoticias.com.pe\/noticiero\/ultimas\/1\/rastrear-los-vuelos-civiles-por-satelite-un-nuevo-acuerdo-internacional\/","name":"Rastrear los vuelos civiles por sat\u00e9lite, un nuevo acuerdo internacional","isPartOf":{"@id":"https:\/\/aeronoticias.com.pe\/noticiero\/#website"},"datePublished":"2015-11-12T16:57:27+00:00","author":{"@id":"https:\/\/aeronoticias.com.pe\/noticiero\/#\/schema\/person\/fc1e5d578f4b62ba1cf7ac2bba1170a0"},"description":"Portal de noticias del Per\u00fa sobre el transporte a\u00e9reo, aviaci\u00f3n, turismo, hoteleria, actualidad.","breadcrumb":{"@id":"https:\/\/aeronoticias.com.pe\/noticiero\/ultimas\/1\/rastrear-los-vuelos-civiles-por-satelite-un-nuevo-acuerdo-internacional\/#breadcrumb"},"inLanguage":"es","potentialAction":[{"@type":"ReadAction","target":["https:\/\/aeronoticias.com.pe\/noticiero\/ultimas\/1\/rastrear-los-vuelos-civiles-por-satelite-un-nuevo-acuerdo-internacional\/"]}]},{"@type":"BreadcrumbList","@id":"https:\/\/aeronoticias.com.pe\/noticiero\/ultimas\/1\/rastrear-los-vuelos-civiles-por-satelite-un-nuevo-acuerdo-internacional\/#breadcrumb","itemListElement":[{"@type":"ListItem","position":1,"name":"Portada","item":"https:\/\/aeronoticias.com.pe\/noticiero\/"},{"@type":"ListItem","position":2,"name":"Rastrear los vuelos civiles por sat\u00e9lite, un nuevo acuerdo internacional"}]},{"@type":"WebSite","@id":"https:\/\/aeronoticias.com.pe\/noticiero\/#website","url":"https:\/\/aeronoticias.com.pe\/noticiero\/","name":"Aeronoticias.com.pe","description":"Noticias de tranporte aereo, turismo, hoteles, gastronomia, actualidad, internacional","potentialAction":[{"@type":"SearchAction","target":{"@type":"EntryPoint","urlTemplate":"https:\/\/aeronoticias.com.pe\/noticiero\/?s={search_term_string}"},"query-input":{"@type":"PropertyValueSpecification","valueRequired":true,"valueName":"search_term_string"}}],"inLanguage":"es"},{"@type":"Person","@id":"https:\/\/aeronoticias.com.pe\/noticiero\/#\/schema\/person\/fc1e5d578f4b62ba1cf7ac2bba1170a0","name":"Redacci\u00f3n Aeronoticias","url":"https:\/\/aeronoticias.com.pe\/noticiero\/author\/piloto\/"}]}},"_links":{"self":[{"href":"https:\/\/aeronoticias.com.pe\/noticiero\/wp-json\/wp\/v2\/posts\/54187","targetHints":{"allow":["GET"]}}],"collection":[{"href":"https:\/\/aeronoticias.com.pe\/noticiero\/wp-json\/wp\/v2\/posts"}],"about":[{"href":"https:\/\/aeronoticias.com.pe\/noticiero\/wp-json\/wp\/v2\/types\/post"}],"author":[{"embeddable":true,"href":"https:\/\/aeronoticias.com.pe\/noticiero\/wp-json\/wp\/v2\/users\/1"}],"replies":[{"embeddable":true,"href":"https:\/\/aeronoticias.com.pe\/noticiero\/wp-json\/wp\/v2\/comments?post=54187"}],"version-history":[{"count":0,"href":"https:\/\/aeronoticias.com.pe\/noticiero\/wp-json\/wp\/v2\/posts\/54187\/revisions"}],"wp:attachment":[{"href":"https:\/\/aeronoticias.com.pe\/noticiero\/wp-json\/wp\/v2\/media?parent=54187"}],"wp:term":[{"taxonomy":"category","embeddable":true,"href":"https:\/\/aeronoticias.com.pe\/noticiero\/wp-json\/wp\/v2\/categories?post=54187"},{"taxonomy":"post_tag","embeddable":true,"href":"https:\/\/aeronoticias.com.pe\/noticiero\/wp-json\/wp\/v2\/tags?post=54187"}],"curies":[{"name":"wp","href":"https:\/\/api.w.org\/{rel}","templated":true}]}}