{"id":54188,"date":"2015-11-12T17:38:13","date_gmt":"2015-11-12T17:38:13","guid":{"rendered":"http:\/\/desarrollo.mcvicious.com\/aero2020\/2015\/11\/12\/peru-recupera-el-quinto-puesto-en-ranking-de-marca-pais-en-latinoamerica\/"},"modified":"2015-11-12T17:38:13","modified_gmt":"2015-11-12T17:38:13","slug":"peru-recupera-el-quinto-puesto-en-ranking-de-marca-pais-en-latinoamerica","status":"publish","type":"post","link":"https:\/\/aeronoticias.com.pe\/noticiero\/turismo\/13\/peru-recupera-el-quinto-puesto-en-ranking-de-marca-pais-en-latinoamerica\/","title":{"rendered":"Per\u00fa recupera el quinto puesto en ranking de marca pa\u00eds en Latinoam\u00e9rica"},"content":{"rendered":"<p style=\"text-align: justify;\"><strong>(Aeronoticias)<\/strong> Per\u00fa se ubica este a\u00f1o en el quinto puesto del ranking de mejores marca pa\u00eds de Am\u00e9rica Latina, por debajo de Brasil, Argentina, M\u00e9xico y Chile, y superando a pa\u00edses como Costa Rica, Panam\u00e1, Cuba, Puerto Rico, Uruguay y Colombia. La informaci\u00f3n se desprende del estudio Country Brand Report 2015\/2016 elaborado por la consultora Future Brand.<\/p>\n<p style=\"text-align: justify;\"><span style=\"font-size: 12.16px; line-height: 1.3em;\">De esta manera, la Marca Per\u00fa sube dos posiciones con respecto al mismo informe del 2014, cuando se situ\u00f3 en la s\u00e9ptima ubicaci\u00f3n, recuperando as\u00ed el quinto lugar que ten\u00eda en el ranking del 2013. El resultado se basa en las opiniones de 2,000 l\u00edderes de opini\u00f3n y viajeros frecuentes provenientes de zonas externas a Latinoam\u00e9rica.<\/span><\/p>\n<p style=\"text-align: justify;\"><span style=\"font-size: 12.16px; line-height: 1.3em;\">El estudio analiz\u00f3 las fortalezas de marca pa\u00eds de 21 mercados de la regi\u00f3n. En ese sentido, indic\u00f3 que los tres pa\u00edses con peor evaluaci\u00f3n de marca pa\u00eds, seg\u00fan el reporte, fueron Guatemala, El Salvador y Nicaragua, pa\u00eds que cierra la presente calificaci\u00f3n.<\/span><\/p>\n<p style=\"text-align: justify;\"><span style=\"font-size: 12.16px; line-height: 1.3em;\">Los consultados fueron personas provenientes de 15 pa\u00edses: Alemania, Australia, China, Corea del Sur, Emiratos \u00c1rabes Unidos, Espa\u00f1a, Estados Unidos, Francia, India, Italia, Jap\u00f3n, Reino Unido, Rusia, Sud\u00e1frica y Turqu\u00eda.<\/span><\/p>\n<p style=\"text-align: justify;\"><span style=\"font-size: 12.16px; line-height: 1.3em;\">MARCA PER\u00da<\/span><\/p>\n<p style=\"text-align: justify;\"><span style=\"font-size: 12.16px; line-height: 1.3em;\">El reporte de Future Brand refiere que la Mara Per\u00fa destaca en aspectos como \u201cPatrimonio y cultura\u201d, \u201cTurismo\u201d y \u201cMade in\u201d, los cuales son las fortalezas de nuestra marca pa\u00eds. Las debilidades est\u00e1n relacionadas a temas como \u201cCalidad de vida\u201d, \u201cAptitud para los negocios\u201d y \u201cSistema de valores\u201d, materias en las que se debe trabajar para consolidar la percepci\u00f3n que se tiene sobre la Marca Per\u00fa.<\/span><\/p>\n<p style=\"text-align: justify;\"><span style=\"font-size: 12.16px; line-height: 1.3em;\">Las opiniones recogidas en este estudio tambi\u00e9n destacan otras fortalezas de la Marca Per\u00fa como: \u201cImportancia cultural\u201d (71%), \u201cAmigable con el medio ambiente\u201d (58%), \u201cTecnolog\u00eda e innovaci\u00f3n\u201d (56%) e \u201cInfluencia pol\u00edtica y econ\u00f3mica\u201d (50%).<\/span><\/p>\n<p style=\"text-align: justify;\"><span style=\"font-size: 12.16px; line-height: 1.3em;\">Asimismo, el reporte resalta lo que dicen las personas entrevistadas sobre Per\u00fa, entre ellas: \u201cSe est\u00e1 convirtiendo en un destino tur\u00edstico l\u00edder\u201d (encuestado de Estados Unidos), \u201cLa historia inca, la calidad de vida, bueno para los negocios y una econom\u00eda floreciente\u201d (encuestado de Australia), \u201cMe gusta su historia, su belleza natural y sus monta\u00f1as. Es definitivamente un destino para viajar\u201d (encuestado de Sud\u00e1frica).<\/span><\/p>\n<p style=\"text-align: justify;\"><span style=\"font-size: 12.16px; line-height: 1.3em;\">Finalmente, con respecto a los productos y marcas que se identifican con nuestro pa\u00eds (Made in), el informe resalta los siguientes: quinua, alpaca, lana, maca, Cusque\u00f1a y D\u2019Onofrio.<\/span><\/p>\n<p style=\"text-align: justify;\"><span style=\"font-size: 12.16px; line-height: 1.3em;\">*A continuaci\u00f3n, extractos del informe de Future Brand sobre la Marca Per\u00fa:<\/span><\/p>\n<p style=\"text-align: justify;\"><a href=\"http:\/\/cbramericalatina.com\/en\/\" target=\"_blank\" rel=\"noopener noreferrer\">Country Brand Report 2015\/2016<\/a><\/p>\n<p style=\"text-align: justify;\"><a href=\"http:\/\/www.capital.com.pe\/2015-11-11--en-que-puesto-se-ubica-peru-en-el-ranking-de-la-mejor-marca-pais-noticia_842796.html\" target=\"_blank\" rel=\"noopener noreferrer\">Per\u00fa en el ranking de la mejor marca pa\u00eds<\/a><\/p>\n<p style=\"text-align: justify;\"><strong><em>Fuente: Infoturper\u00fa<\/em><\/strong><\/p>\n<p style=\"text-align: justify;\"><strong><em><img decoding=\"async\" src=\"images\/stories\/15\/11\/121115\/rankingeneral.jpg\" border=\"0\" \/><br \/><\/em><\/strong><\/p>\n","protected":false},"excerpt":{"rendered":"<p>(Aeronoticias) Per\u00fa se ubica este a\u00f1o en el quinto puesto del ranking de mejores marca pa\u00eds de Am\u00e9rica Latina, por debajo de Brasil, Argentina, M\u00e9xico y Chile, y superando a pa\u00edses como Costa Rica, Panam\u00e1, Cuba, Puerto Rico, Uruguay y Colombia. La informaci\u00f3n se desprende del estudio Country Brand Report 2015\/2016 elaborado por la consultora [&hellip;]<\/p>\n","protected":false},"author":1,"featured_media":0,"comment_status":"open","ping_status":"open","sticky":false,"template":"","format":"standard","meta":{"tdm_status":"","tdm_grid_status":"","footnotes":""},"categories":[31],"tags":[],"class_list":{"0":"post-54188","1":"post","2":"type-post","3":"status-publish","4":"format-standard","6":"category-31"},"yoast_head":"<!-- This site is optimized with the Yoast SEO plugin v25.1 - https:\/\/yoast.com\/wordpress\/plugins\/seo\/ -->\n<title>Per\u00fa recupera el quinto puesto en ranking de marca pa\u00eds en Latinoam\u00e9rica<\/title>\n<meta name=\"description\" content=\"Portal de noticias del Per\u00fa sobre el transporte a\u00e9reo, aviaci\u00f3n, turismo, hoteleria, actualidad.\" \/>\n<meta name=\"robots\" content=\"index, follow, max-snippet:-1, max-image-preview:large, max-video-preview:-1\" \/>\n<link rel=\"canonical\" href=\"https:\/\/aeronoticias.com.pe\/noticiero\/turismo\/13\/peru-recupera-el-quinto-puesto-en-ranking-de-marca-pais-en-latinoamerica\/\" \/>\n<meta property=\"og:locale\" content=\"es_ES\" \/>\n<meta property=\"og:type\" content=\"article\" \/>\n<meta property=\"og:title\" content=\"Per\u00fa recupera el quinto puesto en ranking de marca pa\u00eds en Latinoam\u00e9rica\" \/>\n<meta property=\"og:description\" content=\"Portal de noticias del Per\u00fa sobre el transporte a\u00e9reo, aviaci\u00f3n, turismo, hoteleria, actualidad.\" \/>\n<meta property=\"og:url\" content=\"https:\/\/aeronoticias.com.pe\/noticiero\/turismo\/13\/peru-recupera-el-quinto-puesto-en-ranking-de-marca-pais-en-latinoamerica\/\" \/>\n<meta property=\"og:site_name\" content=\"Aeronoticias.com.pe\" \/>\n<meta property=\"article:publisher\" content=\"https:\/\/www.facebook.com\/Aeronoticias.com.pe\/\" \/>\n<meta property=\"article:published_time\" content=\"2015-11-12T17:38:13+00:00\" \/>\n<meta name=\"author\" content=\"Redacci\u00f3n Aeronoticias\" \/>\n<meta name=\"twitter:card\" content=\"summary_large_image\" \/>\n<meta name=\"twitter:creator\" content=\"@aeronoticias\" \/>\n<meta name=\"twitter:site\" content=\"@aeronoticias\" \/>\n<meta name=\"twitter:label1\" content=\"Escrito por\" \/>\n\t<meta name=\"twitter:data1\" content=\"Redacci\u00f3n Aeronoticias\" \/>\n\t<meta name=\"twitter:label2\" content=\"Tiempo de lectura\" \/>\n\t<meta name=\"twitter:data2\" content=\"2 minutos\" \/>\n<script type=\"application\/ld+json\" class=\"yoast-schema-graph\">{\"@context\":\"https:\/\/schema.org\",\"@graph\":[{\"@type\":\"WebPage\",\"@id\":\"https:\/\/aeronoticias.com.pe\/noticiero\/turismo\/13\/peru-recupera-el-quinto-puesto-en-ranking-de-marca-pais-en-latinoamerica\/\",\"url\":\"https:\/\/aeronoticias.com.pe\/noticiero\/turismo\/13\/peru-recupera-el-quinto-puesto-en-ranking-de-marca-pais-en-latinoamerica\/\",\"name\":\"Per\u00fa recupera el quinto puesto en ranking de marca pa\u00eds en Latinoam\u00e9rica\",\"isPartOf\":{\"@id\":\"https:\/\/aeronoticias.com.pe\/noticiero\/#website\"},\"datePublished\":\"2015-11-12T17:38:13+00:00\",\"author\":{\"@id\":\"https:\/\/aeronoticias.com.pe\/noticiero\/#\/schema\/person\/fc1e5d578f4b62ba1cf7ac2bba1170a0\"},\"description\":\"Portal de noticias del Per\u00fa sobre el transporte a\u00e9reo, aviaci\u00f3n, turismo, hoteleria, actualidad.\",\"breadcrumb\":{\"@id\":\"https:\/\/aeronoticias.com.pe\/noticiero\/turismo\/13\/peru-recupera-el-quinto-puesto-en-ranking-de-marca-pais-en-latinoamerica\/#breadcrumb\"},\"inLanguage\":\"es\",\"potentialAction\":[{\"@type\":\"ReadAction\",\"target\":[\"https:\/\/aeronoticias.com.pe\/noticiero\/turismo\/13\/peru-recupera-el-quinto-puesto-en-ranking-de-marca-pais-en-latinoamerica\/\"]}]},{\"@type\":\"BreadcrumbList\",\"@id\":\"https:\/\/aeronoticias.com.pe\/noticiero\/turismo\/13\/peru-recupera-el-quinto-puesto-en-ranking-de-marca-pais-en-latinoamerica\/#breadcrumb\",\"itemListElement\":[{\"@type\":\"ListItem\",\"position\":1,\"name\":\"Portada\",\"item\":\"https:\/\/aeronoticias.com.pe\/noticiero\/\"},{\"@type\":\"ListItem\",\"position\":2,\"name\":\"Per\u00fa recupera el quinto puesto en ranking de marca pa\u00eds en Latinoam\u00e9rica\"}]},{\"@type\":\"WebSite\",\"@id\":\"https:\/\/aeronoticias.com.pe\/noticiero\/#website\",\"url\":\"https:\/\/aeronoticias.com.pe\/noticiero\/\",\"name\":\"Aeronoticias.com.pe\",\"description\":\"Noticias de tranporte aereo, turismo, hoteles, gastronomia, actualidad, internacional\",\"potentialAction\":[{\"@type\":\"SearchAction\",\"target\":{\"@type\":\"EntryPoint\",\"urlTemplate\":\"https:\/\/aeronoticias.com.pe\/noticiero\/?s={search_term_string}\"},\"query-input\":{\"@type\":\"PropertyValueSpecification\",\"valueRequired\":true,\"valueName\":\"search_term_string\"}}],\"inLanguage\":\"es\"},{\"@type\":\"Person\",\"@id\":\"https:\/\/aeronoticias.com.pe\/noticiero\/#\/schema\/person\/fc1e5d578f4b62ba1cf7ac2bba1170a0\",\"name\":\"Redacci\u00f3n Aeronoticias\",\"url\":\"https:\/\/aeronoticias.com.pe\/noticiero\/author\/piloto\/\"}]}<\/script>\n<!-- \/ Yoast SEO plugin. -->","yoast_head_json":{"title":"Per\u00fa recupera el quinto puesto en ranking de marca pa\u00eds en Latinoam\u00e9rica","description":"Portal de noticias del Per\u00fa sobre el transporte a\u00e9reo, aviaci\u00f3n, turismo, hoteleria, actualidad.","robots":{"index":"index","follow":"follow","max-snippet":"max-snippet:-1","max-image-preview":"max-image-preview:large","max-video-preview":"max-video-preview:-1"},"canonical":"https:\/\/aeronoticias.com.pe\/noticiero\/turismo\/13\/peru-recupera-el-quinto-puesto-en-ranking-de-marca-pais-en-latinoamerica\/","og_locale":"es_ES","og_type":"article","og_title":"Per\u00fa recupera el quinto puesto en ranking de marca pa\u00eds en Latinoam\u00e9rica","og_description":"Portal de noticias del Per\u00fa sobre el transporte a\u00e9reo, aviaci\u00f3n, turismo, hoteleria, actualidad.","og_url":"https:\/\/aeronoticias.com.pe\/noticiero\/turismo\/13\/peru-recupera-el-quinto-puesto-en-ranking-de-marca-pais-en-latinoamerica\/","og_site_name":"Aeronoticias.com.pe","article_publisher":"https:\/\/www.facebook.com\/Aeronoticias.com.pe\/","article_published_time":"2015-11-12T17:38:13+00:00","author":"Redacci\u00f3n Aeronoticias","twitter_card":"summary_large_image","twitter_creator":"@aeronoticias","twitter_site":"@aeronoticias","twitter_misc":{"Escrito por":"Redacci\u00f3n Aeronoticias","Tiempo de lectura":"2 minutos"},"schema":{"@context":"https:\/\/schema.org","@graph":[{"@type":"WebPage","@id":"https:\/\/aeronoticias.com.pe\/noticiero\/turismo\/13\/peru-recupera-el-quinto-puesto-en-ranking-de-marca-pais-en-latinoamerica\/","url":"https:\/\/aeronoticias.com.pe\/noticiero\/turismo\/13\/peru-recupera-el-quinto-puesto-en-ranking-de-marca-pais-en-latinoamerica\/","name":"Per\u00fa recupera el quinto puesto en ranking de marca pa\u00eds en Latinoam\u00e9rica","isPartOf":{"@id":"https:\/\/aeronoticias.com.pe\/noticiero\/#website"},"datePublished":"2015-11-12T17:38:13+00:00","author":{"@id":"https:\/\/aeronoticias.com.pe\/noticiero\/#\/schema\/person\/fc1e5d578f4b62ba1cf7ac2bba1170a0"},"description":"Portal de noticias del Per\u00fa sobre el transporte a\u00e9reo, aviaci\u00f3n, turismo, hoteleria, actualidad.","breadcrumb":{"@id":"https:\/\/aeronoticias.com.pe\/noticiero\/turismo\/13\/peru-recupera-el-quinto-puesto-en-ranking-de-marca-pais-en-latinoamerica\/#breadcrumb"},"inLanguage":"es","potentialAction":[{"@type":"ReadAction","target":["https:\/\/aeronoticias.com.pe\/noticiero\/turismo\/13\/peru-recupera-el-quinto-puesto-en-ranking-de-marca-pais-en-latinoamerica\/"]}]},{"@type":"BreadcrumbList","@id":"https:\/\/aeronoticias.com.pe\/noticiero\/turismo\/13\/peru-recupera-el-quinto-puesto-en-ranking-de-marca-pais-en-latinoamerica\/#breadcrumb","itemListElement":[{"@type":"ListItem","position":1,"name":"Portada","item":"https:\/\/aeronoticias.com.pe\/noticiero\/"},{"@type":"ListItem","position":2,"name":"Per\u00fa recupera el quinto puesto en ranking de marca pa\u00eds en Latinoam\u00e9rica"}]},{"@type":"WebSite","@id":"https:\/\/aeronoticias.com.pe\/noticiero\/#website","url":"https:\/\/aeronoticias.com.pe\/noticiero\/","name":"Aeronoticias.com.pe","description":"Noticias de tranporte aereo, turismo, hoteles, gastronomia, actualidad, internacional","potentialAction":[{"@type":"SearchAction","target":{"@type":"EntryPoint","urlTemplate":"https:\/\/aeronoticias.com.pe\/noticiero\/?s={search_term_string}"},"query-input":{"@type":"PropertyValueSpecification","valueRequired":true,"valueName":"search_term_string"}}],"inLanguage":"es"},{"@type":"Person","@id":"https:\/\/aeronoticias.com.pe\/noticiero\/#\/schema\/person\/fc1e5d578f4b62ba1cf7ac2bba1170a0","name":"Redacci\u00f3n Aeronoticias","url":"https:\/\/aeronoticias.com.pe\/noticiero\/author\/piloto\/"}]}},"_links":{"self":[{"href":"https:\/\/aeronoticias.com.pe\/noticiero\/wp-json\/wp\/v2\/posts\/54188","targetHints":{"allow":["GET"]}}],"collection":[{"href":"https:\/\/aeronoticias.com.pe\/noticiero\/wp-json\/wp\/v2\/posts"}],"about":[{"href":"https:\/\/aeronoticias.com.pe\/noticiero\/wp-json\/wp\/v2\/types\/post"}],"author":[{"embeddable":true,"href":"https:\/\/aeronoticias.com.pe\/noticiero\/wp-json\/wp\/v2\/users\/1"}],"replies":[{"embeddable":true,"href":"https:\/\/aeronoticias.com.pe\/noticiero\/wp-json\/wp\/v2\/comments?post=54188"}],"version-history":[{"count":0,"href":"https:\/\/aeronoticias.com.pe\/noticiero\/wp-json\/wp\/v2\/posts\/54188\/revisions"}],"wp:attachment":[{"href":"https:\/\/aeronoticias.com.pe\/noticiero\/wp-json\/wp\/v2\/media?parent=54188"}],"wp:term":[{"taxonomy":"category","embeddable":true,"href":"https:\/\/aeronoticias.com.pe\/noticiero\/wp-json\/wp\/v2\/categories?post=54188"},{"taxonomy":"post_tag","embeddable":true,"href":"https:\/\/aeronoticias.com.pe\/noticiero\/wp-json\/wp\/v2\/tags?post=54188"}],"curies":[{"name":"wp","href":"https:\/\/api.w.org\/{rel}","templated":true}]}}