{"id":54190,"date":"2015-11-12T19:02:55","date_gmt":"2015-11-12T19:02:55","guid":{"rendered":"http:\/\/desarrollo.mcvicious.com\/aero2020\/2015\/11\/12\/mario-amoretti-felicita-a-julian-palacin-por-la-idea-de-la-torre-cal\/"},"modified":"2020-09-11T13:03:43","modified_gmt":"2020-09-11T13:03:43","slug":"mario-amoretti-felicita-a-julian-palacin-por-la-idea-de-la-torre-cal","status":"publish","type":"post","link":"https:\/\/aeronoticias.com.pe\/noticiero\/politica\/mario-amoretti-felicita-a-julian-palacin-por-la-idea-de-la-torre-cal\/","title":{"rendered":"Mario Amoretti felicita a Juli\u00e1n Palacin por la idea de la Torre CAL"},"content":{"rendered":"<p style=\"text-align: justify;\"><strong>(Aeronoticias)<\/strong> El candidato al Decanato del Colegio de Abogados de Lima 2016-2017 Juli\u00e1n Palacin Fern\u00e1ndez, solicit\u00f3 a Mario Amoretti, Decano de la Orden y a su Junta Directiva, lo apoyen en el proyecto de la construcci\u00f3n de la Torre CAL\u00bbcon 10 pisos m\u00e1s aires y 8,000 m2 cada uno, que permitir\u00e1 5,000 horas de consulta legal diarias y 100,000 horas al mes para agremiados que no tengan oficina en San Isidro y Miraflores, Salas de Directorio para el Centro de Arbitraje, 2 auditorios, biblioteca, 20 aulas, cochera subterr\u00e1nea y otros servicios.<\/p>\n<p style=\"text-align: justify;\">El Decano Mario Amoretti felicit\u00f3 a Juli\u00e1n Palacin Fern\u00e1ndez por unirse a la idea de brindar a los colegas un nuevo local adecuado a las necesidades y atenciones para nuestros colegas.<\/p>\n<p style=\"text-align: justify;\"><img decoding=\"async\" src=\"images\/stories\/15\/11\/121115\/cartaamorettitorrecal.jpg\" border=\"0\" \/><\/p>\n","protected":false},"excerpt":{"rendered":"<p>(Aeronoticias) El candidato al Decanato del Colegio de Abogados de Lima 2016-2017 Juli\u00e1n Palacin Fern\u00e1ndez, solicit\u00f3 a Mario Amoretti, Decano de la Orden y a su Junta Directiva, lo apoyen en el proyecto de la construcci\u00f3n de la Torre CAL\u00bbcon 10 pisos m\u00e1s aires y 8,000 m2 cada uno, que permitir\u00e1 5,000 horas de consulta [&hellip;]<\/p>\n","protected":false},"author":1,"featured_media":0,"comment_status":"open","ping_status":"open","sticky":false,"template":"","format":"standard","meta":{"tdm_status":"","tdm_grid_status":"","footnotes":""},"categories":[36],"tags":[],"class_list":{"0":"post-54190","1":"post","2":"type-post","3":"status-publish","4":"format-standard","6":"category-politica"},"yoast_head":"<!-- This site is optimized with the Yoast SEO plugin v25.1 - https:\/\/yoast.com\/wordpress\/plugins\/seo\/ -->\n<title>Mario Amoretti felicita a Juli\u00e1n Palacin por la idea de la Torre CAL<\/title>\n<meta name=\"description\" content=\"Portal de noticias del Per\u00fa sobre el transporte a\u00e9reo, aviaci\u00f3n, turismo, hoteleria, actualidad.\" \/>\n<meta name=\"robots\" content=\"index, follow, max-snippet:-1, max-image-preview:large, max-video-preview:-1\" \/>\n<link rel=\"canonical\" href=\"https:\/\/aeronoticias.com.pe\/noticiero\/politica\/mario-amoretti-felicita-a-julian-palacin-por-la-idea-de-la-torre-cal\/\" \/>\n<meta property=\"og:locale\" content=\"es_ES\" \/>\n<meta property=\"og:type\" content=\"article\" \/>\n<meta property=\"og:title\" content=\"Mario Amoretti felicita a Juli\u00e1n Palacin por la idea de la Torre CAL\" \/>\n<meta property=\"og:description\" content=\"Portal de noticias del Per\u00fa sobre el transporte a\u00e9reo, aviaci\u00f3n, turismo, hoteleria, actualidad.\" \/>\n<meta property=\"og:url\" content=\"https:\/\/aeronoticias.com.pe\/noticiero\/politica\/mario-amoretti-felicita-a-julian-palacin-por-la-idea-de-la-torre-cal\/\" \/>\n<meta property=\"og:site_name\" content=\"Aeronoticias.com.pe\" \/>\n<meta property=\"article:publisher\" content=\"https:\/\/www.facebook.com\/Aeronoticias.com.pe\/\" \/>\n<meta property=\"article:published_time\" content=\"2015-11-12T19:02:55+00:00\" \/>\n<meta property=\"article:modified_time\" content=\"2020-09-11T13:03:43+00:00\" \/>\n<meta name=\"author\" content=\"Redacci\u00f3n Aeronoticias\" \/>\n<meta name=\"twitter:card\" content=\"summary_large_image\" \/>\n<meta name=\"twitter:creator\" content=\"@aeronoticias\" \/>\n<meta name=\"twitter:site\" content=\"@aeronoticias\" \/>\n<meta name=\"twitter:label1\" content=\"Escrito por\" \/>\n\t<meta name=\"twitter:data1\" content=\"Redacci\u00f3n Aeronoticias\" \/>\n\t<meta name=\"twitter:label2\" content=\"Tiempo de lectura\" \/>\n\t<meta name=\"twitter:data2\" content=\"1 minuto\" \/>\n<script type=\"application\/ld+json\" class=\"yoast-schema-graph\">{\"@context\":\"https:\/\/schema.org\",\"@graph\":[{\"@type\":\"WebPage\",\"@id\":\"https:\/\/aeronoticias.com.pe\/noticiero\/politica\/mario-amoretti-felicita-a-julian-palacin-por-la-idea-de-la-torre-cal\/\",\"url\":\"https:\/\/aeronoticias.com.pe\/noticiero\/politica\/mario-amoretti-felicita-a-julian-palacin-por-la-idea-de-la-torre-cal\/\",\"name\":\"Mario Amoretti felicita a Juli\u00e1n Palacin por la idea de la Torre CAL\",\"isPartOf\":{\"@id\":\"https:\/\/aeronoticias.com.pe\/noticiero\/#website\"},\"datePublished\":\"2015-11-12T19:02:55+00:00\",\"dateModified\":\"2020-09-11T13:03:43+00:00\",\"author\":{\"@id\":\"https:\/\/aeronoticias.com.pe\/noticiero\/#\/schema\/person\/fc1e5d578f4b62ba1cf7ac2bba1170a0\"},\"description\":\"Portal de noticias del Per\u00fa sobre el transporte a\u00e9reo, aviaci\u00f3n, turismo, hoteleria, actualidad.\",\"breadcrumb\":{\"@id\":\"https:\/\/aeronoticias.com.pe\/noticiero\/politica\/mario-amoretti-felicita-a-julian-palacin-por-la-idea-de-la-torre-cal\/#breadcrumb\"},\"inLanguage\":\"es\",\"potentialAction\":[{\"@type\":\"ReadAction\",\"target\":[\"https:\/\/aeronoticias.com.pe\/noticiero\/politica\/mario-amoretti-felicita-a-julian-palacin-por-la-idea-de-la-torre-cal\/\"]}]},{\"@type\":\"BreadcrumbList\",\"@id\":\"https:\/\/aeronoticias.com.pe\/noticiero\/politica\/mario-amoretti-felicita-a-julian-palacin-por-la-idea-de-la-torre-cal\/#breadcrumb\",\"itemListElement\":[{\"@type\":\"ListItem\",\"position\":1,\"name\":\"Portada\",\"item\":\"https:\/\/aeronoticias.com.pe\/noticiero\/\"},{\"@type\":\"ListItem\",\"position\":2,\"name\":\"Mario Amoretti felicita a Juli\u00e1n Palacin por la idea de la Torre CAL\"}]},{\"@type\":\"WebSite\",\"@id\":\"https:\/\/aeronoticias.com.pe\/noticiero\/#website\",\"url\":\"https:\/\/aeronoticias.com.pe\/noticiero\/\",\"name\":\"Aeronoticias.com.pe\",\"description\":\"Noticias de tranporte aereo, turismo, hoteles, gastronomia, actualidad, internacional\",\"potentialAction\":[{\"@type\":\"SearchAction\",\"target\":{\"@type\":\"EntryPoint\",\"urlTemplate\":\"https:\/\/aeronoticias.com.pe\/noticiero\/?s={search_term_string}\"},\"query-input\":{\"@type\":\"PropertyValueSpecification\",\"valueRequired\":true,\"valueName\":\"search_term_string\"}}],\"inLanguage\":\"es\"},{\"@type\":\"Person\",\"@id\":\"https:\/\/aeronoticias.com.pe\/noticiero\/#\/schema\/person\/fc1e5d578f4b62ba1cf7ac2bba1170a0\",\"name\":\"Redacci\u00f3n Aeronoticias\",\"url\":\"https:\/\/aeronoticias.com.pe\/noticiero\/author\/piloto\/\"}]}<\/script>\n<!-- \/ Yoast SEO plugin. -->","yoast_head_json":{"title":"Mario Amoretti felicita a Juli\u00e1n Palacin por la idea de la Torre CAL","description":"Portal de noticias del Per\u00fa sobre el transporte a\u00e9reo, aviaci\u00f3n, turismo, hoteleria, actualidad.","robots":{"index":"index","follow":"follow","max-snippet":"max-snippet:-1","max-image-preview":"max-image-preview:large","max-video-preview":"max-video-preview:-1"},"canonical":"https:\/\/aeronoticias.com.pe\/noticiero\/politica\/mario-amoretti-felicita-a-julian-palacin-por-la-idea-de-la-torre-cal\/","og_locale":"es_ES","og_type":"article","og_title":"Mario Amoretti felicita a Juli\u00e1n Palacin por la idea de la Torre CAL","og_description":"Portal de noticias del Per\u00fa sobre el transporte a\u00e9reo, aviaci\u00f3n, turismo, hoteleria, actualidad.","og_url":"https:\/\/aeronoticias.com.pe\/noticiero\/politica\/mario-amoretti-felicita-a-julian-palacin-por-la-idea-de-la-torre-cal\/","og_site_name":"Aeronoticias.com.pe","article_publisher":"https:\/\/www.facebook.com\/Aeronoticias.com.pe\/","article_published_time":"2015-11-12T19:02:55+00:00","article_modified_time":"2020-09-11T13:03:43+00:00","author":"Redacci\u00f3n Aeronoticias","twitter_card":"summary_large_image","twitter_creator":"@aeronoticias","twitter_site":"@aeronoticias","twitter_misc":{"Escrito por":"Redacci\u00f3n Aeronoticias","Tiempo de lectura":"1 minuto"},"schema":{"@context":"https:\/\/schema.org","@graph":[{"@type":"WebPage","@id":"https:\/\/aeronoticias.com.pe\/noticiero\/politica\/mario-amoretti-felicita-a-julian-palacin-por-la-idea-de-la-torre-cal\/","url":"https:\/\/aeronoticias.com.pe\/noticiero\/politica\/mario-amoretti-felicita-a-julian-palacin-por-la-idea-de-la-torre-cal\/","name":"Mario Amoretti felicita a Juli\u00e1n Palacin por la idea de la Torre CAL","isPartOf":{"@id":"https:\/\/aeronoticias.com.pe\/noticiero\/#website"},"datePublished":"2015-11-12T19:02:55+00:00","dateModified":"2020-09-11T13:03:43+00:00","author":{"@id":"https:\/\/aeronoticias.com.pe\/noticiero\/#\/schema\/person\/fc1e5d578f4b62ba1cf7ac2bba1170a0"},"description":"Portal de noticias del Per\u00fa sobre el transporte a\u00e9reo, aviaci\u00f3n, turismo, hoteleria, actualidad.","breadcrumb":{"@id":"https:\/\/aeronoticias.com.pe\/noticiero\/politica\/mario-amoretti-felicita-a-julian-palacin-por-la-idea-de-la-torre-cal\/#breadcrumb"},"inLanguage":"es","potentialAction":[{"@type":"ReadAction","target":["https:\/\/aeronoticias.com.pe\/noticiero\/politica\/mario-amoretti-felicita-a-julian-palacin-por-la-idea-de-la-torre-cal\/"]}]},{"@type":"BreadcrumbList","@id":"https:\/\/aeronoticias.com.pe\/noticiero\/politica\/mario-amoretti-felicita-a-julian-palacin-por-la-idea-de-la-torre-cal\/#breadcrumb","itemListElement":[{"@type":"ListItem","position":1,"name":"Portada","item":"https:\/\/aeronoticias.com.pe\/noticiero\/"},{"@type":"ListItem","position":2,"name":"Mario Amoretti felicita a Juli\u00e1n Palacin por la idea de la Torre CAL"}]},{"@type":"WebSite","@id":"https:\/\/aeronoticias.com.pe\/noticiero\/#website","url":"https:\/\/aeronoticias.com.pe\/noticiero\/","name":"Aeronoticias.com.pe","description":"Noticias de tranporte aereo, turismo, hoteles, gastronomia, actualidad, internacional","potentialAction":[{"@type":"SearchAction","target":{"@type":"EntryPoint","urlTemplate":"https:\/\/aeronoticias.com.pe\/noticiero\/?s={search_term_string}"},"query-input":{"@type":"PropertyValueSpecification","valueRequired":true,"valueName":"search_term_string"}}],"inLanguage":"es"},{"@type":"Person","@id":"https:\/\/aeronoticias.com.pe\/noticiero\/#\/schema\/person\/fc1e5d578f4b62ba1cf7ac2bba1170a0","name":"Redacci\u00f3n Aeronoticias","url":"https:\/\/aeronoticias.com.pe\/noticiero\/author\/piloto\/"}]}},"_links":{"self":[{"href":"https:\/\/aeronoticias.com.pe\/noticiero\/wp-json\/wp\/v2\/posts\/54190","targetHints":{"allow":["GET"]}}],"collection":[{"href":"https:\/\/aeronoticias.com.pe\/noticiero\/wp-json\/wp\/v2\/posts"}],"about":[{"href":"https:\/\/aeronoticias.com.pe\/noticiero\/wp-json\/wp\/v2\/types\/post"}],"author":[{"embeddable":true,"href":"https:\/\/aeronoticias.com.pe\/noticiero\/wp-json\/wp\/v2\/users\/1"}],"replies":[{"embeddable":true,"href":"https:\/\/aeronoticias.com.pe\/noticiero\/wp-json\/wp\/v2\/comments?post=54190"}],"version-history":[{"count":0,"href":"https:\/\/aeronoticias.com.pe\/noticiero\/wp-json\/wp\/v2\/posts\/54190\/revisions"}],"wp:attachment":[{"href":"https:\/\/aeronoticias.com.pe\/noticiero\/wp-json\/wp\/v2\/media?parent=54190"}],"wp:term":[{"taxonomy":"category","embeddable":true,"href":"https:\/\/aeronoticias.com.pe\/noticiero\/wp-json\/wp\/v2\/categories?post=54190"},{"taxonomy":"post_tag","embeddable":true,"href":"https:\/\/aeronoticias.com.pe\/noticiero\/wp-json\/wp\/v2\/tags?post=54190"}],"curies":[{"name":"wp","href":"https:\/\/api.w.org\/{rel}","templated":true}]}}