{"id":54191,"date":"2015-11-13T15:27:44","date_gmt":"2015-11-13T15:27:44","guid":{"rendered":"http:\/\/desarrollo.mcvicious.com\/aero2020\/2015\/11\/13\/iberia-planea-vuelos-directos-entre-madrid-y-guadalajara\/"},"modified":"2015-11-13T15:27:44","modified_gmt":"2015-11-13T15:27:44","slug":"iberia-planea-vuelos-directos-entre-madrid-y-guadalajara","status":"publish","type":"post","link":"https:\/\/aeronoticias.com.pe\/noticiero\/transporte-aereo\/internacional\/iberia-planea-vuelos-directos-entre-madrid-y-guadalajara\/","title":{"rendered":"Iberia planea vuelos directos entre Madrid y Guadalajara"},"content":{"rendered":"<p style=\"text-align: justify;\"><strong>(Aeronoticias)<\/strong>.-\u00a0La aerol\u00ednea espa\u00f1ola Iberia, planea abrir nuevas rutas hacia el pa\u00eds desde Madrid, dijo Luis Gallego, su presidente ejecutivo.<\/p>\n<p style=\"text-align: justify;\">\u201cM\u00e9xico ha sido siempre uno de nuestros mercados principales y queremos que siga siendo as\u00ed. Estamos planteando hacer vuelos directos a otras ciudades, y Guadalajara es uno de los destinos que tenemos en consideraci\u00f3n. Si todo va bien, (\u2026) en el corto plazo tenemos intenci\u00f3n de volarla\u201d.<\/p>\n<p style=\"text-align: justify;\">El ejecutivo, que no dio una fecha concreta, aclar\u00f3 hacerlo depender\u00e1 de que la situaci\u00f3n de la aerol\u00ednea siga en un buen rumbo.<\/p>\n<p style=\"text-align: justify;\">Iberia, la ex aerol\u00ednea estatal de Espa\u00f1a, privatizada en varias fases entre finales de los 90 y principios de la d\u00e9cada pasada, lleg\u00f3 a estar al borde de la quiebra. En 2012, tuvo p\u00e9rdidas de casi 1 mill\u00f3n de euros al d\u00eda. Ese a\u00f1o, la empresa, que en 2010 se hab\u00eda fusionado con la brit\u00e1nica British Airways, inici\u00f3 un Plan de Transformaci\u00f3n con el que redujo costos -cerrando rutas, despidiendo empleados y renegociando salarios- y flexibiliz\u00f3 su operaci\u00f3n.<\/p>\n<p style=\"text-align: justify;\">Como resultado, en 2014 logr\u00f3 salir de seis a\u00f1os de p\u00e9rdidas y logr\u00f3 un beneficio operativo de 50 millones de euros. Entre enero y septiembre de este a\u00f1o, esa cifra es ya de 196 millones de euros. \u201cHemos recuperado casi todas las rutas que tuvimos que cancelar, como Cuba y Santo Domingo, y abriremos Puerto Rico en el corto plazo\u201d, dijo Gallego.<\/p>\n<p style=\"text-align: justify;\">M\u00e9xico juega un importante papel en este nuevo plan de crecimiento, agreg\u00f3 el directivo. La aerol\u00ednea, que viaja al pa\u00eds desde 1950, hace dos vuelos directos al d\u00eda entre Madrid y la Ciudad de M\u00e9xico, con una oferta de unos 490,000 asientos, 11% m\u00e1s que el a\u00f1o pasado. S\u00f3lo Miami, Nueva York y Buenos Aires reciben la misma frecuencia. \u201cSon los destinos estrat\u00e9gicos donde pensamos que podemos abrir nuevas rutas\u201d, afirm\u00f3 Gallego.<\/p>\n<p style=\"text-align: justify;\">Iberia es hoy parte del Grupo IAG (International Airlines Group), donde tambi\u00e9n est\u00e1n British Airways y la low cost Vueling. En M\u00e9xico, tiene un acuerdo con Interjet \u2013una empresa con la que Gallego se reunir\u00e1 estos d\u00edas- que conecta sus vuelos con 36 ciudades del pa\u00eds.<\/p>\n<p style=\"text-align: justify;\">Fuente: <span style=\"text-decoration: underline;\"><em><strong>Aviaci\u00f3n al d\u00eda<\/strong><\/em><\/span>.<\/p>\n<p style=\"text-align: justify;\"><img decoding=\"async\" src=\"http:\/\/www.palestinalibre.org\/fotos\/5857720151029053458577.jpg\" border=\"0\" \/><\/p>\n","protected":false},"excerpt":{"rendered":"<p>(Aeronoticias).-\u00a0La aerol\u00ednea espa\u00f1ola Iberia, planea abrir nuevas rutas hacia el pa\u00eds desde Madrid, dijo Luis Gallego, su presidente ejecutivo. \u201cM\u00e9xico ha sido siempre uno de nuestros mercados principales y queremos que siga siendo as\u00ed. Estamos planteando hacer vuelos directos a otras ciudades, y Guadalajara es uno de los destinos que tenemos en consideraci\u00f3n. Si todo [&hellip;]<\/p>\n","protected":false},"author":1,"featured_media":0,"comment_status":"open","ping_status":"open","sticky":false,"template":"","format":"standard","meta":{"tdm_status":"","tdm_grid_status":"","footnotes":""},"categories":[32],"tags":[],"class_list":{"0":"post-54191","1":"post","2":"type-post","3":"status-publish","4":"format-standard","6":"category-internacional"},"yoast_head":"<!-- This site is optimized with the Yoast SEO plugin v25.1 - https:\/\/yoast.com\/wordpress\/plugins\/seo\/ -->\n<title>Iberia planea vuelos directos entre Madrid y Guadalajara<\/title>\n<meta name=\"description\" content=\"Portal de noticias del Per\u00fa sobre el transporte a\u00e9reo, aviaci\u00f3n, turismo, hoteleria, actualidad.\" \/>\n<meta name=\"robots\" content=\"index, follow, max-snippet:-1, max-image-preview:large, max-video-preview:-1\" \/>\n<link rel=\"canonical\" href=\"https:\/\/aeronoticias.com.pe\/noticiero\/transporte-aereo\/internacional\/iberia-planea-vuelos-directos-entre-madrid-y-guadalajara\/\" \/>\n<meta property=\"og:locale\" content=\"es_ES\" \/>\n<meta property=\"og:type\" content=\"article\" \/>\n<meta property=\"og:title\" content=\"Iberia planea vuelos directos entre Madrid y Guadalajara\" \/>\n<meta property=\"og:description\" content=\"Portal de noticias del Per\u00fa sobre el transporte a\u00e9reo, aviaci\u00f3n, turismo, hoteleria, actualidad.\" \/>\n<meta property=\"og:url\" content=\"https:\/\/aeronoticias.com.pe\/noticiero\/transporte-aereo\/internacional\/iberia-planea-vuelos-directos-entre-madrid-y-guadalajara\/\" \/>\n<meta property=\"og:site_name\" content=\"Aeronoticias.com.pe\" \/>\n<meta property=\"article:publisher\" content=\"https:\/\/www.facebook.com\/Aeronoticias.com.pe\/\" \/>\n<meta property=\"article:published_time\" content=\"2015-11-13T15:27:44+00:00\" \/>\n<meta property=\"og:image\" content=\"http:\/\/www.palestinalibre.org\/fotos\/5857720151029053458577.jpg\" \/>\n<meta name=\"author\" content=\"Redacci\u00f3n Aeronoticias\" \/>\n<meta name=\"twitter:card\" content=\"summary_large_image\" \/>\n<meta name=\"twitter:creator\" content=\"@aeronoticias\" \/>\n<meta name=\"twitter:site\" content=\"@aeronoticias\" \/>\n<meta name=\"twitter:label1\" content=\"Escrito por\" \/>\n\t<meta name=\"twitter:data1\" content=\"Redacci\u00f3n Aeronoticias\" \/>\n\t<meta name=\"twitter:label2\" content=\"Tiempo de lectura\" \/>\n\t<meta name=\"twitter:data2\" content=\"2 minutos\" \/>\n<script type=\"application\/ld+json\" class=\"yoast-schema-graph\">{\"@context\":\"https:\/\/schema.org\",\"@graph\":[{\"@type\":\"WebPage\",\"@id\":\"https:\/\/aeronoticias.com.pe\/noticiero\/transporte-aereo\/internacional\/iberia-planea-vuelos-directos-entre-madrid-y-guadalajara\/\",\"url\":\"https:\/\/aeronoticias.com.pe\/noticiero\/transporte-aereo\/internacional\/iberia-planea-vuelos-directos-entre-madrid-y-guadalajara\/\",\"name\":\"Iberia planea vuelos directos entre Madrid y Guadalajara\",\"isPartOf\":{\"@id\":\"https:\/\/aeronoticias.com.pe\/noticiero\/#website\"},\"primaryImageOfPage\":{\"@id\":\"https:\/\/aeronoticias.com.pe\/noticiero\/transporte-aereo\/internacional\/iberia-planea-vuelos-directos-entre-madrid-y-guadalajara\/#primaryimage\"},\"image\":{\"@id\":\"https:\/\/aeronoticias.com.pe\/noticiero\/transporte-aereo\/internacional\/iberia-planea-vuelos-directos-entre-madrid-y-guadalajara\/#primaryimage\"},\"thumbnailUrl\":\"http:\/\/www.palestinalibre.org\/fotos\/5857720151029053458577.jpg\",\"datePublished\":\"2015-11-13T15:27:44+00:00\",\"author\":{\"@id\":\"https:\/\/aeronoticias.com.pe\/noticiero\/#\/schema\/person\/fc1e5d578f4b62ba1cf7ac2bba1170a0\"},\"description\":\"Portal de noticias del Per\u00fa sobre el transporte a\u00e9reo, aviaci\u00f3n, turismo, hoteleria, actualidad.\",\"breadcrumb\":{\"@id\":\"https:\/\/aeronoticias.com.pe\/noticiero\/transporte-aereo\/internacional\/iberia-planea-vuelos-directos-entre-madrid-y-guadalajara\/#breadcrumb\"},\"inLanguage\":\"es\",\"potentialAction\":[{\"@type\":\"ReadAction\",\"target\":[\"https:\/\/aeronoticias.com.pe\/noticiero\/transporte-aereo\/internacional\/iberia-planea-vuelos-directos-entre-madrid-y-guadalajara\/\"]}]},{\"@type\":\"ImageObject\",\"inLanguage\":\"es\",\"@id\":\"https:\/\/aeronoticias.com.pe\/noticiero\/transporte-aereo\/internacional\/iberia-planea-vuelos-directos-entre-madrid-y-guadalajara\/#primaryimage\",\"url\":\"http:\/\/www.palestinalibre.org\/fotos\/5857720151029053458577.jpg\",\"contentUrl\":\"http:\/\/www.palestinalibre.org\/fotos\/5857720151029053458577.jpg\"},{\"@type\":\"BreadcrumbList\",\"@id\":\"https:\/\/aeronoticias.com.pe\/noticiero\/transporte-aereo\/internacional\/iberia-planea-vuelos-directos-entre-madrid-y-guadalajara\/#breadcrumb\",\"itemListElement\":[{\"@type\":\"ListItem\",\"position\":1,\"name\":\"Portada\",\"item\":\"https:\/\/aeronoticias.com.pe\/noticiero\/\"},{\"@type\":\"ListItem\",\"position\":2,\"name\":\"Iberia planea vuelos directos entre Madrid y Guadalajara\"}]},{\"@type\":\"WebSite\",\"@id\":\"https:\/\/aeronoticias.com.pe\/noticiero\/#website\",\"url\":\"https:\/\/aeronoticias.com.pe\/noticiero\/\",\"name\":\"Aeronoticias.com.pe\",\"description\":\"Noticias de tranporte aereo, turismo, hoteles, gastronomia, actualidad, internacional\",\"potentialAction\":[{\"@type\":\"SearchAction\",\"target\":{\"@type\":\"EntryPoint\",\"urlTemplate\":\"https:\/\/aeronoticias.com.pe\/noticiero\/?s={search_term_string}\"},\"query-input\":{\"@type\":\"PropertyValueSpecification\",\"valueRequired\":true,\"valueName\":\"search_term_string\"}}],\"inLanguage\":\"es\"},{\"@type\":\"Person\",\"@id\":\"https:\/\/aeronoticias.com.pe\/noticiero\/#\/schema\/person\/fc1e5d578f4b62ba1cf7ac2bba1170a0\",\"name\":\"Redacci\u00f3n Aeronoticias\",\"url\":\"https:\/\/aeronoticias.com.pe\/noticiero\/author\/piloto\/\"}]}<\/script>\n<!-- \/ Yoast SEO plugin. -->","yoast_head_json":{"title":"Iberia planea vuelos directos entre Madrid y Guadalajara","description":"Portal de noticias del Per\u00fa sobre el transporte a\u00e9reo, aviaci\u00f3n, turismo, hoteleria, actualidad.","robots":{"index":"index","follow":"follow","max-snippet":"max-snippet:-1","max-image-preview":"max-image-preview:large","max-video-preview":"max-video-preview:-1"},"canonical":"https:\/\/aeronoticias.com.pe\/noticiero\/transporte-aereo\/internacional\/iberia-planea-vuelos-directos-entre-madrid-y-guadalajara\/","og_locale":"es_ES","og_type":"article","og_title":"Iberia planea vuelos directos entre Madrid y Guadalajara","og_description":"Portal de noticias del Per\u00fa sobre el transporte a\u00e9reo, aviaci\u00f3n, turismo, hoteleria, actualidad.","og_url":"https:\/\/aeronoticias.com.pe\/noticiero\/transporte-aereo\/internacional\/iberia-planea-vuelos-directos-entre-madrid-y-guadalajara\/","og_site_name":"Aeronoticias.com.pe","article_publisher":"https:\/\/www.facebook.com\/Aeronoticias.com.pe\/","article_published_time":"2015-11-13T15:27:44+00:00","og_image":[{"url":"http:\/\/www.palestinalibre.org\/fotos\/5857720151029053458577.jpg","type":"","width":"","height":""}],"author":"Redacci\u00f3n Aeronoticias","twitter_card":"summary_large_image","twitter_creator":"@aeronoticias","twitter_site":"@aeronoticias","twitter_misc":{"Escrito por":"Redacci\u00f3n Aeronoticias","Tiempo de lectura":"2 minutos"},"schema":{"@context":"https:\/\/schema.org","@graph":[{"@type":"WebPage","@id":"https:\/\/aeronoticias.com.pe\/noticiero\/transporte-aereo\/internacional\/iberia-planea-vuelos-directos-entre-madrid-y-guadalajara\/","url":"https:\/\/aeronoticias.com.pe\/noticiero\/transporte-aereo\/internacional\/iberia-planea-vuelos-directos-entre-madrid-y-guadalajara\/","name":"Iberia planea vuelos directos entre Madrid y Guadalajara","isPartOf":{"@id":"https:\/\/aeronoticias.com.pe\/noticiero\/#website"},"primaryImageOfPage":{"@id":"https:\/\/aeronoticias.com.pe\/noticiero\/transporte-aereo\/internacional\/iberia-planea-vuelos-directos-entre-madrid-y-guadalajara\/#primaryimage"},"image":{"@id":"https:\/\/aeronoticias.com.pe\/noticiero\/transporte-aereo\/internacional\/iberia-planea-vuelos-directos-entre-madrid-y-guadalajara\/#primaryimage"},"thumbnailUrl":"http:\/\/www.palestinalibre.org\/fotos\/5857720151029053458577.jpg","datePublished":"2015-11-13T15:27:44+00:00","author":{"@id":"https:\/\/aeronoticias.com.pe\/noticiero\/#\/schema\/person\/fc1e5d578f4b62ba1cf7ac2bba1170a0"},"description":"Portal de noticias del Per\u00fa sobre el transporte a\u00e9reo, aviaci\u00f3n, turismo, hoteleria, actualidad.","breadcrumb":{"@id":"https:\/\/aeronoticias.com.pe\/noticiero\/transporte-aereo\/internacional\/iberia-planea-vuelos-directos-entre-madrid-y-guadalajara\/#breadcrumb"},"inLanguage":"es","potentialAction":[{"@type":"ReadAction","target":["https:\/\/aeronoticias.com.pe\/noticiero\/transporte-aereo\/internacional\/iberia-planea-vuelos-directos-entre-madrid-y-guadalajara\/"]}]},{"@type":"ImageObject","inLanguage":"es","@id":"https:\/\/aeronoticias.com.pe\/noticiero\/transporte-aereo\/internacional\/iberia-planea-vuelos-directos-entre-madrid-y-guadalajara\/#primaryimage","url":"http:\/\/www.palestinalibre.org\/fotos\/5857720151029053458577.jpg","contentUrl":"http:\/\/www.palestinalibre.org\/fotos\/5857720151029053458577.jpg"},{"@type":"BreadcrumbList","@id":"https:\/\/aeronoticias.com.pe\/noticiero\/transporte-aereo\/internacional\/iberia-planea-vuelos-directos-entre-madrid-y-guadalajara\/#breadcrumb","itemListElement":[{"@type":"ListItem","position":1,"name":"Portada","item":"https:\/\/aeronoticias.com.pe\/noticiero\/"},{"@type":"ListItem","position":2,"name":"Iberia planea vuelos directos entre Madrid y Guadalajara"}]},{"@type":"WebSite","@id":"https:\/\/aeronoticias.com.pe\/noticiero\/#website","url":"https:\/\/aeronoticias.com.pe\/noticiero\/","name":"Aeronoticias.com.pe","description":"Noticias de tranporte aereo, turismo, hoteles, gastronomia, actualidad, internacional","potentialAction":[{"@type":"SearchAction","target":{"@type":"EntryPoint","urlTemplate":"https:\/\/aeronoticias.com.pe\/noticiero\/?s={search_term_string}"},"query-input":{"@type":"PropertyValueSpecification","valueRequired":true,"valueName":"search_term_string"}}],"inLanguage":"es"},{"@type":"Person","@id":"https:\/\/aeronoticias.com.pe\/noticiero\/#\/schema\/person\/fc1e5d578f4b62ba1cf7ac2bba1170a0","name":"Redacci\u00f3n Aeronoticias","url":"https:\/\/aeronoticias.com.pe\/noticiero\/author\/piloto\/"}]}},"_links":{"self":[{"href":"https:\/\/aeronoticias.com.pe\/noticiero\/wp-json\/wp\/v2\/posts\/54191","targetHints":{"allow":["GET"]}}],"collection":[{"href":"https:\/\/aeronoticias.com.pe\/noticiero\/wp-json\/wp\/v2\/posts"}],"about":[{"href":"https:\/\/aeronoticias.com.pe\/noticiero\/wp-json\/wp\/v2\/types\/post"}],"author":[{"embeddable":true,"href":"https:\/\/aeronoticias.com.pe\/noticiero\/wp-json\/wp\/v2\/users\/1"}],"replies":[{"embeddable":true,"href":"https:\/\/aeronoticias.com.pe\/noticiero\/wp-json\/wp\/v2\/comments?post=54191"}],"version-history":[{"count":0,"href":"https:\/\/aeronoticias.com.pe\/noticiero\/wp-json\/wp\/v2\/posts\/54191\/revisions"}],"wp:attachment":[{"href":"https:\/\/aeronoticias.com.pe\/noticiero\/wp-json\/wp\/v2\/media?parent=54191"}],"wp:term":[{"taxonomy":"category","embeddable":true,"href":"https:\/\/aeronoticias.com.pe\/noticiero\/wp-json\/wp\/v2\/categories?post=54191"},{"taxonomy":"post_tag","embeddable":true,"href":"https:\/\/aeronoticias.com.pe\/noticiero\/wp-json\/wp\/v2\/tags?post=54191"}],"curies":[{"name":"wp","href":"https:\/\/api.w.org\/{rel}","templated":true}]}}