{"id":54192,"date":"2015-11-13T15:33:59","date_gmt":"2015-11-13T15:33:59","guid":{"rendered":"http:\/\/desarrollo.mcvicious.com\/aero2020\/2015\/11\/13\/aerolinea-latam-registra-perdidas-por-1133-millones-en-tercer-trimestre\/"},"modified":"2015-11-13T15:33:59","modified_gmt":"2015-11-13T15:33:59","slug":"aerolinea-latam-registra-perdidas-por-1133-millones-en-tercer-trimestre","status":"publish","type":"post","link":"https:\/\/aeronoticias.com.pe\/noticiero\/transporte-aereo\/internacional\/aerolinea-latam-registra-perdidas-por-1133-millones-en-tercer-trimestre\/","title":{"rendered":"Aerol\u00ednea Latam registra p\u00e9rdidas por $ 113,3 millones en tercer trimestre"},"content":{"rendered":"<p style=\"text-align: justify;\"><strong>(Aeronoticias)<\/strong>.-\u00a0Latam Airlines, la mayor aerol\u00ednea de Am\u00e9rica Latina surgida tras la fusi\u00f3n de la chilena LAN y la brasile\u00f1a TAM, inform\u00f3 este jueves sus p\u00e9rdidas por 113,3 millones de d\u00f3lares en el tercer trimestre, arrastrada por el d\u00e9bil desempe\u00f1o de Brasil y la devaluaci\u00f3n de su moneda.<\/p>\n<p style=\"text-align: justify;\">\u00abLatam anunci\u00f3 una p\u00e9rdida neta de 113 millones de d\u00f3lares en el tercer trimestre del a\u00f1o 2015, similar a la p\u00e9rdida neta de 107,8 millones en el tercer trimestre de 2014\u00bb, inform\u00f3 la compa\u00f1\u00eda a trav\u00e9s de un comunicado de prensa.<\/p>\n<p style=\"text-align: justify;\">La ca\u00edda se da \u00abcomo resultado del complejo panorama macroecon\u00f3mico en Sudam\u00e9rica y las importantes devaluaciones de las divisas latinoamericanas durante el periodo, especialmente la depreciaci\u00f3n del 55% del real brasile\u00f1o\u00bb, explic\u00f3 la compa\u00f1\u00eda.<\/p>\n<p style=\"text-align: justify;\">En el periodo, los ingresos del grupo alcanzaron a 2.514,8 millones de d\u00f3lares, con una baja de 19,9% frente lapso del a\u00f1o previo.<\/p>\n<p style=\"text-align: justify;\">Con el resultado trimestral, la compa\u00f1\u00eda acumul\u00f3 una p\u00e9rdida de 203 millones de d\u00f3lares hasta septiembre de este a\u00f1o.<\/p>\n<p style=\"text-align: justify;\">La aerol\u00ednea explic\u00f3 que, considerando el complicado escenario econ\u00f3mico de Brasil, su principal mercado, TAM redujo la capacidad en sus operaciones dom\u00e9sticas de TAM en 5,9% en septiembre y espera hacerlo entre 8 y 10% durante el resto del a\u00f1o.<\/p>\n<p style=\"text-align: justify;\">En 2016, TAM realizar\u00e1 tambi\u00e9n ajustes en sus vuelos nacionales e internacionales, con cancelaciones de frecuencias hacia Miami y Nueva York.<\/p>\n<p style=\"text-align: justify;\">La compa\u00f1\u00eda inform\u00f3, adem\u00e1s, que \u00abest\u00e1 revisando sus compromisos de flota para los pr\u00f3ximos tres a\u00f1os\u00bb en un 40% a trav\u00e9s de aplazamientos y ventas de flota a largo y corto plazo.<\/p>\n<p style=\"text-align: justify;\">La aerol\u00ednea tiene filiales en Argentina, Brasil, Chile, Colombia, Ecuador, Paraguay y Per\u00fa. Vuela a 140 destinos en 24 pa\u00edses, con una flota de 318 aviones y m\u00e1s de 53.000 empleados.<\/p>\n<p style=\"text-align: justify;\">Fuente: <span style=\"text-decoration: underline;\"><em><strong>Aviaci\u00f3n al d\u00eda<\/strong><\/em><\/span>.<\/p>\n<p style=\"text-align: justify;\"><img decoding=\"async\" src=\"http:\/\/3.bp.blogspot.com\/-uT-0gP3tWZU\/VkXUMkcfZWI\/AAAAAAAAr9w\/tsujogotXbw\/s1600\/latam.png\" border=\"0\" \/><\/p>\n","protected":false},"excerpt":{"rendered":"<p>(Aeronoticias).-\u00a0Latam Airlines, la mayor aerol\u00ednea de Am\u00e9rica Latina surgida tras la fusi\u00f3n de la chilena LAN y la brasile\u00f1a TAM, inform\u00f3 este jueves sus p\u00e9rdidas por 113,3 millones de d\u00f3lares en el tercer trimestre, arrastrada por el d\u00e9bil desempe\u00f1o de Brasil y la devaluaci\u00f3n de su moneda. \u00abLatam anunci\u00f3 una p\u00e9rdida neta de 113 millones [&hellip;]<\/p>\n","protected":false},"author":1,"featured_media":0,"comment_status":"open","ping_status":"open","sticky":false,"template":"","format":"standard","meta":{"tdm_status":"","tdm_grid_status":"","footnotes":""},"categories":[32],"tags":[],"class_list":{"0":"post-54192","1":"post","2":"type-post","3":"status-publish","4":"format-standard","6":"category-internacional"},"yoast_head":"<!-- This site is optimized with the Yoast SEO plugin v25.1 - https:\/\/yoast.com\/wordpress\/plugins\/seo\/ -->\n<title>Aerol\u00ednea Latam registra p\u00e9rdidas por $ 113,3 millones en tercer trimestre<\/title>\n<meta name=\"description\" content=\"Portal de noticias del Per\u00fa sobre el transporte a\u00e9reo, aviaci\u00f3n, turismo, hoteleria, actualidad.\" \/>\n<meta name=\"robots\" content=\"index, follow, max-snippet:-1, max-image-preview:large, max-video-preview:-1\" \/>\n<link rel=\"canonical\" href=\"https:\/\/aeronoticias.com.pe\/noticiero\/transporte-aereo\/internacional\/aerolinea-latam-registra-perdidas-por-1133-millones-en-tercer-trimestre\/\" \/>\n<meta property=\"og:locale\" content=\"es_ES\" \/>\n<meta property=\"og:type\" content=\"article\" \/>\n<meta property=\"og:title\" content=\"Aerol\u00ednea Latam registra p\u00e9rdidas por $ 113,3 millones en tercer trimestre\" \/>\n<meta property=\"og:description\" content=\"Portal de noticias del Per\u00fa sobre el transporte a\u00e9reo, aviaci\u00f3n, turismo, hoteleria, actualidad.\" \/>\n<meta property=\"og:url\" content=\"https:\/\/aeronoticias.com.pe\/noticiero\/transporte-aereo\/internacional\/aerolinea-latam-registra-perdidas-por-1133-millones-en-tercer-trimestre\/\" \/>\n<meta property=\"og:site_name\" content=\"Aeronoticias.com.pe\" \/>\n<meta property=\"article:publisher\" content=\"https:\/\/www.facebook.com\/Aeronoticias.com.pe\/\" \/>\n<meta property=\"article:published_time\" content=\"2015-11-13T15:33:59+00:00\" \/>\n<meta property=\"og:image\" content=\"http:\/\/3.bp.blogspot.com\/-uT-0gP3tWZU\/VkXUMkcfZWI\/AAAAAAAAr9w\/tsujogotXbw\/s1600\/latam.png\" \/>\n<meta name=\"author\" content=\"Redacci\u00f3n Aeronoticias\" \/>\n<meta name=\"twitter:card\" content=\"summary_large_image\" \/>\n<meta name=\"twitter:creator\" content=\"@aeronoticias\" \/>\n<meta name=\"twitter:site\" content=\"@aeronoticias\" \/>\n<meta name=\"twitter:label1\" content=\"Escrito por\" \/>\n\t<meta name=\"twitter:data1\" content=\"Redacci\u00f3n Aeronoticias\" \/>\n\t<meta name=\"twitter:label2\" content=\"Tiempo de lectura\" \/>\n\t<meta name=\"twitter:data2\" content=\"2 minutos\" \/>\n<script type=\"application\/ld+json\" class=\"yoast-schema-graph\">{\"@context\":\"https:\/\/schema.org\",\"@graph\":[{\"@type\":\"WebPage\",\"@id\":\"https:\/\/aeronoticias.com.pe\/noticiero\/transporte-aereo\/internacional\/aerolinea-latam-registra-perdidas-por-1133-millones-en-tercer-trimestre\/\",\"url\":\"https:\/\/aeronoticias.com.pe\/noticiero\/transporte-aereo\/internacional\/aerolinea-latam-registra-perdidas-por-1133-millones-en-tercer-trimestre\/\",\"name\":\"Aerol\u00ednea Latam registra p\u00e9rdidas por $ 113,3 millones en tercer trimestre\",\"isPartOf\":{\"@id\":\"https:\/\/aeronoticias.com.pe\/noticiero\/#website\"},\"primaryImageOfPage\":{\"@id\":\"https:\/\/aeronoticias.com.pe\/noticiero\/transporte-aereo\/internacional\/aerolinea-latam-registra-perdidas-por-1133-millones-en-tercer-trimestre\/#primaryimage\"},\"image\":{\"@id\":\"https:\/\/aeronoticias.com.pe\/noticiero\/transporte-aereo\/internacional\/aerolinea-latam-registra-perdidas-por-1133-millones-en-tercer-trimestre\/#primaryimage\"},\"thumbnailUrl\":\"http:\/\/3.bp.blogspot.com\/-uT-0gP3tWZU\/VkXUMkcfZWI\/AAAAAAAAr9w\/tsujogotXbw\/s1600\/latam.png\",\"datePublished\":\"2015-11-13T15:33:59+00:00\",\"author\":{\"@id\":\"https:\/\/aeronoticias.com.pe\/noticiero\/#\/schema\/person\/fc1e5d578f4b62ba1cf7ac2bba1170a0\"},\"description\":\"Portal de noticias del Per\u00fa sobre el transporte a\u00e9reo, aviaci\u00f3n, turismo, hoteleria, actualidad.\",\"breadcrumb\":{\"@id\":\"https:\/\/aeronoticias.com.pe\/noticiero\/transporte-aereo\/internacional\/aerolinea-latam-registra-perdidas-por-1133-millones-en-tercer-trimestre\/#breadcrumb\"},\"inLanguage\":\"es\",\"potentialAction\":[{\"@type\":\"ReadAction\",\"target\":[\"https:\/\/aeronoticias.com.pe\/noticiero\/transporte-aereo\/internacional\/aerolinea-latam-registra-perdidas-por-1133-millones-en-tercer-trimestre\/\"]}]},{\"@type\":\"ImageObject\",\"inLanguage\":\"es\",\"@id\":\"https:\/\/aeronoticias.com.pe\/noticiero\/transporte-aereo\/internacional\/aerolinea-latam-registra-perdidas-por-1133-millones-en-tercer-trimestre\/#primaryimage\",\"url\":\"http:\/\/3.bp.blogspot.com\/-uT-0gP3tWZU\/VkXUMkcfZWI\/AAAAAAAAr9w\/tsujogotXbw\/s1600\/latam.png\",\"contentUrl\":\"http:\/\/3.bp.blogspot.com\/-uT-0gP3tWZU\/VkXUMkcfZWI\/AAAAAAAAr9w\/tsujogotXbw\/s1600\/latam.png\"},{\"@type\":\"BreadcrumbList\",\"@id\":\"https:\/\/aeronoticias.com.pe\/noticiero\/transporte-aereo\/internacional\/aerolinea-latam-registra-perdidas-por-1133-millones-en-tercer-trimestre\/#breadcrumb\",\"itemListElement\":[{\"@type\":\"ListItem\",\"position\":1,\"name\":\"Portada\",\"item\":\"https:\/\/aeronoticias.com.pe\/noticiero\/\"},{\"@type\":\"ListItem\",\"position\":2,\"name\":\"Aerol\u00ednea Latam registra p\u00e9rdidas por $ 113,3 millones en tercer trimestre\"}]},{\"@type\":\"WebSite\",\"@id\":\"https:\/\/aeronoticias.com.pe\/noticiero\/#website\",\"url\":\"https:\/\/aeronoticias.com.pe\/noticiero\/\",\"name\":\"Aeronoticias.com.pe\",\"description\":\"Noticias de tranporte aereo, turismo, hoteles, gastronomia, actualidad, internacional\",\"potentialAction\":[{\"@type\":\"SearchAction\",\"target\":{\"@type\":\"EntryPoint\",\"urlTemplate\":\"https:\/\/aeronoticias.com.pe\/noticiero\/?s={search_term_string}\"},\"query-input\":{\"@type\":\"PropertyValueSpecification\",\"valueRequired\":true,\"valueName\":\"search_term_string\"}}],\"inLanguage\":\"es\"},{\"@type\":\"Person\",\"@id\":\"https:\/\/aeronoticias.com.pe\/noticiero\/#\/schema\/person\/fc1e5d578f4b62ba1cf7ac2bba1170a0\",\"name\":\"Redacci\u00f3n Aeronoticias\",\"url\":\"https:\/\/aeronoticias.com.pe\/noticiero\/author\/piloto\/\"}]}<\/script>\n<!-- \/ Yoast SEO plugin. -->","yoast_head_json":{"title":"Aerol\u00ednea Latam registra p\u00e9rdidas por $ 113,3 millones en tercer trimestre","description":"Portal de noticias del Per\u00fa sobre el transporte a\u00e9reo, aviaci\u00f3n, turismo, hoteleria, actualidad.","robots":{"index":"index","follow":"follow","max-snippet":"max-snippet:-1","max-image-preview":"max-image-preview:large","max-video-preview":"max-video-preview:-1"},"canonical":"https:\/\/aeronoticias.com.pe\/noticiero\/transporte-aereo\/internacional\/aerolinea-latam-registra-perdidas-por-1133-millones-en-tercer-trimestre\/","og_locale":"es_ES","og_type":"article","og_title":"Aerol\u00ednea Latam registra p\u00e9rdidas por $ 113,3 millones en tercer trimestre","og_description":"Portal de noticias del Per\u00fa sobre el transporte a\u00e9reo, aviaci\u00f3n, turismo, hoteleria, actualidad.","og_url":"https:\/\/aeronoticias.com.pe\/noticiero\/transporte-aereo\/internacional\/aerolinea-latam-registra-perdidas-por-1133-millones-en-tercer-trimestre\/","og_site_name":"Aeronoticias.com.pe","article_publisher":"https:\/\/www.facebook.com\/Aeronoticias.com.pe\/","article_published_time":"2015-11-13T15:33:59+00:00","og_image":[{"url":"http:\/\/3.bp.blogspot.com\/-uT-0gP3tWZU\/VkXUMkcfZWI\/AAAAAAAAr9w\/tsujogotXbw\/s1600\/latam.png","type":"","width":"","height":""}],"author":"Redacci\u00f3n Aeronoticias","twitter_card":"summary_large_image","twitter_creator":"@aeronoticias","twitter_site":"@aeronoticias","twitter_misc":{"Escrito por":"Redacci\u00f3n Aeronoticias","Tiempo de lectura":"2 minutos"},"schema":{"@context":"https:\/\/schema.org","@graph":[{"@type":"WebPage","@id":"https:\/\/aeronoticias.com.pe\/noticiero\/transporte-aereo\/internacional\/aerolinea-latam-registra-perdidas-por-1133-millones-en-tercer-trimestre\/","url":"https:\/\/aeronoticias.com.pe\/noticiero\/transporte-aereo\/internacional\/aerolinea-latam-registra-perdidas-por-1133-millones-en-tercer-trimestre\/","name":"Aerol\u00ednea Latam registra p\u00e9rdidas por $ 113,3 millones en tercer trimestre","isPartOf":{"@id":"https:\/\/aeronoticias.com.pe\/noticiero\/#website"},"primaryImageOfPage":{"@id":"https:\/\/aeronoticias.com.pe\/noticiero\/transporte-aereo\/internacional\/aerolinea-latam-registra-perdidas-por-1133-millones-en-tercer-trimestre\/#primaryimage"},"image":{"@id":"https:\/\/aeronoticias.com.pe\/noticiero\/transporte-aereo\/internacional\/aerolinea-latam-registra-perdidas-por-1133-millones-en-tercer-trimestre\/#primaryimage"},"thumbnailUrl":"http:\/\/3.bp.blogspot.com\/-uT-0gP3tWZU\/VkXUMkcfZWI\/AAAAAAAAr9w\/tsujogotXbw\/s1600\/latam.png","datePublished":"2015-11-13T15:33:59+00:00","author":{"@id":"https:\/\/aeronoticias.com.pe\/noticiero\/#\/schema\/person\/fc1e5d578f4b62ba1cf7ac2bba1170a0"},"description":"Portal de noticias del Per\u00fa sobre el transporte a\u00e9reo, aviaci\u00f3n, turismo, hoteleria, actualidad.","breadcrumb":{"@id":"https:\/\/aeronoticias.com.pe\/noticiero\/transporte-aereo\/internacional\/aerolinea-latam-registra-perdidas-por-1133-millones-en-tercer-trimestre\/#breadcrumb"},"inLanguage":"es","potentialAction":[{"@type":"ReadAction","target":["https:\/\/aeronoticias.com.pe\/noticiero\/transporte-aereo\/internacional\/aerolinea-latam-registra-perdidas-por-1133-millones-en-tercer-trimestre\/"]}]},{"@type":"ImageObject","inLanguage":"es","@id":"https:\/\/aeronoticias.com.pe\/noticiero\/transporte-aereo\/internacional\/aerolinea-latam-registra-perdidas-por-1133-millones-en-tercer-trimestre\/#primaryimage","url":"http:\/\/3.bp.blogspot.com\/-uT-0gP3tWZU\/VkXUMkcfZWI\/AAAAAAAAr9w\/tsujogotXbw\/s1600\/latam.png","contentUrl":"http:\/\/3.bp.blogspot.com\/-uT-0gP3tWZU\/VkXUMkcfZWI\/AAAAAAAAr9w\/tsujogotXbw\/s1600\/latam.png"},{"@type":"BreadcrumbList","@id":"https:\/\/aeronoticias.com.pe\/noticiero\/transporte-aereo\/internacional\/aerolinea-latam-registra-perdidas-por-1133-millones-en-tercer-trimestre\/#breadcrumb","itemListElement":[{"@type":"ListItem","position":1,"name":"Portada","item":"https:\/\/aeronoticias.com.pe\/noticiero\/"},{"@type":"ListItem","position":2,"name":"Aerol\u00ednea Latam registra p\u00e9rdidas por $ 113,3 millones en tercer trimestre"}]},{"@type":"WebSite","@id":"https:\/\/aeronoticias.com.pe\/noticiero\/#website","url":"https:\/\/aeronoticias.com.pe\/noticiero\/","name":"Aeronoticias.com.pe","description":"Noticias de tranporte aereo, turismo, hoteles, gastronomia, actualidad, internacional","potentialAction":[{"@type":"SearchAction","target":{"@type":"EntryPoint","urlTemplate":"https:\/\/aeronoticias.com.pe\/noticiero\/?s={search_term_string}"},"query-input":{"@type":"PropertyValueSpecification","valueRequired":true,"valueName":"search_term_string"}}],"inLanguage":"es"},{"@type":"Person","@id":"https:\/\/aeronoticias.com.pe\/noticiero\/#\/schema\/person\/fc1e5d578f4b62ba1cf7ac2bba1170a0","name":"Redacci\u00f3n Aeronoticias","url":"https:\/\/aeronoticias.com.pe\/noticiero\/author\/piloto\/"}]}},"_links":{"self":[{"href":"https:\/\/aeronoticias.com.pe\/noticiero\/wp-json\/wp\/v2\/posts\/54192","targetHints":{"allow":["GET"]}}],"collection":[{"href":"https:\/\/aeronoticias.com.pe\/noticiero\/wp-json\/wp\/v2\/posts"}],"about":[{"href":"https:\/\/aeronoticias.com.pe\/noticiero\/wp-json\/wp\/v2\/types\/post"}],"author":[{"embeddable":true,"href":"https:\/\/aeronoticias.com.pe\/noticiero\/wp-json\/wp\/v2\/users\/1"}],"replies":[{"embeddable":true,"href":"https:\/\/aeronoticias.com.pe\/noticiero\/wp-json\/wp\/v2\/comments?post=54192"}],"version-history":[{"count":0,"href":"https:\/\/aeronoticias.com.pe\/noticiero\/wp-json\/wp\/v2\/posts\/54192\/revisions"}],"wp:attachment":[{"href":"https:\/\/aeronoticias.com.pe\/noticiero\/wp-json\/wp\/v2\/media?parent=54192"}],"wp:term":[{"taxonomy":"category","embeddable":true,"href":"https:\/\/aeronoticias.com.pe\/noticiero\/wp-json\/wp\/v2\/categories?post=54192"},{"taxonomy":"post_tag","embeddable":true,"href":"https:\/\/aeronoticias.com.pe\/noticiero\/wp-json\/wp\/v2\/tags?post=54192"}],"curies":[{"name":"wp","href":"https:\/\/api.w.org\/{rel}","templated":true}]}}