{"id":54193,"date":"2015-11-13T15:43:55","date_gmt":"2015-11-13T15:43:55","guid":{"rendered":"http:\/\/desarrollo.mcvicious.com\/aero2020\/2015\/11\/13\/conviasa-ajusta-tarifas-de-vuelo-para-madrid-y-buenos-aires\/"},"modified":"2015-11-13T15:43:55","modified_gmt":"2015-11-13T15:43:55","slug":"conviasa-ajusta-tarifas-de-vuelo-para-madrid-y-buenos-aires","status":"publish","type":"post","link":"https:\/\/aeronoticias.com.pe\/noticiero\/transporte-aereo\/internacional\/conviasa-ajusta-tarifas-de-vuelo-para-madrid-y-buenos-aires\/","title":{"rendered":"Conviasa ajusta tarifas de vuelo para Madrid y Buenos Aires"},"content":{"rendered":"<p style=\"text-align: justify;\"><strong>(Aeronoticias)<\/strong>.-\u00a0De acuerdo con informaci\u00f3n publicada en el portal web del Consorcio Venezolano de Industrias Aeron\u00e1uticas y Servicios A\u00e9reos (Conviasa), se dio apertura a la oferta para viajeros con destino Buenos Aires (Argentina) y Madrid (Espa\u00f1a) a partir de este 15 de noviembre.<\/p>\n<p style=\"text-align: justify;\">En el comunicado, Conviasa advierte que \u00abninguna Agencia de Viajes a nivel nacional, est\u00e1 autorizada para vender boletos de Conviasa\u00bb, y ratifica que los \u00fanicos autorizados a la venta de estos boletos son las oficinas comerciales del Consorcio.<\/p>\n<p style=\"text-align: justify;\">Adem\u00e1s recuerda a los usuarios que \u00ablos boletos estar\u00e1n a la venta 45 d\u00edas antes de la fecha de vuelo\u00bb.<\/p>\n<p style=\"text-align: justify;\">A continuaci\u00f3n, nuevas tarifas de viaje destino: Caracas &#8211; Buenos Aires \/ Caracas &#8211; Madrid.<\/p>\n<p style=\"text-align: justify;\">Fuente: <span style=\"text-decoration: underline;\"><em><strong>Aviaci\u00f3n al d\u00eda<\/strong><\/em><\/span>.<\/p>\n<p style=\"text-align: justify;\"><img decoding=\"async\" src=\"http:\/\/www.desdelaplaza.com\/wp-content\/uploads\/2015\/05\/Conviasa1.jpg\" border=\"0\" \/><\/p>\n","protected":false},"excerpt":{"rendered":"<p>(Aeronoticias).-\u00a0De acuerdo con informaci\u00f3n publicada en el portal web del Consorcio Venezolano de Industrias Aeron\u00e1uticas y Servicios A\u00e9reos (Conviasa), se dio apertura a la oferta para viajeros con destino Buenos Aires (Argentina) y Madrid (Espa\u00f1a) a partir de este 15 de noviembre. En el comunicado, Conviasa advierte que \u00abninguna Agencia de Viajes a nivel nacional, [&hellip;]<\/p>\n","protected":false},"author":1,"featured_media":0,"comment_status":"open","ping_status":"open","sticky":false,"template":"","format":"standard","meta":{"tdm_status":"","tdm_grid_status":"","footnotes":""},"categories":[32],"tags":[],"class_list":{"0":"post-54193","1":"post","2":"type-post","3":"status-publish","4":"format-standard","6":"category-internacional"},"yoast_head":"<!-- This site is optimized with the Yoast SEO plugin v25.1 - https:\/\/yoast.com\/wordpress\/plugins\/seo\/ -->\n<title>Conviasa ajusta tarifas de vuelo para Madrid y Buenos Aires<\/title>\n<meta name=\"description\" content=\"Portal de noticias del Per\u00fa sobre el transporte a\u00e9reo, aviaci\u00f3n, turismo, hoteleria, actualidad.\" \/>\n<meta name=\"robots\" content=\"index, follow, max-snippet:-1, max-image-preview:large, max-video-preview:-1\" \/>\n<link rel=\"canonical\" href=\"https:\/\/aeronoticias.com.pe\/noticiero\/transporte-aereo\/internacional\/conviasa-ajusta-tarifas-de-vuelo-para-madrid-y-buenos-aires\/\" \/>\n<meta property=\"og:locale\" content=\"es_ES\" \/>\n<meta property=\"og:type\" content=\"article\" \/>\n<meta property=\"og:title\" content=\"Conviasa ajusta tarifas de vuelo para Madrid y Buenos Aires\" \/>\n<meta property=\"og:description\" content=\"Portal de noticias del Per\u00fa sobre el transporte a\u00e9reo, aviaci\u00f3n, turismo, hoteleria, actualidad.\" \/>\n<meta property=\"og:url\" content=\"https:\/\/aeronoticias.com.pe\/noticiero\/transporte-aereo\/internacional\/conviasa-ajusta-tarifas-de-vuelo-para-madrid-y-buenos-aires\/\" \/>\n<meta property=\"og:site_name\" content=\"Aeronoticias.com.pe\" \/>\n<meta property=\"article:publisher\" content=\"https:\/\/www.facebook.com\/Aeronoticias.com.pe\/\" \/>\n<meta property=\"article:published_time\" content=\"2015-11-13T15:43:55+00:00\" \/>\n<meta property=\"og:image\" content=\"http:\/\/www.desdelaplaza.com\/wp-content\/uploads\/2015\/05\/Conviasa1.jpg\" \/>\n<meta name=\"author\" content=\"Redacci\u00f3n Aeronoticias\" \/>\n<meta name=\"twitter:card\" content=\"summary_large_image\" \/>\n<meta name=\"twitter:creator\" content=\"@aeronoticias\" \/>\n<meta name=\"twitter:site\" content=\"@aeronoticias\" \/>\n<meta name=\"twitter:label1\" content=\"Escrito por\" \/>\n\t<meta name=\"twitter:data1\" content=\"Redacci\u00f3n Aeronoticias\" \/>\n\t<meta name=\"twitter:label2\" content=\"Tiempo de lectura\" \/>\n\t<meta name=\"twitter:data2\" content=\"1 minuto\" \/>\n<script type=\"application\/ld+json\" class=\"yoast-schema-graph\">{\"@context\":\"https:\/\/schema.org\",\"@graph\":[{\"@type\":\"WebPage\",\"@id\":\"https:\/\/aeronoticias.com.pe\/noticiero\/transporte-aereo\/internacional\/conviasa-ajusta-tarifas-de-vuelo-para-madrid-y-buenos-aires\/\",\"url\":\"https:\/\/aeronoticias.com.pe\/noticiero\/transporte-aereo\/internacional\/conviasa-ajusta-tarifas-de-vuelo-para-madrid-y-buenos-aires\/\",\"name\":\"Conviasa ajusta tarifas de vuelo para Madrid y Buenos Aires\",\"isPartOf\":{\"@id\":\"https:\/\/aeronoticias.com.pe\/noticiero\/#website\"},\"primaryImageOfPage\":{\"@id\":\"https:\/\/aeronoticias.com.pe\/noticiero\/transporte-aereo\/internacional\/conviasa-ajusta-tarifas-de-vuelo-para-madrid-y-buenos-aires\/#primaryimage\"},\"image\":{\"@id\":\"https:\/\/aeronoticias.com.pe\/noticiero\/transporte-aereo\/internacional\/conviasa-ajusta-tarifas-de-vuelo-para-madrid-y-buenos-aires\/#primaryimage\"},\"thumbnailUrl\":\"http:\/\/www.desdelaplaza.com\/wp-content\/uploads\/2015\/05\/Conviasa1.jpg\",\"datePublished\":\"2015-11-13T15:43:55+00:00\",\"author\":{\"@id\":\"https:\/\/aeronoticias.com.pe\/noticiero\/#\/schema\/person\/fc1e5d578f4b62ba1cf7ac2bba1170a0\"},\"description\":\"Portal de noticias del Per\u00fa sobre el transporte a\u00e9reo, aviaci\u00f3n, turismo, hoteleria, actualidad.\",\"breadcrumb\":{\"@id\":\"https:\/\/aeronoticias.com.pe\/noticiero\/transporte-aereo\/internacional\/conviasa-ajusta-tarifas-de-vuelo-para-madrid-y-buenos-aires\/#breadcrumb\"},\"inLanguage\":\"es\",\"potentialAction\":[{\"@type\":\"ReadAction\",\"target\":[\"https:\/\/aeronoticias.com.pe\/noticiero\/transporte-aereo\/internacional\/conviasa-ajusta-tarifas-de-vuelo-para-madrid-y-buenos-aires\/\"]}]},{\"@type\":\"ImageObject\",\"inLanguage\":\"es\",\"@id\":\"https:\/\/aeronoticias.com.pe\/noticiero\/transporte-aereo\/internacional\/conviasa-ajusta-tarifas-de-vuelo-para-madrid-y-buenos-aires\/#primaryimage\",\"url\":\"http:\/\/www.desdelaplaza.com\/wp-content\/uploads\/2015\/05\/Conviasa1.jpg\",\"contentUrl\":\"http:\/\/www.desdelaplaza.com\/wp-content\/uploads\/2015\/05\/Conviasa1.jpg\"},{\"@type\":\"BreadcrumbList\",\"@id\":\"https:\/\/aeronoticias.com.pe\/noticiero\/transporte-aereo\/internacional\/conviasa-ajusta-tarifas-de-vuelo-para-madrid-y-buenos-aires\/#breadcrumb\",\"itemListElement\":[{\"@type\":\"ListItem\",\"position\":1,\"name\":\"Portada\",\"item\":\"https:\/\/aeronoticias.com.pe\/noticiero\/\"},{\"@type\":\"ListItem\",\"position\":2,\"name\":\"Conviasa ajusta tarifas de vuelo para Madrid y Buenos Aires\"}]},{\"@type\":\"WebSite\",\"@id\":\"https:\/\/aeronoticias.com.pe\/noticiero\/#website\",\"url\":\"https:\/\/aeronoticias.com.pe\/noticiero\/\",\"name\":\"Aeronoticias.com.pe\",\"description\":\"Noticias de tranporte aereo, turismo, hoteles, gastronomia, actualidad, internacional\",\"potentialAction\":[{\"@type\":\"SearchAction\",\"target\":{\"@type\":\"EntryPoint\",\"urlTemplate\":\"https:\/\/aeronoticias.com.pe\/noticiero\/?s={search_term_string}\"},\"query-input\":{\"@type\":\"PropertyValueSpecification\",\"valueRequired\":true,\"valueName\":\"search_term_string\"}}],\"inLanguage\":\"es\"},{\"@type\":\"Person\",\"@id\":\"https:\/\/aeronoticias.com.pe\/noticiero\/#\/schema\/person\/fc1e5d578f4b62ba1cf7ac2bba1170a0\",\"name\":\"Redacci\u00f3n Aeronoticias\",\"url\":\"https:\/\/aeronoticias.com.pe\/noticiero\/author\/piloto\/\"}]}<\/script>\n<!-- \/ Yoast SEO plugin. -->","yoast_head_json":{"title":"Conviasa ajusta tarifas de vuelo para Madrid y Buenos Aires","description":"Portal de noticias del Per\u00fa sobre el transporte a\u00e9reo, aviaci\u00f3n, turismo, hoteleria, actualidad.","robots":{"index":"index","follow":"follow","max-snippet":"max-snippet:-1","max-image-preview":"max-image-preview:large","max-video-preview":"max-video-preview:-1"},"canonical":"https:\/\/aeronoticias.com.pe\/noticiero\/transporte-aereo\/internacional\/conviasa-ajusta-tarifas-de-vuelo-para-madrid-y-buenos-aires\/","og_locale":"es_ES","og_type":"article","og_title":"Conviasa ajusta tarifas de vuelo para Madrid y Buenos Aires","og_description":"Portal de noticias del Per\u00fa sobre el transporte a\u00e9reo, aviaci\u00f3n, turismo, hoteleria, actualidad.","og_url":"https:\/\/aeronoticias.com.pe\/noticiero\/transporte-aereo\/internacional\/conviasa-ajusta-tarifas-de-vuelo-para-madrid-y-buenos-aires\/","og_site_name":"Aeronoticias.com.pe","article_publisher":"https:\/\/www.facebook.com\/Aeronoticias.com.pe\/","article_published_time":"2015-11-13T15:43:55+00:00","og_image":[{"url":"http:\/\/www.desdelaplaza.com\/wp-content\/uploads\/2015\/05\/Conviasa1.jpg","type":"","width":"","height":""}],"author":"Redacci\u00f3n Aeronoticias","twitter_card":"summary_large_image","twitter_creator":"@aeronoticias","twitter_site":"@aeronoticias","twitter_misc":{"Escrito por":"Redacci\u00f3n Aeronoticias","Tiempo de lectura":"1 minuto"},"schema":{"@context":"https:\/\/schema.org","@graph":[{"@type":"WebPage","@id":"https:\/\/aeronoticias.com.pe\/noticiero\/transporte-aereo\/internacional\/conviasa-ajusta-tarifas-de-vuelo-para-madrid-y-buenos-aires\/","url":"https:\/\/aeronoticias.com.pe\/noticiero\/transporte-aereo\/internacional\/conviasa-ajusta-tarifas-de-vuelo-para-madrid-y-buenos-aires\/","name":"Conviasa ajusta tarifas de vuelo para Madrid y Buenos Aires","isPartOf":{"@id":"https:\/\/aeronoticias.com.pe\/noticiero\/#website"},"primaryImageOfPage":{"@id":"https:\/\/aeronoticias.com.pe\/noticiero\/transporte-aereo\/internacional\/conviasa-ajusta-tarifas-de-vuelo-para-madrid-y-buenos-aires\/#primaryimage"},"image":{"@id":"https:\/\/aeronoticias.com.pe\/noticiero\/transporte-aereo\/internacional\/conviasa-ajusta-tarifas-de-vuelo-para-madrid-y-buenos-aires\/#primaryimage"},"thumbnailUrl":"http:\/\/www.desdelaplaza.com\/wp-content\/uploads\/2015\/05\/Conviasa1.jpg","datePublished":"2015-11-13T15:43:55+00:00","author":{"@id":"https:\/\/aeronoticias.com.pe\/noticiero\/#\/schema\/person\/fc1e5d578f4b62ba1cf7ac2bba1170a0"},"description":"Portal de noticias del Per\u00fa sobre el transporte a\u00e9reo, aviaci\u00f3n, turismo, hoteleria, actualidad.","breadcrumb":{"@id":"https:\/\/aeronoticias.com.pe\/noticiero\/transporte-aereo\/internacional\/conviasa-ajusta-tarifas-de-vuelo-para-madrid-y-buenos-aires\/#breadcrumb"},"inLanguage":"es","potentialAction":[{"@type":"ReadAction","target":["https:\/\/aeronoticias.com.pe\/noticiero\/transporte-aereo\/internacional\/conviasa-ajusta-tarifas-de-vuelo-para-madrid-y-buenos-aires\/"]}]},{"@type":"ImageObject","inLanguage":"es","@id":"https:\/\/aeronoticias.com.pe\/noticiero\/transporte-aereo\/internacional\/conviasa-ajusta-tarifas-de-vuelo-para-madrid-y-buenos-aires\/#primaryimage","url":"http:\/\/www.desdelaplaza.com\/wp-content\/uploads\/2015\/05\/Conviasa1.jpg","contentUrl":"http:\/\/www.desdelaplaza.com\/wp-content\/uploads\/2015\/05\/Conviasa1.jpg"},{"@type":"BreadcrumbList","@id":"https:\/\/aeronoticias.com.pe\/noticiero\/transporte-aereo\/internacional\/conviasa-ajusta-tarifas-de-vuelo-para-madrid-y-buenos-aires\/#breadcrumb","itemListElement":[{"@type":"ListItem","position":1,"name":"Portada","item":"https:\/\/aeronoticias.com.pe\/noticiero\/"},{"@type":"ListItem","position":2,"name":"Conviasa ajusta tarifas de vuelo para Madrid y Buenos Aires"}]},{"@type":"WebSite","@id":"https:\/\/aeronoticias.com.pe\/noticiero\/#website","url":"https:\/\/aeronoticias.com.pe\/noticiero\/","name":"Aeronoticias.com.pe","description":"Noticias de tranporte aereo, turismo, hoteles, gastronomia, actualidad, internacional","potentialAction":[{"@type":"SearchAction","target":{"@type":"EntryPoint","urlTemplate":"https:\/\/aeronoticias.com.pe\/noticiero\/?s={search_term_string}"},"query-input":{"@type":"PropertyValueSpecification","valueRequired":true,"valueName":"search_term_string"}}],"inLanguage":"es"},{"@type":"Person","@id":"https:\/\/aeronoticias.com.pe\/noticiero\/#\/schema\/person\/fc1e5d578f4b62ba1cf7ac2bba1170a0","name":"Redacci\u00f3n Aeronoticias","url":"https:\/\/aeronoticias.com.pe\/noticiero\/author\/piloto\/"}]}},"_links":{"self":[{"href":"https:\/\/aeronoticias.com.pe\/noticiero\/wp-json\/wp\/v2\/posts\/54193","targetHints":{"allow":["GET"]}}],"collection":[{"href":"https:\/\/aeronoticias.com.pe\/noticiero\/wp-json\/wp\/v2\/posts"}],"about":[{"href":"https:\/\/aeronoticias.com.pe\/noticiero\/wp-json\/wp\/v2\/types\/post"}],"author":[{"embeddable":true,"href":"https:\/\/aeronoticias.com.pe\/noticiero\/wp-json\/wp\/v2\/users\/1"}],"replies":[{"embeddable":true,"href":"https:\/\/aeronoticias.com.pe\/noticiero\/wp-json\/wp\/v2\/comments?post=54193"}],"version-history":[{"count":0,"href":"https:\/\/aeronoticias.com.pe\/noticiero\/wp-json\/wp\/v2\/posts\/54193\/revisions"}],"wp:attachment":[{"href":"https:\/\/aeronoticias.com.pe\/noticiero\/wp-json\/wp\/v2\/media?parent=54193"}],"wp:term":[{"taxonomy":"category","embeddable":true,"href":"https:\/\/aeronoticias.com.pe\/noticiero\/wp-json\/wp\/v2\/categories?post=54193"},{"taxonomy":"post_tag","embeddable":true,"href":"https:\/\/aeronoticias.com.pe\/noticiero\/wp-json\/wp\/v2\/tags?post=54193"}],"curies":[{"name":"wp","href":"https:\/\/api.w.org\/{rel}","templated":true}]}}