{"id":54361,"date":"2015-12-10T12:31:32","date_gmt":"2015-12-10T12:31:32","guid":{"rendered":"http:\/\/desarrollo.mcvicious.com\/aero2020\/2015\/12\/10\/en-el-sahara-occidental-las-naciones-unidas-desprecian-los-derechos-humanos-del-pueblo-saharaui\/"},"modified":"2015-12-10T12:31:32","modified_gmt":"2015-12-10T12:31:32","slug":"en-el-sahara-occidental-las-naciones-unidas-desprecian-los-derechos-humanos-del-pueblo-saharaui","status":"publish","type":"post","link":"https:\/\/aeronoticias.com.pe\/noticiero\/nacionales\/en-el-sahara-occidental-las-naciones-unidas-desprecian-los-derechos-humanos-del-pueblo-saharaui\/","title":{"rendered":"En el S\u00e1hara Occidental las Naciones Unidas desprecian los derechos humanos del pueblo saharaui"},"content":{"rendered":"<p style=\"font-size: 12.16px; line-height: 15.808px; text-align: justify;\"><strong>(Aeronoticias)<\/strong>.-\u00a0<em>\u201cEl Per\u00fa, que reconoci\u00f3 a la Rep\u00fablica \u00c1rabe Saharaui Democr\u00e1tica, en 1984, durante el gobierno constitucional del presidente Fernando Belaunde Terry, pero que en 1996 por gesti\u00f3n del siniestro asesor Vladimiro Montesinos \u201csuspendi\u00f3\u201d las relaciones diplom\u00e1ticas, el mandatario Ollanta Humala debe cumplir con lo que prometi\u00f3 en su plan de gobierno y restablecer dichas relaciones y no sucumbir al lobby marroqu\u00ed que compra conciencias y voluntades, mediante la pol\u00edtica del \u201csobre\u201d, regalos, viajes con todo pagado, cocteles y cenas, a pol\u00edticos, congresistas, funcionarios del Gobierno, intelectuales y periodistas\u201d<\/em><\/p>\n<p style=\"font-size: 12.16px; line-height: 15.808px; text-align: justify;\"><span style=\"font-size: 12.16px; line-height: 1.3em;\">Hoy 10 de diciembre, D\u00eda Internacional de los Derechos Humanos, en el a\u00f1o en que las Naciones Unidas celebran su 70\u00ba aniversario, quiero expresar en mi nombre y en el de la organizaci\u00f3n a la que represento Consejo Peruano de Solidaridad con el Pueblo Saharaui, nuestra m\u00e1s absoluta indignaci\u00f3n ante la pasividad y complicidad del Consejo de Seguridad de las Naciones Unidas en relaci\u00f3n a los derechos humanos de la poblaci\u00f3n saharaui en los territorios ocupados por Marruecos.<\/span><\/p>\n<p style=\"font-size: 12.16px; line-height: 15.808px; text-align: justify;\">En estos 70 a\u00f1os de historia las Naciones Unidas han desplegado 69 misiones para el mantenimiento de la paz y la seguridad, 16 de las cuales est\u00e1n en marcha en la actualidad. Sin embargo, tras d\u00e9cadas de brutal ocupaci\u00f3n por parte de Marruecos, la MINURSO (Misi\u00f3n de las Naciones Unidas para el Refer\u00e9ndum del S\u00e1hara Occidental), \u00fanica presencia de la ONU en el territorio, se ha mostrado incapaz de garantizar el ejercicio del derecho a la libre determinaci\u00f3n del Pueblo Saharaui, ampliamente reconocido, y pilar b\u00e1sico de los tratados internacionales de Derechos Humanos, y se ha mostrado incapaz, adem\u00e1s, de proteger a la poblaci\u00f3n civil saharaui en los territorios ocupados.<\/p>\n<p style=\"font-size: 12.16px; line-height: 15.808px; text-align: justify;\">En un a\u00f1o en el que con tristeza hemos asistido a las celebraciones de la Marcha Verde \u2013campa\u00f1a brutal con la que el r\u00e9gimen marroqu\u00ed ocup\u00f3 por la fuerza el territorio- y en un a\u00f1o en el que se celebra tambi\u00e9n el 40\u00ba Aniversario de los tristemente c\u00e9lebres Acuerdos Tripartitos de Madrid, asistimos con indignaci\u00f3n a la continua violaci\u00f3n de los derechos humanos de un pueblo hermano para todos nosotros. Asistimos al sufrimiento diario de quienes un d\u00eda fueron ciudadanas y ciudadanos espa\u00f1oles, abandonados a su suerte por los diferentes gobiernos espa\u00f1oles, en lo que constituye quiz\u00e1s, la herencia m\u00e1s cruel y oscura de la memoria y de la transici\u00f3n espa\u00f1ola, que no concluir\u00e1 hasta que la \u00faltima colonia de \u00c1frica pendiente de descolonizaci\u00f3n recupere su libertad.<\/p>\n<p style=\"font-size: 12.16px; line-height: 15.808px; text-align: justify;\">Espa\u00f1a, integrante del Consejo de Seguridad en el periodo 2015\/2016, debe asumir su responsabilidad hist\u00f3rica, legal y pol\u00edtica, tal y como Portugal realiz\u00f3 con Timor, y a trav\u00e9s de un Pacto de Estado por la Descolonizaci\u00f3n debe impulsar, de forma honesta y en todos los foros internacionales, el ejercicio del derecho a la libre determinaci\u00f3n del Pueblo Saharaui.<\/p>\n<p style=\"font-size: 12.16px; line-height: 15.808px; text-align: justify;\">El Per\u00fa, que reconoci\u00f3 a la Rep\u00fablica \u00c1rabe Saharaui Democr\u00e1tica, en 1984, durante el gobierno constitucional del presidente Fernando Belaunde Terry, pero que en 1996 por gesti\u00f3n del siniestro asesor Vladimiro Montesinos \u201csuspendi\u00f3\u201d las relaciones diplom\u00e1ticas, el mandatario Ollanta Humala debe cumplir con lo que prometi\u00f3 en su plan de gobierno y restablecer dichas relaciones y no sucumbir al lobby marroqu\u00ed que compra conciencias y voluntades, mediante la pol\u00edtica del \u201csobre\u201d, regalos, viajes con todo pagado, cocteles y cenas, a pol\u00edticos, congresistas, funcionarios del Gobierno, intelectuales y periodistas.<\/p>\n<p style=\"font-size: 12.16px; line-height: 15.808px;\">Esperemos, igualmente, \u00a0que en las elecciones generales del pr\u00f3ximo abril, no se produzcan m\u00e1s traiciones ni abandonos, y que de una vez por todas, el conjunto de las fuerzas pol\u00edticas que obtengan representaci\u00f3n parlamentaria \u2013adem\u00e1s del gobierno elegido-, acuerden y asuman un compromiso real con la descolonizaci\u00f3n del S\u00e1hara Occidental.<\/p>\n<p style=\"font-size: 12.16px; line-height: 15.808px;\">No m\u00e1s traiciones. Paz, derechos humanos y libertad para el Pueblo Saharaui.<\/p>\n<p style=\"font-size: 12.16px; line-height: 15.808px;\"><span style=\"font-size: 12pt; line-height: 18.4px; font-family: Arial, sans-serif;\"> <\/span><\/p>\n<p style=\"font-size: 12.16px; line-height: 15.808px;\"><span style=\"font-size: 12pt; line-height: 18.4px; font-family: Arial, sans-serif;\"> <\/span><span style=\"font-size: 16px; line-height: 18.4px; font-family: Arial, sans-serif;\"> <\/span><span style=\"font-size: 16px; line-height: 18.4px; font-family: Arial, sans-serif; text-decoration: underline;\">RICARDO S\u00c1NCHEZ SERRA<\/span><\/p>\n<p style=\"font-size: 12.16px; line-height: 15.808px;\"><span style=\"font-family: Arial, sans-serif;\"><span style=\"font-size: 16px; line-height: 18.4px;\"> <strong>Presidente<\/strong><\/span><\/span><\/p>\n<p style=\"font-size: 12.16px; line-height: 15.808px;\"><span style=\"font-family: Arial, sans-serif;\"><span style=\"font-size: 16px; line-height: 18.4px;\"><strong>Consejo Peruano de Solidaridad con<\/strong><\/span><\/span><\/p>\n<p style=\"font-size: 12.16px; line-height: 15.808px;\"><span style=\"font-family: Arial, sans-serif;\"><span style=\"font-size: 16px; line-height: 18.4px;\"><strong> el Pueblo Saharaui<\/strong><\/span><\/span><\/p>\n<p style=\"font-size: 12.16px; line-height: 15.808px;\"><span style=\"font-family: Arial, sans-serif;\"><span style=\"font-size: 16px; line-height: 18.4px;\"><strong><br \/><\/strong><\/span><\/span><\/p>\n<p style=\"font-size: 12.16px; line-height: 15.808px;\"><img decoding=\"async\" src=\"https:\/\/fbcdn-sphotos-h-a.akamaihd.net\/hphotos-ak-xfl1\/v\/t1.0-9\/12342335_1633713883557303_863769587918189661_n.jpg?oh=9c53e81e2bf9c5653ba1ee8a9ad837c2&amp;oe=5719A3DE&amp;__gda__=1457982940_fc46850113a79d06e0f301543abfe31a\" border=\"0\" \/><\/p>\n","protected":false},"excerpt":{"rendered":"<p>(Aeronoticias).-\u00a0\u201cEl Per\u00fa, que reconoci\u00f3 a la Rep\u00fablica \u00c1rabe Saharaui Democr\u00e1tica, en 1984, durante el gobierno constitucional del presidente Fernando Belaunde Terry, pero que en 1996 por gesti\u00f3n del siniestro asesor Vladimiro Montesinos \u201csuspendi\u00f3\u201d las relaciones diplom\u00e1ticas, el mandatario Ollanta Humala debe cumplir con lo que prometi\u00f3 en su plan de gobierno y restablecer dichas relaciones [&hellip;]<\/p>\n","protected":false},"author":1,"featured_media":0,"comment_status":"open","ping_status":"open","sticky":false,"template":"","format":"standard","meta":{"tdm_status":"","tdm_grid_status":"","footnotes":""},"categories":[38],"tags":[],"class_list":{"0":"post-54361","1":"post","2":"type-post","3":"status-publish","4":"format-standard","6":"category-nacionales"},"yoast_head":"<!-- This site is optimized with the Yoast SEO plugin v25.1 - https:\/\/yoast.com\/wordpress\/plugins\/seo\/ -->\n<title>En el S\u00e1hara Occidental las Naciones Unidas desprecian los derechos humanos del pueblo saharaui<\/title>\n<meta name=\"description\" content=\"Portal de noticias del Per\u00fa sobre el transporte a\u00e9reo, aviaci\u00f3n, turismo, hoteleria, actualidad.\" \/>\n<meta name=\"robots\" content=\"index, follow, max-snippet:-1, max-image-preview:large, max-video-preview:-1\" \/>\n<link rel=\"canonical\" href=\"https:\/\/aeronoticias.com.pe\/noticiero\/nacionales\/en-el-sahara-occidental-las-naciones-unidas-desprecian-los-derechos-humanos-del-pueblo-saharaui\/\" \/>\n<meta property=\"og:locale\" content=\"es_ES\" \/>\n<meta property=\"og:type\" content=\"article\" \/>\n<meta property=\"og:title\" content=\"En el S\u00e1hara Occidental las Naciones Unidas desprecian los derechos humanos del pueblo saharaui\" \/>\n<meta property=\"og:description\" content=\"Portal de noticias del Per\u00fa sobre el transporte a\u00e9reo, aviaci\u00f3n, turismo, hoteleria, actualidad.\" \/>\n<meta property=\"og:url\" content=\"https:\/\/aeronoticias.com.pe\/noticiero\/nacionales\/en-el-sahara-occidental-las-naciones-unidas-desprecian-los-derechos-humanos-del-pueblo-saharaui\/\" \/>\n<meta property=\"og:site_name\" content=\"Aeronoticias.com.pe\" \/>\n<meta property=\"article:publisher\" content=\"https:\/\/www.facebook.com\/Aeronoticias.com.pe\/\" \/>\n<meta property=\"article:published_time\" content=\"2015-12-10T12:31:32+00:00\" \/>\n<meta property=\"og:image\" content=\"https:\/\/fbcdn-sphotos-h-a.akamaihd.net\/hphotos-ak-xfl1\/v\/t1.0-9\/12342335_1633713883557303_863769587918189661_n.jpg?oh=9c53e81e2bf9c5653ba1ee8a9ad837c2&amp;oe=5719A3DE&amp;__gda__=1457982940_fc46850113a79d06e0f301543abfe31a\" \/>\n<meta name=\"author\" content=\"Redacci\u00f3n Aeronoticias\" \/>\n<meta name=\"twitter:card\" content=\"summary_large_image\" \/>\n<meta name=\"twitter:creator\" content=\"@aeronoticias\" \/>\n<meta name=\"twitter:site\" content=\"@aeronoticias\" \/>\n<meta name=\"twitter:label1\" content=\"Escrito por\" \/>\n\t<meta name=\"twitter:data1\" content=\"Redacci\u00f3n Aeronoticias\" \/>\n\t<meta name=\"twitter:label2\" content=\"Tiempo de lectura\" \/>\n\t<meta name=\"twitter:data2\" content=\"3 minutos\" \/>\n<script type=\"application\/ld+json\" class=\"yoast-schema-graph\">{\"@context\":\"https:\/\/schema.org\",\"@graph\":[{\"@type\":\"WebPage\",\"@id\":\"https:\/\/aeronoticias.com.pe\/noticiero\/nacionales\/en-el-sahara-occidental-las-naciones-unidas-desprecian-los-derechos-humanos-del-pueblo-saharaui\/\",\"url\":\"https:\/\/aeronoticias.com.pe\/noticiero\/nacionales\/en-el-sahara-occidental-las-naciones-unidas-desprecian-los-derechos-humanos-del-pueblo-saharaui\/\",\"name\":\"En el S\u00e1hara Occidental las Naciones Unidas desprecian los derechos humanos del pueblo saharaui\",\"isPartOf\":{\"@id\":\"https:\/\/aeronoticias.com.pe\/noticiero\/#website\"},\"primaryImageOfPage\":{\"@id\":\"https:\/\/aeronoticias.com.pe\/noticiero\/nacionales\/en-el-sahara-occidental-las-naciones-unidas-desprecian-los-derechos-humanos-del-pueblo-saharaui\/#primaryimage\"},\"image\":{\"@id\":\"https:\/\/aeronoticias.com.pe\/noticiero\/nacionales\/en-el-sahara-occidental-las-naciones-unidas-desprecian-los-derechos-humanos-del-pueblo-saharaui\/#primaryimage\"},\"thumbnailUrl\":\"https:\/\/fbcdn-sphotos-h-a.akamaihd.net\/hphotos-ak-xfl1\/v\/t1.0-9\/12342335_1633713883557303_863769587918189661_n.jpg?oh=9c53e81e2bf9c5653ba1ee8a9ad837c2&amp;oe=5719A3DE&amp;__gda__=1457982940_fc46850113a79d06e0f301543abfe31a\",\"datePublished\":\"2015-12-10T12:31:32+00:00\",\"author\":{\"@id\":\"https:\/\/aeronoticias.com.pe\/noticiero\/#\/schema\/person\/fc1e5d578f4b62ba1cf7ac2bba1170a0\"},\"description\":\"Portal de noticias del Per\u00fa sobre el transporte a\u00e9reo, aviaci\u00f3n, turismo, hoteleria, actualidad.\",\"breadcrumb\":{\"@id\":\"https:\/\/aeronoticias.com.pe\/noticiero\/nacionales\/en-el-sahara-occidental-las-naciones-unidas-desprecian-los-derechos-humanos-del-pueblo-saharaui\/#breadcrumb\"},\"inLanguage\":\"es\",\"potentialAction\":[{\"@type\":\"ReadAction\",\"target\":[\"https:\/\/aeronoticias.com.pe\/noticiero\/nacionales\/en-el-sahara-occidental-las-naciones-unidas-desprecian-los-derechos-humanos-del-pueblo-saharaui\/\"]}]},{\"@type\":\"ImageObject\",\"inLanguage\":\"es\",\"@id\":\"https:\/\/aeronoticias.com.pe\/noticiero\/nacionales\/en-el-sahara-occidental-las-naciones-unidas-desprecian-los-derechos-humanos-del-pueblo-saharaui\/#primaryimage\",\"url\":\"https:\/\/fbcdn-sphotos-h-a.akamaihd.net\/hphotos-ak-xfl1\/v\/t1.0-9\/12342335_1633713883557303_863769587918189661_n.jpg?oh=9c53e81e2bf9c5653ba1ee8a9ad837c2&amp;oe=5719A3DE&amp;__gda__=1457982940_fc46850113a79d06e0f301543abfe31a\",\"contentUrl\":\"https:\/\/fbcdn-sphotos-h-a.akamaihd.net\/hphotos-ak-xfl1\/v\/t1.0-9\/12342335_1633713883557303_863769587918189661_n.jpg?oh=9c53e81e2bf9c5653ba1ee8a9ad837c2&amp;oe=5719A3DE&amp;__gda__=1457982940_fc46850113a79d06e0f301543abfe31a\"},{\"@type\":\"BreadcrumbList\",\"@id\":\"https:\/\/aeronoticias.com.pe\/noticiero\/nacionales\/en-el-sahara-occidental-las-naciones-unidas-desprecian-los-derechos-humanos-del-pueblo-saharaui\/#breadcrumb\",\"itemListElement\":[{\"@type\":\"ListItem\",\"position\":1,\"name\":\"Portada\",\"item\":\"https:\/\/aeronoticias.com.pe\/noticiero\/\"},{\"@type\":\"ListItem\",\"position\":2,\"name\":\"En el S\u00e1hara Occidental las Naciones Unidas desprecian los derechos humanos del pueblo saharaui\"}]},{\"@type\":\"WebSite\",\"@id\":\"https:\/\/aeronoticias.com.pe\/noticiero\/#website\",\"url\":\"https:\/\/aeronoticias.com.pe\/noticiero\/\",\"name\":\"Aeronoticias.com.pe\",\"description\":\"Noticias de tranporte aereo, turismo, hoteles, gastronomia, actualidad, internacional\",\"potentialAction\":[{\"@type\":\"SearchAction\",\"target\":{\"@type\":\"EntryPoint\",\"urlTemplate\":\"https:\/\/aeronoticias.com.pe\/noticiero\/?s={search_term_string}\"},\"query-input\":{\"@type\":\"PropertyValueSpecification\",\"valueRequired\":true,\"valueName\":\"search_term_string\"}}],\"inLanguage\":\"es\"},{\"@type\":\"Person\",\"@id\":\"https:\/\/aeronoticias.com.pe\/noticiero\/#\/schema\/person\/fc1e5d578f4b62ba1cf7ac2bba1170a0\",\"name\":\"Redacci\u00f3n Aeronoticias\",\"url\":\"https:\/\/aeronoticias.com.pe\/noticiero\/author\/piloto\/\"}]}<\/script>\n<!-- \/ Yoast SEO plugin. -->","yoast_head_json":{"title":"En el S\u00e1hara Occidental las Naciones Unidas desprecian los derechos humanos del pueblo saharaui","description":"Portal de noticias del Per\u00fa sobre el transporte a\u00e9reo, aviaci\u00f3n, turismo, hoteleria, actualidad.","robots":{"index":"index","follow":"follow","max-snippet":"max-snippet:-1","max-image-preview":"max-image-preview:large","max-video-preview":"max-video-preview:-1"},"canonical":"https:\/\/aeronoticias.com.pe\/noticiero\/nacionales\/en-el-sahara-occidental-las-naciones-unidas-desprecian-los-derechos-humanos-del-pueblo-saharaui\/","og_locale":"es_ES","og_type":"article","og_title":"En el S\u00e1hara Occidental las Naciones Unidas desprecian los derechos humanos del pueblo saharaui","og_description":"Portal de noticias del Per\u00fa sobre el transporte a\u00e9reo, aviaci\u00f3n, turismo, hoteleria, actualidad.","og_url":"https:\/\/aeronoticias.com.pe\/noticiero\/nacionales\/en-el-sahara-occidental-las-naciones-unidas-desprecian-los-derechos-humanos-del-pueblo-saharaui\/","og_site_name":"Aeronoticias.com.pe","article_publisher":"https:\/\/www.facebook.com\/Aeronoticias.com.pe\/","article_published_time":"2015-12-10T12:31:32+00:00","og_image":[{"url":"https:\/\/fbcdn-sphotos-h-a.akamaihd.net\/hphotos-ak-xfl1\/v\/t1.0-9\/12342335_1633713883557303_863769587918189661_n.jpg?oh=9c53e81e2bf9c5653ba1ee8a9ad837c2&amp;oe=5719A3DE&amp;__gda__=1457982940_fc46850113a79d06e0f301543abfe31a","type":"","width":"","height":""}],"author":"Redacci\u00f3n Aeronoticias","twitter_card":"summary_large_image","twitter_creator":"@aeronoticias","twitter_site":"@aeronoticias","twitter_misc":{"Escrito por":"Redacci\u00f3n Aeronoticias","Tiempo de lectura":"3 minutos"},"schema":{"@context":"https:\/\/schema.org","@graph":[{"@type":"WebPage","@id":"https:\/\/aeronoticias.com.pe\/noticiero\/nacionales\/en-el-sahara-occidental-las-naciones-unidas-desprecian-los-derechos-humanos-del-pueblo-saharaui\/","url":"https:\/\/aeronoticias.com.pe\/noticiero\/nacionales\/en-el-sahara-occidental-las-naciones-unidas-desprecian-los-derechos-humanos-del-pueblo-saharaui\/","name":"En el S\u00e1hara Occidental las Naciones Unidas desprecian los derechos humanos del pueblo saharaui","isPartOf":{"@id":"https:\/\/aeronoticias.com.pe\/noticiero\/#website"},"primaryImageOfPage":{"@id":"https:\/\/aeronoticias.com.pe\/noticiero\/nacionales\/en-el-sahara-occidental-las-naciones-unidas-desprecian-los-derechos-humanos-del-pueblo-saharaui\/#primaryimage"},"image":{"@id":"https:\/\/aeronoticias.com.pe\/noticiero\/nacionales\/en-el-sahara-occidental-las-naciones-unidas-desprecian-los-derechos-humanos-del-pueblo-saharaui\/#primaryimage"},"thumbnailUrl":"https:\/\/fbcdn-sphotos-h-a.akamaihd.net\/hphotos-ak-xfl1\/v\/t1.0-9\/12342335_1633713883557303_863769587918189661_n.jpg?oh=9c53e81e2bf9c5653ba1ee8a9ad837c2&amp;oe=5719A3DE&amp;__gda__=1457982940_fc46850113a79d06e0f301543abfe31a","datePublished":"2015-12-10T12:31:32+00:00","author":{"@id":"https:\/\/aeronoticias.com.pe\/noticiero\/#\/schema\/person\/fc1e5d578f4b62ba1cf7ac2bba1170a0"},"description":"Portal de noticias del Per\u00fa sobre el transporte a\u00e9reo, aviaci\u00f3n, turismo, hoteleria, actualidad.","breadcrumb":{"@id":"https:\/\/aeronoticias.com.pe\/noticiero\/nacionales\/en-el-sahara-occidental-las-naciones-unidas-desprecian-los-derechos-humanos-del-pueblo-saharaui\/#breadcrumb"},"inLanguage":"es","potentialAction":[{"@type":"ReadAction","target":["https:\/\/aeronoticias.com.pe\/noticiero\/nacionales\/en-el-sahara-occidental-las-naciones-unidas-desprecian-los-derechos-humanos-del-pueblo-saharaui\/"]}]},{"@type":"ImageObject","inLanguage":"es","@id":"https:\/\/aeronoticias.com.pe\/noticiero\/nacionales\/en-el-sahara-occidental-las-naciones-unidas-desprecian-los-derechos-humanos-del-pueblo-saharaui\/#primaryimage","url":"https:\/\/fbcdn-sphotos-h-a.akamaihd.net\/hphotos-ak-xfl1\/v\/t1.0-9\/12342335_1633713883557303_863769587918189661_n.jpg?oh=9c53e81e2bf9c5653ba1ee8a9ad837c2&amp;oe=5719A3DE&amp;__gda__=1457982940_fc46850113a79d06e0f301543abfe31a","contentUrl":"https:\/\/fbcdn-sphotos-h-a.akamaihd.net\/hphotos-ak-xfl1\/v\/t1.0-9\/12342335_1633713883557303_863769587918189661_n.jpg?oh=9c53e81e2bf9c5653ba1ee8a9ad837c2&amp;oe=5719A3DE&amp;__gda__=1457982940_fc46850113a79d06e0f301543abfe31a"},{"@type":"BreadcrumbList","@id":"https:\/\/aeronoticias.com.pe\/noticiero\/nacionales\/en-el-sahara-occidental-las-naciones-unidas-desprecian-los-derechos-humanos-del-pueblo-saharaui\/#breadcrumb","itemListElement":[{"@type":"ListItem","position":1,"name":"Portada","item":"https:\/\/aeronoticias.com.pe\/noticiero\/"},{"@type":"ListItem","position":2,"name":"En el S\u00e1hara Occidental las Naciones Unidas desprecian los derechos humanos del pueblo saharaui"}]},{"@type":"WebSite","@id":"https:\/\/aeronoticias.com.pe\/noticiero\/#website","url":"https:\/\/aeronoticias.com.pe\/noticiero\/","name":"Aeronoticias.com.pe","description":"Noticias de tranporte aereo, turismo, hoteles, gastronomia, actualidad, internacional","potentialAction":[{"@type":"SearchAction","target":{"@type":"EntryPoint","urlTemplate":"https:\/\/aeronoticias.com.pe\/noticiero\/?s={search_term_string}"},"query-input":{"@type":"PropertyValueSpecification","valueRequired":true,"valueName":"search_term_string"}}],"inLanguage":"es"},{"@type":"Person","@id":"https:\/\/aeronoticias.com.pe\/noticiero\/#\/schema\/person\/fc1e5d578f4b62ba1cf7ac2bba1170a0","name":"Redacci\u00f3n Aeronoticias","url":"https:\/\/aeronoticias.com.pe\/noticiero\/author\/piloto\/"}]}},"_links":{"self":[{"href":"https:\/\/aeronoticias.com.pe\/noticiero\/wp-json\/wp\/v2\/posts\/54361","targetHints":{"allow":["GET"]}}],"collection":[{"href":"https:\/\/aeronoticias.com.pe\/noticiero\/wp-json\/wp\/v2\/posts"}],"about":[{"href":"https:\/\/aeronoticias.com.pe\/noticiero\/wp-json\/wp\/v2\/types\/post"}],"author":[{"embeddable":true,"href":"https:\/\/aeronoticias.com.pe\/noticiero\/wp-json\/wp\/v2\/users\/1"}],"replies":[{"embeddable":true,"href":"https:\/\/aeronoticias.com.pe\/noticiero\/wp-json\/wp\/v2\/comments?post=54361"}],"version-history":[{"count":0,"href":"https:\/\/aeronoticias.com.pe\/noticiero\/wp-json\/wp\/v2\/posts\/54361\/revisions"}],"wp:attachment":[{"href":"https:\/\/aeronoticias.com.pe\/noticiero\/wp-json\/wp\/v2\/media?parent=54361"}],"wp:term":[{"taxonomy":"category","embeddable":true,"href":"https:\/\/aeronoticias.com.pe\/noticiero\/wp-json\/wp\/v2\/categories?post=54361"},{"taxonomy":"post_tag","embeddable":true,"href":"https:\/\/aeronoticias.com.pe\/noticiero\/wp-json\/wp\/v2\/tags?post=54361"}],"curies":[{"name":"wp","href":"https:\/\/api.w.org\/{rel}","templated":true}]}}