{"id":54367,"date":"2015-12-11T12:11:58","date_gmt":"2015-12-11T12:11:58","guid":{"rendered":"http:\/\/desarrollo.mcvicious.com\/aero2020\/2015\/12\/11\/american-airlines-estrenara-su-clase-economica-premium-en-2016\/"},"modified":"2015-12-11T12:11:58","modified_gmt":"2015-12-11T12:11:58","slug":"american-airlines-estrenara-su-clase-economica-premium-en-2016","status":"publish","type":"post","link":"https:\/\/aeronoticias.com.pe\/noticiero\/economia\/american-airlines-estrenara-su-clase-economica-premium-en-2016\/","title":{"rendered":"American Airlines estrenar\u00e1 su Clase Econ\u00f3mica Premium en 2016"},"content":{"rendered":"<p style=\"text-align: justify;\"><strong>(Aeronoticias)<\/strong>.-\u00a0American Airlines introducir\u00e1 la Clase Econ\u00f3mica Premium en su flota internacional de fuselaje ancho a finales de 2016. Ser\u00e1 una nueva clase de servicio directamente despu\u00e9s de la Clase Ejecutiva, proporcionando un producto realzado en comparaci\u00f3n con la Clase Econ\u00f3mica.<\/p>\n<p style=\"text-align: justify;\">Este producto ofrecer\u00e1 un nuevo tipo de asiento con beneficios que incluyen: m\u00e1s espacio para las piernas, asientos m\u00e1s amplios, entretenimiento personal a pedido, aud\u00edfonos de reducci\u00f3n de ruido, prioridad en el registro y embarque, concesi\u00f3n de equipaje registrado, estuches personales, servicio de comida mejorado, \u00a0licores, cervezas y vinos.<\/p>\n<p style=\"text-align: justify;\">\u201cLos viajeros quieren m\u00e1s opciones cuando vuelan y tienen preferencias \u00fanicas dependiendo de cada viaje. Nuestros clientes nos dicen que quieren una clase de servicio entre Clase Ejecutiva y Clase Econ\u00f3mica, y esta informaci\u00f3n proporcion\u00f3 el origen de nuestro nuevo servicio de Clase Econ\u00f3mica Premium,\u201d dijo Andrew Nocella, director general de mercadeo de American.<\/p>\n<p style=\"text-align: justify;\">\u201cLa Clase Econ\u00f3mica Premium es ofrecida hoy por muchas aerol\u00edneas l\u00edderes alrededor del mundo. Hemos estudiado esos servicios y desarrollado un producto de clase mundial con asientos m\u00e1s grandes, m\u00e1s espacio para las piernas, entretenimiento mejorado y aud\u00edfonos y estuches personales de lujo, solo por nombrar algunas de las caracter\u00edsticas de este nuevo servicio. Como la aerol\u00ednea m\u00e1s grande del mundo, estamos entusiasmados con la introducci\u00f3n de este producto para nuestros clientes\u201d.<\/p>\n<p style=\"text-align: justify;\">La primera aeronave de American con asientos de Clase Econ\u00f3mica Premium ser\u00e1 su Boeing 787-9, el cual se espera entre en servicio a fines de 2016. Esta categor\u00eda tambi\u00e9n ser\u00e1 instalada en el Airbus A350, cuando llegue en 2017.<\/p>\n<p style=\"text-align: justify;\">American tambi\u00e9n a\u00f1adir\u00e1 Clase Econ\u00f3mica Premium a todos los Boeing 777-300ERs, 777-200ERs, 787-8s y Airbus A330s durante los pr\u00f3ximos tres a\u00f1os.<\/p>\n<p style=\"text-align: justify;\">Fuente: <span style=\"text-decoration: underline;\"><em><strong>Aviaci\u00f3n al d\u00eda<\/strong><\/em><\/span>.<\/p>\n<div><img decoding=\"async\" src=\"http:\/\/2.bp.blogspot.com\/-m_7b327vFAY\/Vmlqr7EvjeI\/AAAAAAAAsrs\/ZDMZpoE3gG0\/s1600\/American%2BAirlines.png\" border=\"0\" \/><\/div>\n","protected":false},"excerpt":{"rendered":"<p>(Aeronoticias).-\u00a0American Airlines introducir\u00e1 la Clase Econ\u00f3mica Premium en su flota internacional de fuselaje ancho a finales de 2016. Ser\u00e1 una nueva clase de servicio directamente despu\u00e9s de la Clase Ejecutiva, proporcionando un producto realzado en comparaci\u00f3n con la Clase Econ\u00f3mica. Este producto ofrecer\u00e1 un nuevo tipo de asiento con beneficios que incluyen: m\u00e1s espacio para [&hellip;]<\/p>\n","protected":false},"author":1,"featured_media":0,"comment_status":"open","ping_status":"open","sticky":false,"template":"","format":"standard","meta":{"tdm_status":"","tdm_grid_status":"","footnotes":""},"categories":[33],"tags":[],"class_list":{"0":"post-54367","1":"post","2":"type-post","3":"status-publish","4":"format-standard","6":"category-economia"},"yoast_head":"<!-- This site is optimized with the Yoast SEO plugin v25.1 - https:\/\/yoast.com\/wordpress\/plugins\/seo\/ -->\n<title>American Airlines estrenar\u00e1 su Clase Econ\u00f3mica Premium en 2016<\/title>\n<meta name=\"description\" content=\"Portal de noticias del Per\u00fa sobre el transporte a\u00e9reo, aviaci\u00f3n, turismo, hoteleria, actualidad.\" \/>\n<meta name=\"robots\" content=\"index, follow, max-snippet:-1, max-image-preview:large, max-video-preview:-1\" \/>\n<link rel=\"canonical\" href=\"https:\/\/aeronoticias.com.pe\/noticiero\/economia\/american-airlines-estrenara-su-clase-economica-premium-en-2016\/\" \/>\n<meta property=\"og:locale\" content=\"es_ES\" \/>\n<meta property=\"og:type\" content=\"article\" \/>\n<meta property=\"og:title\" content=\"American Airlines estrenar\u00e1 su Clase Econ\u00f3mica Premium en 2016\" \/>\n<meta property=\"og:description\" content=\"Portal de noticias del Per\u00fa sobre el transporte a\u00e9reo, aviaci\u00f3n, turismo, hoteleria, actualidad.\" \/>\n<meta property=\"og:url\" content=\"https:\/\/aeronoticias.com.pe\/noticiero\/economia\/american-airlines-estrenara-su-clase-economica-premium-en-2016\/\" \/>\n<meta property=\"og:site_name\" content=\"Aeronoticias.com.pe\" \/>\n<meta property=\"article:publisher\" content=\"https:\/\/www.facebook.com\/Aeronoticias.com.pe\/\" \/>\n<meta property=\"article:published_time\" content=\"2015-12-11T12:11:58+00:00\" \/>\n<meta property=\"og:image\" content=\"http:\/\/2.bp.blogspot.com\/-m_7b327vFAY\/Vmlqr7EvjeI\/AAAAAAAAsrs\/ZDMZpoE3gG0\/s1600\/American%2BAirlines.png\" \/>\n<meta name=\"author\" content=\"Redacci\u00f3n Aeronoticias\" \/>\n<meta name=\"twitter:card\" content=\"summary_large_image\" \/>\n<meta name=\"twitter:creator\" content=\"@aeronoticias\" \/>\n<meta name=\"twitter:site\" content=\"@aeronoticias\" \/>\n<meta name=\"twitter:label1\" content=\"Escrito por\" \/>\n\t<meta name=\"twitter:data1\" content=\"Redacci\u00f3n Aeronoticias\" \/>\n\t<meta name=\"twitter:label2\" content=\"Tiempo de lectura\" \/>\n\t<meta name=\"twitter:data2\" content=\"2 minutos\" \/>\n<script type=\"application\/ld+json\" class=\"yoast-schema-graph\">{\"@context\":\"https:\/\/schema.org\",\"@graph\":[{\"@type\":\"WebPage\",\"@id\":\"https:\/\/aeronoticias.com.pe\/noticiero\/economia\/american-airlines-estrenara-su-clase-economica-premium-en-2016\/\",\"url\":\"https:\/\/aeronoticias.com.pe\/noticiero\/economia\/american-airlines-estrenara-su-clase-economica-premium-en-2016\/\",\"name\":\"American Airlines estrenar\u00e1 su Clase Econ\u00f3mica Premium en 2016\",\"isPartOf\":{\"@id\":\"https:\/\/aeronoticias.com.pe\/noticiero\/#website\"},\"primaryImageOfPage\":{\"@id\":\"https:\/\/aeronoticias.com.pe\/noticiero\/economia\/american-airlines-estrenara-su-clase-economica-premium-en-2016\/#primaryimage\"},\"image\":{\"@id\":\"https:\/\/aeronoticias.com.pe\/noticiero\/economia\/american-airlines-estrenara-su-clase-economica-premium-en-2016\/#primaryimage\"},\"thumbnailUrl\":\"http:\/\/2.bp.blogspot.com\/-m_7b327vFAY\/Vmlqr7EvjeI\/AAAAAAAAsrs\/ZDMZpoE3gG0\/s1600\/American%2BAirlines.png\",\"datePublished\":\"2015-12-11T12:11:58+00:00\",\"author\":{\"@id\":\"https:\/\/aeronoticias.com.pe\/noticiero\/#\/schema\/person\/fc1e5d578f4b62ba1cf7ac2bba1170a0\"},\"description\":\"Portal de noticias del Per\u00fa sobre el transporte a\u00e9reo, aviaci\u00f3n, turismo, hoteleria, actualidad.\",\"breadcrumb\":{\"@id\":\"https:\/\/aeronoticias.com.pe\/noticiero\/economia\/american-airlines-estrenara-su-clase-economica-premium-en-2016\/#breadcrumb\"},\"inLanguage\":\"es\",\"potentialAction\":[{\"@type\":\"ReadAction\",\"target\":[\"https:\/\/aeronoticias.com.pe\/noticiero\/economia\/american-airlines-estrenara-su-clase-economica-premium-en-2016\/\"]}]},{\"@type\":\"ImageObject\",\"inLanguage\":\"es\",\"@id\":\"https:\/\/aeronoticias.com.pe\/noticiero\/economia\/american-airlines-estrenara-su-clase-economica-premium-en-2016\/#primaryimage\",\"url\":\"http:\/\/2.bp.blogspot.com\/-m_7b327vFAY\/Vmlqr7EvjeI\/AAAAAAAAsrs\/ZDMZpoE3gG0\/s1600\/American%2BAirlines.png\",\"contentUrl\":\"http:\/\/2.bp.blogspot.com\/-m_7b327vFAY\/Vmlqr7EvjeI\/AAAAAAAAsrs\/ZDMZpoE3gG0\/s1600\/American%2BAirlines.png\"},{\"@type\":\"BreadcrumbList\",\"@id\":\"https:\/\/aeronoticias.com.pe\/noticiero\/economia\/american-airlines-estrenara-su-clase-economica-premium-en-2016\/#breadcrumb\",\"itemListElement\":[{\"@type\":\"ListItem\",\"position\":1,\"name\":\"Portada\",\"item\":\"https:\/\/aeronoticias.com.pe\/noticiero\/\"},{\"@type\":\"ListItem\",\"position\":2,\"name\":\"American Airlines estrenar\u00e1 su Clase Econ\u00f3mica Premium en 2016\"}]},{\"@type\":\"WebSite\",\"@id\":\"https:\/\/aeronoticias.com.pe\/noticiero\/#website\",\"url\":\"https:\/\/aeronoticias.com.pe\/noticiero\/\",\"name\":\"Aeronoticias.com.pe\",\"description\":\"Noticias de tranporte aereo, turismo, hoteles, gastronomia, actualidad, internacional\",\"potentialAction\":[{\"@type\":\"SearchAction\",\"target\":{\"@type\":\"EntryPoint\",\"urlTemplate\":\"https:\/\/aeronoticias.com.pe\/noticiero\/?s={search_term_string}\"},\"query-input\":{\"@type\":\"PropertyValueSpecification\",\"valueRequired\":true,\"valueName\":\"search_term_string\"}}],\"inLanguage\":\"es\"},{\"@type\":\"Person\",\"@id\":\"https:\/\/aeronoticias.com.pe\/noticiero\/#\/schema\/person\/fc1e5d578f4b62ba1cf7ac2bba1170a0\",\"name\":\"Redacci\u00f3n Aeronoticias\",\"url\":\"https:\/\/aeronoticias.com.pe\/noticiero\/author\/piloto\/\"}]}<\/script>\n<!-- \/ Yoast SEO plugin. -->","yoast_head_json":{"title":"American Airlines estrenar\u00e1 su Clase Econ\u00f3mica Premium en 2016","description":"Portal de noticias del Per\u00fa sobre el transporte a\u00e9reo, aviaci\u00f3n, turismo, hoteleria, actualidad.","robots":{"index":"index","follow":"follow","max-snippet":"max-snippet:-1","max-image-preview":"max-image-preview:large","max-video-preview":"max-video-preview:-1"},"canonical":"https:\/\/aeronoticias.com.pe\/noticiero\/economia\/american-airlines-estrenara-su-clase-economica-premium-en-2016\/","og_locale":"es_ES","og_type":"article","og_title":"American Airlines estrenar\u00e1 su Clase Econ\u00f3mica Premium en 2016","og_description":"Portal de noticias del Per\u00fa sobre el transporte a\u00e9reo, aviaci\u00f3n, turismo, hoteleria, actualidad.","og_url":"https:\/\/aeronoticias.com.pe\/noticiero\/economia\/american-airlines-estrenara-su-clase-economica-premium-en-2016\/","og_site_name":"Aeronoticias.com.pe","article_publisher":"https:\/\/www.facebook.com\/Aeronoticias.com.pe\/","article_published_time":"2015-12-11T12:11:58+00:00","og_image":[{"url":"http:\/\/2.bp.blogspot.com\/-m_7b327vFAY\/Vmlqr7EvjeI\/AAAAAAAAsrs\/ZDMZpoE3gG0\/s1600\/American%2BAirlines.png","type":"","width":"","height":""}],"author":"Redacci\u00f3n Aeronoticias","twitter_card":"summary_large_image","twitter_creator":"@aeronoticias","twitter_site":"@aeronoticias","twitter_misc":{"Escrito por":"Redacci\u00f3n Aeronoticias","Tiempo de lectura":"2 minutos"},"schema":{"@context":"https:\/\/schema.org","@graph":[{"@type":"WebPage","@id":"https:\/\/aeronoticias.com.pe\/noticiero\/economia\/american-airlines-estrenara-su-clase-economica-premium-en-2016\/","url":"https:\/\/aeronoticias.com.pe\/noticiero\/economia\/american-airlines-estrenara-su-clase-economica-premium-en-2016\/","name":"American Airlines estrenar\u00e1 su Clase Econ\u00f3mica Premium en 2016","isPartOf":{"@id":"https:\/\/aeronoticias.com.pe\/noticiero\/#website"},"primaryImageOfPage":{"@id":"https:\/\/aeronoticias.com.pe\/noticiero\/economia\/american-airlines-estrenara-su-clase-economica-premium-en-2016\/#primaryimage"},"image":{"@id":"https:\/\/aeronoticias.com.pe\/noticiero\/economia\/american-airlines-estrenara-su-clase-economica-premium-en-2016\/#primaryimage"},"thumbnailUrl":"http:\/\/2.bp.blogspot.com\/-m_7b327vFAY\/Vmlqr7EvjeI\/AAAAAAAAsrs\/ZDMZpoE3gG0\/s1600\/American%2BAirlines.png","datePublished":"2015-12-11T12:11:58+00:00","author":{"@id":"https:\/\/aeronoticias.com.pe\/noticiero\/#\/schema\/person\/fc1e5d578f4b62ba1cf7ac2bba1170a0"},"description":"Portal de noticias del Per\u00fa sobre el transporte a\u00e9reo, aviaci\u00f3n, turismo, hoteleria, actualidad.","breadcrumb":{"@id":"https:\/\/aeronoticias.com.pe\/noticiero\/economia\/american-airlines-estrenara-su-clase-economica-premium-en-2016\/#breadcrumb"},"inLanguage":"es","potentialAction":[{"@type":"ReadAction","target":["https:\/\/aeronoticias.com.pe\/noticiero\/economia\/american-airlines-estrenara-su-clase-economica-premium-en-2016\/"]}]},{"@type":"ImageObject","inLanguage":"es","@id":"https:\/\/aeronoticias.com.pe\/noticiero\/economia\/american-airlines-estrenara-su-clase-economica-premium-en-2016\/#primaryimage","url":"http:\/\/2.bp.blogspot.com\/-m_7b327vFAY\/Vmlqr7EvjeI\/AAAAAAAAsrs\/ZDMZpoE3gG0\/s1600\/American%2BAirlines.png","contentUrl":"http:\/\/2.bp.blogspot.com\/-m_7b327vFAY\/Vmlqr7EvjeI\/AAAAAAAAsrs\/ZDMZpoE3gG0\/s1600\/American%2BAirlines.png"},{"@type":"BreadcrumbList","@id":"https:\/\/aeronoticias.com.pe\/noticiero\/economia\/american-airlines-estrenara-su-clase-economica-premium-en-2016\/#breadcrumb","itemListElement":[{"@type":"ListItem","position":1,"name":"Portada","item":"https:\/\/aeronoticias.com.pe\/noticiero\/"},{"@type":"ListItem","position":2,"name":"American Airlines estrenar\u00e1 su Clase Econ\u00f3mica Premium en 2016"}]},{"@type":"WebSite","@id":"https:\/\/aeronoticias.com.pe\/noticiero\/#website","url":"https:\/\/aeronoticias.com.pe\/noticiero\/","name":"Aeronoticias.com.pe","description":"Noticias de tranporte aereo, turismo, hoteles, gastronomia, actualidad, internacional","potentialAction":[{"@type":"SearchAction","target":{"@type":"EntryPoint","urlTemplate":"https:\/\/aeronoticias.com.pe\/noticiero\/?s={search_term_string}"},"query-input":{"@type":"PropertyValueSpecification","valueRequired":true,"valueName":"search_term_string"}}],"inLanguage":"es"},{"@type":"Person","@id":"https:\/\/aeronoticias.com.pe\/noticiero\/#\/schema\/person\/fc1e5d578f4b62ba1cf7ac2bba1170a0","name":"Redacci\u00f3n Aeronoticias","url":"https:\/\/aeronoticias.com.pe\/noticiero\/author\/piloto\/"}]}},"_links":{"self":[{"href":"https:\/\/aeronoticias.com.pe\/noticiero\/wp-json\/wp\/v2\/posts\/54367","targetHints":{"allow":["GET"]}}],"collection":[{"href":"https:\/\/aeronoticias.com.pe\/noticiero\/wp-json\/wp\/v2\/posts"}],"about":[{"href":"https:\/\/aeronoticias.com.pe\/noticiero\/wp-json\/wp\/v2\/types\/post"}],"author":[{"embeddable":true,"href":"https:\/\/aeronoticias.com.pe\/noticiero\/wp-json\/wp\/v2\/users\/1"}],"replies":[{"embeddable":true,"href":"https:\/\/aeronoticias.com.pe\/noticiero\/wp-json\/wp\/v2\/comments?post=54367"}],"version-history":[{"count":0,"href":"https:\/\/aeronoticias.com.pe\/noticiero\/wp-json\/wp\/v2\/posts\/54367\/revisions"}],"wp:attachment":[{"href":"https:\/\/aeronoticias.com.pe\/noticiero\/wp-json\/wp\/v2\/media?parent=54367"}],"wp:term":[{"taxonomy":"category","embeddable":true,"href":"https:\/\/aeronoticias.com.pe\/noticiero\/wp-json\/wp\/v2\/categories?post=54367"},{"taxonomy":"post_tag","embeddable":true,"href":"https:\/\/aeronoticias.com.pe\/noticiero\/wp-json\/wp\/v2\/tags?post=54367"}],"curies":[{"name":"wp","href":"https:\/\/api.w.org\/{rel}","templated":true}]}}