{"id":54368,"date":"2015-12-11T12:14:32","date_gmt":"2015-12-11T12:14:32","guid":{"rendered":"http:\/\/desarrollo.mcvicious.com\/aero2020\/2015\/12\/11\/ppk-descarto-conformar-alianzas-politicas-con-otros-partidos\/"},"modified":"2015-12-11T12:14:32","modified_gmt":"2015-12-11T12:14:32","slug":"ppk-descarto-conformar-alianzas-politicas-con-otros-partidos","status":"publish","type":"post","link":"https:\/\/aeronoticias.com.pe\/noticiero\/politica\/ppk-descarto-conformar-alianzas-politicas-con-otros-partidos\/","title":{"rendered":"PPK descart\u00f3 conformar alianzas pol\u00edticas con otros partidos"},"content":{"rendered":"<p style=\"text-align: justify;\"><strong>(Aeronoticias).<\/strong>&#8211;\u00a0El candidato presidencial de Peruanos Por el Kambio, Pedro Pablo Kuczynski, ratific\u00f3 hoy que no busca establecer alianzas pol\u00edticas con miras a las elecciones generales del 2016.<\/p>\n<p style=\"text-align: justify;\">\u00abLe proponemos al pa\u00eds una nueva forma de hacer pol\u00edtica sin repartijas, con un mensaje coherente y transparente para millones de peruanos que luchan para vivir dignamente\u00bb, sostuvo el ex ministro de Econom\u00eda.<\/p>\n<p style=\"text-align: justify;\">Asimismo, PPK manifest\u00f3 que su agrupaci\u00f3n pol\u00edtica ha evaluado todo lo que implica materializar una alianza electoral, por lo que se ha decidido \u00abno hacer ninguna coalici\u00f3n con partidos pol\u00edticos tradicionales\u00bb.<\/p>\n<p style=\"text-align: justify;\">\u00abAgradecemos a todos los que nos han venido a buscar para sumarse a mi candidatura y tambi\u00e9n a los asesores con los cuales convers\u00e9 largamente del tema, pero creemos en el futuro y en hacer m\u00e1s que una pol\u00edtica tradicional\u00bb, acot\u00f3.<\/p>\n<p style=\"text-align: justify;\">Seg\u00fan apunt\u00f3 PPK, esta aclaraci\u00f3n busca frenar las especulaciones sobre la suscripci\u00f3n de una eventual alianza electoral de Peruanos Por el Kambio con alguna otra agrupaci\u00f3n.<\/p>\n<p style=\"text-align: justify;\">Fuente: <em><strong><span style=\"text-decoration: underline;\">El Comercio.<\/span><\/strong><\/em><\/p>\n<p style=\"text-align: justify;\"><img decoding=\"async\" src=\"http:\/\/cde.3.elcomercio.pe\/ima\/0\/1\/2\/6\/6\/1266324\/base_image.jpg\" border=\"0\" alt=\"PPK descart\u00f3 conformar alianzas pol\u00edticas con otros partidos\" \/><\/p>\n","protected":false},"excerpt":{"rendered":"<p>(Aeronoticias).&#8211;\u00a0El candidato presidencial de Peruanos Por el Kambio, Pedro Pablo Kuczynski, ratific\u00f3 hoy que no busca establecer alianzas pol\u00edticas con miras a las elecciones generales del 2016. \u00abLe proponemos al pa\u00eds una nueva forma de hacer pol\u00edtica sin repartijas, con un mensaje coherente y transparente para millones de peruanos que luchan para vivir dignamente\u00bb, sostuvo [&hellip;]<\/p>\n","protected":false},"author":1,"featured_media":0,"comment_status":"open","ping_status":"open","sticky":false,"template":"","format":"standard","meta":{"tdm_status":"","tdm_grid_status":"","footnotes":""},"categories":[36],"tags":[],"class_list":{"0":"post-54368","1":"post","2":"type-post","3":"status-publish","4":"format-standard","6":"category-politica"},"yoast_head":"<!-- This site is optimized with the Yoast SEO plugin v25.1 - https:\/\/yoast.com\/wordpress\/plugins\/seo\/ -->\n<title>PPK descart\u00f3 conformar alianzas pol\u00edticas con otros partidos<\/title>\n<meta name=\"description\" content=\"Portal de noticias del Per\u00fa sobre el transporte a\u00e9reo, aviaci\u00f3n, turismo, hoteleria, actualidad.\" \/>\n<meta name=\"robots\" content=\"index, follow, max-snippet:-1, max-image-preview:large, max-video-preview:-1\" \/>\n<link rel=\"canonical\" href=\"https:\/\/aeronoticias.com.pe\/noticiero\/politica\/ppk-descarto-conformar-alianzas-politicas-con-otros-partidos\/\" \/>\n<meta property=\"og:locale\" content=\"es_ES\" \/>\n<meta property=\"og:type\" content=\"article\" \/>\n<meta property=\"og:title\" content=\"PPK descart\u00f3 conformar alianzas pol\u00edticas con otros partidos\" \/>\n<meta property=\"og:description\" content=\"Portal de noticias del Per\u00fa sobre el transporte a\u00e9reo, aviaci\u00f3n, turismo, hoteleria, actualidad.\" \/>\n<meta property=\"og:url\" content=\"https:\/\/aeronoticias.com.pe\/noticiero\/politica\/ppk-descarto-conformar-alianzas-politicas-con-otros-partidos\/\" \/>\n<meta property=\"og:site_name\" content=\"Aeronoticias.com.pe\" \/>\n<meta property=\"article:publisher\" content=\"https:\/\/www.facebook.com\/Aeronoticias.com.pe\/\" \/>\n<meta property=\"article:published_time\" content=\"2015-12-11T12:14:32+00:00\" \/>\n<meta property=\"og:image\" content=\"http:\/\/cde.3.elcomercio.pe\/ima\/0\/1\/2\/6\/6\/1266324\/base_image.jpg\" \/>\n<meta name=\"author\" content=\"Redacci\u00f3n Aeronoticias\" \/>\n<meta name=\"twitter:card\" content=\"summary_large_image\" \/>\n<meta name=\"twitter:creator\" content=\"@aeronoticias\" \/>\n<meta name=\"twitter:site\" content=\"@aeronoticias\" \/>\n<meta name=\"twitter:label1\" content=\"Escrito por\" \/>\n\t<meta name=\"twitter:data1\" content=\"Redacci\u00f3n Aeronoticias\" \/>\n\t<meta name=\"twitter:label2\" content=\"Tiempo de lectura\" \/>\n\t<meta name=\"twitter:data2\" content=\"1 minuto\" \/>\n<script type=\"application\/ld+json\" class=\"yoast-schema-graph\">{\"@context\":\"https:\/\/schema.org\",\"@graph\":[{\"@type\":\"WebPage\",\"@id\":\"https:\/\/aeronoticias.com.pe\/noticiero\/politica\/ppk-descarto-conformar-alianzas-politicas-con-otros-partidos\/\",\"url\":\"https:\/\/aeronoticias.com.pe\/noticiero\/politica\/ppk-descarto-conformar-alianzas-politicas-con-otros-partidos\/\",\"name\":\"PPK descart\u00f3 conformar alianzas pol\u00edticas con otros partidos\",\"isPartOf\":{\"@id\":\"https:\/\/aeronoticias.com.pe\/noticiero\/#website\"},\"primaryImageOfPage\":{\"@id\":\"https:\/\/aeronoticias.com.pe\/noticiero\/politica\/ppk-descarto-conformar-alianzas-politicas-con-otros-partidos\/#primaryimage\"},\"image\":{\"@id\":\"https:\/\/aeronoticias.com.pe\/noticiero\/politica\/ppk-descarto-conformar-alianzas-politicas-con-otros-partidos\/#primaryimage\"},\"thumbnailUrl\":\"http:\/\/cde.3.elcomercio.pe\/ima\/0\/1\/2\/6\/6\/1266324\/base_image.jpg\",\"datePublished\":\"2015-12-11T12:14:32+00:00\",\"author\":{\"@id\":\"https:\/\/aeronoticias.com.pe\/noticiero\/#\/schema\/person\/fc1e5d578f4b62ba1cf7ac2bba1170a0\"},\"description\":\"Portal de noticias del Per\u00fa sobre el transporte a\u00e9reo, aviaci\u00f3n, turismo, hoteleria, actualidad.\",\"breadcrumb\":{\"@id\":\"https:\/\/aeronoticias.com.pe\/noticiero\/politica\/ppk-descarto-conformar-alianzas-politicas-con-otros-partidos\/#breadcrumb\"},\"inLanguage\":\"es\",\"potentialAction\":[{\"@type\":\"ReadAction\",\"target\":[\"https:\/\/aeronoticias.com.pe\/noticiero\/politica\/ppk-descarto-conformar-alianzas-politicas-con-otros-partidos\/\"]}]},{\"@type\":\"ImageObject\",\"inLanguage\":\"es\",\"@id\":\"https:\/\/aeronoticias.com.pe\/noticiero\/politica\/ppk-descarto-conformar-alianzas-politicas-con-otros-partidos\/#primaryimage\",\"url\":\"http:\/\/cde.3.elcomercio.pe\/ima\/0\/1\/2\/6\/6\/1266324\/base_image.jpg\",\"contentUrl\":\"http:\/\/cde.3.elcomercio.pe\/ima\/0\/1\/2\/6\/6\/1266324\/base_image.jpg\"},{\"@type\":\"BreadcrumbList\",\"@id\":\"https:\/\/aeronoticias.com.pe\/noticiero\/politica\/ppk-descarto-conformar-alianzas-politicas-con-otros-partidos\/#breadcrumb\",\"itemListElement\":[{\"@type\":\"ListItem\",\"position\":1,\"name\":\"Portada\",\"item\":\"https:\/\/aeronoticias.com.pe\/noticiero\/\"},{\"@type\":\"ListItem\",\"position\":2,\"name\":\"PPK descart\u00f3 conformar alianzas pol\u00edticas con otros partidos\"}]},{\"@type\":\"WebSite\",\"@id\":\"https:\/\/aeronoticias.com.pe\/noticiero\/#website\",\"url\":\"https:\/\/aeronoticias.com.pe\/noticiero\/\",\"name\":\"Aeronoticias.com.pe\",\"description\":\"Noticias de tranporte aereo, turismo, hoteles, gastronomia, actualidad, internacional\",\"potentialAction\":[{\"@type\":\"SearchAction\",\"target\":{\"@type\":\"EntryPoint\",\"urlTemplate\":\"https:\/\/aeronoticias.com.pe\/noticiero\/?s={search_term_string}\"},\"query-input\":{\"@type\":\"PropertyValueSpecification\",\"valueRequired\":true,\"valueName\":\"search_term_string\"}}],\"inLanguage\":\"es\"},{\"@type\":\"Person\",\"@id\":\"https:\/\/aeronoticias.com.pe\/noticiero\/#\/schema\/person\/fc1e5d578f4b62ba1cf7ac2bba1170a0\",\"name\":\"Redacci\u00f3n Aeronoticias\",\"url\":\"https:\/\/aeronoticias.com.pe\/noticiero\/author\/piloto\/\"}]}<\/script>\n<!-- \/ Yoast SEO plugin. -->","yoast_head_json":{"title":"PPK descart\u00f3 conformar alianzas pol\u00edticas con otros partidos","description":"Portal de noticias del Per\u00fa sobre el transporte a\u00e9reo, aviaci\u00f3n, turismo, hoteleria, actualidad.","robots":{"index":"index","follow":"follow","max-snippet":"max-snippet:-1","max-image-preview":"max-image-preview:large","max-video-preview":"max-video-preview:-1"},"canonical":"https:\/\/aeronoticias.com.pe\/noticiero\/politica\/ppk-descarto-conformar-alianzas-politicas-con-otros-partidos\/","og_locale":"es_ES","og_type":"article","og_title":"PPK descart\u00f3 conformar alianzas pol\u00edticas con otros partidos","og_description":"Portal de noticias del Per\u00fa sobre el transporte a\u00e9reo, aviaci\u00f3n, turismo, hoteleria, actualidad.","og_url":"https:\/\/aeronoticias.com.pe\/noticiero\/politica\/ppk-descarto-conformar-alianzas-politicas-con-otros-partidos\/","og_site_name":"Aeronoticias.com.pe","article_publisher":"https:\/\/www.facebook.com\/Aeronoticias.com.pe\/","article_published_time":"2015-12-11T12:14:32+00:00","og_image":[{"url":"http:\/\/cde.3.elcomercio.pe\/ima\/0\/1\/2\/6\/6\/1266324\/base_image.jpg","type":"","width":"","height":""}],"author":"Redacci\u00f3n Aeronoticias","twitter_card":"summary_large_image","twitter_creator":"@aeronoticias","twitter_site":"@aeronoticias","twitter_misc":{"Escrito por":"Redacci\u00f3n Aeronoticias","Tiempo de lectura":"1 minuto"},"schema":{"@context":"https:\/\/schema.org","@graph":[{"@type":"WebPage","@id":"https:\/\/aeronoticias.com.pe\/noticiero\/politica\/ppk-descarto-conformar-alianzas-politicas-con-otros-partidos\/","url":"https:\/\/aeronoticias.com.pe\/noticiero\/politica\/ppk-descarto-conformar-alianzas-politicas-con-otros-partidos\/","name":"PPK descart\u00f3 conformar alianzas pol\u00edticas con otros partidos","isPartOf":{"@id":"https:\/\/aeronoticias.com.pe\/noticiero\/#website"},"primaryImageOfPage":{"@id":"https:\/\/aeronoticias.com.pe\/noticiero\/politica\/ppk-descarto-conformar-alianzas-politicas-con-otros-partidos\/#primaryimage"},"image":{"@id":"https:\/\/aeronoticias.com.pe\/noticiero\/politica\/ppk-descarto-conformar-alianzas-politicas-con-otros-partidos\/#primaryimage"},"thumbnailUrl":"http:\/\/cde.3.elcomercio.pe\/ima\/0\/1\/2\/6\/6\/1266324\/base_image.jpg","datePublished":"2015-12-11T12:14:32+00:00","author":{"@id":"https:\/\/aeronoticias.com.pe\/noticiero\/#\/schema\/person\/fc1e5d578f4b62ba1cf7ac2bba1170a0"},"description":"Portal de noticias del Per\u00fa sobre el transporte a\u00e9reo, aviaci\u00f3n, turismo, hoteleria, actualidad.","breadcrumb":{"@id":"https:\/\/aeronoticias.com.pe\/noticiero\/politica\/ppk-descarto-conformar-alianzas-politicas-con-otros-partidos\/#breadcrumb"},"inLanguage":"es","potentialAction":[{"@type":"ReadAction","target":["https:\/\/aeronoticias.com.pe\/noticiero\/politica\/ppk-descarto-conformar-alianzas-politicas-con-otros-partidos\/"]}]},{"@type":"ImageObject","inLanguage":"es","@id":"https:\/\/aeronoticias.com.pe\/noticiero\/politica\/ppk-descarto-conformar-alianzas-politicas-con-otros-partidos\/#primaryimage","url":"http:\/\/cde.3.elcomercio.pe\/ima\/0\/1\/2\/6\/6\/1266324\/base_image.jpg","contentUrl":"http:\/\/cde.3.elcomercio.pe\/ima\/0\/1\/2\/6\/6\/1266324\/base_image.jpg"},{"@type":"BreadcrumbList","@id":"https:\/\/aeronoticias.com.pe\/noticiero\/politica\/ppk-descarto-conformar-alianzas-politicas-con-otros-partidos\/#breadcrumb","itemListElement":[{"@type":"ListItem","position":1,"name":"Portada","item":"https:\/\/aeronoticias.com.pe\/noticiero\/"},{"@type":"ListItem","position":2,"name":"PPK descart\u00f3 conformar alianzas pol\u00edticas con otros partidos"}]},{"@type":"WebSite","@id":"https:\/\/aeronoticias.com.pe\/noticiero\/#website","url":"https:\/\/aeronoticias.com.pe\/noticiero\/","name":"Aeronoticias.com.pe","description":"Noticias de tranporte aereo, turismo, hoteles, gastronomia, actualidad, internacional","potentialAction":[{"@type":"SearchAction","target":{"@type":"EntryPoint","urlTemplate":"https:\/\/aeronoticias.com.pe\/noticiero\/?s={search_term_string}"},"query-input":{"@type":"PropertyValueSpecification","valueRequired":true,"valueName":"search_term_string"}}],"inLanguage":"es"},{"@type":"Person","@id":"https:\/\/aeronoticias.com.pe\/noticiero\/#\/schema\/person\/fc1e5d578f4b62ba1cf7ac2bba1170a0","name":"Redacci\u00f3n Aeronoticias","url":"https:\/\/aeronoticias.com.pe\/noticiero\/author\/piloto\/"}]}},"_links":{"self":[{"href":"https:\/\/aeronoticias.com.pe\/noticiero\/wp-json\/wp\/v2\/posts\/54368","targetHints":{"allow":["GET"]}}],"collection":[{"href":"https:\/\/aeronoticias.com.pe\/noticiero\/wp-json\/wp\/v2\/posts"}],"about":[{"href":"https:\/\/aeronoticias.com.pe\/noticiero\/wp-json\/wp\/v2\/types\/post"}],"author":[{"embeddable":true,"href":"https:\/\/aeronoticias.com.pe\/noticiero\/wp-json\/wp\/v2\/users\/1"}],"replies":[{"embeddable":true,"href":"https:\/\/aeronoticias.com.pe\/noticiero\/wp-json\/wp\/v2\/comments?post=54368"}],"version-history":[{"count":0,"href":"https:\/\/aeronoticias.com.pe\/noticiero\/wp-json\/wp\/v2\/posts\/54368\/revisions"}],"wp:attachment":[{"href":"https:\/\/aeronoticias.com.pe\/noticiero\/wp-json\/wp\/v2\/media?parent=54368"}],"wp:term":[{"taxonomy":"category","embeddable":true,"href":"https:\/\/aeronoticias.com.pe\/noticiero\/wp-json\/wp\/v2\/categories?post=54368"},{"taxonomy":"post_tag","embeddable":true,"href":"https:\/\/aeronoticias.com.pe\/noticiero\/wp-json\/wp\/v2\/tags?post=54368"}],"curies":[{"name":"wp","href":"https:\/\/api.w.org\/{rel}","templated":true}]}}