{"id":54370,"date":"2015-12-11T12:18:18","date_gmt":"2015-12-11T12:18:18","guid":{"rendered":"http:\/\/desarrollo.mcvicious.com\/aero2020\/2015\/12\/11\/galaxy-s7-llegaria-en-enero-de-2016-y-costaria-menos-que-el-s6\/"},"modified":"2015-12-11T12:18:18","modified_gmt":"2015-12-11T12:18:18","slug":"galaxy-s7-llegaria-en-enero-de-2016-y-costaria-menos-que-el-s6","status":"publish","type":"post","link":"https:\/\/aeronoticias.com.pe\/noticiero\/27\/galaxy-s7-llegaria-en-enero-de-2016-y-costaria-menos-que-el-s6\/","title":{"rendered":"Galaxy S7 llegar\u00eda en enero de 2016 y costar\u00eda menos que el S6"},"content":{"rendered":"<p style=\"text-align: justify;\"><strong>(Aeronoticias)<\/strong>.-\u00a0Sorprende la especulaci\u00f3n sobre el lanzamiento de enero, pues Samsung no suele hacer anuncios importante a inicios de a\u00f1os.<\/p>\n<p style=\"text-align: justify;\">Seg\u00fan un analista chino, el S7 costar\u00eda un 10% menos que el S6, con el fin de ser m\u00e1s competitivo. Como se conoce, Samsung ha perdido espacio en el mercado de smartphone ante Apple, su principal competidos.<\/p>\n<p style=\"text-align: justify;\">Adem\u00e1s, se espera que la pantalla de este dispositivo tenga una opci\u00f3n parecida al Force Touch, una tecnolog\u00eda de Apple que permite elegir opciones de acuerdo a la presi\u00f3n en la pantalla.<\/p>\n<p style=\"text-align: justify;\">En el Galaxy S6 se elimin\u00f3 la ranura microSD debido al cambio de la carcasa de pl\u00e1stico a uno de metal. El Galaxy S7 traer\u00eda de vuelta esta ranura.<\/p>\n<p style=\"text-align: justify;\">Hace poco Samsung anunci\u00f3 en una conferencia su nuevo sensor que permite a las c\u00e1maras capturen im\u00e1genes con poca luz. Se espera que la compa\u00f1\u00eda incluya esta tecnolog\u00eda en la c\u00e1mara del S7.<\/p>\n<p style=\"text-align: justify;\">La c\u00e1mara ser\u00eda de 20 megap\u00edxeles y tendr\u00eda un nuevo patr\u00f3n de color RSD para mejorar la sensibilidad a la luz y la relaci\u00f3n de la se\u00f1al al ruido en condiciones de poca luz.<\/p>\n<p style=\"text-align: justify;\">El S6 no us\u00f3 el procesador Qualcomm; se utiliz\u00f3 un procesador Samsung Exynos. Se pens\u00f3 que el convenio entre Samsun y Qualcomm habr\u00eda terminado, pero ambas compa\u00f1\u00edas lo negaron. Ahora se cree que el nuevo smartphone tendr\u00e1 de nuevo el chip Qualcomm.<\/p>\n<p style=\"text-align: justify;\">Fuente: <span style=\"text-decoration: underline;\"><strong><em>El Comercio<\/em><\/strong><\/span>.<\/p>\n<p style=\"text-align: justify;\"><img decoding=\"async\" src=\"http:\/\/cde.3.elcomercio.pe\/ima\/0\/1\/2\/6\/5\/1265770\/base_image.jpg\" border=\"0\" alt=\"Galaxy S7 llegar\u00eda en enero de 2016 y costar\u00eda menos que el S6\" \/><\/p>\n","protected":false},"excerpt":{"rendered":"<p>(Aeronoticias).-\u00a0Sorprende la especulaci\u00f3n sobre el lanzamiento de enero, pues Samsung no suele hacer anuncios importante a inicios de a\u00f1os. Seg\u00fan un analista chino, el S7 costar\u00eda un 10% menos que el S6, con el fin de ser m\u00e1s competitivo. Como se conoce, Samsung ha perdido espacio en el mercado de smartphone ante Apple, su principal [&hellip;]<\/p>\n","protected":false},"author":1,"featured_media":0,"comment_status":"open","ping_status":"open","sticky":false,"template":"","format":"standard","meta":{"tdm_status":"","tdm_grid_status":"","footnotes":""},"categories":[35],"tags":[],"class_list":{"0":"post-54370","1":"post","2":"type-post","3":"status-publish","4":"format-standard","6":"category-35"},"yoast_head":"<!-- This site is optimized with the Yoast SEO plugin v25.1 - https:\/\/yoast.com\/wordpress\/plugins\/seo\/ -->\n<title>Galaxy S7 llegar\u00eda en enero de 2016 y costar\u00eda menos que el S6<\/title>\n<meta name=\"description\" content=\"Portal de noticias del Per\u00fa sobre el transporte a\u00e9reo, aviaci\u00f3n, turismo, hoteleria, actualidad.\" \/>\n<meta name=\"robots\" content=\"index, follow, max-snippet:-1, max-image-preview:large, max-video-preview:-1\" \/>\n<link rel=\"canonical\" href=\"https:\/\/aeronoticias.com.pe\/noticiero\/27\/galaxy-s7-llegaria-en-enero-de-2016-y-costaria-menos-que-el-s6\/\" \/>\n<meta property=\"og:locale\" content=\"es_ES\" \/>\n<meta property=\"og:type\" content=\"article\" \/>\n<meta property=\"og:title\" content=\"Galaxy S7 llegar\u00eda en enero de 2016 y costar\u00eda menos que el S6\" \/>\n<meta property=\"og:description\" content=\"Portal de noticias del Per\u00fa sobre el transporte a\u00e9reo, aviaci\u00f3n, turismo, hoteleria, actualidad.\" \/>\n<meta property=\"og:url\" content=\"https:\/\/aeronoticias.com.pe\/noticiero\/27\/galaxy-s7-llegaria-en-enero-de-2016-y-costaria-menos-que-el-s6\/\" \/>\n<meta property=\"og:site_name\" content=\"Aeronoticias.com.pe\" \/>\n<meta property=\"article:publisher\" content=\"https:\/\/www.facebook.com\/Aeronoticias.com.pe\/\" \/>\n<meta property=\"article:published_time\" content=\"2015-12-11T12:18:18+00:00\" \/>\n<meta property=\"og:image\" content=\"http:\/\/cde.3.elcomercio.pe\/ima\/0\/1\/2\/6\/5\/1265770\/base_image.jpg\" \/>\n<meta name=\"author\" content=\"Redacci\u00f3n Aeronoticias\" \/>\n<meta name=\"twitter:card\" content=\"summary_large_image\" \/>\n<meta name=\"twitter:creator\" content=\"@aeronoticias\" \/>\n<meta name=\"twitter:site\" content=\"@aeronoticias\" \/>\n<meta name=\"twitter:label1\" content=\"Escrito por\" \/>\n\t<meta name=\"twitter:data1\" content=\"Redacci\u00f3n Aeronoticias\" \/>\n\t<meta name=\"twitter:label2\" content=\"Tiempo de lectura\" \/>\n\t<meta name=\"twitter:data2\" content=\"1 minuto\" \/>\n<script type=\"application\/ld+json\" class=\"yoast-schema-graph\">{\"@context\":\"https:\/\/schema.org\",\"@graph\":[{\"@type\":\"WebPage\",\"@id\":\"https:\/\/aeronoticias.com.pe\/noticiero\/27\/galaxy-s7-llegaria-en-enero-de-2016-y-costaria-menos-que-el-s6\/\",\"url\":\"https:\/\/aeronoticias.com.pe\/noticiero\/27\/galaxy-s7-llegaria-en-enero-de-2016-y-costaria-menos-que-el-s6\/\",\"name\":\"Galaxy S7 llegar\u00eda en enero de 2016 y costar\u00eda menos que el S6\",\"isPartOf\":{\"@id\":\"https:\/\/aeronoticias.com.pe\/noticiero\/#website\"},\"primaryImageOfPage\":{\"@id\":\"https:\/\/aeronoticias.com.pe\/noticiero\/27\/galaxy-s7-llegaria-en-enero-de-2016-y-costaria-menos-que-el-s6\/#primaryimage\"},\"image\":{\"@id\":\"https:\/\/aeronoticias.com.pe\/noticiero\/27\/galaxy-s7-llegaria-en-enero-de-2016-y-costaria-menos-que-el-s6\/#primaryimage\"},\"thumbnailUrl\":\"http:\/\/cde.3.elcomercio.pe\/ima\/0\/1\/2\/6\/5\/1265770\/base_image.jpg\",\"datePublished\":\"2015-12-11T12:18:18+00:00\",\"author\":{\"@id\":\"https:\/\/aeronoticias.com.pe\/noticiero\/#\/schema\/person\/fc1e5d578f4b62ba1cf7ac2bba1170a0\"},\"description\":\"Portal de noticias del Per\u00fa sobre el transporte a\u00e9reo, aviaci\u00f3n, turismo, hoteleria, actualidad.\",\"breadcrumb\":{\"@id\":\"https:\/\/aeronoticias.com.pe\/noticiero\/27\/galaxy-s7-llegaria-en-enero-de-2016-y-costaria-menos-que-el-s6\/#breadcrumb\"},\"inLanguage\":\"es\",\"potentialAction\":[{\"@type\":\"ReadAction\",\"target\":[\"https:\/\/aeronoticias.com.pe\/noticiero\/27\/galaxy-s7-llegaria-en-enero-de-2016-y-costaria-menos-que-el-s6\/\"]}]},{\"@type\":\"ImageObject\",\"inLanguage\":\"es\",\"@id\":\"https:\/\/aeronoticias.com.pe\/noticiero\/27\/galaxy-s7-llegaria-en-enero-de-2016-y-costaria-menos-que-el-s6\/#primaryimage\",\"url\":\"http:\/\/cde.3.elcomercio.pe\/ima\/0\/1\/2\/6\/5\/1265770\/base_image.jpg\",\"contentUrl\":\"http:\/\/cde.3.elcomercio.pe\/ima\/0\/1\/2\/6\/5\/1265770\/base_image.jpg\"},{\"@type\":\"BreadcrumbList\",\"@id\":\"https:\/\/aeronoticias.com.pe\/noticiero\/27\/galaxy-s7-llegaria-en-enero-de-2016-y-costaria-menos-que-el-s6\/#breadcrumb\",\"itemListElement\":[{\"@type\":\"ListItem\",\"position\":1,\"name\":\"Portada\",\"item\":\"https:\/\/aeronoticias.com.pe\/noticiero\/\"},{\"@type\":\"ListItem\",\"position\":2,\"name\":\"Galaxy S7 llegar\u00eda en enero de 2016 y costar\u00eda menos que el S6\"}]},{\"@type\":\"WebSite\",\"@id\":\"https:\/\/aeronoticias.com.pe\/noticiero\/#website\",\"url\":\"https:\/\/aeronoticias.com.pe\/noticiero\/\",\"name\":\"Aeronoticias.com.pe\",\"description\":\"Noticias de tranporte aereo, turismo, hoteles, gastronomia, actualidad, internacional\",\"potentialAction\":[{\"@type\":\"SearchAction\",\"target\":{\"@type\":\"EntryPoint\",\"urlTemplate\":\"https:\/\/aeronoticias.com.pe\/noticiero\/?s={search_term_string}\"},\"query-input\":{\"@type\":\"PropertyValueSpecification\",\"valueRequired\":true,\"valueName\":\"search_term_string\"}}],\"inLanguage\":\"es\"},{\"@type\":\"Person\",\"@id\":\"https:\/\/aeronoticias.com.pe\/noticiero\/#\/schema\/person\/fc1e5d578f4b62ba1cf7ac2bba1170a0\",\"name\":\"Redacci\u00f3n Aeronoticias\",\"url\":\"https:\/\/aeronoticias.com.pe\/noticiero\/author\/piloto\/\"}]}<\/script>\n<!-- \/ Yoast SEO plugin. -->","yoast_head_json":{"title":"Galaxy S7 llegar\u00eda en enero de 2016 y costar\u00eda menos que el S6","description":"Portal de noticias del Per\u00fa sobre el transporte a\u00e9reo, aviaci\u00f3n, turismo, hoteleria, actualidad.","robots":{"index":"index","follow":"follow","max-snippet":"max-snippet:-1","max-image-preview":"max-image-preview:large","max-video-preview":"max-video-preview:-1"},"canonical":"https:\/\/aeronoticias.com.pe\/noticiero\/27\/galaxy-s7-llegaria-en-enero-de-2016-y-costaria-menos-que-el-s6\/","og_locale":"es_ES","og_type":"article","og_title":"Galaxy S7 llegar\u00eda en enero de 2016 y costar\u00eda menos que el S6","og_description":"Portal de noticias del Per\u00fa sobre el transporte a\u00e9reo, aviaci\u00f3n, turismo, hoteleria, actualidad.","og_url":"https:\/\/aeronoticias.com.pe\/noticiero\/27\/galaxy-s7-llegaria-en-enero-de-2016-y-costaria-menos-que-el-s6\/","og_site_name":"Aeronoticias.com.pe","article_publisher":"https:\/\/www.facebook.com\/Aeronoticias.com.pe\/","article_published_time":"2015-12-11T12:18:18+00:00","og_image":[{"url":"http:\/\/cde.3.elcomercio.pe\/ima\/0\/1\/2\/6\/5\/1265770\/base_image.jpg","type":"","width":"","height":""}],"author":"Redacci\u00f3n Aeronoticias","twitter_card":"summary_large_image","twitter_creator":"@aeronoticias","twitter_site":"@aeronoticias","twitter_misc":{"Escrito por":"Redacci\u00f3n Aeronoticias","Tiempo de lectura":"1 minuto"},"schema":{"@context":"https:\/\/schema.org","@graph":[{"@type":"WebPage","@id":"https:\/\/aeronoticias.com.pe\/noticiero\/27\/galaxy-s7-llegaria-en-enero-de-2016-y-costaria-menos-que-el-s6\/","url":"https:\/\/aeronoticias.com.pe\/noticiero\/27\/galaxy-s7-llegaria-en-enero-de-2016-y-costaria-menos-que-el-s6\/","name":"Galaxy S7 llegar\u00eda en enero de 2016 y costar\u00eda menos que el S6","isPartOf":{"@id":"https:\/\/aeronoticias.com.pe\/noticiero\/#website"},"primaryImageOfPage":{"@id":"https:\/\/aeronoticias.com.pe\/noticiero\/27\/galaxy-s7-llegaria-en-enero-de-2016-y-costaria-menos-que-el-s6\/#primaryimage"},"image":{"@id":"https:\/\/aeronoticias.com.pe\/noticiero\/27\/galaxy-s7-llegaria-en-enero-de-2016-y-costaria-menos-que-el-s6\/#primaryimage"},"thumbnailUrl":"http:\/\/cde.3.elcomercio.pe\/ima\/0\/1\/2\/6\/5\/1265770\/base_image.jpg","datePublished":"2015-12-11T12:18:18+00:00","author":{"@id":"https:\/\/aeronoticias.com.pe\/noticiero\/#\/schema\/person\/fc1e5d578f4b62ba1cf7ac2bba1170a0"},"description":"Portal de noticias del Per\u00fa sobre el transporte a\u00e9reo, aviaci\u00f3n, turismo, hoteleria, actualidad.","breadcrumb":{"@id":"https:\/\/aeronoticias.com.pe\/noticiero\/27\/galaxy-s7-llegaria-en-enero-de-2016-y-costaria-menos-que-el-s6\/#breadcrumb"},"inLanguage":"es","potentialAction":[{"@type":"ReadAction","target":["https:\/\/aeronoticias.com.pe\/noticiero\/27\/galaxy-s7-llegaria-en-enero-de-2016-y-costaria-menos-que-el-s6\/"]}]},{"@type":"ImageObject","inLanguage":"es","@id":"https:\/\/aeronoticias.com.pe\/noticiero\/27\/galaxy-s7-llegaria-en-enero-de-2016-y-costaria-menos-que-el-s6\/#primaryimage","url":"http:\/\/cde.3.elcomercio.pe\/ima\/0\/1\/2\/6\/5\/1265770\/base_image.jpg","contentUrl":"http:\/\/cde.3.elcomercio.pe\/ima\/0\/1\/2\/6\/5\/1265770\/base_image.jpg"},{"@type":"BreadcrumbList","@id":"https:\/\/aeronoticias.com.pe\/noticiero\/27\/galaxy-s7-llegaria-en-enero-de-2016-y-costaria-menos-que-el-s6\/#breadcrumb","itemListElement":[{"@type":"ListItem","position":1,"name":"Portada","item":"https:\/\/aeronoticias.com.pe\/noticiero\/"},{"@type":"ListItem","position":2,"name":"Galaxy S7 llegar\u00eda en enero de 2016 y costar\u00eda menos que el S6"}]},{"@type":"WebSite","@id":"https:\/\/aeronoticias.com.pe\/noticiero\/#website","url":"https:\/\/aeronoticias.com.pe\/noticiero\/","name":"Aeronoticias.com.pe","description":"Noticias de tranporte aereo, turismo, hoteles, gastronomia, actualidad, internacional","potentialAction":[{"@type":"SearchAction","target":{"@type":"EntryPoint","urlTemplate":"https:\/\/aeronoticias.com.pe\/noticiero\/?s={search_term_string}"},"query-input":{"@type":"PropertyValueSpecification","valueRequired":true,"valueName":"search_term_string"}}],"inLanguage":"es"},{"@type":"Person","@id":"https:\/\/aeronoticias.com.pe\/noticiero\/#\/schema\/person\/fc1e5d578f4b62ba1cf7ac2bba1170a0","name":"Redacci\u00f3n Aeronoticias","url":"https:\/\/aeronoticias.com.pe\/noticiero\/author\/piloto\/"}]}},"_links":{"self":[{"href":"https:\/\/aeronoticias.com.pe\/noticiero\/wp-json\/wp\/v2\/posts\/54370","targetHints":{"allow":["GET"]}}],"collection":[{"href":"https:\/\/aeronoticias.com.pe\/noticiero\/wp-json\/wp\/v2\/posts"}],"about":[{"href":"https:\/\/aeronoticias.com.pe\/noticiero\/wp-json\/wp\/v2\/types\/post"}],"author":[{"embeddable":true,"href":"https:\/\/aeronoticias.com.pe\/noticiero\/wp-json\/wp\/v2\/users\/1"}],"replies":[{"embeddable":true,"href":"https:\/\/aeronoticias.com.pe\/noticiero\/wp-json\/wp\/v2\/comments?post=54370"}],"version-history":[{"count":0,"href":"https:\/\/aeronoticias.com.pe\/noticiero\/wp-json\/wp\/v2\/posts\/54370\/revisions"}],"wp:attachment":[{"href":"https:\/\/aeronoticias.com.pe\/noticiero\/wp-json\/wp\/v2\/media?parent=54370"}],"wp:term":[{"taxonomy":"category","embeddable":true,"href":"https:\/\/aeronoticias.com.pe\/noticiero\/wp-json\/wp\/v2\/categories?post=54370"},{"taxonomy":"post_tag","embeddable":true,"href":"https:\/\/aeronoticias.com.pe\/noticiero\/wp-json\/wp\/v2\/tags?post=54370"}],"curies":[{"name":"wp","href":"https:\/\/api.w.org\/{rel}","templated":true}]}}