{"id":54382,"date":"2015-12-14T21:49:23","date_gmt":"2015-12-14T21:49:23","guid":{"rendered":"http:\/\/desarrollo.mcvicious.com\/aero2020\/2015\/12\/14\/gana-peru-buscara-anular-ampliacion-de-investigados-por-agendas\/"},"modified":"2015-12-14T21:49:23","modified_gmt":"2015-12-14T21:49:23","slug":"gana-peru-buscara-anular-ampliacion-de-investigados-por-agendas","status":"publish","type":"post","link":"https:\/\/aeronoticias.com.pe\/noticiero\/politica\/gana-peru-buscara-anular-ampliacion-de-investigados-por-agendas\/","title":{"rendered":"Gana Per\u00fa buscar\u00e1 anular ampliaci\u00f3n de investigados por agendas"},"content":{"rendered":"<p style=\"text-align: justify;\"><strong>(Aeronoticias)<\/strong>.-\u00a0<span style=\"font-size: 12.16px; line-height: 1.3em;\">El congresista Josu\u00e9 Guti\u00e9rrez anunci\u00f3 que la bancada Gana Per\u00fa buscar\u00e1 dejar sin efecto la sesi\u00f3n de hoy de la Comisi\u00f3n de Fiscalizaci\u00f3n, en la que se pas\u00f3 a 25 personas y cuatro empresas a la condici\u00f3n de investigadas por el caso de las agendas de la primera dama Nadine Heredia.<\/span><\/p>\n<p style=\"text-align: justify;\">En declaraciones a la prensa, Guti\u00e9rrez lament\u00f3 la decisi\u00f3n de la mayor\u00eda de los integrantes de Fiscalizaci\u00f3n. Dijo que ampliaci\u00f3n de lista de investigados es un acto de \u201codio y venganza\u201d contra Nadine Heredia.<\/p>\n<p style=\"text-align: justify;\">Guti\u00e9rrez afirm\u00f3 que las personas pasadas a la condici\u00f3n de investigadas no fueron citadas en la etapa indagatoria. \u201cPor eso hoy m\u00e1s que nunca vamos a recurrir a las instancias que haya que recurrir a efectos de invalidar esta sesi\u00f3n que ha sido pr\u00e1cticamente una imposici\u00f3n\u201d, afirm\u00f3.<\/p>\n<p style=\"text-align: justify;\">\u201cO se est\u00e1 pecando de ignorancia o se est\u00e1 haciendo un mal asesoramiento para que esta investigaci\u00f3n no cumpla siquiera con el m\u00ednimo est\u00e1ndar del debido proceso; o, por otro lado, hay un acto de maldad en contra de nuestra presidenta del partido [Nadine Heredia] y de toda su familia\u201d, refiri\u00f3.<\/p>\n<p style=\"text-align: justify;\">Guti\u00e9rrez indic\u00f3 que ser\u00e1 el Tribunal Constitucional el \u00f3rgano que deber\u00e1 pronunciarse sobre estos hechos. A\u00f1adi\u00f3 que plantear\u00e1n una \u201cdenuncia penal por abuso de autoridad\u201d contra todos los integrantes de la comisi\u00f3n que votaron a favor de pasar a investigados a las 29 personas.<\/p>\n<p style=\"text-align: justify;\">\u201cEso es inaudito. Ac\u00e1 y donde sea, en cualquier \u00e1mbito, sea parlamentario, judicial o en el Ministerio P\u00fablico; hay requisitos m\u00ednimos de procedimiento\u201d, destac\u00f3.<\/p>\n<p style=\"text-align: justify;\">Asimismo, el nacionalista cuestion\u00f3 que se traten hechos del 2005, referidos a \u201cun manejo contraactual entre privados\u201d. \u00a0En ese sentido, objet\u00f3 que, por ejemplo el ex primer ministro y financista de la campa\u00f1a de su partido, Salom\u00f3n Lerner Ghitis, figure como investigado.<\/p>\n<p style=\"text-align: justify;\">Fuente: <span style=\"text-decoration: underline;\"><strong><em>Aviaci\u00f3n al d\u00eda<\/em><\/strong><\/span>.<\/p>\n<p style=\"text-align: justify;\"><img decoding=\"async\" src=\"http:\/\/cde.3.elcomercio.pe\/ima\/0\/1\/2\/6\/8\/1268578\/base_image.jpg\" border=\"0\" alt=\"Gana Per\u00fa buscar\u00e1 anular ampliaci\u00f3n de investigados por agendas\" \/><\/p>\n","protected":false},"excerpt":{"rendered":"<p>(Aeronoticias).-\u00a0El congresista Josu\u00e9 Guti\u00e9rrez anunci\u00f3 que la bancada Gana Per\u00fa buscar\u00e1 dejar sin efecto la sesi\u00f3n de hoy de la Comisi\u00f3n de Fiscalizaci\u00f3n, en la que se pas\u00f3 a 25 personas y cuatro empresas a la condici\u00f3n de investigadas por el caso de las agendas de la primera dama Nadine Heredia. En declaraciones a la [&hellip;]<\/p>\n","protected":false},"author":1,"featured_media":0,"comment_status":"open","ping_status":"open","sticky":false,"template":"","format":"standard","meta":{"tdm_status":"","tdm_grid_status":"","footnotes":""},"categories":[36],"tags":[],"class_list":{"0":"post-54382","1":"post","2":"type-post","3":"status-publish","4":"format-standard","6":"category-politica"},"yoast_head":"<!-- This site is optimized with the Yoast SEO plugin v25.1 - https:\/\/yoast.com\/wordpress\/plugins\/seo\/ -->\n<title>Gana Per\u00fa buscar\u00e1 anular ampliaci\u00f3n de investigados por agendas<\/title>\n<meta name=\"description\" content=\"Portal de noticias del Per\u00fa sobre el transporte a\u00e9reo, aviaci\u00f3n, turismo, hoteleria, actualidad.\" \/>\n<meta name=\"robots\" content=\"index, follow, max-snippet:-1, max-image-preview:large, max-video-preview:-1\" \/>\n<link rel=\"canonical\" href=\"https:\/\/aeronoticias.com.pe\/noticiero\/politica\/gana-peru-buscara-anular-ampliacion-de-investigados-por-agendas\/\" \/>\n<meta property=\"og:locale\" content=\"es_ES\" \/>\n<meta property=\"og:type\" content=\"article\" \/>\n<meta property=\"og:title\" content=\"Gana Per\u00fa buscar\u00e1 anular ampliaci\u00f3n de investigados por agendas\" \/>\n<meta property=\"og:description\" content=\"Portal de noticias del Per\u00fa sobre el transporte a\u00e9reo, aviaci\u00f3n, turismo, hoteleria, actualidad.\" \/>\n<meta property=\"og:url\" content=\"https:\/\/aeronoticias.com.pe\/noticiero\/politica\/gana-peru-buscara-anular-ampliacion-de-investigados-por-agendas\/\" \/>\n<meta property=\"og:site_name\" content=\"Aeronoticias.com.pe\" \/>\n<meta property=\"article:publisher\" content=\"https:\/\/www.facebook.com\/Aeronoticias.com.pe\/\" \/>\n<meta property=\"article:published_time\" content=\"2015-12-14T21:49:23+00:00\" \/>\n<meta property=\"og:image\" content=\"http:\/\/cde.3.elcomercio.pe\/ima\/0\/1\/2\/6\/8\/1268578\/base_image.jpg\" \/>\n<meta name=\"author\" content=\"Redacci\u00f3n Aeronoticias\" \/>\n<meta name=\"twitter:card\" content=\"summary_large_image\" \/>\n<meta name=\"twitter:creator\" content=\"@aeronoticias\" \/>\n<meta name=\"twitter:site\" content=\"@aeronoticias\" \/>\n<meta name=\"twitter:label1\" content=\"Escrito por\" \/>\n\t<meta name=\"twitter:data1\" content=\"Redacci\u00f3n Aeronoticias\" \/>\n\t<meta name=\"twitter:label2\" content=\"Tiempo de lectura\" \/>\n\t<meta name=\"twitter:data2\" content=\"2 minutos\" \/>\n<script type=\"application\/ld+json\" class=\"yoast-schema-graph\">{\"@context\":\"https:\/\/schema.org\",\"@graph\":[{\"@type\":\"WebPage\",\"@id\":\"https:\/\/aeronoticias.com.pe\/noticiero\/politica\/gana-peru-buscara-anular-ampliacion-de-investigados-por-agendas\/\",\"url\":\"https:\/\/aeronoticias.com.pe\/noticiero\/politica\/gana-peru-buscara-anular-ampliacion-de-investigados-por-agendas\/\",\"name\":\"Gana Per\u00fa buscar\u00e1 anular ampliaci\u00f3n de investigados por agendas\",\"isPartOf\":{\"@id\":\"https:\/\/aeronoticias.com.pe\/noticiero\/#website\"},\"primaryImageOfPage\":{\"@id\":\"https:\/\/aeronoticias.com.pe\/noticiero\/politica\/gana-peru-buscara-anular-ampliacion-de-investigados-por-agendas\/#primaryimage\"},\"image\":{\"@id\":\"https:\/\/aeronoticias.com.pe\/noticiero\/politica\/gana-peru-buscara-anular-ampliacion-de-investigados-por-agendas\/#primaryimage\"},\"thumbnailUrl\":\"http:\/\/cde.3.elcomercio.pe\/ima\/0\/1\/2\/6\/8\/1268578\/base_image.jpg\",\"datePublished\":\"2015-12-14T21:49:23+00:00\",\"author\":{\"@id\":\"https:\/\/aeronoticias.com.pe\/noticiero\/#\/schema\/person\/fc1e5d578f4b62ba1cf7ac2bba1170a0\"},\"description\":\"Portal de noticias del Per\u00fa sobre el transporte a\u00e9reo, aviaci\u00f3n, turismo, hoteleria, actualidad.\",\"breadcrumb\":{\"@id\":\"https:\/\/aeronoticias.com.pe\/noticiero\/politica\/gana-peru-buscara-anular-ampliacion-de-investigados-por-agendas\/#breadcrumb\"},\"inLanguage\":\"es\",\"potentialAction\":[{\"@type\":\"ReadAction\",\"target\":[\"https:\/\/aeronoticias.com.pe\/noticiero\/politica\/gana-peru-buscara-anular-ampliacion-de-investigados-por-agendas\/\"]}]},{\"@type\":\"ImageObject\",\"inLanguage\":\"es\",\"@id\":\"https:\/\/aeronoticias.com.pe\/noticiero\/politica\/gana-peru-buscara-anular-ampliacion-de-investigados-por-agendas\/#primaryimage\",\"url\":\"http:\/\/cde.3.elcomercio.pe\/ima\/0\/1\/2\/6\/8\/1268578\/base_image.jpg\",\"contentUrl\":\"http:\/\/cde.3.elcomercio.pe\/ima\/0\/1\/2\/6\/8\/1268578\/base_image.jpg\"},{\"@type\":\"BreadcrumbList\",\"@id\":\"https:\/\/aeronoticias.com.pe\/noticiero\/politica\/gana-peru-buscara-anular-ampliacion-de-investigados-por-agendas\/#breadcrumb\",\"itemListElement\":[{\"@type\":\"ListItem\",\"position\":1,\"name\":\"Portada\",\"item\":\"https:\/\/aeronoticias.com.pe\/noticiero\/\"},{\"@type\":\"ListItem\",\"position\":2,\"name\":\"Gana Per\u00fa buscar\u00e1 anular ampliaci\u00f3n de investigados por agendas\"}]},{\"@type\":\"WebSite\",\"@id\":\"https:\/\/aeronoticias.com.pe\/noticiero\/#website\",\"url\":\"https:\/\/aeronoticias.com.pe\/noticiero\/\",\"name\":\"Aeronoticias.com.pe\",\"description\":\"Noticias de tranporte aereo, turismo, hoteles, gastronomia, actualidad, internacional\",\"potentialAction\":[{\"@type\":\"SearchAction\",\"target\":{\"@type\":\"EntryPoint\",\"urlTemplate\":\"https:\/\/aeronoticias.com.pe\/noticiero\/?s={search_term_string}\"},\"query-input\":{\"@type\":\"PropertyValueSpecification\",\"valueRequired\":true,\"valueName\":\"search_term_string\"}}],\"inLanguage\":\"es\"},{\"@type\":\"Person\",\"@id\":\"https:\/\/aeronoticias.com.pe\/noticiero\/#\/schema\/person\/fc1e5d578f4b62ba1cf7ac2bba1170a0\",\"name\":\"Redacci\u00f3n Aeronoticias\",\"url\":\"https:\/\/aeronoticias.com.pe\/noticiero\/author\/piloto\/\"}]}<\/script>\n<!-- \/ Yoast SEO plugin. -->","yoast_head_json":{"title":"Gana Per\u00fa buscar\u00e1 anular ampliaci\u00f3n de investigados por agendas","description":"Portal de noticias del Per\u00fa sobre el transporte a\u00e9reo, aviaci\u00f3n, turismo, hoteleria, actualidad.","robots":{"index":"index","follow":"follow","max-snippet":"max-snippet:-1","max-image-preview":"max-image-preview:large","max-video-preview":"max-video-preview:-1"},"canonical":"https:\/\/aeronoticias.com.pe\/noticiero\/politica\/gana-peru-buscara-anular-ampliacion-de-investigados-por-agendas\/","og_locale":"es_ES","og_type":"article","og_title":"Gana Per\u00fa buscar\u00e1 anular ampliaci\u00f3n de investigados por agendas","og_description":"Portal de noticias del Per\u00fa sobre el transporte a\u00e9reo, aviaci\u00f3n, turismo, hoteleria, actualidad.","og_url":"https:\/\/aeronoticias.com.pe\/noticiero\/politica\/gana-peru-buscara-anular-ampliacion-de-investigados-por-agendas\/","og_site_name":"Aeronoticias.com.pe","article_publisher":"https:\/\/www.facebook.com\/Aeronoticias.com.pe\/","article_published_time":"2015-12-14T21:49:23+00:00","og_image":[{"url":"http:\/\/cde.3.elcomercio.pe\/ima\/0\/1\/2\/6\/8\/1268578\/base_image.jpg","type":"","width":"","height":""}],"author":"Redacci\u00f3n Aeronoticias","twitter_card":"summary_large_image","twitter_creator":"@aeronoticias","twitter_site":"@aeronoticias","twitter_misc":{"Escrito por":"Redacci\u00f3n Aeronoticias","Tiempo de lectura":"2 minutos"},"schema":{"@context":"https:\/\/schema.org","@graph":[{"@type":"WebPage","@id":"https:\/\/aeronoticias.com.pe\/noticiero\/politica\/gana-peru-buscara-anular-ampliacion-de-investigados-por-agendas\/","url":"https:\/\/aeronoticias.com.pe\/noticiero\/politica\/gana-peru-buscara-anular-ampliacion-de-investigados-por-agendas\/","name":"Gana Per\u00fa buscar\u00e1 anular ampliaci\u00f3n de investigados por agendas","isPartOf":{"@id":"https:\/\/aeronoticias.com.pe\/noticiero\/#website"},"primaryImageOfPage":{"@id":"https:\/\/aeronoticias.com.pe\/noticiero\/politica\/gana-peru-buscara-anular-ampliacion-de-investigados-por-agendas\/#primaryimage"},"image":{"@id":"https:\/\/aeronoticias.com.pe\/noticiero\/politica\/gana-peru-buscara-anular-ampliacion-de-investigados-por-agendas\/#primaryimage"},"thumbnailUrl":"http:\/\/cde.3.elcomercio.pe\/ima\/0\/1\/2\/6\/8\/1268578\/base_image.jpg","datePublished":"2015-12-14T21:49:23+00:00","author":{"@id":"https:\/\/aeronoticias.com.pe\/noticiero\/#\/schema\/person\/fc1e5d578f4b62ba1cf7ac2bba1170a0"},"description":"Portal de noticias del Per\u00fa sobre el transporte a\u00e9reo, aviaci\u00f3n, turismo, hoteleria, actualidad.","breadcrumb":{"@id":"https:\/\/aeronoticias.com.pe\/noticiero\/politica\/gana-peru-buscara-anular-ampliacion-de-investigados-por-agendas\/#breadcrumb"},"inLanguage":"es","potentialAction":[{"@type":"ReadAction","target":["https:\/\/aeronoticias.com.pe\/noticiero\/politica\/gana-peru-buscara-anular-ampliacion-de-investigados-por-agendas\/"]}]},{"@type":"ImageObject","inLanguage":"es","@id":"https:\/\/aeronoticias.com.pe\/noticiero\/politica\/gana-peru-buscara-anular-ampliacion-de-investigados-por-agendas\/#primaryimage","url":"http:\/\/cde.3.elcomercio.pe\/ima\/0\/1\/2\/6\/8\/1268578\/base_image.jpg","contentUrl":"http:\/\/cde.3.elcomercio.pe\/ima\/0\/1\/2\/6\/8\/1268578\/base_image.jpg"},{"@type":"BreadcrumbList","@id":"https:\/\/aeronoticias.com.pe\/noticiero\/politica\/gana-peru-buscara-anular-ampliacion-de-investigados-por-agendas\/#breadcrumb","itemListElement":[{"@type":"ListItem","position":1,"name":"Portada","item":"https:\/\/aeronoticias.com.pe\/noticiero\/"},{"@type":"ListItem","position":2,"name":"Gana Per\u00fa buscar\u00e1 anular ampliaci\u00f3n de investigados por agendas"}]},{"@type":"WebSite","@id":"https:\/\/aeronoticias.com.pe\/noticiero\/#website","url":"https:\/\/aeronoticias.com.pe\/noticiero\/","name":"Aeronoticias.com.pe","description":"Noticias de tranporte aereo, turismo, hoteles, gastronomia, actualidad, internacional","potentialAction":[{"@type":"SearchAction","target":{"@type":"EntryPoint","urlTemplate":"https:\/\/aeronoticias.com.pe\/noticiero\/?s={search_term_string}"},"query-input":{"@type":"PropertyValueSpecification","valueRequired":true,"valueName":"search_term_string"}}],"inLanguage":"es"},{"@type":"Person","@id":"https:\/\/aeronoticias.com.pe\/noticiero\/#\/schema\/person\/fc1e5d578f4b62ba1cf7ac2bba1170a0","name":"Redacci\u00f3n Aeronoticias","url":"https:\/\/aeronoticias.com.pe\/noticiero\/author\/piloto\/"}]}},"_links":{"self":[{"href":"https:\/\/aeronoticias.com.pe\/noticiero\/wp-json\/wp\/v2\/posts\/54382","targetHints":{"allow":["GET"]}}],"collection":[{"href":"https:\/\/aeronoticias.com.pe\/noticiero\/wp-json\/wp\/v2\/posts"}],"about":[{"href":"https:\/\/aeronoticias.com.pe\/noticiero\/wp-json\/wp\/v2\/types\/post"}],"author":[{"embeddable":true,"href":"https:\/\/aeronoticias.com.pe\/noticiero\/wp-json\/wp\/v2\/users\/1"}],"replies":[{"embeddable":true,"href":"https:\/\/aeronoticias.com.pe\/noticiero\/wp-json\/wp\/v2\/comments?post=54382"}],"version-history":[{"count":0,"href":"https:\/\/aeronoticias.com.pe\/noticiero\/wp-json\/wp\/v2\/posts\/54382\/revisions"}],"wp:attachment":[{"href":"https:\/\/aeronoticias.com.pe\/noticiero\/wp-json\/wp\/v2\/media?parent=54382"}],"wp:term":[{"taxonomy":"category","embeddable":true,"href":"https:\/\/aeronoticias.com.pe\/noticiero\/wp-json\/wp\/v2\/categories?post=54382"},{"taxonomy":"post_tag","embeddable":true,"href":"https:\/\/aeronoticias.com.pe\/noticiero\/wp-json\/wp\/v2\/tags?post=54382"}],"curies":[{"name":"wp","href":"https:\/\/api.w.org\/{rel}","templated":true}]}}