{"id":54385,"date":"2015-12-15T03:15:12","date_gmt":"2015-12-15T03:15:12","guid":{"rendered":"http:\/\/desarrollo.mcvicious.com\/aero2020\/2015\/12\/15\/el-estado-islamico-asesina-a-recien-nacidos-con-sindrome-de-down\/"},"modified":"2015-12-15T03:15:12","modified_gmt":"2015-12-15T03:15:12","slug":"el-estado-islamico-asesina-a-recien-nacidos-con-sindrome-de-down","status":"publish","type":"post","link":"https:\/\/aeronoticias.com.pe\/noticiero\/internacionales\/el-estado-islamico-asesina-a-recien-nacidos-con-sindrome-de-down\/","title":{"rendered":"El Estado Isl\u00e1mico asesina a reci\u00e9n nacidos con s\u00edndrome de Down"},"content":{"rendered":"<p style=\"text-align: justify;\"><strong>(Aeronoticias)<\/strong>.-\u00a0<span style=\"font-size: 12.16px; line-height: 1.3em;\">A trav\u00e9s del monitoreo y el seguimiento de los incidentes que desembocaron en la muerte de ni\u00f1os con s\u00edndrome de Down y deformidades cong\u00e9nitas en la ciudad iraqu\u00ed de Mosul, el propietario del blog Mosul Eye (El Ojo de Mosul) pudo descubrir y alertar a sus seguidores que la Junta Shari del Estado Isl\u00e1mico (EI) emiti\u00f3 una terrible \u201cfatwa\u201d oral a sus seguidores.<\/span><\/p>\n<p style=\"text-align: justify;\">En esta \u201cfatwa\u201d, que es un pronunciamiento legal en el Islam emitido por un especialista en ley religiosa sobre una cuesti\u00f3n espec\u00edfica, se autoriza a los yihadistas a \u201cmatar a los beb\u00e9s nacidos con S\u00edndrome de Down y deformidades cong\u00e9nitas, y tambi\u00e9n a los peque\u00f1os con discapacidad\u201d.<\/p>\n<p style=\"text-align: justify;\">La nueva orden fue emitida por uno de los jueces \u00a0shari del EI, un juez saudita llamado Abu Said Aljazrawi.<\/p>\n<p style=\"text-align: justify;\">La informaci\u00f3n indica que la mayor\u00eda de los ni\u00f1os que nacen con S\u00edndrome de Down son hijos de combatientes extranjeros que se casan con mujeres iraqu\u00edes, sirias y del resto del continente asi\u00e1tico.<\/p>\n<p style=\"text-align: justify;\">Se registraron m\u00e1s de 38 casos confirmados de homicidios de los beb\u00e9s con malformaciones cong\u00e9nitas y el s\u00edndrome de Down, quienes ten\u00edan entre una semana y tres meses de vida.<\/p>\n<p style=\"text-align: justify;\">Los reci\u00e9n nacidos fueron asesinados por inyecci\u00f3n letal o asfixia, y algunos de estos aberrantes cr\u00edmenes tuvieron lugar en Siria y Mosul.<\/p>\n<p style=\"text-align: justify;\">Mosul Eye tambi\u00e9n ha denunciado que el EI ha ejecutado adem\u00e1s m\u00faltiples sentencias de pena de muerte en Mosul por \u00a0supuestos delitos como la apostas\u00eda, la blasfemia y el espionaje.<\/p>\n<p style=\"text-align: justify;\">A finales de noviembre, \u00a0el Observatorio Sirio de Derechos Humanos inform\u00f3 que el EI \u00a0ha asesinado a 3,591 personas en las zonas que controla en Siria desde que autoproclam\u00f3 un califato a finales de junio de 2014.<\/p>\n<p style=\"text-align: justify;\">Fuente: <span style=\"text-decoration: underline;\"><strong>El Salvador<\/strong><\/span>.<\/p>\n<p style=\"text-align: justify;\"><img decoding=\"async\" src=\"http:\/\/cde.2.trome.pe\/ima\/0\/1\/1\/0\/4\/1104182.jpg\" border=\"0\" \/><\/p>\n","protected":false},"excerpt":{"rendered":"<p>(Aeronoticias).-\u00a0A trav\u00e9s del monitoreo y el seguimiento de los incidentes que desembocaron en la muerte de ni\u00f1os con s\u00edndrome de Down y deformidades cong\u00e9nitas en la ciudad iraqu\u00ed de Mosul, el propietario del blog Mosul Eye (El Ojo de Mosul) pudo descubrir y alertar a sus seguidores que la Junta Shari del Estado Isl\u00e1mico (EI) [&hellip;]<\/p>\n","protected":false},"author":1,"featured_media":0,"comment_status":"open","ping_status":"open","sticky":false,"template":"","format":"standard","meta":{"tdm_status":"","tdm_grid_status":"","footnotes":""},"categories":[34],"tags":[],"class_list":{"0":"post-54385","1":"post","2":"type-post","3":"status-publish","4":"format-standard","6":"category-internacionales"},"yoast_head":"<!-- This site is optimized with the Yoast SEO plugin v25.1 - https:\/\/yoast.com\/wordpress\/plugins\/seo\/ -->\n<title>El Estado Isl\u00e1mico asesina a reci\u00e9n nacidos con s\u00edndrome de Down<\/title>\n<meta name=\"description\" content=\"Portal de noticias del Per\u00fa sobre el transporte a\u00e9reo, aviaci\u00f3n, turismo, hoteleria, actualidad.\" \/>\n<meta name=\"robots\" content=\"index, follow, max-snippet:-1, max-image-preview:large, max-video-preview:-1\" \/>\n<link rel=\"canonical\" href=\"https:\/\/aeronoticias.com.pe\/noticiero\/internacionales\/el-estado-islamico-asesina-a-recien-nacidos-con-sindrome-de-down\/\" \/>\n<meta property=\"og:locale\" content=\"es_ES\" \/>\n<meta property=\"og:type\" content=\"article\" \/>\n<meta property=\"og:title\" content=\"El Estado Isl\u00e1mico asesina a reci\u00e9n nacidos con s\u00edndrome de Down\" \/>\n<meta property=\"og:description\" content=\"Portal de noticias del Per\u00fa sobre el transporte a\u00e9reo, aviaci\u00f3n, turismo, hoteleria, actualidad.\" \/>\n<meta property=\"og:url\" content=\"https:\/\/aeronoticias.com.pe\/noticiero\/internacionales\/el-estado-islamico-asesina-a-recien-nacidos-con-sindrome-de-down\/\" \/>\n<meta property=\"og:site_name\" content=\"Aeronoticias.com.pe\" \/>\n<meta property=\"article:publisher\" content=\"https:\/\/www.facebook.com\/Aeronoticias.com.pe\/\" \/>\n<meta property=\"article:published_time\" content=\"2015-12-15T03:15:12+00:00\" \/>\n<meta property=\"og:image\" content=\"http:\/\/cde.2.trome.pe\/ima\/0\/1\/1\/0\/4\/1104182.jpg\" \/>\n<meta name=\"author\" content=\"Redacci\u00f3n Aeronoticias\" \/>\n<meta name=\"twitter:card\" content=\"summary_large_image\" \/>\n<meta name=\"twitter:creator\" content=\"@aeronoticias\" \/>\n<meta name=\"twitter:site\" content=\"@aeronoticias\" \/>\n<meta name=\"twitter:label1\" content=\"Escrito por\" \/>\n\t<meta name=\"twitter:data1\" content=\"Redacci\u00f3n Aeronoticias\" \/>\n\t<meta name=\"twitter:label2\" content=\"Tiempo de lectura\" \/>\n\t<meta name=\"twitter:data2\" content=\"2 minutos\" \/>\n<script type=\"application\/ld+json\" class=\"yoast-schema-graph\">{\"@context\":\"https:\/\/schema.org\",\"@graph\":[{\"@type\":\"WebPage\",\"@id\":\"https:\/\/aeronoticias.com.pe\/noticiero\/internacionales\/el-estado-islamico-asesina-a-recien-nacidos-con-sindrome-de-down\/\",\"url\":\"https:\/\/aeronoticias.com.pe\/noticiero\/internacionales\/el-estado-islamico-asesina-a-recien-nacidos-con-sindrome-de-down\/\",\"name\":\"El Estado Isl\u00e1mico asesina a reci\u00e9n nacidos con s\u00edndrome de Down\",\"isPartOf\":{\"@id\":\"https:\/\/aeronoticias.com.pe\/noticiero\/#website\"},\"primaryImageOfPage\":{\"@id\":\"https:\/\/aeronoticias.com.pe\/noticiero\/internacionales\/el-estado-islamico-asesina-a-recien-nacidos-con-sindrome-de-down\/#primaryimage\"},\"image\":{\"@id\":\"https:\/\/aeronoticias.com.pe\/noticiero\/internacionales\/el-estado-islamico-asesina-a-recien-nacidos-con-sindrome-de-down\/#primaryimage\"},\"thumbnailUrl\":\"http:\/\/cde.2.trome.pe\/ima\/0\/1\/1\/0\/4\/1104182.jpg\",\"datePublished\":\"2015-12-15T03:15:12+00:00\",\"author\":{\"@id\":\"https:\/\/aeronoticias.com.pe\/noticiero\/#\/schema\/person\/fc1e5d578f4b62ba1cf7ac2bba1170a0\"},\"description\":\"Portal de noticias del Per\u00fa sobre el transporte a\u00e9reo, aviaci\u00f3n, turismo, hoteleria, actualidad.\",\"breadcrumb\":{\"@id\":\"https:\/\/aeronoticias.com.pe\/noticiero\/internacionales\/el-estado-islamico-asesina-a-recien-nacidos-con-sindrome-de-down\/#breadcrumb\"},\"inLanguage\":\"es\",\"potentialAction\":[{\"@type\":\"ReadAction\",\"target\":[\"https:\/\/aeronoticias.com.pe\/noticiero\/internacionales\/el-estado-islamico-asesina-a-recien-nacidos-con-sindrome-de-down\/\"]}]},{\"@type\":\"ImageObject\",\"inLanguage\":\"es\",\"@id\":\"https:\/\/aeronoticias.com.pe\/noticiero\/internacionales\/el-estado-islamico-asesina-a-recien-nacidos-con-sindrome-de-down\/#primaryimage\",\"url\":\"http:\/\/cde.2.trome.pe\/ima\/0\/1\/1\/0\/4\/1104182.jpg\",\"contentUrl\":\"http:\/\/cde.2.trome.pe\/ima\/0\/1\/1\/0\/4\/1104182.jpg\"},{\"@type\":\"BreadcrumbList\",\"@id\":\"https:\/\/aeronoticias.com.pe\/noticiero\/internacionales\/el-estado-islamico-asesina-a-recien-nacidos-con-sindrome-de-down\/#breadcrumb\",\"itemListElement\":[{\"@type\":\"ListItem\",\"position\":1,\"name\":\"Portada\",\"item\":\"https:\/\/aeronoticias.com.pe\/noticiero\/\"},{\"@type\":\"ListItem\",\"position\":2,\"name\":\"El Estado Isl\u00e1mico asesina a reci\u00e9n nacidos con s\u00edndrome de Down\"}]},{\"@type\":\"WebSite\",\"@id\":\"https:\/\/aeronoticias.com.pe\/noticiero\/#website\",\"url\":\"https:\/\/aeronoticias.com.pe\/noticiero\/\",\"name\":\"Aeronoticias.com.pe\",\"description\":\"Noticias de tranporte aereo, turismo, hoteles, gastronomia, actualidad, internacional\",\"potentialAction\":[{\"@type\":\"SearchAction\",\"target\":{\"@type\":\"EntryPoint\",\"urlTemplate\":\"https:\/\/aeronoticias.com.pe\/noticiero\/?s={search_term_string}\"},\"query-input\":{\"@type\":\"PropertyValueSpecification\",\"valueRequired\":true,\"valueName\":\"search_term_string\"}}],\"inLanguage\":\"es\"},{\"@type\":\"Person\",\"@id\":\"https:\/\/aeronoticias.com.pe\/noticiero\/#\/schema\/person\/fc1e5d578f4b62ba1cf7ac2bba1170a0\",\"name\":\"Redacci\u00f3n Aeronoticias\",\"url\":\"https:\/\/aeronoticias.com.pe\/noticiero\/author\/piloto\/\"}]}<\/script>\n<!-- \/ Yoast SEO plugin. -->","yoast_head_json":{"title":"El Estado Isl\u00e1mico asesina a reci\u00e9n nacidos con s\u00edndrome de Down","description":"Portal de noticias del Per\u00fa sobre el transporte a\u00e9reo, aviaci\u00f3n, turismo, hoteleria, actualidad.","robots":{"index":"index","follow":"follow","max-snippet":"max-snippet:-1","max-image-preview":"max-image-preview:large","max-video-preview":"max-video-preview:-1"},"canonical":"https:\/\/aeronoticias.com.pe\/noticiero\/internacionales\/el-estado-islamico-asesina-a-recien-nacidos-con-sindrome-de-down\/","og_locale":"es_ES","og_type":"article","og_title":"El Estado Isl\u00e1mico asesina a reci\u00e9n nacidos con s\u00edndrome de Down","og_description":"Portal de noticias del Per\u00fa sobre el transporte a\u00e9reo, aviaci\u00f3n, turismo, hoteleria, actualidad.","og_url":"https:\/\/aeronoticias.com.pe\/noticiero\/internacionales\/el-estado-islamico-asesina-a-recien-nacidos-con-sindrome-de-down\/","og_site_name":"Aeronoticias.com.pe","article_publisher":"https:\/\/www.facebook.com\/Aeronoticias.com.pe\/","article_published_time":"2015-12-15T03:15:12+00:00","og_image":[{"url":"http:\/\/cde.2.trome.pe\/ima\/0\/1\/1\/0\/4\/1104182.jpg","type":"","width":"","height":""}],"author":"Redacci\u00f3n Aeronoticias","twitter_card":"summary_large_image","twitter_creator":"@aeronoticias","twitter_site":"@aeronoticias","twitter_misc":{"Escrito por":"Redacci\u00f3n Aeronoticias","Tiempo de lectura":"2 minutos"},"schema":{"@context":"https:\/\/schema.org","@graph":[{"@type":"WebPage","@id":"https:\/\/aeronoticias.com.pe\/noticiero\/internacionales\/el-estado-islamico-asesina-a-recien-nacidos-con-sindrome-de-down\/","url":"https:\/\/aeronoticias.com.pe\/noticiero\/internacionales\/el-estado-islamico-asesina-a-recien-nacidos-con-sindrome-de-down\/","name":"El Estado Isl\u00e1mico asesina a reci\u00e9n nacidos con s\u00edndrome de Down","isPartOf":{"@id":"https:\/\/aeronoticias.com.pe\/noticiero\/#website"},"primaryImageOfPage":{"@id":"https:\/\/aeronoticias.com.pe\/noticiero\/internacionales\/el-estado-islamico-asesina-a-recien-nacidos-con-sindrome-de-down\/#primaryimage"},"image":{"@id":"https:\/\/aeronoticias.com.pe\/noticiero\/internacionales\/el-estado-islamico-asesina-a-recien-nacidos-con-sindrome-de-down\/#primaryimage"},"thumbnailUrl":"http:\/\/cde.2.trome.pe\/ima\/0\/1\/1\/0\/4\/1104182.jpg","datePublished":"2015-12-15T03:15:12+00:00","author":{"@id":"https:\/\/aeronoticias.com.pe\/noticiero\/#\/schema\/person\/fc1e5d578f4b62ba1cf7ac2bba1170a0"},"description":"Portal de noticias del Per\u00fa sobre el transporte a\u00e9reo, aviaci\u00f3n, turismo, hoteleria, actualidad.","breadcrumb":{"@id":"https:\/\/aeronoticias.com.pe\/noticiero\/internacionales\/el-estado-islamico-asesina-a-recien-nacidos-con-sindrome-de-down\/#breadcrumb"},"inLanguage":"es","potentialAction":[{"@type":"ReadAction","target":["https:\/\/aeronoticias.com.pe\/noticiero\/internacionales\/el-estado-islamico-asesina-a-recien-nacidos-con-sindrome-de-down\/"]}]},{"@type":"ImageObject","inLanguage":"es","@id":"https:\/\/aeronoticias.com.pe\/noticiero\/internacionales\/el-estado-islamico-asesina-a-recien-nacidos-con-sindrome-de-down\/#primaryimage","url":"http:\/\/cde.2.trome.pe\/ima\/0\/1\/1\/0\/4\/1104182.jpg","contentUrl":"http:\/\/cde.2.trome.pe\/ima\/0\/1\/1\/0\/4\/1104182.jpg"},{"@type":"BreadcrumbList","@id":"https:\/\/aeronoticias.com.pe\/noticiero\/internacionales\/el-estado-islamico-asesina-a-recien-nacidos-con-sindrome-de-down\/#breadcrumb","itemListElement":[{"@type":"ListItem","position":1,"name":"Portada","item":"https:\/\/aeronoticias.com.pe\/noticiero\/"},{"@type":"ListItem","position":2,"name":"El Estado Isl\u00e1mico asesina a reci\u00e9n nacidos con s\u00edndrome de Down"}]},{"@type":"WebSite","@id":"https:\/\/aeronoticias.com.pe\/noticiero\/#website","url":"https:\/\/aeronoticias.com.pe\/noticiero\/","name":"Aeronoticias.com.pe","description":"Noticias de tranporte aereo, turismo, hoteles, gastronomia, actualidad, internacional","potentialAction":[{"@type":"SearchAction","target":{"@type":"EntryPoint","urlTemplate":"https:\/\/aeronoticias.com.pe\/noticiero\/?s={search_term_string}"},"query-input":{"@type":"PropertyValueSpecification","valueRequired":true,"valueName":"search_term_string"}}],"inLanguage":"es"},{"@type":"Person","@id":"https:\/\/aeronoticias.com.pe\/noticiero\/#\/schema\/person\/fc1e5d578f4b62ba1cf7ac2bba1170a0","name":"Redacci\u00f3n Aeronoticias","url":"https:\/\/aeronoticias.com.pe\/noticiero\/author\/piloto\/"}]}},"_links":{"self":[{"href":"https:\/\/aeronoticias.com.pe\/noticiero\/wp-json\/wp\/v2\/posts\/54385","targetHints":{"allow":["GET"]}}],"collection":[{"href":"https:\/\/aeronoticias.com.pe\/noticiero\/wp-json\/wp\/v2\/posts"}],"about":[{"href":"https:\/\/aeronoticias.com.pe\/noticiero\/wp-json\/wp\/v2\/types\/post"}],"author":[{"embeddable":true,"href":"https:\/\/aeronoticias.com.pe\/noticiero\/wp-json\/wp\/v2\/users\/1"}],"replies":[{"embeddable":true,"href":"https:\/\/aeronoticias.com.pe\/noticiero\/wp-json\/wp\/v2\/comments?post=54385"}],"version-history":[{"count":0,"href":"https:\/\/aeronoticias.com.pe\/noticiero\/wp-json\/wp\/v2\/posts\/54385\/revisions"}],"wp:attachment":[{"href":"https:\/\/aeronoticias.com.pe\/noticiero\/wp-json\/wp\/v2\/media?parent=54385"}],"wp:term":[{"taxonomy":"category","embeddable":true,"href":"https:\/\/aeronoticias.com.pe\/noticiero\/wp-json\/wp\/v2\/categories?post=54385"},{"taxonomy":"post_tag","embeddable":true,"href":"https:\/\/aeronoticias.com.pe\/noticiero\/wp-json\/wp\/v2\/tags?post=54385"}],"curies":[{"name":"wp","href":"https:\/\/api.w.org\/{rel}","templated":true}]}}