{"id":54386,"date":"2015-12-15T15:57:54","date_gmt":"2015-12-15T15:57:54","guid":{"rendered":"http:\/\/desarrollo.mcvicious.com\/aero2020\/2015\/12\/15\/cancilleria-desastrosa-conduccion\/"},"modified":"2015-12-15T15:57:54","modified_gmt":"2015-12-15T15:57:54","slug":"cancilleria-desastrosa-conduccion","status":"publish","type":"post","link":"https:\/\/aeronoticias.com.pe\/noticiero\/politica\/cancilleria-desastrosa-conduccion\/","title":{"rendered":"Canciller\u00eda: desastrosa conducci\u00f3n"},"content":{"rendered":"<p style=\"text-align: justify;\"><strong>(Aeronoticias) <\/strong><span style=\"font-size: 12.16px; line-height: 1.3em;\">Pocas veces en la historia del Per\u00fa se ha tenido como titular de la Canciller\u00eda a una persona con tan notoria opacidad de luces de toda estirpe: profesional, intelectual, diplom\u00e1tica. Tres son los \u00e1lgidos problemas que afronta la ministra Ana Mar\u00eda S\u00e1nchez, a saber: el eterno tema de los ascensos por amiguismo y no calidades; la asimetr\u00eda de los bonos de estipendios al personal del servicio y el consabido rid\u00edculo de Per\u00fa ante la Comunidad Europea por carecer de pasaporte electr\u00f3nico.<\/span><\/p>\n<p style=\"text-align: justify;\"><span style=\"font-size: 12.16px; line-height: 1.3em;\">Est\u00e1 por salir la lista con el nombre de los nuevos embajadores, no obstante, y as\u00ed lo he dicho en art\u00edculos anteriores, se sabe que algunos no debieran sino permanecer o ser degradados por su mediocridad; entre los que subir\u00e1n de categor\u00eda hay elementos que tienen por \u00fanico \u201cm\u00e9rito\u201d ser compa\u00f1eros de estudios de la canciller. En cuanto tengamos los datos completos analizaremos y fustigaremos duramente sobre este indigesto particular.<\/span><\/p>\n<p style=\"text-align: justify;\"><span style=\"font-size: 12.16px; line-height: 1.3em;\">Cuando el esc\u00e1ndalo que signific\u00f3 que Per\u00fa no pudiera acogerse a la exenci\u00f3n de la visa Schengen y con la presencia del jefe de Estado Ollanta Humala en Bruselas, hace pocos d\u00edas, la canciller S\u00e1nchez no pudo m\u00e1s que exhibir su espeluznante cortedad de horizonte: afirm\u00f3, muy suelta de huesos, que lo importante era que en el 2016 \u00edbamos a tener 20 puntos de emisi\u00f3n del biom\u00e9trico. Ninguna explicaci\u00f3n decente, exhaustiva, de mea culpa. Se obra por comisi\u00f3n pero tambi\u00e9n por omisi\u00f3n. Eso de estar con ademanes cortesanos al servicio ef\u00edmero y precario de cualquier gobierno, deviene, siempre, en cat\u00e1strofe. Y el rev\u00e9s fue diplom\u00e1tico. \u00bfNinguna alma caritativa le sugiri\u00f3 que renunciara? Parece que no.<\/span><\/p>\n<p style=\"text-align: justify;\"><span style=\"font-size: 12.16px; line-height: 1.3em;\">Y para colmo de males!, seg\u00fan fuentes muy bien informadas, la canciller Ana Mar\u00eda S\u00e1nchez ha dado instrucciones para que se aliente y concrete que Gemalto-Imprimerie Nationale-Segres Systec (los mismos que en Migraciones), se hagan cargo de la emisi\u00f3n centralizada del pasaporte electr\u00f3nico. <\/span><\/p>\n<p style=\"text-align: justify;\"><span style=\"font-size: 12.16px; line-height: 1.3em;\">\u00bfCarecen de dignidad los pol\u00edticos o periodistas y dejan la puerta libre de par en par a esta clase de maniobras tan imprudentes?<\/span><\/p>\n<p style=\"text-align: justify;\"><span style=\"font-size: 12.16px; line-height: 1.3em;\">En d\u00edas pasados se public\u00f3 el DS 354-2015-EF v\u00eda el cual las c\u00fapulas de Torre Tagle establecen la defensa de los m\u00e1s pr\u00f3ximos a las alturas sin interesarse por el porvenir de los m\u00e1s j\u00f3venes.<\/span><\/p>\n<p style=\"text-align: justify;\"><span style=\"font-size: 12.16px; line-height: 1.3em;\">Descontando la natural diferencia de sueldos entre categor\u00edas del Servicio Diplom\u00e1tico, la canciller S\u00e1nchez ha privilegiado a su entorno con la oferta de ofrecer bonos de S\/ 3500-4000 \u00f3 5000 soles a quienes en la actualidad ocupan puestos directivos en Torre Tagle.<\/span><\/p>\n<p style=\"text-align: justify;\"><span style=\"font-size: 12.16px; line-height: 1.3em;\">Para el resto, la gran mayor\u00eda, que no detenta puestos de ese jaez, bonos de S\/ 800-1000.<\/span><\/p>\n<p style=\"text-align: justify;\"><span style=\"font-size: 12.16px; line-height: 1.3em;\">Esto se materializa en una injusta nueva escala remunerativa que en promedio sigue as\u00ed, descontando los impuestos y cargas:<\/span><\/p>\n<p style=\"text-align: justify;\"><span style=\"font-size: 12.16px; line-height: 1.3em;\">Tercer Secretario <\/span><span style=\"font-size: 12.16px; line-height: 1.3em; white-space: pre;\"> <\/span><span style=\"font-size: 12.16px; line-height: 1.3em;\">S\/ 5000<\/span><\/p>\n<p style=\"text-align: justify;\">Segundo Secretario <span style=\"white-space: pre;\"> <\/span>S\/ 5500<\/p>\n<p style=\"text-align: justify;\">Primer Secretario <span style=\"white-space: pre;\"> <\/span>S\/ 6000<\/p>\n<p style=\"text-align: justify;\">Consejero<span style=\"white-space: pre;\"> <\/span>S\/ 8700<\/p>\n<p style=\"text-align: justify;\">Ministro Consejero<span style=\"white-space: pre;\"> <\/span>S\/ 9700<\/p>\n<p style=\"text-align: justify;\">Ministro<span style=\"white-space: pre;\"> <\/span>S\/ 10,700<\/p>\n<p style=\"text-align: justify;\">Embajador<span style=\"white-space: pre;\"> <\/span>S\/ 12000<\/p>\n<p style=\"text-align: justify;\"><span style=\"font-size: 12.16px; line-height: 1.3em;\">La diferencia es patente y no necesita ser explicada en demas\u00eda.<\/span><\/p>\n<p style=\"text-align: justify;\"><span style=\"font-size: 12.16px; line-height: 1.3em;\">El aumento efectivo de un Tercer Secretario ha sido de S\/ 250 soles.<\/span><\/p>\n<p style=\"text-align: justify;\"><span style=\"font-size: 12.16px; line-height: 1.3em;\">Hay personal diplom\u00e1tico que pasa los diez a\u00f1os de servicio o m\u00e1s y apenas si pueden sonre\u00edr frente a un \u201caumento\u201d que no refleja la evoluci\u00f3n del costo de vida. Lo que es peor: las diferencias se agudizan en un medio de por s\u00ed discriminador, racista e inequitativo.<\/span><\/p>\n<p style=\"text-align: justify;\"><span style=\"font-size: 12.16px; line-height: 1.3em;\">Adem\u00e1s de las rivalidades entre diplom\u00e1ticos por el ultra-complicado tema de los ascensos y las salidas al exterior, ahora se suma la pugna por recibir los bonos tan diferenciados de que gozar\u00e1 una oligarqu\u00eda amical: la de los amigos del canciller de turno. \u00bfY el resto? Buena pregunta siempre sin respuesta.<\/span><\/p>\n<p style=\"text-align: justify;\"><img decoding=\"async\" src=\"images\/stories\/15\/12\/151215\/pasaportefrances.jpg\" border=\"0\" \/><\/p>\n<p style=\"text-align: justify;\">\u00a0<\/p>\n<p>\u00a0<\/p>\n","protected":false},"excerpt":{"rendered":"<p>(Aeronoticias) Pocas veces en la historia del Per\u00fa se ha tenido como titular de la Canciller\u00eda a una persona con tan notoria opacidad de luces de toda estirpe: profesional, intelectual, diplom\u00e1tica. Tres son los \u00e1lgidos problemas que afronta la ministra Ana Mar\u00eda S\u00e1nchez, a saber: el eterno tema de los ascensos por amiguismo y no [&hellip;]<\/p>\n","protected":false},"author":1,"featured_media":0,"comment_status":"open","ping_status":"open","sticky":false,"template":"","format":"standard","meta":{"tdm_status":"","tdm_grid_status":"","footnotes":""},"categories":[36],"tags":[],"class_list":{"0":"post-54386","1":"post","2":"type-post","3":"status-publish","4":"format-standard","6":"category-politica"},"yoast_head":"<!-- This site is optimized with the Yoast SEO plugin v25.1 - https:\/\/yoast.com\/wordpress\/plugins\/seo\/ -->\n<title>Canciller\u00eda: desastrosa conducci\u00f3n<\/title>\n<meta name=\"description\" content=\"Portal de noticias del Per\u00fa sobre el transporte a\u00e9reo, aviaci\u00f3n, turismo, hoteleria, actualidad.\" \/>\n<meta name=\"robots\" content=\"index, follow, max-snippet:-1, max-image-preview:large, max-video-preview:-1\" \/>\n<link rel=\"canonical\" href=\"https:\/\/aeronoticias.com.pe\/noticiero\/politica\/cancilleria-desastrosa-conduccion\/\" \/>\n<meta property=\"og:locale\" content=\"es_ES\" \/>\n<meta property=\"og:type\" content=\"article\" \/>\n<meta property=\"og:title\" content=\"Canciller\u00eda: desastrosa conducci\u00f3n\" \/>\n<meta property=\"og:description\" content=\"Portal de noticias del Per\u00fa sobre el transporte a\u00e9reo, aviaci\u00f3n, turismo, hoteleria, actualidad.\" \/>\n<meta property=\"og:url\" content=\"https:\/\/aeronoticias.com.pe\/noticiero\/politica\/cancilleria-desastrosa-conduccion\/\" \/>\n<meta property=\"og:site_name\" content=\"Aeronoticias.com.pe\" \/>\n<meta property=\"article:publisher\" content=\"https:\/\/www.facebook.com\/Aeronoticias.com.pe\/\" \/>\n<meta property=\"article:published_time\" content=\"2015-12-15T15:57:54+00:00\" \/>\n<meta name=\"author\" content=\"Redacci\u00f3n Aeronoticias\" \/>\n<meta name=\"twitter:card\" content=\"summary_large_image\" \/>\n<meta name=\"twitter:creator\" content=\"@aeronoticias\" \/>\n<meta name=\"twitter:site\" content=\"@aeronoticias\" \/>\n<meta name=\"twitter:label1\" content=\"Escrito por\" \/>\n\t<meta name=\"twitter:data1\" content=\"Redacci\u00f3n Aeronoticias\" \/>\n\t<meta name=\"twitter:label2\" content=\"Tiempo de lectura\" \/>\n\t<meta name=\"twitter:data2\" content=\"3 minutos\" \/>\n<script type=\"application\/ld+json\" class=\"yoast-schema-graph\">{\"@context\":\"https:\/\/schema.org\",\"@graph\":[{\"@type\":\"WebPage\",\"@id\":\"https:\/\/aeronoticias.com.pe\/noticiero\/politica\/cancilleria-desastrosa-conduccion\/\",\"url\":\"https:\/\/aeronoticias.com.pe\/noticiero\/politica\/cancilleria-desastrosa-conduccion\/\",\"name\":\"Canciller\u00eda: desastrosa conducci\u00f3n\",\"isPartOf\":{\"@id\":\"https:\/\/aeronoticias.com.pe\/noticiero\/#website\"},\"datePublished\":\"2015-12-15T15:57:54+00:00\",\"author\":{\"@id\":\"https:\/\/aeronoticias.com.pe\/noticiero\/#\/schema\/person\/fc1e5d578f4b62ba1cf7ac2bba1170a0\"},\"description\":\"Portal de noticias del Per\u00fa sobre el transporte a\u00e9reo, aviaci\u00f3n, turismo, hoteleria, actualidad.\",\"breadcrumb\":{\"@id\":\"https:\/\/aeronoticias.com.pe\/noticiero\/politica\/cancilleria-desastrosa-conduccion\/#breadcrumb\"},\"inLanguage\":\"es\",\"potentialAction\":[{\"@type\":\"ReadAction\",\"target\":[\"https:\/\/aeronoticias.com.pe\/noticiero\/politica\/cancilleria-desastrosa-conduccion\/\"]}]},{\"@type\":\"BreadcrumbList\",\"@id\":\"https:\/\/aeronoticias.com.pe\/noticiero\/politica\/cancilleria-desastrosa-conduccion\/#breadcrumb\",\"itemListElement\":[{\"@type\":\"ListItem\",\"position\":1,\"name\":\"Portada\",\"item\":\"https:\/\/aeronoticias.com.pe\/noticiero\/\"},{\"@type\":\"ListItem\",\"position\":2,\"name\":\"Canciller\u00eda: desastrosa conducci\u00f3n\"}]},{\"@type\":\"WebSite\",\"@id\":\"https:\/\/aeronoticias.com.pe\/noticiero\/#website\",\"url\":\"https:\/\/aeronoticias.com.pe\/noticiero\/\",\"name\":\"Aeronoticias.com.pe\",\"description\":\"Noticias de tranporte aereo, turismo, hoteles, gastronomia, actualidad, internacional\",\"potentialAction\":[{\"@type\":\"SearchAction\",\"target\":{\"@type\":\"EntryPoint\",\"urlTemplate\":\"https:\/\/aeronoticias.com.pe\/noticiero\/?s={search_term_string}\"},\"query-input\":{\"@type\":\"PropertyValueSpecification\",\"valueRequired\":true,\"valueName\":\"search_term_string\"}}],\"inLanguage\":\"es\"},{\"@type\":\"Person\",\"@id\":\"https:\/\/aeronoticias.com.pe\/noticiero\/#\/schema\/person\/fc1e5d578f4b62ba1cf7ac2bba1170a0\",\"name\":\"Redacci\u00f3n Aeronoticias\",\"url\":\"https:\/\/aeronoticias.com.pe\/noticiero\/author\/piloto\/\"}]}<\/script>\n<!-- \/ Yoast SEO plugin. -->","yoast_head_json":{"title":"Canciller\u00eda: desastrosa conducci\u00f3n","description":"Portal de noticias del Per\u00fa sobre el transporte a\u00e9reo, aviaci\u00f3n, turismo, hoteleria, actualidad.","robots":{"index":"index","follow":"follow","max-snippet":"max-snippet:-1","max-image-preview":"max-image-preview:large","max-video-preview":"max-video-preview:-1"},"canonical":"https:\/\/aeronoticias.com.pe\/noticiero\/politica\/cancilleria-desastrosa-conduccion\/","og_locale":"es_ES","og_type":"article","og_title":"Canciller\u00eda: desastrosa conducci\u00f3n","og_description":"Portal de noticias del Per\u00fa sobre el transporte a\u00e9reo, aviaci\u00f3n, turismo, hoteleria, actualidad.","og_url":"https:\/\/aeronoticias.com.pe\/noticiero\/politica\/cancilleria-desastrosa-conduccion\/","og_site_name":"Aeronoticias.com.pe","article_publisher":"https:\/\/www.facebook.com\/Aeronoticias.com.pe\/","article_published_time":"2015-12-15T15:57:54+00:00","author":"Redacci\u00f3n Aeronoticias","twitter_card":"summary_large_image","twitter_creator":"@aeronoticias","twitter_site":"@aeronoticias","twitter_misc":{"Escrito por":"Redacci\u00f3n Aeronoticias","Tiempo de lectura":"3 minutos"},"schema":{"@context":"https:\/\/schema.org","@graph":[{"@type":"WebPage","@id":"https:\/\/aeronoticias.com.pe\/noticiero\/politica\/cancilleria-desastrosa-conduccion\/","url":"https:\/\/aeronoticias.com.pe\/noticiero\/politica\/cancilleria-desastrosa-conduccion\/","name":"Canciller\u00eda: desastrosa conducci\u00f3n","isPartOf":{"@id":"https:\/\/aeronoticias.com.pe\/noticiero\/#website"},"datePublished":"2015-12-15T15:57:54+00:00","author":{"@id":"https:\/\/aeronoticias.com.pe\/noticiero\/#\/schema\/person\/fc1e5d578f4b62ba1cf7ac2bba1170a0"},"description":"Portal de noticias del Per\u00fa sobre el transporte a\u00e9reo, aviaci\u00f3n, turismo, hoteleria, actualidad.","breadcrumb":{"@id":"https:\/\/aeronoticias.com.pe\/noticiero\/politica\/cancilleria-desastrosa-conduccion\/#breadcrumb"},"inLanguage":"es","potentialAction":[{"@type":"ReadAction","target":["https:\/\/aeronoticias.com.pe\/noticiero\/politica\/cancilleria-desastrosa-conduccion\/"]}]},{"@type":"BreadcrumbList","@id":"https:\/\/aeronoticias.com.pe\/noticiero\/politica\/cancilleria-desastrosa-conduccion\/#breadcrumb","itemListElement":[{"@type":"ListItem","position":1,"name":"Portada","item":"https:\/\/aeronoticias.com.pe\/noticiero\/"},{"@type":"ListItem","position":2,"name":"Canciller\u00eda: desastrosa conducci\u00f3n"}]},{"@type":"WebSite","@id":"https:\/\/aeronoticias.com.pe\/noticiero\/#website","url":"https:\/\/aeronoticias.com.pe\/noticiero\/","name":"Aeronoticias.com.pe","description":"Noticias de tranporte aereo, turismo, hoteles, gastronomia, actualidad, internacional","potentialAction":[{"@type":"SearchAction","target":{"@type":"EntryPoint","urlTemplate":"https:\/\/aeronoticias.com.pe\/noticiero\/?s={search_term_string}"},"query-input":{"@type":"PropertyValueSpecification","valueRequired":true,"valueName":"search_term_string"}}],"inLanguage":"es"},{"@type":"Person","@id":"https:\/\/aeronoticias.com.pe\/noticiero\/#\/schema\/person\/fc1e5d578f4b62ba1cf7ac2bba1170a0","name":"Redacci\u00f3n Aeronoticias","url":"https:\/\/aeronoticias.com.pe\/noticiero\/author\/piloto\/"}]}},"_links":{"self":[{"href":"https:\/\/aeronoticias.com.pe\/noticiero\/wp-json\/wp\/v2\/posts\/54386","targetHints":{"allow":["GET"]}}],"collection":[{"href":"https:\/\/aeronoticias.com.pe\/noticiero\/wp-json\/wp\/v2\/posts"}],"about":[{"href":"https:\/\/aeronoticias.com.pe\/noticiero\/wp-json\/wp\/v2\/types\/post"}],"author":[{"embeddable":true,"href":"https:\/\/aeronoticias.com.pe\/noticiero\/wp-json\/wp\/v2\/users\/1"}],"replies":[{"embeddable":true,"href":"https:\/\/aeronoticias.com.pe\/noticiero\/wp-json\/wp\/v2\/comments?post=54386"}],"version-history":[{"count":0,"href":"https:\/\/aeronoticias.com.pe\/noticiero\/wp-json\/wp\/v2\/posts\/54386\/revisions"}],"wp:attachment":[{"href":"https:\/\/aeronoticias.com.pe\/noticiero\/wp-json\/wp\/v2\/media?parent=54386"}],"wp:term":[{"taxonomy":"category","embeddable":true,"href":"https:\/\/aeronoticias.com.pe\/noticiero\/wp-json\/wp\/v2\/categories?post=54386"},{"taxonomy":"post_tag","embeddable":true,"href":"https:\/\/aeronoticias.com.pe\/noticiero\/wp-json\/wp\/v2\/tags?post=54386"}],"curies":[{"name":"wp","href":"https:\/\/api.w.org\/{rel}","templated":true}]}}