{"id":54387,"date":"2015-12-16T15:33:40","date_gmt":"2015-12-16T15:33:40","guid":{"rendered":"http:\/\/desarrollo.mcvicious.com\/aero2020\/2015\/12\/16\/colegio-de-abogados-de-lima-expulso-el-08-de-setiembre-del-2015-a-victor-girao-hasta-diciembre-del-2020\/"},"modified":"2015-12-16T15:33:40","modified_gmt":"2015-12-16T15:33:40","slug":"colegio-de-abogados-de-lima-expulso-el-08-de-setiembre-del-2015-a-victor-girao-hasta-diciembre-del-2020","status":"publish","type":"post","link":"https:\/\/aeronoticias.com.pe\/noticiero\/49\/colegio-de-abogados-de-lima-expulso-el-08-de-setiembre-del-2015-a-victor-girao-hasta-diciembre-del-2020\/","title":{"rendered":"Colegio de Abogados de Lima expuls\u00f3 el 08 de setiembre del 2015 a V\u00edctor Girao hasta diciembre del 2020"},"content":{"rendered":"<p style=\"text-align: justify;\"><strong>(Aeronoticias)<\/strong> En 211 a\u00f1os de historia del Colegio de Abogados de Lima (CAL) el Sr. Victor Octavio Girao Alatrista \u2013 (76) a\u00f1os es el abogado que m\u00e1s sanciones \u00e9ticas ha recibido en la historia del Per\u00fa, se contabilizan hasta 09 Resoluciones de expulsi\u00f3n y sanci\u00f3n y 04 Resoluciones efectivas, 03 de ellas expedidas por el Tribunal de Honor del Ilustre Colegio de Abogados de Lima y 01 expedida por el Tribunal de Honor del Colegio de Abogados del Callao.<\/p>\n<p style=\"text-align: justify;\">El 08 de Setiembre del 2015 el Expediente 155-2012 el Tribunal de Honor del Colegio de Abogados de Lima Presidido por el Dr. Fernando Vidal Ram\u00edrez e integrado por los Doctores Ulises Montoya Alberti y Luz Aurea Saenz Arana expidi\u00f3 la Resoluci\u00f3n Expediente 155-2012 \u00a0que dice lo siguiente:<\/p>\n<p style=\"text-align: justify;\">VISTA en sesi\u00f3n de 28 de agosto pasado la apelaci\u00f3n interpuesta por el abogado Victor Octavio Girao Alatrista contra la Resoluci\u00f3n de Consejo de \u00c9tica No. 217-2013-DEP\/CE\/CAL que, declarando fundada en parte la denuncia promovida por do\u00f1a July Garcia Paredes, le impone la medida disciplinaria de expulsi\u00f3n; o\u00eddos los informes del propio abogado denunciado y del abogado denunciante Dr. Juli\u00e1n Palac\u00edn Fern\u00e1ndez; y CONSIDERANDO: Primero.- Que la denunciante le imputa nuevamente al abogado denunciado la violaci\u00f3n de normas \u00e9ticas al difundir su art\u00edculo Juliana Prostituta mediante su blog http:\/www.victorgirao.com\/2012\/07juliana-prostituta\/-more-1002, haciendo referencia a su finada hija y refiri\u00e9ndose tambi\u00e9n a la denunciante y a su c\u00f3nyuge, injuri\u00e1ndolos, al considerarlos como parte de una red de prostituci\u00f3n, acompa\u00f1ado como medio probatorio el video y su transcripci\u00f3n. Formula, adem\u00e1s, otras imputaciones que han dado lugar a la apertura de otros procesos disciplinarios y que no guardan pertinencia con el hecho que constituye la imputaci\u00f3n de esta denuncia; Segundo.- Que admitida la denuncia se encarg\u00f3 su tramitaci\u00f3n a la Vig\u00e9simo Primera Comisi\u00f3n de investigaci\u00f3n, siendo posteriormente asumida por la D\u00e9cimo Primera Comisi\u00f3n de Investigaci\u00f3n; Tercero.- Que el abogado Girao Alatrista, al formular su descargo alega que la difusi\u00f3n de su blog con su art\u00edculo Juliana Prostituta la realizo el 2 de julio de 2012 en su condici\u00f3n de ciudadano y como abogado, pues en esa fecha venia cumpliendo la sanci\u00f3n de suspensi\u00f3n en el ejercicio profesional, seg\u00fan la medida disciplinaria que le hab\u00eda sido impuesta; Cuarto.- Que la D\u00e9cimo Primera Comisi\u00f3n de Investigaci\u00f3n al emitir su Informe Final, ha concluido en que el abogado Girao Alatrista reincide en sus actitudes violatorias de la \u00e9tica e incumple con la medida disciplinaria que le ha sido impuesta y recomienda que se le aplique la sanci\u00f3n disciplinaria de separaci\u00f3n por cinco a\u00f1os; Quinto.- Que la Resoluci\u00f3n del Consejo de \u00c9tica ha considerado probado el hecho imputado que motiva la denuncia y, haciendo referencia a que el abogado Girao Alatrista hab\u00eda sido sancionado anteriormente por este Tribunal de Honor por haber hecho p\u00fablicos los mismos comentarios que han dado contenido a su blog, le ha impuesto la sanci\u00f3n disciplinaria de expulsi\u00f3n, lo que ha motivado la apelaci\u00f3n \u00a0del abogado denunciado, Sexto.- Que el abogado Girao Alatrista fundamenta su apelaci\u00f3n en que se ha vulnerado el principio Non Bis In Idem, pues alega que la sanci\u00f3n disciplinaria le ha sido impuesta por los mismos hechos que motivaron la sanci\u00f3n anteriormente aplicada, as\u00ed como el principio de legalidad por cuanto la infracci\u00f3n \u00e9tica que se le imputa no est\u00e1 tipificada, pues la expulsi\u00f3n solo procede por violaci\u00f3n a los derechos humanos y a las libertades fundamentales; S\u00e9ptimo.- Que al respecto y de la revisi\u00f3n de lo actuado, debe considerarse que el meollo de la cuesti\u00f3n \u00e9tica radica \u00fanicamente en la difusi\u00f3n del video con el articulo Juliana Prostituta, por lo que debe determinarse si por la sanci\u00f3n impuesta anteriormente por este Tribunal de Honor se hace aplicable el principio Non Bis In Idem y, si es aplicable, la sanci\u00f3n disciplinaria de expulsi\u00f3n; Octavo.- Que conforme consta en la Resoluci\u00f3n de este Tribunal de Honor de 15 setiembre de 2011 es necesario precisar que la sanci\u00f3n de suspensi\u00f3n por un a\u00f1o que le fue impuesta al abogado Girao Alatrista fue por haber denigrado a la hija de la denunciante, que fuera asesinada, al haberla calificado de prostituta en las declaraciones prestadas a medios de comunicaci\u00f3n social; Noveno.- Que como puede apreciarse de los t\u00e9rminos de la denuncia de do\u00f1a July Garcia Paredes, madre de la occisa, as\u00ed como de los medios probatorios ofrecidos, especialmente del video en el que se califica a la hija de la denunciante como prostituta, se trata de la continuidad del hecho que dio lugar a sanci\u00f3n aplicada por este Tribunal de Honor, por lo que el abogado Girao Alatrista ha incurrido en desacato a la medida correctiva que le impuso este \u00f3rgano de supervisi\u00f3n deontol\u00f3gica, lo que hace inaplicable el principio Non Bis In Idem, que invoca, pues adem\u00e1s el abogado Girao Alatrista ha continuado afectando el derecho al honor y a la buena reputaci\u00f3n de una persona fallecida, que como derecho fundamental de la persona consagra el numeral 7 del art\u00edculo 2 de la Constituci\u00f3n Pol\u00edtica; Decimo.- Que el Tribunal de Honor tienen conocimiento de las reiteradas infracciones \u00e9ticas del abogado Girao Alatrista, a las que se suma su desacato a la sanci\u00f3n disciplinaria que como medida correctiva le fuera impuesta; Por estas consideraciones y con lo opinado por el Ex Decano Dr. Fernando Vidal Ram\u00edrez; SE RESUELVE: Confirmar la Resoluci\u00f3n del Consejo de \u00c9tica No. 217-2013-DEP\/CE\/CAL, en cuanto declara fundada en parte la denuncia promovida por do\u00f1a july Garcia Paredes, Revocarla en cuanto le aplica al abogado Victor Octavio Girao Alatrista la medida disciplinaria de expulsi\u00f3n; y Reform\u00e1ndola aplicable la medida disciplinaria de separaci\u00f3n por cinco (5) a\u00f1os en el ejercicio de la profesi\u00f3n; disponi\u00e9ndose, previa notificaci\u00f3n a las partes, la remisi\u00f3n del expediente a la Direcci\u00f3n de \u00c9tica para cumplimiento de lo ejecutoriado.<\/p>\n<p style=\"text-align: justify;\"><img decoding=\"async\" src=\"images\/stories\/15\/12\/161215\/giraocarcel.jpg\" border=\"0\" \/><\/p>\n","protected":false},"excerpt":{"rendered":"<p>(Aeronoticias) En 211 a\u00f1os de historia del Colegio de Abogados de Lima (CAL) el Sr. Victor Octavio Girao Alatrista \u2013 (76) a\u00f1os es el abogado que m\u00e1s sanciones \u00e9ticas ha recibido en la historia del Per\u00fa, se contabilizan hasta 09 Resoluciones de expulsi\u00f3n y sanci\u00f3n y 04 Resoluciones efectivas, 03 de ellas expedidas por el [&hellip;]<\/p>\n","protected":false},"author":1,"featured_media":0,"comment_status":"open","ping_status":"open","sticky":false,"template":"","format":"standard","meta":{"tdm_status":"","tdm_grid_status":"","footnotes":""},"categories":[39],"tags":[],"class_list":{"0":"post-54387","1":"post","2":"type-post","3":"status-publish","4":"format-standard","6":"category-39"},"yoast_head":"<!-- This site is optimized with the Yoast SEO plugin v25.1 - https:\/\/yoast.com\/wordpress\/plugins\/seo\/ -->\n<title>Colegio de Abogados de Lima expuls\u00f3 el 08 de setiembre del 2015 a V\u00edctor Girao hasta diciembre del 2020<\/title>\n<meta name=\"description\" content=\"Portal de noticias del Per\u00fa sobre el transporte a\u00e9reo, aviaci\u00f3n, turismo, hoteleria, actualidad.\" \/>\n<meta name=\"robots\" content=\"index, follow, max-snippet:-1, max-image-preview:large, max-video-preview:-1\" \/>\n<link rel=\"canonical\" href=\"https:\/\/aeronoticias.com.pe\/noticiero\/49\/colegio-de-abogados-de-lima-expulso-el-08-de-setiembre-del-2015-a-victor-girao-hasta-diciembre-del-2020\/\" \/>\n<meta property=\"og:locale\" content=\"es_ES\" \/>\n<meta property=\"og:type\" content=\"article\" \/>\n<meta property=\"og:title\" content=\"Colegio de Abogados de Lima expuls\u00f3 el 08 de setiembre del 2015 a V\u00edctor Girao hasta diciembre del 2020\" \/>\n<meta property=\"og:description\" content=\"Portal de noticias del Per\u00fa sobre el transporte a\u00e9reo, aviaci\u00f3n, turismo, hoteleria, actualidad.\" \/>\n<meta property=\"og:url\" content=\"https:\/\/aeronoticias.com.pe\/noticiero\/49\/colegio-de-abogados-de-lima-expulso-el-08-de-setiembre-del-2015-a-victor-girao-hasta-diciembre-del-2020\/\" \/>\n<meta property=\"og:site_name\" content=\"Aeronoticias.com.pe\" \/>\n<meta property=\"article:publisher\" content=\"https:\/\/www.facebook.com\/Aeronoticias.com.pe\/\" \/>\n<meta property=\"article:published_time\" content=\"2015-12-16T15:33:40+00:00\" \/>\n<meta name=\"author\" content=\"Redacci\u00f3n Aeronoticias\" \/>\n<meta name=\"twitter:card\" content=\"summary_large_image\" \/>\n<meta name=\"twitter:creator\" content=\"@aeronoticias\" \/>\n<meta name=\"twitter:site\" content=\"@aeronoticias\" \/>\n<meta name=\"twitter:label1\" content=\"Escrito por\" \/>\n\t<meta name=\"twitter:data1\" content=\"Redacci\u00f3n Aeronoticias\" \/>\n\t<meta name=\"twitter:label2\" content=\"Tiempo de lectura\" \/>\n\t<meta name=\"twitter:data2\" content=\"5 minutos\" \/>\n<script type=\"application\/ld+json\" class=\"yoast-schema-graph\">{\"@context\":\"https:\/\/schema.org\",\"@graph\":[{\"@type\":\"WebPage\",\"@id\":\"https:\/\/aeronoticias.com.pe\/noticiero\/49\/colegio-de-abogados-de-lima-expulso-el-08-de-setiembre-del-2015-a-victor-girao-hasta-diciembre-del-2020\/\",\"url\":\"https:\/\/aeronoticias.com.pe\/noticiero\/49\/colegio-de-abogados-de-lima-expulso-el-08-de-setiembre-del-2015-a-victor-girao-hasta-diciembre-del-2020\/\",\"name\":\"Colegio de Abogados de Lima expuls\u00f3 el 08 de setiembre del 2015 a V\u00edctor Girao hasta diciembre del 2020\",\"isPartOf\":{\"@id\":\"https:\/\/aeronoticias.com.pe\/noticiero\/#website\"},\"datePublished\":\"2015-12-16T15:33:40+00:00\",\"author\":{\"@id\":\"https:\/\/aeronoticias.com.pe\/noticiero\/#\/schema\/person\/fc1e5d578f4b62ba1cf7ac2bba1170a0\"},\"description\":\"Portal de noticias del Per\u00fa sobre el transporte a\u00e9reo, aviaci\u00f3n, turismo, hoteleria, actualidad.\",\"breadcrumb\":{\"@id\":\"https:\/\/aeronoticias.com.pe\/noticiero\/49\/colegio-de-abogados-de-lima-expulso-el-08-de-setiembre-del-2015-a-victor-girao-hasta-diciembre-del-2020\/#breadcrumb\"},\"inLanguage\":\"es\",\"potentialAction\":[{\"@type\":\"ReadAction\",\"target\":[\"https:\/\/aeronoticias.com.pe\/noticiero\/49\/colegio-de-abogados-de-lima-expulso-el-08-de-setiembre-del-2015-a-victor-girao-hasta-diciembre-del-2020\/\"]}]},{\"@type\":\"BreadcrumbList\",\"@id\":\"https:\/\/aeronoticias.com.pe\/noticiero\/49\/colegio-de-abogados-de-lima-expulso-el-08-de-setiembre-del-2015-a-victor-girao-hasta-diciembre-del-2020\/#breadcrumb\",\"itemListElement\":[{\"@type\":\"ListItem\",\"position\":1,\"name\":\"Portada\",\"item\":\"https:\/\/aeronoticias.com.pe\/noticiero\/\"},{\"@type\":\"ListItem\",\"position\":2,\"name\":\"Colegio de Abogados de Lima expuls\u00f3 el 08 de setiembre del 2015 a V\u00edctor Girao hasta diciembre del 2020\"}]},{\"@type\":\"WebSite\",\"@id\":\"https:\/\/aeronoticias.com.pe\/noticiero\/#website\",\"url\":\"https:\/\/aeronoticias.com.pe\/noticiero\/\",\"name\":\"Aeronoticias.com.pe\",\"description\":\"Noticias de tranporte aereo, turismo, hoteles, gastronomia, actualidad, internacional\",\"potentialAction\":[{\"@type\":\"SearchAction\",\"target\":{\"@type\":\"EntryPoint\",\"urlTemplate\":\"https:\/\/aeronoticias.com.pe\/noticiero\/?s={search_term_string}\"},\"query-input\":{\"@type\":\"PropertyValueSpecification\",\"valueRequired\":true,\"valueName\":\"search_term_string\"}}],\"inLanguage\":\"es\"},{\"@type\":\"Person\",\"@id\":\"https:\/\/aeronoticias.com.pe\/noticiero\/#\/schema\/person\/fc1e5d578f4b62ba1cf7ac2bba1170a0\",\"name\":\"Redacci\u00f3n Aeronoticias\",\"url\":\"https:\/\/aeronoticias.com.pe\/noticiero\/author\/piloto\/\"}]}<\/script>\n<!-- \/ Yoast SEO plugin. -->","yoast_head_json":{"title":"Colegio de Abogados de Lima expuls\u00f3 el 08 de setiembre del 2015 a V\u00edctor Girao hasta diciembre del 2020","description":"Portal de noticias del Per\u00fa sobre el transporte a\u00e9reo, aviaci\u00f3n, turismo, hoteleria, actualidad.","robots":{"index":"index","follow":"follow","max-snippet":"max-snippet:-1","max-image-preview":"max-image-preview:large","max-video-preview":"max-video-preview:-1"},"canonical":"https:\/\/aeronoticias.com.pe\/noticiero\/49\/colegio-de-abogados-de-lima-expulso-el-08-de-setiembre-del-2015-a-victor-girao-hasta-diciembre-del-2020\/","og_locale":"es_ES","og_type":"article","og_title":"Colegio de Abogados de Lima expuls\u00f3 el 08 de setiembre del 2015 a V\u00edctor Girao hasta diciembre del 2020","og_description":"Portal de noticias del Per\u00fa sobre el transporte a\u00e9reo, aviaci\u00f3n, turismo, hoteleria, actualidad.","og_url":"https:\/\/aeronoticias.com.pe\/noticiero\/49\/colegio-de-abogados-de-lima-expulso-el-08-de-setiembre-del-2015-a-victor-girao-hasta-diciembre-del-2020\/","og_site_name":"Aeronoticias.com.pe","article_publisher":"https:\/\/www.facebook.com\/Aeronoticias.com.pe\/","article_published_time":"2015-12-16T15:33:40+00:00","author":"Redacci\u00f3n Aeronoticias","twitter_card":"summary_large_image","twitter_creator":"@aeronoticias","twitter_site":"@aeronoticias","twitter_misc":{"Escrito por":"Redacci\u00f3n Aeronoticias","Tiempo de lectura":"5 minutos"},"schema":{"@context":"https:\/\/schema.org","@graph":[{"@type":"WebPage","@id":"https:\/\/aeronoticias.com.pe\/noticiero\/49\/colegio-de-abogados-de-lima-expulso-el-08-de-setiembre-del-2015-a-victor-girao-hasta-diciembre-del-2020\/","url":"https:\/\/aeronoticias.com.pe\/noticiero\/49\/colegio-de-abogados-de-lima-expulso-el-08-de-setiembre-del-2015-a-victor-girao-hasta-diciembre-del-2020\/","name":"Colegio de Abogados de Lima expuls\u00f3 el 08 de setiembre del 2015 a V\u00edctor Girao hasta diciembre del 2020","isPartOf":{"@id":"https:\/\/aeronoticias.com.pe\/noticiero\/#website"},"datePublished":"2015-12-16T15:33:40+00:00","author":{"@id":"https:\/\/aeronoticias.com.pe\/noticiero\/#\/schema\/person\/fc1e5d578f4b62ba1cf7ac2bba1170a0"},"description":"Portal de noticias del Per\u00fa sobre el transporte a\u00e9reo, aviaci\u00f3n, turismo, hoteleria, actualidad.","breadcrumb":{"@id":"https:\/\/aeronoticias.com.pe\/noticiero\/49\/colegio-de-abogados-de-lima-expulso-el-08-de-setiembre-del-2015-a-victor-girao-hasta-diciembre-del-2020\/#breadcrumb"},"inLanguage":"es","potentialAction":[{"@type":"ReadAction","target":["https:\/\/aeronoticias.com.pe\/noticiero\/49\/colegio-de-abogados-de-lima-expulso-el-08-de-setiembre-del-2015-a-victor-girao-hasta-diciembre-del-2020\/"]}]},{"@type":"BreadcrumbList","@id":"https:\/\/aeronoticias.com.pe\/noticiero\/49\/colegio-de-abogados-de-lima-expulso-el-08-de-setiembre-del-2015-a-victor-girao-hasta-diciembre-del-2020\/#breadcrumb","itemListElement":[{"@type":"ListItem","position":1,"name":"Portada","item":"https:\/\/aeronoticias.com.pe\/noticiero\/"},{"@type":"ListItem","position":2,"name":"Colegio de Abogados de Lima expuls\u00f3 el 08 de setiembre del 2015 a V\u00edctor Girao hasta diciembre del 2020"}]},{"@type":"WebSite","@id":"https:\/\/aeronoticias.com.pe\/noticiero\/#website","url":"https:\/\/aeronoticias.com.pe\/noticiero\/","name":"Aeronoticias.com.pe","description":"Noticias de tranporte aereo, turismo, hoteles, gastronomia, actualidad, internacional","potentialAction":[{"@type":"SearchAction","target":{"@type":"EntryPoint","urlTemplate":"https:\/\/aeronoticias.com.pe\/noticiero\/?s={search_term_string}"},"query-input":{"@type":"PropertyValueSpecification","valueRequired":true,"valueName":"search_term_string"}}],"inLanguage":"es"},{"@type":"Person","@id":"https:\/\/aeronoticias.com.pe\/noticiero\/#\/schema\/person\/fc1e5d578f4b62ba1cf7ac2bba1170a0","name":"Redacci\u00f3n Aeronoticias","url":"https:\/\/aeronoticias.com.pe\/noticiero\/author\/piloto\/"}]}},"_links":{"self":[{"href":"https:\/\/aeronoticias.com.pe\/noticiero\/wp-json\/wp\/v2\/posts\/54387","targetHints":{"allow":["GET"]}}],"collection":[{"href":"https:\/\/aeronoticias.com.pe\/noticiero\/wp-json\/wp\/v2\/posts"}],"about":[{"href":"https:\/\/aeronoticias.com.pe\/noticiero\/wp-json\/wp\/v2\/types\/post"}],"author":[{"embeddable":true,"href":"https:\/\/aeronoticias.com.pe\/noticiero\/wp-json\/wp\/v2\/users\/1"}],"replies":[{"embeddable":true,"href":"https:\/\/aeronoticias.com.pe\/noticiero\/wp-json\/wp\/v2\/comments?post=54387"}],"version-history":[{"count":0,"href":"https:\/\/aeronoticias.com.pe\/noticiero\/wp-json\/wp\/v2\/posts\/54387\/revisions"}],"wp:attachment":[{"href":"https:\/\/aeronoticias.com.pe\/noticiero\/wp-json\/wp\/v2\/media?parent=54387"}],"wp:term":[{"taxonomy":"category","embeddable":true,"href":"https:\/\/aeronoticias.com.pe\/noticiero\/wp-json\/wp\/v2\/categories?post=54387"},{"taxonomy":"post_tag","embeddable":true,"href":"https:\/\/aeronoticias.com.pe\/noticiero\/wp-json\/wp\/v2\/tags?post=54387"}],"curies":[{"name":"wp","href":"https:\/\/api.w.org\/{rel}","templated":true}]}}