{"id":54391,"date":"2015-12-17T02:58:16","date_gmt":"2015-12-17T02:58:16","guid":{"rendered":"http:\/\/desarrollo.mcvicious.com\/aero2020\/2015\/12\/17\/japan-airlines-suspende-temporalmente-sus-vuelos-entre-tokio-y-paris\/"},"modified":"2015-12-17T02:58:16","modified_gmt":"2015-12-17T02:58:16","slug":"japan-airlines-suspende-temporalmente-sus-vuelos-entre-tokio-y-paris","status":"publish","type":"post","link":"https:\/\/aeronoticias.com.pe\/noticiero\/internacionales\/japan-airlines-suspende-temporalmente-sus-vuelos-entre-tokio-y-paris\/","title":{"rendered":"Japan Airlines suspende temporalmente sus vuelos entre Tokio y Par\u00eds"},"content":{"rendered":"<p style=\"text-align: justify;\"><strong>(Aeronoticias)<\/strong>.-\u00a0La aerol\u00ednea Japan Airlines (JAL) cancelar\u00e1 durante dos meses sus vuelos entre el aeropuerto tokiota de Narita y Par\u00eds debido a la ca\u00edda de pasajeros tras el atentado terrorista de la capital francesa el pasado noviembre.<\/p>\n<p style=\"text-align: justify;\">La compa\u00f1\u00eda anunci\u00f3 hoy que suspender\u00e1 los dos vuelos diarios que opera en estos momentos entre Narita y Par\u00eds Charles-de-Gaulle desde el 12 de enero hasta el 29 de febrero, a excepci\u00f3n de algunos d\u00edas.<\/p>\n<p style=\"text-align: justify;\">La ocupaci\u00f3n de los vuelos entre los aeropuertos internacionales de Jap\u00f3n y a la capital francesa ha pasado del 80 al 40 por ciento tras los ataques, se\u00f1al\u00f3 aerol\u00ednea.<\/p>\n<p style=\"text-align: justify;\">JAL, que seguir\u00e1 operando un vuelo diario a Par\u00eds desde el aeropuerto tokiota de Haneda, asegur\u00f3 que decidir\u00e1 si reinicia de nuevo el servicio tras hacer un seguimiento de la demanda en los pr\u00f3ximos meses.<\/p>\n<p style=\"text-align: justify;\">Fuente: <em><strong><span style=\"text-decoration: underline;\">Aviaci\u00f3n al d\u00eda<\/span><\/strong><\/em>.<\/p>\n<p style=\"text-align: justify;\"><img decoding=\"async\" src=\"http:\/\/2.bp.blogspot.com\/-Yp2SOWZmK4g\/VnHJltZq92I\/AAAAAAAAs20\/4Ulq-yMznLM\/s1600\/Japan_Airlines.png\" border=\"0\" \/><\/p>\n","protected":false},"excerpt":{"rendered":"<p>(Aeronoticias).-\u00a0La aerol\u00ednea Japan Airlines (JAL) cancelar\u00e1 durante dos meses sus vuelos entre el aeropuerto tokiota de Narita y Par\u00eds debido a la ca\u00edda de pasajeros tras el atentado terrorista de la capital francesa el pasado noviembre. La compa\u00f1\u00eda anunci\u00f3 hoy que suspender\u00e1 los dos vuelos diarios que opera en estos momentos entre Narita y Par\u00eds [&hellip;]<\/p>\n","protected":false},"author":1,"featured_media":0,"comment_status":"open","ping_status":"open","sticky":false,"template":"","format":"standard","meta":{"tdm_status":"","tdm_grid_status":"","footnotes":""},"categories":[34],"tags":[],"class_list":{"0":"post-54391","1":"post","2":"type-post","3":"status-publish","4":"format-standard","6":"category-internacionales"},"yoast_head":"<!-- This site is optimized with the Yoast SEO plugin v25.1 - https:\/\/yoast.com\/wordpress\/plugins\/seo\/ -->\n<title>Japan Airlines suspende temporalmente sus vuelos entre Tokio y Par\u00eds<\/title>\n<meta name=\"description\" content=\"Portal de noticias del Per\u00fa sobre el transporte a\u00e9reo, aviaci\u00f3n, turismo, hoteleria, actualidad.\" \/>\n<meta name=\"robots\" content=\"index, follow, max-snippet:-1, max-image-preview:large, max-video-preview:-1\" \/>\n<link rel=\"canonical\" href=\"https:\/\/aeronoticias.com.pe\/noticiero\/internacionales\/japan-airlines-suspende-temporalmente-sus-vuelos-entre-tokio-y-paris\/\" \/>\n<meta property=\"og:locale\" content=\"es_ES\" \/>\n<meta property=\"og:type\" content=\"article\" \/>\n<meta property=\"og:title\" content=\"Japan Airlines suspende temporalmente sus vuelos entre Tokio y Par\u00eds\" \/>\n<meta property=\"og:description\" content=\"Portal de noticias del Per\u00fa sobre el transporte a\u00e9reo, aviaci\u00f3n, turismo, hoteleria, actualidad.\" \/>\n<meta property=\"og:url\" content=\"https:\/\/aeronoticias.com.pe\/noticiero\/internacionales\/japan-airlines-suspende-temporalmente-sus-vuelos-entre-tokio-y-paris\/\" \/>\n<meta property=\"og:site_name\" content=\"Aeronoticias.com.pe\" \/>\n<meta property=\"article:publisher\" content=\"https:\/\/www.facebook.com\/Aeronoticias.com.pe\/\" \/>\n<meta property=\"article:published_time\" content=\"2015-12-17T02:58:16+00:00\" \/>\n<meta property=\"og:image\" content=\"http:\/\/2.bp.blogspot.com\/-Yp2SOWZmK4g\/VnHJltZq92I\/AAAAAAAAs20\/4Ulq-yMznLM\/s1600\/Japan_Airlines.png\" \/>\n<meta name=\"author\" content=\"Redacci\u00f3n Aeronoticias\" \/>\n<meta name=\"twitter:card\" content=\"summary_large_image\" \/>\n<meta name=\"twitter:creator\" content=\"@aeronoticias\" \/>\n<meta name=\"twitter:site\" content=\"@aeronoticias\" \/>\n<meta name=\"twitter:label1\" content=\"Escrito por\" \/>\n\t<meta name=\"twitter:data1\" content=\"Redacci\u00f3n Aeronoticias\" \/>\n\t<meta name=\"twitter:label2\" content=\"Tiempo de lectura\" \/>\n\t<meta name=\"twitter:data2\" content=\"1 minuto\" \/>\n<script type=\"application\/ld+json\" class=\"yoast-schema-graph\">{\"@context\":\"https:\/\/schema.org\",\"@graph\":[{\"@type\":\"WebPage\",\"@id\":\"https:\/\/aeronoticias.com.pe\/noticiero\/internacionales\/japan-airlines-suspende-temporalmente-sus-vuelos-entre-tokio-y-paris\/\",\"url\":\"https:\/\/aeronoticias.com.pe\/noticiero\/internacionales\/japan-airlines-suspende-temporalmente-sus-vuelos-entre-tokio-y-paris\/\",\"name\":\"Japan Airlines suspende temporalmente sus vuelos entre Tokio y Par\u00eds\",\"isPartOf\":{\"@id\":\"https:\/\/aeronoticias.com.pe\/noticiero\/#website\"},\"primaryImageOfPage\":{\"@id\":\"https:\/\/aeronoticias.com.pe\/noticiero\/internacionales\/japan-airlines-suspende-temporalmente-sus-vuelos-entre-tokio-y-paris\/#primaryimage\"},\"image\":{\"@id\":\"https:\/\/aeronoticias.com.pe\/noticiero\/internacionales\/japan-airlines-suspende-temporalmente-sus-vuelos-entre-tokio-y-paris\/#primaryimage\"},\"thumbnailUrl\":\"http:\/\/2.bp.blogspot.com\/-Yp2SOWZmK4g\/VnHJltZq92I\/AAAAAAAAs20\/4Ulq-yMznLM\/s1600\/Japan_Airlines.png\",\"datePublished\":\"2015-12-17T02:58:16+00:00\",\"author\":{\"@id\":\"https:\/\/aeronoticias.com.pe\/noticiero\/#\/schema\/person\/fc1e5d578f4b62ba1cf7ac2bba1170a0\"},\"description\":\"Portal de noticias del Per\u00fa sobre el transporte a\u00e9reo, aviaci\u00f3n, turismo, hoteleria, actualidad.\",\"breadcrumb\":{\"@id\":\"https:\/\/aeronoticias.com.pe\/noticiero\/internacionales\/japan-airlines-suspende-temporalmente-sus-vuelos-entre-tokio-y-paris\/#breadcrumb\"},\"inLanguage\":\"es\",\"potentialAction\":[{\"@type\":\"ReadAction\",\"target\":[\"https:\/\/aeronoticias.com.pe\/noticiero\/internacionales\/japan-airlines-suspende-temporalmente-sus-vuelos-entre-tokio-y-paris\/\"]}]},{\"@type\":\"ImageObject\",\"inLanguage\":\"es\",\"@id\":\"https:\/\/aeronoticias.com.pe\/noticiero\/internacionales\/japan-airlines-suspende-temporalmente-sus-vuelos-entre-tokio-y-paris\/#primaryimage\",\"url\":\"http:\/\/2.bp.blogspot.com\/-Yp2SOWZmK4g\/VnHJltZq92I\/AAAAAAAAs20\/4Ulq-yMznLM\/s1600\/Japan_Airlines.png\",\"contentUrl\":\"http:\/\/2.bp.blogspot.com\/-Yp2SOWZmK4g\/VnHJltZq92I\/AAAAAAAAs20\/4Ulq-yMznLM\/s1600\/Japan_Airlines.png\"},{\"@type\":\"BreadcrumbList\",\"@id\":\"https:\/\/aeronoticias.com.pe\/noticiero\/internacionales\/japan-airlines-suspende-temporalmente-sus-vuelos-entre-tokio-y-paris\/#breadcrumb\",\"itemListElement\":[{\"@type\":\"ListItem\",\"position\":1,\"name\":\"Portada\",\"item\":\"https:\/\/aeronoticias.com.pe\/noticiero\/\"},{\"@type\":\"ListItem\",\"position\":2,\"name\":\"Japan Airlines suspende temporalmente sus vuelos entre Tokio y Par\u00eds\"}]},{\"@type\":\"WebSite\",\"@id\":\"https:\/\/aeronoticias.com.pe\/noticiero\/#website\",\"url\":\"https:\/\/aeronoticias.com.pe\/noticiero\/\",\"name\":\"Aeronoticias.com.pe\",\"description\":\"Noticias de tranporte aereo, turismo, hoteles, gastronomia, actualidad, internacional\",\"potentialAction\":[{\"@type\":\"SearchAction\",\"target\":{\"@type\":\"EntryPoint\",\"urlTemplate\":\"https:\/\/aeronoticias.com.pe\/noticiero\/?s={search_term_string}\"},\"query-input\":{\"@type\":\"PropertyValueSpecification\",\"valueRequired\":true,\"valueName\":\"search_term_string\"}}],\"inLanguage\":\"es\"},{\"@type\":\"Person\",\"@id\":\"https:\/\/aeronoticias.com.pe\/noticiero\/#\/schema\/person\/fc1e5d578f4b62ba1cf7ac2bba1170a0\",\"name\":\"Redacci\u00f3n Aeronoticias\",\"url\":\"https:\/\/aeronoticias.com.pe\/noticiero\/author\/piloto\/\"}]}<\/script>\n<!-- \/ Yoast SEO plugin. -->","yoast_head_json":{"title":"Japan Airlines suspende temporalmente sus vuelos entre Tokio y Par\u00eds","description":"Portal de noticias del Per\u00fa sobre el transporte a\u00e9reo, aviaci\u00f3n, turismo, hoteleria, actualidad.","robots":{"index":"index","follow":"follow","max-snippet":"max-snippet:-1","max-image-preview":"max-image-preview:large","max-video-preview":"max-video-preview:-1"},"canonical":"https:\/\/aeronoticias.com.pe\/noticiero\/internacionales\/japan-airlines-suspende-temporalmente-sus-vuelos-entre-tokio-y-paris\/","og_locale":"es_ES","og_type":"article","og_title":"Japan Airlines suspende temporalmente sus vuelos entre Tokio y Par\u00eds","og_description":"Portal de noticias del Per\u00fa sobre el transporte a\u00e9reo, aviaci\u00f3n, turismo, hoteleria, actualidad.","og_url":"https:\/\/aeronoticias.com.pe\/noticiero\/internacionales\/japan-airlines-suspende-temporalmente-sus-vuelos-entre-tokio-y-paris\/","og_site_name":"Aeronoticias.com.pe","article_publisher":"https:\/\/www.facebook.com\/Aeronoticias.com.pe\/","article_published_time":"2015-12-17T02:58:16+00:00","og_image":[{"url":"http:\/\/2.bp.blogspot.com\/-Yp2SOWZmK4g\/VnHJltZq92I\/AAAAAAAAs20\/4Ulq-yMznLM\/s1600\/Japan_Airlines.png","type":"","width":"","height":""}],"author":"Redacci\u00f3n Aeronoticias","twitter_card":"summary_large_image","twitter_creator":"@aeronoticias","twitter_site":"@aeronoticias","twitter_misc":{"Escrito por":"Redacci\u00f3n Aeronoticias","Tiempo de lectura":"1 minuto"},"schema":{"@context":"https:\/\/schema.org","@graph":[{"@type":"WebPage","@id":"https:\/\/aeronoticias.com.pe\/noticiero\/internacionales\/japan-airlines-suspende-temporalmente-sus-vuelos-entre-tokio-y-paris\/","url":"https:\/\/aeronoticias.com.pe\/noticiero\/internacionales\/japan-airlines-suspende-temporalmente-sus-vuelos-entre-tokio-y-paris\/","name":"Japan Airlines suspende temporalmente sus vuelos entre Tokio y Par\u00eds","isPartOf":{"@id":"https:\/\/aeronoticias.com.pe\/noticiero\/#website"},"primaryImageOfPage":{"@id":"https:\/\/aeronoticias.com.pe\/noticiero\/internacionales\/japan-airlines-suspende-temporalmente-sus-vuelos-entre-tokio-y-paris\/#primaryimage"},"image":{"@id":"https:\/\/aeronoticias.com.pe\/noticiero\/internacionales\/japan-airlines-suspende-temporalmente-sus-vuelos-entre-tokio-y-paris\/#primaryimage"},"thumbnailUrl":"http:\/\/2.bp.blogspot.com\/-Yp2SOWZmK4g\/VnHJltZq92I\/AAAAAAAAs20\/4Ulq-yMznLM\/s1600\/Japan_Airlines.png","datePublished":"2015-12-17T02:58:16+00:00","author":{"@id":"https:\/\/aeronoticias.com.pe\/noticiero\/#\/schema\/person\/fc1e5d578f4b62ba1cf7ac2bba1170a0"},"description":"Portal de noticias del Per\u00fa sobre el transporte a\u00e9reo, aviaci\u00f3n, turismo, hoteleria, actualidad.","breadcrumb":{"@id":"https:\/\/aeronoticias.com.pe\/noticiero\/internacionales\/japan-airlines-suspende-temporalmente-sus-vuelos-entre-tokio-y-paris\/#breadcrumb"},"inLanguage":"es","potentialAction":[{"@type":"ReadAction","target":["https:\/\/aeronoticias.com.pe\/noticiero\/internacionales\/japan-airlines-suspende-temporalmente-sus-vuelos-entre-tokio-y-paris\/"]}]},{"@type":"ImageObject","inLanguage":"es","@id":"https:\/\/aeronoticias.com.pe\/noticiero\/internacionales\/japan-airlines-suspende-temporalmente-sus-vuelos-entre-tokio-y-paris\/#primaryimage","url":"http:\/\/2.bp.blogspot.com\/-Yp2SOWZmK4g\/VnHJltZq92I\/AAAAAAAAs20\/4Ulq-yMznLM\/s1600\/Japan_Airlines.png","contentUrl":"http:\/\/2.bp.blogspot.com\/-Yp2SOWZmK4g\/VnHJltZq92I\/AAAAAAAAs20\/4Ulq-yMznLM\/s1600\/Japan_Airlines.png"},{"@type":"BreadcrumbList","@id":"https:\/\/aeronoticias.com.pe\/noticiero\/internacionales\/japan-airlines-suspende-temporalmente-sus-vuelos-entre-tokio-y-paris\/#breadcrumb","itemListElement":[{"@type":"ListItem","position":1,"name":"Portada","item":"https:\/\/aeronoticias.com.pe\/noticiero\/"},{"@type":"ListItem","position":2,"name":"Japan Airlines suspende temporalmente sus vuelos entre Tokio y Par\u00eds"}]},{"@type":"WebSite","@id":"https:\/\/aeronoticias.com.pe\/noticiero\/#website","url":"https:\/\/aeronoticias.com.pe\/noticiero\/","name":"Aeronoticias.com.pe","description":"Noticias de tranporte aereo, turismo, hoteles, gastronomia, actualidad, internacional","potentialAction":[{"@type":"SearchAction","target":{"@type":"EntryPoint","urlTemplate":"https:\/\/aeronoticias.com.pe\/noticiero\/?s={search_term_string}"},"query-input":{"@type":"PropertyValueSpecification","valueRequired":true,"valueName":"search_term_string"}}],"inLanguage":"es"},{"@type":"Person","@id":"https:\/\/aeronoticias.com.pe\/noticiero\/#\/schema\/person\/fc1e5d578f4b62ba1cf7ac2bba1170a0","name":"Redacci\u00f3n Aeronoticias","url":"https:\/\/aeronoticias.com.pe\/noticiero\/author\/piloto\/"}]}},"_links":{"self":[{"href":"https:\/\/aeronoticias.com.pe\/noticiero\/wp-json\/wp\/v2\/posts\/54391","targetHints":{"allow":["GET"]}}],"collection":[{"href":"https:\/\/aeronoticias.com.pe\/noticiero\/wp-json\/wp\/v2\/posts"}],"about":[{"href":"https:\/\/aeronoticias.com.pe\/noticiero\/wp-json\/wp\/v2\/types\/post"}],"author":[{"embeddable":true,"href":"https:\/\/aeronoticias.com.pe\/noticiero\/wp-json\/wp\/v2\/users\/1"}],"replies":[{"embeddable":true,"href":"https:\/\/aeronoticias.com.pe\/noticiero\/wp-json\/wp\/v2\/comments?post=54391"}],"version-history":[{"count":0,"href":"https:\/\/aeronoticias.com.pe\/noticiero\/wp-json\/wp\/v2\/posts\/54391\/revisions"}],"wp:attachment":[{"href":"https:\/\/aeronoticias.com.pe\/noticiero\/wp-json\/wp\/v2\/media?parent=54391"}],"wp:term":[{"taxonomy":"category","embeddable":true,"href":"https:\/\/aeronoticias.com.pe\/noticiero\/wp-json\/wp\/v2\/categories?post=54391"},{"taxonomy":"post_tag","embeddable":true,"href":"https:\/\/aeronoticias.com.pe\/noticiero\/wp-json\/wp\/v2\/tags?post=54391"}],"curies":[{"name":"wp","href":"https:\/\/api.w.org\/{rel}","templated":true}]}}