{"id":54666,"date":"2016-02-18T02:37:33","date_gmt":"2016-02-18T02:37:33","guid":{"rendered":"http:\/\/desarrollo.mcvicious.com\/aero2020\/2016\/02\/18\/lufthansa-ha-pagado-112-millones-a-las-familias-de-la-tragedia-de-los-alpes\/"},"modified":"2016-02-18T02:37:33","modified_gmt":"2016-02-18T02:37:33","slug":"lufthansa-ha-pagado-112-millones-a-las-familias-de-la-tragedia-de-los-alpes","status":"publish","type":"post","link":"https:\/\/aeronoticias.com.pe\/noticiero\/mundo\/mundo-mundo-2\/lufthansa-ha-pagado-112-millones-a-las-familias-de-la-tragedia-de-los-alpes\/","title":{"rendered":"Lufthansa ha pagado 11,2 millones a las familias de la tragedia de los Alpes"},"content":{"rendered":"<p style=\"text-align: justify;\"><strong>(Aeronoticias)<\/strong>.-\u00a0El grupo Lufthansa ha pagado hasta el momento 11,2 millones de euros en indemnizaciones a los familiares de las v\u00edctimas del avi\u00f3n de Germanwings que el pasado marzo estrell\u00f3 su copiloto de forma intencionada contra los Alpes franceses.<\/p>\n<p style=\"text-align: justify;\">Seg\u00fan publica hoy el diario alem\u00e1n Rheinische Post citando fuentes de la aerol\u00ednea alemana, las familias de los 144 pasajeros han obtenido distintas compensaciones.<\/p>\n<p style=\"text-align: justify;\">As\u00ed, los familiares de todos los pasajeros, entre los que hab\u00eda decenas de espa\u00f1oles, recibieron poco despu\u00e9s del siniestro un total de 8 millones de euros, repartidos equitativamente, gracias a los denominados anticipos de ayuda urgente abonados poco despu\u00e9s de la tragedia.<\/p>\n<p style=\"text-align: justify;\">Adem\u00e1s, los familiares de los 66 pasajeros con residencia en Alemania han recibido un total de 6,2 millones de euros, seg\u00fan las compensaciones que marca el derecho alem\u00e1n.<\/p>\n<p style=\"text-align: justify;\">Los familiares de los seis miembros de la tripulaci\u00f3n, por su parte, contaban con un seguro de accidente y las compensaciones no est\u00e1n incluidas en este c\u00f3mputo.<\/p>\n<p style=\"text-align: justify;\">El diario a\u00f1ade que el grupo Lufthansa prev\u00e9 tener que abonar a\u00fan compensaciones millonarias a los familiares de las v\u00edctimas, aunque no ha realizado ninguna estimaci\u00f3n concreta porque no se han calculado a\u00fan los \u00abda\u00f1os materiales\u00bb a los damnificados.<\/p>\n<p style=\"text-align: justify;\">Adem\u00e1s, la aerol\u00ednea alemana est\u00e1 pendiente del proceso legal que se abri\u00f3 en Estados Unidos en su contra con el objetivo de reclamar indemnizaciones mayores, aprovechando que la ley all\u00ed establece compensaciones m\u00e1s elevadas.<\/p>\n<p style=\"text-align: justify;\">El 24 de marzo de 2015, Andreas Lubitz, copiloto de un avi\u00f3n de la compa\u00f1\u00eda de bajo coste Germanwings que cubr\u00eda la ruta entre Barcelona (Espa\u00f1a) y D\u00fcsseldorf (Alemania), estrell\u00f3 de forma intencionada el aparato con 150 personas a bordo contra los Alpes franceses.<\/p>\n<div style=\"text-align: justify;\">Fuente: <span style=\"text-decoration: underline;\"><em><strong>Aviaci\u00f3n al d\u00eda<\/strong><\/em><\/span>.<\/div>\n<div style=\"text-align: justify;\"><\/div>\n<div style=\"text-align: justify;\"><img decoding=\"async\" src=\"https:\/\/3.bp.blogspot.com\/-FclEeRNdXak\/VsTDnfr0jhI\/AAAAAAAAuYk\/UgS5riqMi5o\/s1600\/germanwings.png\" border=\"0\" \/><\/div>\n","protected":false},"excerpt":{"rendered":"<p>(Aeronoticias).-\u00a0El grupo Lufthansa ha pagado hasta el momento 11,2 millones de euros en indemnizaciones a los familiares de las v\u00edctimas del avi\u00f3n de Germanwings que el pasado marzo estrell\u00f3 su copiloto de forma intencionada contra los Alpes franceses. Seg\u00fan publica hoy el diario alem\u00e1n Rheinische Post citando fuentes de la aerol\u00ednea alemana, las familias de [&hellip;]<\/p>\n","protected":false},"author":1,"featured_media":0,"comment_status":"open","ping_status":"open","sticky":false,"template":"","format":"standard","meta":{"tdm_status":"","tdm_grid_status":"","footnotes":""},"categories":[65],"tags":[],"class_list":{"0":"post-54666","1":"post","2":"type-post","3":"status-publish","4":"format-standard","6":"category-mundo-mundo-2"},"yoast_head":"<!-- This site is optimized with the Yoast SEO plugin v25.1 - https:\/\/yoast.com\/wordpress\/plugins\/seo\/ -->\n<title>Lufthansa ha pagado 11,2 millones a las familias de la tragedia de los Alpes<\/title>\n<meta name=\"description\" content=\"Portal de noticias del Per\u00fa sobre el transporte a\u00e9reo, aviaci\u00f3n, turismo, hoteleria, actualidad.\" \/>\n<meta name=\"robots\" content=\"index, follow, max-snippet:-1, max-image-preview:large, max-video-preview:-1\" \/>\n<link rel=\"canonical\" href=\"https:\/\/aeronoticias.com.pe\/noticiero\/mundo\/mundo-mundo-2\/lufthansa-ha-pagado-112-millones-a-las-familias-de-la-tragedia-de-los-alpes\/\" \/>\n<meta property=\"og:locale\" content=\"es_ES\" \/>\n<meta property=\"og:type\" content=\"article\" \/>\n<meta property=\"og:title\" content=\"Lufthansa ha pagado 11,2 millones a las familias de la tragedia de los Alpes\" \/>\n<meta property=\"og:description\" content=\"Portal de noticias del Per\u00fa sobre el transporte a\u00e9reo, aviaci\u00f3n, turismo, hoteleria, actualidad.\" \/>\n<meta property=\"og:url\" content=\"https:\/\/aeronoticias.com.pe\/noticiero\/mundo\/mundo-mundo-2\/lufthansa-ha-pagado-112-millones-a-las-familias-de-la-tragedia-de-los-alpes\/\" \/>\n<meta property=\"og:site_name\" content=\"Aeronoticias.com.pe\" \/>\n<meta property=\"article:publisher\" content=\"https:\/\/www.facebook.com\/Aeronoticias.com.pe\/\" \/>\n<meta property=\"article:published_time\" content=\"2016-02-18T02:37:33+00:00\" \/>\n<meta property=\"og:image\" content=\"https:\/\/3.bp.blogspot.com\/-FclEeRNdXak\/VsTDnfr0jhI\/AAAAAAAAuYk\/UgS5riqMi5o\/s1600\/germanwings.png\" \/>\n<meta name=\"author\" content=\"Redacci\u00f3n Aeronoticias\" \/>\n<meta name=\"twitter:card\" content=\"summary_large_image\" \/>\n<meta name=\"twitter:creator\" content=\"@aeronoticias\" \/>\n<meta name=\"twitter:site\" content=\"@aeronoticias\" \/>\n<meta name=\"twitter:label1\" content=\"Escrito por\" \/>\n\t<meta name=\"twitter:data1\" content=\"Redacci\u00f3n Aeronoticias\" \/>\n\t<meta name=\"twitter:label2\" content=\"Tiempo de lectura\" \/>\n\t<meta name=\"twitter:data2\" content=\"2 minutos\" \/>\n<script type=\"application\/ld+json\" class=\"yoast-schema-graph\">{\"@context\":\"https:\/\/schema.org\",\"@graph\":[{\"@type\":\"WebPage\",\"@id\":\"https:\/\/aeronoticias.com.pe\/noticiero\/mundo\/mundo-mundo-2\/lufthansa-ha-pagado-112-millones-a-las-familias-de-la-tragedia-de-los-alpes\/\",\"url\":\"https:\/\/aeronoticias.com.pe\/noticiero\/mundo\/mundo-mundo-2\/lufthansa-ha-pagado-112-millones-a-las-familias-de-la-tragedia-de-los-alpes\/\",\"name\":\"Lufthansa ha pagado 11,2 millones a las familias de la tragedia de los Alpes\",\"isPartOf\":{\"@id\":\"https:\/\/aeronoticias.com.pe\/noticiero\/#website\"},\"primaryImageOfPage\":{\"@id\":\"https:\/\/aeronoticias.com.pe\/noticiero\/mundo\/mundo-mundo-2\/lufthansa-ha-pagado-112-millones-a-las-familias-de-la-tragedia-de-los-alpes\/#primaryimage\"},\"image\":{\"@id\":\"https:\/\/aeronoticias.com.pe\/noticiero\/mundo\/mundo-mundo-2\/lufthansa-ha-pagado-112-millones-a-las-familias-de-la-tragedia-de-los-alpes\/#primaryimage\"},\"thumbnailUrl\":\"https:\/\/3.bp.blogspot.com\/-FclEeRNdXak\/VsTDnfr0jhI\/AAAAAAAAuYk\/UgS5riqMi5o\/s1600\/germanwings.png\",\"datePublished\":\"2016-02-18T02:37:33+00:00\",\"author\":{\"@id\":\"https:\/\/aeronoticias.com.pe\/noticiero\/#\/schema\/person\/fc1e5d578f4b62ba1cf7ac2bba1170a0\"},\"description\":\"Portal de noticias del Per\u00fa sobre el transporte a\u00e9reo, aviaci\u00f3n, turismo, hoteleria, actualidad.\",\"breadcrumb\":{\"@id\":\"https:\/\/aeronoticias.com.pe\/noticiero\/mundo\/mundo-mundo-2\/lufthansa-ha-pagado-112-millones-a-las-familias-de-la-tragedia-de-los-alpes\/#breadcrumb\"},\"inLanguage\":\"es\",\"potentialAction\":[{\"@type\":\"ReadAction\",\"target\":[\"https:\/\/aeronoticias.com.pe\/noticiero\/mundo\/mundo-mundo-2\/lufthansa-ha-pagado-112-millones-a-las-familias-de-la-tragedia-de-los-alpes\/\"]}]},{\"@type\":\"ImageObject\",\"inLanguage\":\"es\",\"@id\":\"https:\/\/aeronoticias.com.pe\/noticiero\/mundo\/mundo-mundo-2\/lufthansa-ha-pagado-112-millones-a-las-familias-de-la-tragedia-de-los-alpes\/#primaryimage\",\"url\":\"https:\/\/3.bp.blogspot.com\/-FclEeRNdXak\/VsTDnfr0jhI\/AAAAAAAAuYk\/UgS5riqMi5o\/s1600\/germanwings.png\",\"contentUrl\":\"https:\/\/3.bp.blogspot.com\/-FclEeRNdXak\/VsTDnfr0jhI\/AAAAAAAAuYk\/UgS5riqMi5o\/s1600\/germanwings.png\"},{\"@type\":\"BreadcrumbList\",\"@id\":\"https:\/\/aeronoticias.com.pe\/noticiero\/mundo\/mundo-mundo-2\/lufthansa-ha-pagado-112-millones-a-las-familias-de-la-tragedia-de-los-alpes\/#breadcrumb\",\"itemListElement\":[{\"@type\":\"ListItem\",\"position\":1,\"name\":\"Portada\",\"item\":\"https:\/\/aeronoticias.com.pe\/noticiero\/\"},{\"@type\":\"ListItem\",\"position\":2,\"name\":\"Lufthansa ha pagado 11,2 millones a las familias de la tragedia de los Alpes\"}]},{\"@type\":\"WebSite\",\"@id\":\"https:\/\/aeronoticias.com.pe\/noticiero\/#website\",\"url\":\"https:\/\/aeronoticias.com.pe\/noticiero\/\",\"name\":\"Aeronoticias.com.pe\",\"description\":\"Noticias de tranporte aereo, turismo, hoteles, gastronomia, actualidad, internacional\",\"potentialAction\":[{\"@type\":\"SearchAction\",\"target\":{\"@type\":\"EntryPoint\",\"urlTemplate\":\"https:\/\/aeronoticias.com.pe\/noticiero\/?s={search_term_string}\"},\"query-input\":{\"@type\":\"PropertyValueSpecification\",\"valueRequired\":true,\"valueName\":\"search_term_string\"}}],\"inLanguage\":\"es\"},{\"@type\":\"Person\",\"@id\":\"https:\/\/aeronoticias.com.pe\/noticiero\/#\/schema\/person\/fc1e5d578f4b62ba1cf7ac2bba1170a0\",\"name\":\"Redacci\u00f3n Aeronoticias\",\"url\":\"https:\/\/aeronoticias.com.pe\/noticiero\/author\/piloto\/\"}]}<\/script>\n<!-- \/ Yoast SEO plugin. -->","yoast_head_json":{"title":"Lufthansa ha pagado 11,2 millones a las familias de la tragedia de los Alpes","description":"Portal de noticias del Per\u00fa sobre el transporte a\u00e9reo, aviaci\u00f3n, turismo, hoteleria, actualidad.","robots":{"index":"index","follow":"follow","max-snippet":"max-snippet:-1","max-image-preview":"max-image-preview:large","max-video-preview":"max-video-preview:-1"},"canonical":"https:\/\/aeronoticias.com.pe\/noticiero\/mundo\/mundo-mundo-2\/lufthansa-ha-pagado-112-millones-a-las-familias-de-la-tragedia-de-los-alpes\/","og_locale":"es_ES","og_type":"article","og_title":"Lufthansa ha pagado 11,2 millones a las familias de la tragedia de los Alpes","og_description":"Portal de noticias del Per\u00fa sobre el transporte a\u00e9reo, aviaci\u00f3n, turismo, hoteleria, actualidad.","og_url":"https:\/\/aeronoticias.com.pe\/noticiero\/mundo\/mundo-mundo-2\/lufthansa-ha-pagado-112-millones-a-las-familias-de-la-tragedia-de-los-alpes\/","og_site_name":"Aeronoticias.com.pe","article_publisher":"https:\/\/www.facebook.com\/Aeronoticias.com.pe\/","article_published_time":"2016-02-18T02:37:33+00:00","og_image":[{"url":"https:\/\/3.bp.blogspot.com\/-FclEeRNdXak\/VsTDnfr0jhI\/AAAAAAAAuYk\/UgS5riqMi5o\/s1600\/germanwings.png","type":"","width":"","height":""}],"author":"Redacci\u00f3n Aeronoticias","twitter_card":"summary_large_image","twitter_creator":"@aeronoticias","twitter_site":"@aeronoticias","twitter_misc":{"Escrito por":"Redacci\u00f3n Aeronoticias","Tiempo de lectura":"2 minutos"},"schema":{"@context":"https:\/\/schema.org","@graph":[{"@type":"WebPage","@id":"https:\/\/aeronoticias.com.pe\/noticiero\/mundo\/mundo-mundo-2\/lufthansa-ha-pagado-112-millones-a-las-familias-de-la-tragedia-de-los-alpes\/","url":"https:\/\/aeronoticias.com.pe\/noticiero\/mundo\/mundo-mundo-2\/lufthansa-ha-pagado-112-millones-a-las-familias-de-la-tragedia-de-los-alpes\/","name":"Lufthansa ha pagado 11,2 millones a las familias de la tragedia de los Alpes","isPartOf":{"@id":"https:\/\/aeronoticias.com.pe\/noticiero\/#website"},"primaryImageOfPage":{"@id":"https:\/\/aeronoticias.com.pe\/noticiero\/mundo\/mundo-mundo-2\/lufthansa-ha-pagado-112-millones-a-las-familias-de-la-tragedia-de-los-alpes\/#primaryimage"},"image":{"@id":"https:\/\/aeronoticias.com.pe\/noticiero\/mundo\/mundo-mundo-2\/lufthansa-ha-pagado-112-millones-a-las-familias-de-la-tragedia-de-los-alpes\/#primaryimage"},"thumbnailUrl":"https:\/\/3.bp.blogspot.com\/-FclEeRNdXak\/VsTDnfr0jhI\/AAAAAAAAuYk\/UgS5riqMi5o\/s1600\/germanwings.png","datePublished":"2016-02-18T02:37:33+00:00","author":{"@id":"https:\/\/aeronoticias.com.pe\/noticiero\/#\/schema\/person\/fc1e5d578f4b62ba1cf7ac2bba1170a0"},"description":"Portal de noticias del Per\u00fa sobre el transporte a\u00e9reo, aviaci\u00f3n, turismo, hoteleria, actualidad.","breadcrumb":{"@id":"https:\/\/aeronoticias.com.pe\/noticiero\/mundo\/mundo-mundo-2\/lufthansa-ha-pagado-112-millones-a-las-familias-de-la-tragedia-de-los-alpes\/#breadcrumb"},"inLanguage":"es","potentialAction":[{"@type":"ReadAction","target":["https:\/\/aeronoticias.com.pe\/noticiero\/mundo\/mundo-mundo-2\/lufthansa-ha-pagado-112-millones-a-las-familias-de-la-tragedia-de-los-alpes\/"]}]},{"@type":"ImageObject","inLanguage":"es","@id":"https:\/\/aeronoticias.com.pe\/noticiero\/mundo\/mundo-mundo-2\/lufthansa-ha-pagado-112-millones-a-las-familias-de-la-tragedia-de-los-alpes\/#primaryimage","url":"https:\/\/3.bp.blogspot.com\/-FclEeRNdXak\/VsTDnfr0jhI\/AAAAAAAAuYk\/UgS5riqMi5o\/s1600\/germanwings.png","contentUrl":"https:\/\/3.bp.blogspot.com\/-FclEeRNdXak\/VsTDnfr0jhI\/AAAAAAAAuYk\/UgS5riqMi5o\/s1600\/germanwings.png"},{"@type":"BreadcrumbList","@id":"https:\/\/aeronoticias.com.pe\/noticiero\/mundo\/mundo-mundo-2\/lufthansa-ha-pagado-112-millones-a-las-familias-de-la-tragedia-de-los-alpes\/#breadcrumb","itemListElement":[{"@type":"ListItem","position":1,"name":"Portada","item":"https:\/\/aeronoticias.com.pe\/noticiero\/"},{"@type":"ListItem","position":2,"name":"Lufthansa ha pagado 11,2 millones a las familias de la tragedia de los Alpes"}]},{"@type":"WebSite","@id":"https:\/\/aeronoticias.com.pe\/noticiero\/#website","url":"https:\/\/aeronoticias.com.pe\/noticiero\/","name":"Aeronoticias.com.pe","description":"Noticias de tranporte aereo, turismo, hoteles, gastronomia, actualidad, internacional","potentialAction":[{"@type":"SearchAction","target":{"@type":"EntryPoint","urlTemplate":"https:\/\/aeronoticias.com.pe\/noticiero\/?s={search_term_string}"},"query-input":{"@type":"PropertyValueSpecification","valueRequired":true,"valueName":"search_term_string"}}],"inLanguage":"es"},{"@type":"Person","@id":"https:\/\/aeronoticias.com.pe\/noticiero\/#\/schema\/person\/fc1e5d578f4b62ba1cf7ac2bba1170a0","name":"Redacci\u00f3n Aeronoticias","url":"https:\/\/aeronoticias.com.pe\/noticiero\/author\/piloto\/"}]}},"_links":{"self":[{"href":"https:\/\/aeronoticias.com.pe\/noticiero\/wp-json\/wp\/v2\/posts\/54666","targetHints":{"allow":["GET"]}}],"collection":[{"href":"https:\/\/aeronoticias.com.pe\/noticiero\/wp-json\/wp\/v2\/posts"}],"about":[{"href":"https:\/\/aeronoticias.com.pe\/noticiero\/wp-json\/wp\/v2\/types\/post"}],"author":[{"embeddable":true,"href":"https:\/\/aeronoticias.com.pe\/noticiero\/wp-json\/wp\/v2\/users\/1"}],"replies":[{"embeddable":true,"href":"https:\/\/aeronoticias.com.pe\/noticiero\/wp-json\/wp\/v2\/comments?post=54666"}],"version-history":[{"count":0,"href":"https:\/\/aeronoticias.com.pe\/noticiero\/wp-json\/wp\/v2\/posts\/54666\/revisions"}],"wp:attachment":[{"href":"https:\/\/aeronoticias.com.pe\/noticiero\/wp-json\/wp\/v2\/media?parent=54666"}],"wp:term":[{"taxonomy":"category","embeddable":true,"href":"https:\/\/aeronoticias.com.pe\/noticiero\/wp-json\/wp\/v2\/categories?post=54666"},{"taxonomy":"post_tag","embeddable":true,"href":"https:\/\/aeronoticias.com.pe\/noticiero\/wp-json\/wp\/v2\/tags?post=54666"}],"curies":[{"name":"wp","href":"https:\/\/api.w.org\/{rel}","templated":true}]}}