{"id":54671,"date":"2016-02-18T02:48:08","date_gmt":"2016-02-18T02:48:08","guid":{"rendered":"http:\/\/desarrollo.mcvicious.com\/aero2020\/2016\/02\/18\/5-claves-del-caso-de-julio-guzman-ante-el-jne-y-lo-que-sigue\/"},"modified":"2016-02-18T02:48:08","modified_gmt":"2016-02-18T02:48:08","slug":"5-claves-del-caso-de-julio-guzman-ante-el-jne-y-lo-que-sigue","status":"publish","type":"post","link":"https:\/\/aeronoticias.com.pe\/noticiero\/politica\/5-claves-del-caso-de-julio-guzman-ante-el-jne-y-lo-que-sigue\/","title":{"rendered":"5 claves del caso de Julio Guzm\u00e1n ante el JNE y lo que sigue"},"content":{"rendered":"<p style=\"text-align: justify;\"><strong>(Aeronoticias)<\/strong>.-\u00a0El Jurado Nacional de Elecciones (JNE) rechaz\u00f3 ayer los cambios en las normas internas de Todos por el Per\u00fa, partido con el que Julio Guzm\u00e1n postula a la presidencia.<\/p>\n<p style=\"text-align: justify;\">El fallo del pleno del JNE, aprobado por mayor\u00eda, podr\u00eda complicar la postulaci\u00f3n de Guzm\u00e1n. Ser\u00e1 el Jurado Electoral Especial (JEE) Lima Centro 1 el que determine si \u00e9l sigue en la carrera presidencial.<\/p>\n<p style=\"text-align: justify;\">Aqu\u00ed presentamos cinco claves para entender c\u00f3mo el partido de Julio Guzm\u00e1n lleg\u00f3 a esta situaci\u00f3n y cu\u00e1les son los posibles escenarios posteriores.<\/p>\n<p style=\"text-align: justify;\"><strong>1. \u00bfC\u00f3mo empez\u00f3 el problema de Todos por el Per\u00fa? <\/strong><\/p>\n<p style=\"text-align: justify;\">En diciembre pasado, cuando se venc\u00eda el plazo para elegir a las planchas presidenciales, Todos por el Per\u00fa (TPP) solicit\u00f3 a la direcci\u00f3n nacional del Registro de Organizaciones Pol\u00edticas (ROP) la inscripci\u00f3n de cambios del estatuto, del s\u00edmbolo, del Comit\u00e9 Ejecutivo Nacional y del Tribunal Nacional Electoral del partido.<\/p>\n<p style=\"text-align: justify;\">En resoluciones del 14 y el 28 de enero, el ROP declar\u00f3 improcedentes los pedidos por vicios con el qu\u00f3rum y la convocatoria de la asamblea en la que se aprob\u00f3 el estatuto. El partido de Julio Guzm\u00e1n apel\u00f3 dicha decisi\u00f3n ante el Jurado Nacional de Elecciones (JNE). El JNE acumul\u00f3 las solicitudes y ayer confirm\u00f3 lo resuelto por el ROP.<\/p>\n<p style=\"text-align: justify;\"><strong>2. \u00bfLa resoluci\u00f3n del Jurado Nacional de Elecciones (JNE) de ayer puede ser apelada por TPP? <\/strong><\/p>\n<p style=\"text-align: justify;\">Ante el fallo del JNE solo procede interponer un recurso de revisi\u00f3n extraordinario ante el propio pleno del \u00f3rgano electoral. No obstante, este recurso solo procede cuando se ha vulnerado el debido proceso. Es decir, se debe demostrar que el ente electoral ha cometido vicios procesales, no se pueden revisar temas de fondo. La presentaci\u00f3n de este recurso no suspende los efectos de la resoluci\u00f3n del JNE.<\/p>\n<p style=\"text-align: justify;\"><strong>3. Si el recurso de revisi\u00f3n es improcedente o infundado, \u00bfprocede un recurso de amparo? <\/strong><\/p>\n<p style=\"text-align: justify;\">De acuerdo con el constitucionalista Enrique Bernales, s\u00ed es posible interponer un recurso de amparo ante el Poder Judicial. Sin embargo, se\u00f1ala que las decisiones del JNE son definitivas y no revisables.<\/p>\n<p style=\"text-align: justify;\">Al respecto, precisa que ni el Poder Judicial ni el Tribunal Constitucional (TC) \u2013en caso de que se interponga un recurso de agravio\u2013 pueden ver temas de fondo en materia electoral. El amparo solo podr\u00eda pronunciarse sobre la conducta de los miembros del JNE. \u201cNo tiene capacidad para variar la sentencia\u201d, indic\u00f3 Bernales.<\/p>\n<p style=\"text-align: justify;\"><strong>4. \u00bfEl Jurado Electoral Especial Lima Centro 1 tiene que acatar obligatoriamente la resoluci\u00f3n del pleno? <\/strong><\/p>\n<p style=\"text-align: justify;\">Seg\u00fan el experto en temas electorales Diethell Columbus, el Jurado Electoral Especial Lima Centro 1 (JEE), que es el \u00f3rgano responsable de aceptar o rechazar las planchas presidenciales, no podr\u00eda apartarse de lo resuelto por el JNE ayer y debe declarar improcedente la inscripci\u00f3n de la plancha presidencial del partido de Julio Guzm\u00e1n. No obstante, esta decisi\u00f3n puede ser apelada ante el pleno del JNE.<\/p>\n<p style=\"text-align: justify;\"><strong>5. \u00bfEn qu\u00e9 momento se resolver\u00e1 definitivamente si se inscribe o no la plancha de Todos por el Per\u00fa? <\/strong><\/p>\n<p style=\"text-align: justify;\">Para Columbus, hay dos posibilidades. Si el JNE modifica el criterio adoptado en la resoluci\u00f3n de ayer y determina (al resolver una apelaci\u00f3n de TPP al fallo del JEE que eventualmente rechace la inscripci\u00f3n de la plancha morada) que s\u00ed procede el registro de la misma, el caso terminar\u00eda ah\u00ed, siempre y cuando ning\u00fan partido o ciudadano presente una tacha.<\/p>\n<p style=\"text-align: justify;\">En el supuesto de que el JNE declare finalmente improcedente la inscripci\u00f3n de la plancha de TPP, el partido de Julio Guzm\u00e1n podr\u00eda interponer un nuevo recurso de revisi\u00f3n y posteriormente un nuevo recurso de amparo. Sin embargo, los jueces no se podr\u00edan pronunciar sobre el fondo. Seg\u00fan los especialistas consultados, no hay un plazo m\u00e1ximo definido para resolver este caso, pero agregan que deber\u00eda concluir antes de que se impriman las c\u00e9dulas de votaci\u00f3n.<\/p>\n<p style=\"text-align: justify;\">Fuente: <span style=\"text-decoration: underline;\"><em><strong>El Comercio<\/strong><\/em><\/span>.<\/p>\n<p><img decoding=\"async\" src=\"http:\/\/cde.3.elcomercio.pe\/ima\/0\/1\/3\/1\/6\/1316520\/base_image.jpg\" border=\"0\" alt=\"5 claves del caso de Julio Guzm\u00e1n ante el JNE y lo que sigue\" \/><\/p>\n","protected":false},"excerpt":{"rendered":"<p>(Aeronoticias).-\u00a0El Jurado Nacional de Elecciones (JNE) rechaz\u00f3 ayer los cambios en las normas internas de Todos por el Per\u00fa, partido con el que Julio Guzm\u00e1n postula a la presidencia. El fallo del pleno del JNE, aprobado por mayor\u00eda, podr\u00eda complicar la postulaci\u00f3n de Guzm\u00e1n. Ser\u00e1 el Jurado Electoral Especial (JEE) Lima Centro 1 el que [&hellip;]<\/p>\n","protected":false},"author":1,"featured_media":0,"comment_status":"open","ping_status":"open","sticky":false,"template":"","format":"standard","meta":{"tdm_status":"","tdm_grid_status":"","footnotes":""},"categories":[36],"tags":[],"class_list":{"0":"post-54671","1":"post","2":"type-post","3":"status-publish","4":"format-standard","6":"category-politica"},"yoast_head":"<!-- This site is optimized with the Yoast SEO plugin v25.1 - https:\/\/yoast.com\/wordpress\/plugins\/seo\/ -->\n<title>5 claves del caso de Julio Guzm\u00e1n ante el JNE y lo que sigue<\/title>\n<meta name=\"description\" content=\"Portal de noticias del Per\u00fa sobre el transporte a\u00e9reo, aviaci\u00f3n, turismo, hoteleria, actualidad.\" \/>\n<meta name=\"robots\" content=\"index, follow, max-snippet:-1, max-image-preview:large, max-video-preview:-1\" \/>\n<link rel=\"canonical\" href=\"https:\/\/aeronoticias.com.pe\/noticiero\/politica\/5-claves-del-caso-de-julio-guzman-ante-el-jne-y-lo-que-sigue\/\" \/>\n<meta property=\"og:locale\" content=\"es_ES\" \/>\n<meta property=\"og:type\" content=\"article\" \/>\n<meta property=\"og:title\" content=\"5 claves del caso de Julio Guzm\u00e1n ante el JNE y lo que sigue\" \/>\n<meta property=\"og:description\" content=\"Portal de noticias del Per\u00fa sobre el transporte a\u00e9reo, aviaci\u00f3n, turismo, hoteleria, actualidad.\" \/>\n<meta property=\"og:url\" content=\"https:\/\/aeronoticias.com.pe\/noticiero\/politica\/5-claves-del-caso-de-julio-guzman-ante-el-jne-y-lo-que-sigue\/\" \/>\n<meta property=\"og:site_name\" content=\"Aeronoticias.com.pe\" \/>\n<meta property=\"article:publisher\" content=\"https:\/\/www.facebook.com\/Aeronoticias.com.pe\/\" \/>\n<meta property=\"article:published_time\" content=\"2016-02-18T02:48:08+00:00\" \/>\n<meta property=\"og:image\" content=\"http:\/\/cde.3.elcomercio.pe\/ima\/0\/1\/3\/1\/6\/1316520\/base_image.jpg\" \/>\n<meta name=\"author\" content=\"Redacci\u00f3n Aeronoticias\" \/>\n<meta name=\"twitter:card\" content=\"summary_large_image\" \/>\n<meta name=\"twitter:creator\" content=\"@aeronoticias\" \/>\n<meta name=\"twitter:site\" content=\"@aeronoticias\" \/>\n<meta name=\"twitter:label1\" content=\"Escrito por\" \/>\n\t<meta name=\"twitter:data1\" content=\"Redacci\u00f3n Aeronoticias\" \/>\n\t<meta name=\"twitter:label2\" content=\"Tiempo de lectura\" \/>\n\t<meta name=\"twitter:data2\" content=\"3 minutos\" \/>\n<script type=\"application\/ld+json\" class=\"yoast-schema-graph\">{\"@context\":\"https:\/\/schema.org\",\"@graph\":[{\"@type\":\"WebPage\",\"@id\":\"https:\/\/aeronoticias.com.pe\/noticiero\/politica\/5-claves-del-caso-de-julio-guzman-ante-el-jne-y-lo-que-sigue\/\",\"url\":\"https:\/\/aeronoticias.com.pe\/noticiero\/politica\/5-claves-del-caso-de-julio-guzman-ante-el-jne-y-lo-que-sigue\/\",\"name\":\"5 claves del caso de Julio Guzm\u00e1n ante el JNE y lo que sigue\",\"isPartOf\":{\"@id\":\"https:\/\/aeronoticias.com.pe\/noticiero\/#website\"},\"primaryImageOfPage\":{\"@id\":\"https:\/\/aeronoticias.com.pe\/noticiero\/politica\/5-claves-del-caso-de-julio-guzman-ante-el-jne-y-lo-que-sigue\/#primaryimage\"},\"image\":{\"@id\":\"https:\/\/aeronoticias.com.pe\/noticiero\/politica\/5-claves-del-caso-de-julio-guzman-ante-el-jne-y-lo-que-sigue\/#primaryimage\"},\"thumbnailUrl\":\"http:\/\/cde.3.elcomercio.pe\/ima\/0\/1\/3\/1\/6\/1316520\/base_image.jpg\",\"datePublished\":\"2016-02-18T02:48:08+00:00\",\"author\":{\"@id\":\"https:\/\/aeronoticias.com.pe\/noticiero\/#\/schema\/person\/fc1e5d578f4b62ba1cf7ac2bba1170a0\"},\"description\":\"Portal de noticias del Per\u00fa sobre el transporte a\u00e9reo, aviaci\u00f3n, turismo, hoteleria, actualidad.\",\"breadcrumb\":{\"@id\":\"https:\/\/aeronoticias.com.pe\/noticiero\/politica\/5-claves-del-caso-de-julio-guzman-ante-el-jne-y-lo-que-sigue\/#breadcrumb\"},\"inLanguage\":\"es\",\"potentialAction\":[{\"@type\":\"ReadAction\",\"target\":[\"https:\/\/aeronoticias.com.pe\/noticiero\/politica\/5-claves-del-caso-de-julio-guzman-ante-el-jne-y-lo-que-sigue\/\"]}]},{\"@type\":\"ImageObject\",\"inLanguage\":\"es\",\"@id\":\"https:\/\/aeronoticias.com.pe\/noticiero\/politica\/5-claves-del-caso-de-julio-guzman-ante-el-jne-y-lo-que-sigue\/#primaryimage\",\"url\":\"http:\/\/cde.3.elcomercio.pe\/ima\/0\/1\/3\/1\/6\/1316520\/base_image.jpg\",\"contentUrl\":\"http:\/\/cde.3.elcomercio.pe\/ima\/0\/1\/3\/1\/6\/1316520\/base_image.jpg\"},{\"@type\":\"BreadcrumbList\",\"@id\":\"https:\/\/aeronoticias.com.pe\/noticiero\/politica\/5-claves-del-caso-de-julio-guzman-ante-el-jne-y-lo-que-sigue\/#breadcrumb\",\"itemListElement\":[{\"@type\":\"ListItem\",\"position\":1,\"name\":\"Portada\",\"item\":\"https:\/\/aeronoticias.com.pe\/noticiero\/\"},{\"@type\":\"ListItem\",\"position\":2,\"name\":\"5 claves del caso de Julio Guzm\u00e1n ante el JNE y lo que sigue\"}]},{\"@type\":\"WebSite\",\"@id\":\"https:\/\/aeronoticias.com.pe\/noticiero\/#website\",\"url\":\"https:\/\/aeronoticias.com.pe\/noticiero\/\",\"name\":\"Aeronoticias.com.pe\",\"description\":\"Noticias de tranporte aereo, turismo, hoteles, gastronomia, actualidad, internacional\",\"potentialAction\":[{\"@type\":\"SearchAction\",\"target\":{\"@type\":\"EntryPoint\",\"urlTemplate\":\"https:\/\/aeronoticias.com.pe\/noticiero\/?s={search_term_string}\"},\"query-input\":{\"@type\":\"PropertyValueSpecification\",\"valueRequired\":true,\"valueName\":\"search_term_string\"}}],\"inLanguage\":\"es\"},{\"@type\":\"Person\",\"@id\":\"https:\/\/aeronoticias.com.pe\/noticiero\/#\/schema\/person\/fc1e5d578f4b62ba1cf7ac2bba1170a0\",\"name\":\"Redacci\u00f3n Aeronoticias\",\"url\":\"https:\/\/aeronoticias.com.pe\/noticiero\/author\/piloto\/\"}]}<\/script>\n<!-- \/ Yoast SEO plugin. -->","yoast_head_json":{"title":"5 claves del caso de Julio Guzm\u00e1n ante el JNE y lo que sigue","description":"Portal de noticias del Per\u00fa sobre el transporte a\u00e9reo, aviaci\u00f3n, turismo, hoteleria, actualidad.","robots":{"index":"index","follow":"follow","max-snippet":"max-snippet:-1","max-image-preview":"max-image-preview:large","max-video-preview":"max-video-preview:-1"},"canonical":"https:\/\/aeronoticias.com.pe\/noticiero\/politica\/5-claves-del-caso-de-julio-guzman-ante-el-jne-y-lo-que-sigue\/","og_locale":"es_ES","og_type":"article","og_title":"5 claves del caso de Julio Guzm\u00e1n ante el JNE y lo que sigue","og_description":"Portal de noticias del Per\u00fa sobre el transporte a\u00e9reo, aviaci\u00f3n, turismo, hoteleria, actualidad.","og_url":"https:\/\/aeronoticias.com.pe\/noticiero\/politica\/5-claves-del-caso-de-julio-guzman-ante-el-jne-y-lo-que-sigue\/","og_site_name":"Aeronoticias.com.pe","article_publisher":"https:\/\/www.facebook.com\/Aeronoticias.com.pe\/","article_published_time":"2016-02-18T02:48:08+00:00","og_image":[{"url":"http:\/\/cde.3.elcomercio.pe\/ima\/0\/1\/3\/1\/6\/1316520\/base_image.jpg","type":"","width":"","height":""}],"author":"Redacci\u00f3n Aeronoticias","twitter_card":"summary_large_image","twitter_creator":"@aeronoticias","twitter_site":"@aeronoticias","twitter_misc":{"Escrito por":"Redacci\u00f3n Aeronoticias","Tiempo de lectura":"3 minutos"},"schema":{"@context":"https:\/\/schema.org","@graph":[{"@type":"WebPage","@id":"https:\/\/aeronoticias.com.pe\/noticiero\/politica\/5-claves-del-caso-de-julio-guzman-ante-el-jne-y-lo-que-sigue\/","url":"https:\/\/aeronoticias.com.pe\/noticiero\/politica\/5-claves-del-caso-de-julio-guzman-ante-el-jne-y-lo-que-sigue\/","name":"5 claves del caso de Julio Guzm\u00e1n ante el JNE y lo que sigue","isPartOf":{"@id":"https:\/\/aeronoticias.com.pe\/noticiero\/#website"},"primaryImageOfPage":{"@id":"https:\/\/aeronoticias.com.pe\/noticiero\/politica\/5-claves-del-caso-de-julio-guzman-ante-el-jne-y-lo-que-sigue\/#primaryimage"},"image":{"@id":"https:\/\/aeronoticias.com.pe\/noticiero\/politica\/5-claves-del-caso-de-julio-guzman-ante-el-jne-y-lo-que-sigue\/#primaryimage"},"thumbnailUrl":"http:\/\/cde.3.elcomercio.pe\/ima\/0\/1\/3\/1\/6\/1316520\/base_image.jpg","datePublished":"2016-02-18T02:48:08+00:00","author":{"@id":"https:\/\/aeronoticias.com.pe\/noticiero\/#\/schema\/person\/fc1e5d578f4b62ba1cf7ac2bba1170a0"},"description":"Portal de noticias del Per\u00fa sobre el transporte a\u00e9reo, aviaci\u00f3n, turismo, hoteleria, actualidad.","breadcrumb":{"@id":"https:\/\/aeronoticias.com.pe\/noticiero\/politica\/5-claves-del-caso-de-julio-guzman-ante-el-jne-y-lo-que-sigue\/#breadcrumb"},"inLanguage":"es","potentialAction":[{"@type":"ReadAction","target":["https:\/\/aeronoticias.com.pe\/noticiero\/politica\/5-claves-del-caso-de-julio-guzman-ante-el-jne-y-lo-que-sigue\/"]}]},{"@type":"ImageObject","inLanguage":"es","@id":"https:\/\/aeronoticias.com.pe\/noticiero\/politica\/5-claves-del-caso-de-julio-guzman-ante-el-jne-y-lo-que-sigue\/#primaryimage","url":"http:\/\/cde.3.elcomercio.pe\/ima\/0\/1\/3\/1\/6\/1316520\/base_image.jpg","contentUrl":"http:\/\/cde.3.elcomercio.pe\/ima\/0\/1\/3\/1\/6\/1316520\/base_image.jpg"},{"@type":"BreadcrumbList","@id":"https:\/\/aeronoticias.com.pe\/noticiero\/politica\/5-claves-del-caso-de-julio-guzman-ante-el-jne-y-lo-que-sigue\/#breadcrumb","itemListElement":[{"@type":"ListItem","position":1,"name":"Portada","item":"https:\/\/aeronoticias.com.pe\/noticiero\/"},{"@type":"ListItem","position":2,"name":"5 claves del caso de Julio Guzm\u00e1n ante el JNE y lo que sigue"}]},{"@type":"WebSite","@id":"https:\/\/aeronoticias.com.pe\/noticiero\/#website","url":"https:\/\/aeronoticias.com.pe\/noticiero\/","name":"Aeronoticias.com.pe","description":"Noticias de tranporte aereo, turismo, hoteles, gastronomia, actualidad, internacional","potentialAction":[{"@type":"SearchAction","target":{"@type":"EntryPoint","urlTemplate":"https:\/\/aeronoticias.com.pe\/noticiero\/?s={search_term_string}"},"query-input":{"@type":"PropertyValueSpecification","valueRequired":true,"valueName":"search_term_string"}}],"inLanguage":"es"},{"@type":"Person","@id":"https:\/\/aeronoticias.com.pe\/noticiero\/#\/schema\/person\/fc1e5d578f4b62ba1cf7ac2bba1170a0","name":"Redacci\u00f3n Aeronoticias","url":"https:\/\/aeronoticias.com.pe\/noticiero\/author\/piloto\/"}]}},"_links":{"self":[{"href":"https:\/\/aeronoticias.com.pe\/noticiero\/wp-json\/wp\/v2\/posts\/54671","targetHints":{"allow":["GET"]}}],"collection":[{"href":"https:\/\/aeronoticias.com.pe\/noticiero\/wp-json\/wp\/v2\/posts"}],"about":[{"href":"https:\/\/aeronoticias.com.pe\/noticiero\/wp-json\/wp\/v2\/types\/post"}],"author":[{"embeddable":true,"href":"https:\/\/aeronoticias.com.pe\/noticiero\/wp-json\/wp\/v2\/users\/1"}],"replies":[{"embeddable":true,"href":"https:\/\/aeronoticias.com.pe\/noticiero\/wp-json\/wp\/v2\/comments?post=54671"}],"version-history":[{"count":0,"href":"https:\/\/aeronoticias.com.pe\/noticiero\/wp-json\/wp\/v2\/posts\/54671\/revisions"}],"wp:attachment":[{"href":"https:\/\/aeronoticias.com.pe\/noticiero\/wp-json\/wp\/v2\/media?parent=54671"}],"wp:term":[{"taxonomy":"category","embeddable":true,"href":"https:\/\/aeronoticias.com.pe\/noticiero\/wp-json\/wp\/v2\/categories?post=54671"},{"taxonomy":"post_tag","embeddable":true,"href":"https:\/\/aeronoticias.com.pe\/noticiero\/wp-json\/wp\/v2\/tags?post=54671"}],"curies":[{"name":"wp","href":"https:\/\/api.w.org\/{rel}","templated":true}]}}