{"id":54673,"date":"2016-02-18T02:54:34","date_gmt":"2016-02-18T02:54:34","guid":{"rendered":"http:\/\/desarrollo.mcvicious.com\/aero2020\/2016\/02\/18\/derrame-de-petroleo-no-aparece-en-el-debate-electoral\/"},"modified":"2016-02-18T02:54:34","modified_gmt":"2016-02-18T02:54:34","slug":"derrame-de-petroleo-no-aparece-en-el-debate-electoral","status":"publish","type":"post","link":"https:\/\/aeronoticias.com.pe\/noticiero\/nacionales\/derrame-de-petroleo-no-aparece-en-el-debate-electoral\/","title":{"rendered":"Derrame de petr\u00f3leo no aparece en el debate electoral"},"content":{"rendered":"<p><strong>(Aeronoticias)<\/strong>.-\u00a0Petro-Per\u00fa es la empresa m\u00e1s grande del pa\u00eds y representa la presencia estatal en un sector estrat\u00e9gico, sin embargo sus p\u00e9rdidas anuales ascienden a cerca de S\/95\u2019000.000. Y aunque la discusi\u00f3n sobre el rol de su administraci\u00f3n es casi constante, son pocos los partidos pol\u00edticos en carrera a la presidencia que se ocupan del futuro de la entidad.<\/p>\n<p>Fuerza Popular, el partido de Keiko Fujimori, propone \u201creforzar el gobierno corporativo de Petro-Per\u00fa, dot\u00e1ndolo de un directorio de personalidades independientes [&#8230;] todo lo cual redunde en un servicio muy eficiente a los consumidores peruanos\u201d. La \u00faltima vez que la candidata se hab\u00eda referido a Petro-Per\u00fa fue a fines de agosto del 2015, cuando diversas organizaciones de Loreto protestaban para exigir que el lote 192 est\u00e9 en mano de la empresa estatal. \u201cNosotros consideramos que Petro-Per\u00fa, solo o asociado, puede recibir la administraci\u00f3n del lote 192. [&#8230;] Fuerza Popular respalda que el lote 192 pase a manos de Petro-Per\u00fa\u201d, dijo aquella vez.<\/p>\n<p>Peruanos por el Kambio propone una \u201cevaluaci\u00f3n y modificaci\u00f3n de la normativa actual con el fin de desarrollar el reordenamiento institucional y la modernizaci\u00f3n integral de Petro-Per\u00fa\u201d. El partido de Pedro Pablo Kuczynski plantea \u201cimplementar la reestructuraci\u00f3n organizacional y potenciar la contrataci\u00f3n de personal altamente calificado\u201d.<\/p>\n<p>En los d\u00edas posteriores a la protesta en Loreto, el ahora candidato opin\u00f3 a favor de que Petro-Per\u00fa intervenga en la explotaci\u00f3n del lote, pero con participantes externos.<\/p>\n<p>\u201cEn muchos contratos en todo el mundo hay un operador y uno o m\u00e1s participantes\u201d, manifest\u00f3.<\/p>\n<p><strong>No saben, no opinan<\/strong><\/p>\n<p>Todos por el Per\u00fa, Alianza para el Progreso, Alianza Popular, el Frente Amplio, Acci\u00f3n Popular no mencionan a Petro-Per\u00fa en sus planes de gobierno. Sin embargo, sus l\u00edderes s\u00ed lo han hecho en los \u00faltimos meses.<\/p>\n<p>En diciembre pasado, un periodista de El Comercio pregunt\u00f3 a Julio Guzm\u00e1n si estaba de acuerdo con la decisi\u00f3n del Congreso de dar a Petro-Per\u00fa el lote 192, y su respuesta fue tajante: \u201cNo, porque son decisiones populistas\u201d.<\/p>\n<p>Alan Garc\u00eda, en abril del 2013, fue muy cr\u00edtico del Decreto Supremo 012-2013-EM, que reglamenta el fortalecimiento de Petro-Per\u00fa, y dijo que era una fachada para impulsar la compra de Repsol por parte de la estatal. \u201cEl decreto supremo Repsol es inconstitucional, cambia leyes, evade licitaci\u00f3n y excluye al Congreso. Es colusi\u00f3n y chavismo puro\u201d, dijo Garc\u00eda en Twitter. En su plan de gobierno no menciona a Petro-Per\u00fa.<\/p>\n<p>Fuente: <span style=\"text-decoration: underline;\"><em><strong>El Comercio<\/strong><\/em><\/span>.<\/p>\n<p><img decoding=\"async\" src=\"http:\/\/cde.3.elcomercio.pe\/ima\/0\/1\/3\/1\/6\/1316508\/base_image.jpg\" border=\"0\" alt=\"Derrame de petr\u00f3leo no aparece en el debate electoral\" \/><\/p>\n","protected":false},"excerpt":{"rendered":"<p>(Aeronoticias).-\u00a0Petro-Per\u00fa es la empresa m\u00e1s grande del pa\u00eds y representa la presencia estatal en un sector estrat\u00e9gico, sin embargo sus p\u00e9rdidas anuales ascienden a cerca de S\/95\u2019000.000. Y aunque la discusi\u00f3n sobre el rol de su administraci\u00f3n es casi constante, son pocos los partidos pol\u00edticos en carrera a la presidencia que se ocupan del futuro [&hellip;]<\/p>\n","protected":false},"author":1,"featured_media":0,"comment_status":"open","ping_status":"open","sticky":false,"template":"","format":"standard","meta":{"tdm_status":"","tdm_grid_status":"","footnotes":""},"categories":[38],"tags":[],"class_list":{"0":"post-54673","1":"post","2":"type-post","3":"status-publish","4":"format-standard","6":"category-nacionales"},"yoast_head":"<!-- This site is optimized with the Yoast SEO plugin v25.1 - https:\/\/yoast.com\/wordpress\/plugins\/seo\/ -->\n<title>Derrame de petr\u00f3leo no aparece en el debate electoral<\/title>\n<meta name=\"description\" content=\"Portal de noticias del Per\u00fa sobre el transporte a\u00e9reo, aviaci\u00f3n, turismo, hoteleria, actualidad.\" \/>\n<meta name=\"robots\" content=\"index, follow, max-snippet:-1, max-image-preview:large, max-video-preview:-1\" \/>\n<link rel=\"canonical\" href=\"https:\/\/aeronoticias.com.pe\/noticiero\/nacionales\/derrame-de-petroleo-no-aparece-en-el-debate-electoral\/\" \/>\n<meta property=\"og:locale\" content=\"es_ES\" \/>\n<meta property=\"og:type\" content=\"article\" \/>\n<meta property=\"og:title\" content=\"Derrame de petr\u00f3leo no aparece en el debate electoral\" \/>\n<meta property=\"og:description\" content=\"Portal de noticias del Per\u00fa sobre el transporte a\u00e9reo, aviaci\u00f3n, turismo, hoteleria, actualidad.\" \/>\n<meta property=\"og:url\" content=\"https:\/\/aeronoticias.com.pe\/noticiero\/nacionales\/derrame-de-petroleo-no-aparece-en-el-debate-electoral\/\" \/>\n<meta property=\"og:site_name\" content=\"Aeronoticias.com.pe\" \/>\n<meta property=\"article:publisher\" content=\"https:\/\/www.facebook.com\/Aeronoticias.com.pe\/\" \/>\n<meta property=\"article:published_time\" content=\"2016-02-18T02:54:34+00:00\" \/>\n<meta property=\"og:image\" content=\"http:\/\/cde.3.elcomercio.pe\/ima\/0\/1\/3\/1\/6\/1316508\/base_image.jpg\" \/>\n<meta name=\"author\" content=\"Redacci\u00f3n Aeronoticias\" \/>\n<meta name=\"twitter:card\" content=\"summary_large_image\" \/>\n<meta name=\"twitter:creator\" content=\"@aeronoticias\" \/>\n<meta name=\"twitter:site\" content=\"@aeronoticias\" \/>\n<meta name=\"twitter:label1\" content=\"Escrito por\" \/>\n\t<meta name=\"twitter:data1\" content=\"Redacci\u00f3n Aeronoticias\" \/>\n\t<meta name=\"twitter:label2\" content=\"Tiempo de lectura\" \/>\n\t<meta name=\"twitter:data2\" content=\"2 minutos\" \/>\n<script type=\"application\/ld+json\" class=\"yoast-schema-graph\">{\"@context\":\"https:\/\/schema.org\",\"@graph\":[{\"@type\":\"WebPage\",\"@id\":\"https:\/\/aeronoticias.com.pe\/noticiero\/nacionales\/derrame-de-petroleo-no-aparece-en-el-debate-electoral\/\",\"url\":\"https:\/\/aeronoticias.com.pe\/noticiero\/nacionales\/derrame-de-petroleo-no-aparece-en-el-debate-electoral\/\",\"name\":\"Derrame de petr\u00f3leo no aparece en el debate electoral\",\"isPartOf\":{\"@id\":\"https:\/\/aeronoticias.com.pe\/noticiero\/#website\"},\"primaryImageOfPage\":{\"@id\":\"https:\/\/aeronoticias.com.pe\/noticiero\/nacionales\/derrame-de-petroleo-no-aparece-en-el-debate-electoral\/#primaryimage\"},\"image\":{\"@id\":\"https:\/\/aeronoticias.com.pe\/noticiero\/nacionales\/derrame-de-petroleo-no-aparece-en-el-debate-electoral\/#primaryimage\"},\"thumbnailUrl\":\"http:\/\/cde.3.elcomercio.pe\/ima\/0\/1\/3\/1\/6\/1316508\/base_image.jpg\",\"datePublished\":\"2016-02-18T02:54:34+00:00\",\"author\":{\"@id\":\"https:\/\/aeronoticias.com.pe\/noticiero\/#\/schema\/person\/fc1e5d578f4b62ba1cf7ac2bba1170a0\"},\"description\":\"Portal de noticias del Per\u00fa sobre el transporte a\u00e9reo, aviaci\u00f3n, turismo, hoteleria, actualidad.\",\"breadcrumb\":{\"@id\":\"https:\/\/aeronoticias.com.pe\/noticiero\/nacionales\/derrame-de-petroleo-no-aparece-en-el-debate-electoral\/#breadcrumb\"},\"inLanguage\":\"es\",\"potentialAction\":[{\"@type\":\"ReadAction\",\"target\":[\"https:\/\/aeronoticias.com.pe\/noticiero\/nacionales\/derrame-de-petroleo-no-aparece-en-el-debate-electoral\/\"]}]},{\"@type\":\"ImageObject\",\"inLanguage\":\"es\",\"@id\":\"https:\/\/aeronoticias.com.pe\/noticiero\/nacionales\/derrame-de-petroleo-no-aparece-en-el-debate-electoral\/#primaryimage\",\"url\":\"http:\/\/cde.3.elcomercio.pe\/ima\/0\/1\/3\/1\/6\/1316508\/base_image.jpg\",\"contentUrl\":\"http:\/\/cde.3.elcomercio.pe\/ima\/0\/1\/3\/1\/6\/1316508\/base_image.jpg\"},{\"@type\":\"BreadcrumbList\",\"@id\":\"https:\/\/aeronoticias.com.pe\/noticiero\/nacionales\/derrame-de-petroleo-no-aparece-en-el-debate-electoral\/#breadcrumb\",\"itemListElement\":[{\"@type\":\"ListItem\",\"position\":1,\"name\":\"Portada\",\"item\":\"https:\/\/aeronoticias.com.pe\/noticiero\/\"},{\"@type\":\"ListItem\",\"position\":2,\"name\":\"Derrame de petr\u00f3leo no aparece en el debate electoral\"}]},{\"@type\":\"WebSite\",\"@id\":\"https:\/\/aeronoticias.com.pe\/noticiero\/#website\",\"url\":\"https:\/\/aeronoticias.com.pe\/noticiero\/\",\"name\":\"Aeronoticias.com.pe\",\"description\":\"Noticias de tranporte aereo, turismo, hoteles, gastronomia, actualidad, internacional\",\"potentialAction\":[{\"@type\":\"SearchAction\",\"target\":{\"@type\":\"EntryPoint\",\"urlTemplate\":\"https:\/\/aeronoticias.com.pe\/noticiero\/?s={search_term_string}\"},\"query-input\":{\"@type\":\"PropertyValueSpecification\",\"valueRequired\":true,\"valueName\":\"search_term_string\"}}],\"inLanguage\":\"es\"},{\"@type\":\"Person\",\"@id\":\"https:\/\/aeronoticias.com.pe\/noticiero\/#\/schema\/person\/fc1e5d578f4b62ba1cf7ac2bba1170a0\",\"name\":\"Redacci\u00f3n Aeronoticias\",\"url\":\"https:\/\/aeronoticias.com.pe\/noticiero\/author\/piloto\/\"}]}<\/script>\n<!-- \/ Yoast SEO plugin. -->","yoast_head_json":{"title":"Derrame de petr\u00f3leo no aparece en el debate electoral","description":"Portal de noticias del Per\u00fa sobre el transporte a\u00e9reo, aviaci\u00f3n, turismo, hoteleria, actualidad.","robots":{"index":"index","follow":"follow","max-snippet":"max-snippet:-1","max-image-preview":"max-image-preview:large","max-video-preview":"max-video-preview:-1"},"canonical":"https:\/\/aeronoticias.com.pe\/noticiero\/nacionales\/derrame-de-petroleo-no-aparece-en-el-debate-electoral\/","og_locale":"es_ES","og_type":"article","og_title":"Derrame de petr\u00f3leo no aparece en el debate electoral","og_description":"Portal de noticias del Per\u00fa sobre el transporte a\u00e9reo, aviaci\u00f3n, turismo, hoteleria, actualidad.","og_url":"https:\/\/aeronoticias.com.pe\/noticiero\/nacionales\/derrame-de-petroleo-no-aparece-en-el-debate-electoral\/","og_site_name":"Aeronoticias.com.pe","article_publisher":"https:\/\/www.facebook.com\/Aeronoticias.com.pe\/","article_published_time":"2016-02-18T02:54:34+00:00","og_image":[{"url":"http:\/\/cde.3.elcomercio.pe\/ima\/0\/1\/3\/1\/6\/1316508\/base_image.jpg","type":"","width":"","height":""}],"author":"Redacci\u00f3n Aeronoticias","twitter_card":"summary_large_image","twitter_creator":"@aeronoticias","twitter_site":"@aeronoticias","twitter_misc":{"Escrito por":"Redacci\u00f3n Aeronoticias","Tiempo de lectura":"2 minutos"},"schema":{"@context":"https:\/\/schema.org","@graph":[{"@type":"WebPage","@id":"https:\/\/aeronoticias.com.pe\/noticiero\/nacionales\/derrame-de-petroleo-no-aparece-en-el-debate-electoral\/","url":"https:\/\/aeronoticias.com.pe\/noticiero\/nacionales\/derrame-de-petroleo-no-aparece-en-el-debate-electoral\/","name":"Derrame de petr\u00f3leo no aparece en el debate electoral","isPartOf":{"@id":"https:\/\/aeronoticias.com.pe\/noticiero\/#website"},"primaryImageOfPage":{"@id":"https:\/\/aeronoticias.com.pe\/noticiero\/nacionales\/derrame-de-petroleo-no-aparece-en-el-debate-electoral\/#primaryimage"},"image":{"@id":"https:\/\/aeronoticias.com.pe\/noticiero\/nacionales\/derrame-de-petroleo-no-aparece-en-el-debate-electoral\/#primaryimage"},"thumbnailUrl":"http:\/\/cde.3.elcomercio.pe\/ima\/0\/1\/3\/1\/6\/1316508\/base_image.jpg","datePublished":"2016-02-18T02:54:34+00:00","author":{"@id":"https:\/\/aeronoticias.com.pe\/noticiero\/#\/schema\/person\/fc1e5d578f4b62ba1cf7ac2bba1170a0"},"description":"Portal de noticias del Per\u00fa sobre el transporte a\u00e9reo, aviaci\u00f3n, turismo, hoteleria, actualidad.","breadcrumb":{"@id":"https:\/\/aeronoticias.com.pe\/noticiero\/nacionales\/derrame-de-petroleo-no-aparece-en-el-debate-electoral\/#breadcrumb"},"inLanguage":"es","potentialAction":[{"@type":"ReadAction","target":["https:\/\/aeronoticias.com.pe\/noticiero\/nacionales\/derrame-de-petroleo-no-aparece-en-el-debate-electoral\/"]}]},{"@type":"ImageObject","inLanguage":"es","@id":"https:\/\/aeronoticias.com.pe\/noticiero\/nacionales\/derrame-de-petroleo-no-aparece-en-el-debate-electoral\/#primaryimage","url":"http:\/\/cde.3.elcomercio.pe\/ima\/0\/1\/3\/1\/6\/1316508\/base_image.jpg","contentUrl":"http:\/\/cde.3.elcomercio.pe\/ima\/0\/1\/3\/1\/6\/1316508\/base_image.jpg"},{"@type":"BreadcrumbList","@id":"https:\/\/aeronoticias.com.pe\/noticiero\/nacionales\/derrame-de-petroleo-no-aparece-en-el-debate-electoral\/#breadcrumb","itemListElement":[{"@type":"ListItem","position":1,"name":"Portada","item":"https:\/\/aeronoticias.com.pe\/noticiero\/"},{"@type":"ListItem","position":2,"name":"Derrame de petr\u00f3leo no aparece en el debate electoral"}]},{"@type":"WebSite","@id":"https:\/\/aeronoticias.com.pe\/noticiero\/#website","url":"https:\/\/aeronoticias.com.pe\/noticiero\/","name":"Aeronoticias.com.pe","description":"Noticias de tranporte aereo, turismo, hoteles, gastronomia, actualidad, internacional","potentialAction":[{"@type":"SearchAction","target":{"@type":"EntryPoint","urlTemplate":"https:\/\/aeronoticias.com.pe\/noticiero\/?s={search_term_string}"},"query-input":{"@type":"PropertyValueSpecification","valueRequired":true,"valueName":"search_term_string"}}],"inLanguage":"es"},{"@type":"Person","@id":"https:\/\/aeronoticias.com.pe\/noticiero\/#\/schema\/person\/fc1e5d578f4b62ba1cf7ac2bba1170a0","name":"Redacci\u00f3n Aeronoticias","url":"https:\/\/aeronoticias.com.pe\/noticiero\/author\/piloto\/"}]}},"_links":{"self":[{"href":"https:\/\/aeronoticias.com.pe\/noticiero\/wp-json\/wp\/v2\/posts\/54673","targetHints":{"allow":["GET"]}}],"collection":[{"href":"https:\/\/aeronoticias.com.pe\/noticiero\/wp-json\/wp\/v2\/posts"}],"about":[{"href":"https:\/\/aeronoticias.com.pe\/noticiero\/wp-json\/wp\/v2\/types\/post"}],"author":[{"embeddable":true,"href":"https:\/\/aeronoticias.com.pe\/noticiero\/wp-json\/wp\/v2\/users\/1"}],"replies":[{"embeddable":true,"href":"https:\/\/aeronoticias.com.pe\/noticiero\/wp-json\/wp\/v2\/comments?post=54673"}],"version-history":[{"count":0,"href":"https:\/\/aeronoticias.com.pe\/noticiero\/wp-json\/wp\/v2\/posts\/54673\/revisions"}],"wp:attachment":[{"href":"https:\/\/aeronoticias.com.pe\/noticiero\/wp-json\/wp\/v2\/media?parent=54673"}],"wp:term":[{"taxonomy":"category","embeddable":true,"href":"https:\/\/aeronoticias.com.pe\/noticiero\/wp-json\/wp\/v2\/categories?post=54673"},{"taxonomy":"post_tag","embeddable":true,"href":"https:\/\/aeronoticias.com.pe\/noticiero\/wp-json\/wp\/v2\/tags?post=54673"}],"curies":[{"name":"wp","href":"https:\/\/api.w.org\/{rel}","templated":true}]}}