{"id":54676,"date":"2016-02-18T16:48:23","date_gmt":"2016-02-18T16:48:23","guid":{"rendered":"http:\/\/desarrollo.mcvicious.com\/aero2020\/2016\/02\/18\/e-pasaportes-hollande-no-esta-para-tafetanes\/"},"modified":"2016-02-18T16:48:23","modified_gmt":"2016-02-18T16:48:23","slug":"e-pasaportes-hollande-no-esta-para-tafetanes","status":"publish","type":"post","link":"https:\/\/aeronoticias.com.pe\/noticiero\/politica\/e-pasaportes-hollande-no-esta-para-tafetanes\/","title":{"rendered":"E-pasaportes: Hollande no est\u00e1 para tafetanes"},"content":{"rendered":"<p style=\"text-align: justify;\"><strong>(Aeronoticias) <\/strong><span style=\"font-size: 12.16px; line-height: 1.3em;\">El 23 de los corrientes, si no se ha variado la agenda, estar\u00e1 en Lima el presidente de Francia, Francois Hollande en una visita breve con rumbo a Argentina. No coincidir\u00e1 con la emisi\u00f3n del pasaporte electr\u00f3nico previsto en Migraciones para el 26 y tampoco participar\u00e1 en ninguna celebraci\u00f3n como hab\u00edan aventurado con ligereza en esa instituci\u00f3n del Estado.<\/span><\/p>\n<p style=\"text-align: justify;\"><span style=\"font-size: 12.16px; line-height: 1.3em;\">La \u00faltima vez que un mandatario galo estuvo en Per\u00fa fue en los a\u00f1os 60 cuando Charles de Gaulle fue recibido y agasajado por todo lo alto por el presidente Fernando Belaunde Terry, en visita que dur\u00f3 algunos d\u00edas. Lo que no ocurrir\u00e1 esta vez.<\/span><\/p>\n<p style=\"text-align: justify;\"><span style=\"font-size: 12.16px; line-height: 1.3em;\">Hay mar de fondo.<\/span><\/p>\n<p style=\"text-align: justify;\"><span style=\"font-size: 12.16px; line-height: 1.3em;\">La torpeza inicial, y a posteriori felizmente corregida, del jefe de Estado Ollanta Humala, al no querer ratificar un tratado con Francia que ven\u00eda desde el Congreso y con m\u00e1s de tres a\u00f1os de tr\u00e1mite, molest\u00f3 a la diplomacia gala que habr\u00eda advertido que Hollande consider\u00f3 no venir al Per\u00fa, a\u00fan a pesar que las dos empresas ganadoras del pasaporte electr\u00f3nico son de esa procedencia, Gemalto-Imprimerie Nationale.<\/span><\/p>\n<p style=\"text-align: justify;\"><span style=\"font-size: 12.16px; line-height: 1.3em;\">Iluminado sobre su ceguera el presidente Humala enmend\u00f3 el tremendo yerro, lo que no habr\u00eda sido suficiente para las autoridades francesas que apenas si dispusieron que Hollande permaneciera en Per\u00fa lo estrictamente necesario.<\/span><\/p>\n<p style=\"text-align: justify;\"><span style=\"font-size: 12.16px; line-height: 1.3em;\">Tambi\u00e9n cabe otra interpretaci\u00f3n anunciada ayer y de fuentes reservadas pero que s\u00ed se mueven a esos niveles de crucero del mundo diplom\u00e1tico y pol\u00edtico, que Francia no desea aparecer muy festivo al lado de Per\u00fa para cuando se anuncie que la Comunidad Europea decidi\u00f3 mantener el requisito de la visa Shengen para el ingreso de los peruanos a esos pa\u00edses.<\/span><\/p>\n<p style=\"text-align: justify;\"><span style=\"font-size: 12.16px; line-height: 1.3em;\">\u00a1Precisamente, Francia, ra\u00edz de los atentados con bomba y que causaran decenas de muertes en Par\u00eds, el a\u00f1o pasado, se propuso redoblar su seguridad con la verificaci\u00f3n exhaustiva de qui\u00e9nes transitan por su territorio!<\/span><\/p>\n<p style=\"text-align: justify;\"><span style=\"font-size: 12.16px; line-height: 1.3em;\">Cierto es que el flamante embajador Carlos Polo y en obvia r\u00e9plica a nuestro art\u00edculo anunci\u00f3 anteayer que todos los peruanos con pasaporte emitido hasta antes del 7 de julio, podr\u00edan visitar la Comunidad Europea sin el requisito de la visa Schengen, pero tambi\u00e9n apunt\u00f3, con los balbuceos de costumbre, que en marzo se ratificar\u00eda la exenci\u00f3n de la misma aunque fue incapaz de precisar la fecha de firma de tan importante suceso.<\/span><\/p>\n<p style=\"text-align: justify;\"><span style=\"font-size: 12.16px; line-height: 1.3em;\">Y demostrando el palpitante nerviosismo que hay en Relaciones Exteriores, la titular de la cartera Ana Mar\u00eda S\u00e1nchez, dijo ayer que los peruanos podr\u00e1n seguir usando el pasaporte mec\u00e1nico vigente \u00a1hasta el 2021! http:\/\/m.peru21.pe\/movil\/politica\/pasaporte-mecanico-estara-vigente-hasta-ano-2021-2239244<\/span><\/p>\n<p style=\"text-align: justify;\"><span style=\"font-size: 12.16px; line-height: 1.3em;\">D\u00eda que pasa, d\u00eda que se comprueba que Torre Tagle est\u00e1 al garete y con una conducci\u00f3n deficiente tanto como pagar un sobreprecio de S\/ 54 millones de d\u00f3lares por 400 mil pasaportes entregados al monopolio Gemalto-Imprimerie Nationale.<\/span><\/p>\n<p style=\"text-align: justify;\"><span style=\"font-size: 12.16px; line-height: 1.3em;\">Un serio cargo contra el consorcio ganador del pasaporte electr\u00f3nico, Gemalto-Imprimerie Nationale, fue que no asumi\u00f3 el compromiso solicitado de emitir el documento en diciembre tal como lo hizo constar el Superintendente de Migraciones Boris Potoz\u00e9n en la reuni\u00f3n acaecida en Montreal, Canad\u00e1, en la sede de OACI-ICAO el a\u00f1o pasado.<\/span><\/p>\n<p style=\"text-align: justify;\"><span style=\"font-size: 12.16px; line-height: 1.3em;\">A posteriori, la monstruosa claudicaci\u00f3n del mismo Potoz\u00e9n, gener\u00f3 lo que s\u00ed es un monopolio real sobre el pasaporte electr\u00f3nico: Gemalto-Imprimerie Nationale. Hasta hoy no da cuentas este funcionario sobre las supuestas justificaciones o razones que le hicieron obrar contra los intereses del Per\u00fa.<\/span><\/p>\n<p style=\"text-align: justify;\"><span style=\"font-size: 12.16px; line-height: 1.3em;\">Como todos recuerdan, en diciembre, cuando Colombia con su presidente Juan Manuel Santos, celebraba en Par\u00eds que sus connacionales ya no fueran exigidos de la visa Schengen, un avergonzado Humala, en Bruselas, dio toda clase de excusas, ante la ineptitud de Per\u00fa de haber hecho lo mismo, requisito que demandaba la Comunidad Europea.<\/span><\/p>\n<p><span style=\"font-size: 12.16px; line-height: 1.3em;\">La avalancha de acontecimientos, denegatoria inicial del tratado con Francia; incapacidad de tener el pasaporte electr\u00f3nico en diciembre 2015, en buena cuenta, incumplimiento del Per\u00fa del compromiso ante la CE, habr\u00edan impulsado un tratamiento diplom\u00e1tico m\u00e1s cauto por parte de Francia hacia el Per\u00fa. Tal parece que ni la compra del sat\u00e9lite fue capaz de ablandar una pol\u00edtica de Estado de una potencia mundial.<\/span><\/p>\n<p><span style=\"font-size: 12.16px; line-height: 1.3em;\">Dice el vals que la damisela no est\u00e1 para tafetanes. Hay que convenir que el presidente de Francia, Francois Hollande, tampoco.<\/span><\/p>\n<p><span style=\"font-size: 12.16px; line-height: 1.3em;\"><img decoding=\"async\" src=\"images\/stories\/16\/02\/180216\/tafeantes.jpg\" border=\"0\" \/><br \/><\/span><\/p>\n","protected":false},"excerpt":{"rendered":"<p>(Aeronoticias) El 23 de los corrientes, si no se ha variado la agenda, estar\u00e1 en Lima el presidente de Francia, Francois Hollande en una visita breve con rumbo a Argentina. No coincidir\u00e1 con la emisi\u00f3n del pasaporte electr\u00f3nico previsto en Migraciones para el 26 y tampoco participar\u00e1 en ninguna celebraci\u00f3n como hab\u00edan aventurado con ligereza [&hellip;]<\/p>\n","protected":false},"author":1,"featured_media":0,"comment_status":"open","ping_status":"open","sticky":false,"template":"","format":"standard","meta":{"tdm_status":"","tdm_grid_status":"","footnotes":""},"categories":[36],"tags":[],"class_list":{"0":"post-54676","1":"post","2":"type-post","3":"status-publish","4":"format-standard","6":"category-politica"},"yoast_head":"<!-- This site is optimized with the Yoast SEO plugin v25.1 - https:\/\/yoast.com\/wordpress\/plugins\/seo\/ -->\n<title>E-pasaportes: Hollande no est\u00e1 para tafetanes<\/title>\n<meta name=\"description\" content=\"Portal de noticias del Per\u00fa sobre el transporte a\u00e9reo, aviaci\u00f3n, turismo, hoteleria, actualidad.\" \/>\n<meta name=\"robots\" content=\"index, follow, max-snippet:-1, max-image-preview:large, max-video-preview:-1\" \/>\n<link rel=\"canonical\" href=\"https:\/\/aeronoticias.com.pe\/noticiero\/politica\/e-pasaportes-hollande-no-esta-para-tafetanes\/\" \/>\n<meta property=\"og:locale\" content=\"es_ES\" \/>\n<meta property=\"og:type\" content=\"article\" \/>\n<meta property=\"og:title\" content=\"E-pasaportes: Hollande no est\u00e1 para tafetanes\" \/>\n<meta property=\"og:description\" content=\"Portal de noticias del Per\u00fa sobre el transporte a\u00e9reo, aviaci\u00f3n, turismo, hoteleria, actualidad.\" \/>\n<meta property=\"og:url\" content=\"https:\/\/aeronoticias.com.pe\/noticiero\/politica\/e-pasaportes-hollande-no-esta-para-tafetanes\/\" \/>\n<meta property=\"og:site_name\" content=\"Aeronoticias.com.pe\" \/>\n<meta property=\"article:publisher\" content=\"https:\/\/www.facebook.com\/Aeronoticias.com.pe\/\" \/>\n<meta property=\"article:published_time\" content=\"2016-02-18T16:48:23+00:00\" \/>\n<meta name=\"author\" content=\"Redacci\u00f3n Aeronoticias\" \/>\n<meta name=\"twitter:card\" content=\"summary_large_image\" \/>\n<meta name=\"twitter:creator\" content=\"@aeronoticias\" \/>\n<meta name=\"twitter:site\" content=\"@aeronoticias\" \/>\n<meta name=\"twitter:label1\" content=\"Escrito por\" \/>\n\t<meta name=\"twitter:data1\" content=\"Redacci\u00f3n Aeronoticias\" \/>\n\t<meta name=\"twitter:label2\" content=\"Tiempo de lectura\" \/>\n\t<meta name=\"twitter:data2\" content=\"4 minutos\" \/>\n<script type=\"application\/ld+json\" class=\"yoast-schema-graph\">{\"@context\":\"https:\/\/schema.org\",\"@graph\":[{\"@type\":\"WebPage\",\"@id\":\"https:\/\/aeronoticias.com.pe\/noticiero\/politica\/e-pasaportes-hollande-no-esta-para-tafetanes\/\",\"url\":\"https:\/\/aeronoticias.com.pe\/noticiero\/politica\/e-pasaportes-hollande-no-esta-para-tafetanes\/\",\"name\":\"E-pasaportes: Hollande no est\u00e1 para tafetanes\",\"isPartOf\":{\"@id\":\"https:\/\/aeronoticias.com.pe\/noticiero\/#website\"},\"datePublished\":\"2016-02-18T16:48:23+00:00\",\"author\":{\"@id\":\"https:\/\/aeronoticias.com.pe\/noticiero\/#\/schema\/person\/fc1e5d578f4b62ba1cf7ac2bba1170a0\"},\"description\":\"Portal de noticias del Per\u00fa sobre el transporte a\u00e9reo, aviaci\u00f3n, turismo, hoteleria, actualidad.\",\"breadcrumb\":{\"@id\":\"https:\/\/aeronoticias.com.pe\/noticiero\/politica\/e-pasaportes-hollande-no-esta-para-tafetanes\/#breadcrumb\"},\"inLanguage\":\"es\",\"potentialAction\":[{\"@type\":\"ReadAction\",\"target\":[\"https:\/\/aeronoticias.com.pe\/noticiero\/politica\/e-pasaportes-hollande-no-esta-para-tafetanes\/\"]}]},{\"@type\":\"BreadcrumbList\",\"@id\":\"https:\/\/aeronoticias.com.pe\/noticiero\/politica\/e-pasaportes-hollande-no-esta-para-tafetanes\/#breadcrumb\",\"itemListElement\":[{\"@type\":\"ListItem\",\"position\":1,\"name\":\"Portada\",\"item\":\"https:\/\/aeronoticias.com.pe\/noticiero\/\"},{\"@type\":\"ListItem\",\"position\":2,\"name\":\"E-pasaportes: Hollande no est\u00e1 para tafetanes\"}]},{\"@type\":\"WebSite\",\"@id\":\"https:\/\/aeronoticias.com.pe\/noticiero\/#website\",\"url\":\"https:\/\/aeronoticias.com.pe\/noticiero\/\",\"name\":\"Aeronoticias.com.pe\",\"description\":\"Noticias de tranporte aereo, turismo, hoteles, gastronomia, actualidad, internacional\",\"potentialAction\":[{\"@type\":\"SearchAction\",\"target\":{\"@type\":\"EntryPoint\",\"urlTemplate\":\"https:\/\/aeronoticias.com.pe\/noticiero\/?s={search_term_string}\"},\"query-input\":{\"@type\":\"PropertyValueSpecification\",\"valueRequired\":true,\"valueName\":\"search_term_string\"}}],\"inLanguage\":\"es\"},{\"@type\":\"Person\",\"@id\":\"https:\/\/aeronoticias.com.pe\/noticiero\/#\/schema\/person\/fc1e5d578f4b62ba1cf7ac2bba1170a0\",\"name\":\"Redacci\u00f3n Aeronoticias\",\"url\":\"https:\/\/aeronoticias.com.pe\/noticiero\/author\/piloto\/\"}]}<\/script>\n<!-- \/ Yoast SEO plugin. -->","yoast_head_json":{"title":"E-pasaportes: Hollande no est\u00e1 para tafetanes","description":"Portal de noticias del Per\u00fa sobre el transporte a\u00e9reo, aviaci\u00f3n, turismo, hoteleria, actualidad.","robots":{"index":"index","follow":"follow","max-snippet":"max-snippet:-1","max-image-preview":"max-image-preview:large","max-video-preview":"max-video-preview:-1"},"canonical":"https:\/\/aeronoticias.com.pe\/noticiero\/politica\/e-pasaportes-hollande-no-esta-para-tafetanes\/","og_locale":"es_ES","og_type":"article","og_title":"E-pasaportes: Hollande no est\u00e1 para tafetanes","og_description":"Portal de noticias del Per\u00fa sobre el transporte a\u00e9reo, aviaci\u00f3n, turismo, hoteleria, actualidad.","og_url":"https:\/\/aeronoticias.com.pe\/noticiero\/politica\/e-pasaportes-hollande-no-esta-para-tafetanes\/","og_site_name":"Aeronoticias.com.pe","article_publisher":"https:\/\/www.facebook.com\/Aeronoticias.com.pe\/","article_published_time":"2016-02-18T16:48:23+00:00","author":"Redacci\u00f3n Aeronoticias","twitter_card":"summary_large_image","twitter_creator":"@aeronoticias","twitter_site":"@aeronoticias","twitter_misc":{"Escrito por":"Redacci\u00f3n Aeronoticias","Tiempo de lectura":"4 minutos"},"schema":{"@context":"https:\/\/schema.org","@graph":[{"@type":"WebPage","@id":"https:\/\/aeronoticias.com.pe\/noticiero\/politica\/e-pasaportes-hollande-no-esta-para-tafetanes\/","url":"https:\/\/aeronoticias.com.pe\/noticiero\/politica\/e-pasaportes-hollande-no-esta-para-tafetanes\/","name":"E-pasaportes: Hollande no est\u00e1 para tafetanes","isPartOf":{"@id":"https:\/\/aeronoticias.com.pe\/noticiero\/#website"},"datePublished":"2016-02-18T16:48:23+00:00","author":{"@id":"https:\/\/aeronoticias.com.pe\/noticiero\/#\/schema\/person\/fc1e5d578f4b62ba1cf7ac2bba1170a0"},"description":"Portal de noticias del Per\u00fa sobre el transporte a\u00e9reo, aviaci\u00f3n, turismo, hoteleria, actualidad.","breadcrumb":{"@id":"https:\/\/aeronoticias.com.pe\/noticiero\/politica\/e-pasaportes-hollande-no-esta-para-tafetanes\/#breadcrumb"},"inLanguage":"es","potentialAction":[{"@type":"ReadAction","target":["https:\/\/aeronoticias.com.pe\/noticiero\/politica\/e-pasaportes-hollande-no-esta-para-tafetanes\/"]}]},{"@type":"BreadcrumbList","@id":"https:\/\/aeronoticias.com.pe\/noticiero\/politica\/e-pasaportes-hollande-no-esta-para-tafetanes\/#breadcrumb","itemListElement":[{"@type":"ListItem","position":1,"name":"Portada","item":"https:\/\/aeronoticias.com.pe\/noticiero\/"},{"@type":"ListItem","position":2,"name":"E-pasaportes: Hollande no est\u00e1 para tafetanes"}]},{"@type":"WebSite","@id":"https:\/\/aeronoticias.com.pe\/noticiero\/#website","url":"https:\/\/aeronoticias.com.pe\/noticiero\/","name":"Aeronoticias.com.pe","description":"Noticias de tranporte aereo, turismo, hoteles, gastronomia, actualidad, internacional","potentialAction":[{"@type":"SearchAction","target":{"@type":"EntryPoint","urlTemplate":"https:\/\/aeronoticias.com.pe\/noticiero\/?s={search_term_string}"},"query-input":{"@type":"PropertyValueSpecification","valueRequired":true,"valueName":"search_term_string"}}],"inLanguage":"es"},{"@type":"Person","@id":"https:\/\/aeronoticias.com.pe\/noticiero\/#\/schema\/person\/fc1e5d578f4b62ba1cf7ac2bba1170a0","name":"Redacci\u00f3n Aeronoticias","url":"https:\/\/aeronoticias.com.pe\/noticiero\/author\/piloto\/"}]}},"_links":{"self":[{"href":"https:\/\/aeronoticias.com.pe\/noticiero\/wp-json\/wp\/v2\/posts\/54676","targetHints":{"allow":["GET"]}}],"collection":[{"href":"https:\/\/aeronoticias.com.pe\/noticiero\/wp-json\/wp\/v2\/posts"}],"about":[{"href":"https:\/\/aeronoticias.com.pe\/noticiero\/wp-json\/wp\/v2\/types\/post"}],"author":[{"embeddable":true,"href":"https:\/\/aeronoticias.com.pe\/noticiero\/wp-json\/wp\/v2\/users\/1"}],"replies":[{"embeddable":true,"href":"https:\/\/aeronoticias.com.pe\/noticiero\/wp-json\/wp\/v2\/comments?post=54676"}],"version-history":[{"count":0,"href":"https:\/\/aeronoticias.com.pe\/noticiero\/wp-json\/wp\/v2\/posts\/54676\/revisions"}],"wp:attachment":[{"href":"https:\/\/aeronoticias.com.pe\/noticiero\/wp-json\/wp\/v2\/media?parent=54676"}],"wp:term":[{"taxonomy":"category","embeddable":true,"href":"https:\/\/aeronoticias.com.pe\/noticiero\/wp-json\/wp\/v2\/categories?post=54676"},{"taxonomy":"post_tag","embeddable":true,"href":"https:\/\/aeronoticias.com.pe\/noticiero\/wp-json\/wp\/v2\/tags?post=54676"}],"curies":[{"name":"wp","href":"https:\/\/api.w.org\/{rel}","templated":true}]}}