{"id":54677,"date":"2016-02-18T17:03:42","date_gmt":"2016-02-18T17:03:42","guid":{"rendered":"http:\/\/desarrollo.mcvicious.com\/aero2020\/2016\/02\/18\/julian-palacin-qperu-debe-denunciar-convenio-aereo-con-chileq\/"},"modified":"2016-02-18T17:03:42","modified_gmt":"2016-02-18T17:03:42","slug":"julian-palacin-qperu-debe-denunciar-convenio-aereo-con-chileq","status":"publish","type":"post","link":"https:\/\/aeronoticias.com.pe\/noticiero\/nacionales\/julian-palacin-qperu-debe-denunciar-convenio-aereo-con-chileq\/","title":{"rendered":"Juli\u00e1n Palacin: \u00abPer\u00fa debe denunciar convenio a\u00e9reo con Chile\u00bb"},"content":{"rendered":"<p style=\"text-align: justify;\"><strong>(Aeronoticias) <\/strong><span style=\"font-size: 12.16px; line-height: 1.3em;\">El experto en Derecho A\u00e9reo Internacional, Juli\u00e1n Palac\u00edn Fern\u00e1ndez, insiste en que el Per\u00fa debe denunciar el convenio a\u00e9reo con Chile por ser totalmente desfavorable para los intereses de nuestro pa\u00eds.<\/span><\/p>\n<p class=\"MsoNormal\" style=\"text-align: justify;\"><span style=\"font-size: 12.16px; line-height: 1.3em;\">Sus contundentes argumentos han sido publicados en la Revista del Aero Club del Per\u00fa, instituci\u00f3n que lanz\u00f3 una edici\u00f3n extraordinaria con motivo de su centenario (1915-2015) y est\u00e1 a punto de agotarse..<\/span><\/p>\n<p class=\"MsoNormal\" style=\"text-align: justify;\"><span style=\"font-size: 12.16px; line-height: 1.3em;\">\u00abSer\u00eda importante que aprovechando la coyuntura actual, la Fuerza A\u00e9rea del Per\u00fa se pronuncie sobre este tema, porque nunca hubo una real reciprocidad, en tanto se ha acumulado una gran deuda que deber\u00eda recuperarse s\u00ed o s\u00ed\u00bb, declar\u00f3 \u00a0Palac\u00edn , quien fue Asesor de la canciller\u00eda peruana y ex presidente de la Corporaci\u00f3n Peruana de Aeropuertos y Aviaci\u00f3n Civil (Corpac).<\/span><\/p>\n<p class=\"MsoNormal\" style=\"text-align: justify;\"><span style=\"font-size: 12.16px; line-height: 1.3em;\">Revel\u00f3 que el convenio que impugna se origin\u00f3 en el a\u00f1o 2007, con la ex ministra de Transporte Ver\u00f3nica Zavala Lombardi, continuado despu\u00e9s en el 2011 con el ex ministro del mismo ramo, Enrique Cornejo, de filiaci\u00f3n aprista.<\/span><\/p>\n<p class=\"MsoNormal\" style=\"text-align: justify;\"><span style=\"font-size: 12.16px; line-height: 1.3em;\">\u00abA trav\u00e9s de estos convenios aerocomerciales el Per\u00fa entreg\u00f3 a Chile las llamadas quintas libertades del aire para que aproveche el jugoso mercado norteamericano, sin ninguna compensaci\u00f3n para el Per\u00fa, \u00a0conforme lo establece nuestra Ley de Aeron\u00e1utica Civil\u00bb.<\/span><\/p>\n<p class=\"MsoNormal\" style=\"text-align: justify;\"><span style=\"font-size: 12.16px; line-height: 1.3em;\">Juli\u00e1n Palacin record\u00f3, que cuando gan\u00f3 las elecciones el Presidente Ollanta Humala, fue convocado por la Vicepresidenta de la Rep\u00fablica Marisol Espinoza y la Congresista Susana Vilca para hacer un informe, documento que present\u00f3 el 11 de Julio del 2011 donde expuso que el status aeropol\u00edtico era completamente desfavorable para los intereses aerocomerciales del Per\u00fa.<\/span><\/p>\n<p class=\"MsoNormal\" style=\"text-align: justify;\"><span style=\"font-size: 12.16px; line-height: 1.3em;\">\u00abEs necesario que se negocie con LAN compensaciones econ\u00f3micas para que pueda mantener sus derechos de quinta libertad en el Per\u00fa\u00bb, sentenci\u00f3 Palacin, quien lidera una campa\u00f1a patri\u00f3tica en diversos foros para que nuestro pa\u00eds recupere su soberan\u00eda a\u00e9rea.<\/span><\/p>\n<p class=\"MsoNormal\" style=\"text-align: justify;\"><span style=\"font-size: 12.16px; line-height: 1.3em;\">Al respecto, se mostr\u00f3 esperanzado porque aparezca una clase pol\u00edtica que defienda los intereses peruanos y que no permita que se mal alquilen nuestras rutas a\u00e9reas y que luche a favor de los trabajadores aeron\u00e1uticos de nuestro pa\u00eds.<\/span><\/p>\n<p class=\"MsoNormal\" style=\"text-align: justify;\"><img decoding=\"async\" src=\"images\/stories\/16\/02\/180216\/jpalacin2.jpg\" border=\"0\" \/><\/p>\n","protected":false},"excerpt":{"rendered":"<p>(Aeronoticias) El experto en Derecho A\u00e9reo Internacional, Juli\u00e1n Palac\u00edn Fern\u00e1ndez, insiste en que el Per\u00fa debe denunciar el convenio a\u00e9reo con Chile por ser totalmente desfavorable para los intereses de nuestro pa\u00eds. Sus contundentes argumentos han sido publicados en la Revista del Aero Club del Per\u00fa, instituci\u00f3n que lanz\u00f3 una edici\u00f3n extraordinaria con motivo de [&hellip;]<\/p>\n","protected":false},"author":1,"featured_media":0,"comment_status":"open","ping_status":"open","sticky":false,"template":"","format":"standard","meta":{"tdm_status":"","tdm_grid_status":"","footnotes":""},"categories":[38],"tags":[],"class_list":{"0":"post-54677","1":"post","2":"type-post","3":"status-publish","4":"format-standard","6":"category-nacionales"},"yoast_head":"<!-- This site is optimized with the Yoast SEO plugin v25.1 - https:\/\/yoast.com\/wordpress\/plugins\/seo\/ -->\n<title>Juli\u00e1n Palacin: &quot;Per\u00fa debe denunciar convenio a\u00e9reo con Chile&quot;<\/title>\n<meta name=\"description\" content=\"Portal de noticias del Per\u00fa sobre el transporte a\u00e9reo, aviaci\u00f3n, turismo, hoteleria, actualidad.\" \/>\n<meta name=\"robots\" content=\"index, follow, max-snippet:-1, max-image-preview:large, max-video-preview:-1\" \/>\n<link rel=\"canonical\" href=\"https:\/\/aeronoticias.com.pe\/noticiero\/nacionales\/julian-palacin-qperu-debe-denunciar-convenio-aereo-con-chileq\/\" \/>\n<meta property=\"og:locale\" content=\"es_ES\" \/>\n<meta property=\"og:type\" content=\"article\" \/>\n<meta property=\"og:title\" content=\"Juli\u00e1n Palacin: &quot;Per\u00fa debe denunciar convenio a\u00e9reo con Chile&quot;\" \/>\n<meta property=\"og:description\" content=\"Portal de noticias del Per\u00fa sobre el transporte a\u00e9reo, aviaci\u00f3n, turismo, hoteleria, actualidad.\" \/>\n<meta property=\"og:url\" content=\"https:\/\/aeronoticias.com.pe\/noticiero\/nacionales\/julian-palacin-qperu-debe-denunciar-convenio-aereo-con-chileq\/\" \/>\n<meta property=\"og:site_name\" content=\"Aeronoticias.com.pe\" \/>\n<meta property=\"article:publisher\" content=\"https:\/\/www.facebook.com\/Aeronoticias.com.pe\/\" \/>\n<meta property=\"article:published_time\" content=\"2016-02-18T17:03:42+00:00\" \/>\n<meta name=\"author\" content=\"Redacci\u00f3n Aeronoticias\" \/>\n<meta name=\"twitter:card\" content=\"summary_large_image\" \/>\n<meta name=\"twitter:creator\" content=\"@aeronoticias\" \/>\n<meta name=\"twitter:site\" content=\"@aeronoticias\" \/>\n<meta name=\"twitter:label1\" content=\"Escrito por\" \/>\n\t<meta name=\"twitter:data1\" content=\"Redacci\u00f3n Aeronoticias\" \/>\n\t<meta name=\"twitter:label2\" content=\"Tiempo de lectura\" \/>\n\t<meta name=\"twitter:data2\" content=\"2 minutos\" \/>\n<script type=\"application\/ld+json\" class=\"yoast-schema-graph\">{\"@context\":\"https:\/\/schema.org\",\"@graph\":[{\"@type\":\"WebPage\",\"@id\":\"https:\/\/aeronoticias.com.pe\/noticiero\/nacionales\/julian-palacin-qperu-debe-denunciar-convenio-aereo-con-chileq\/\",\"url\":\"https:\/\/aeronoticias.com.pe\/noticiero\/nacionales\/julian-palacin-qperu-debe-denunciar-convenio-aereo-con-chileq\/\",\"name\":\"Juli\u00e1n Palacin: \\\"Per\u00fa debe denunciar convenio a\u00e9reo con Chile\\\"\",\"isPartOf\":{\"@id\":\"https:\/\/aeronoticias.com.pe\/noticiero\/#website\"},\"datePublished\":\"2016-02-18T17:03:42+00:00\",\"author\":{\"@id\":\"https:\/\/aeronoticias.com.pe\/noticiero\/#\/schema\/person\/fc1e5d578f4b62ba1cf7ac2bba1170a0\"},\"description\":\"Portal de noticias del Per\u00fa sobre el transporte a\u00e9reo, aviaci\u00f3n, turismo, hoteleria, actualidad.\",\"breadcrumb\":{\"@id\":\"https:\/\/aeronoticias.com.pe\/noticiero\/nacionales\/julian-palacin-qperu-debe-denunciar-convenio-aereo-con-chileq\/#breadcrumb\"},\"inLanguage\":\"es\",\"potentialAction\":[{\"@type\":\"ReadAction\",\"target\":[\"https:\/\/aeronoticias.com.pe\/noticiero\/nacionales\/julian-palacin-qperu-debe-denunciar-convenio-aereo-con-chileq\/\"]}]},{\"@type\":\"BreadcrumbList\",\"@id\":\"https:\/\/aeronoticias.com.pe\/noticiero\/nacionales\/julian-palacin-qperu-debe-denunciar-convenio-aereo-con-chileq\/#breadcrumb\",\"itemListElement\":[{\"@type\":\"ListItem\",\"position\":1,\"name\":\"Portada\",\"item\":\"https:\/\/aeronoticias.com.pe\/noticiero\/\"},{\"@type\":\"ListItem\",\"position\":2,\"name\":\"Juli\u00e1n Palacin: \u00abPer\u00fa debe denunciar convenio a\u00e9reo con Chile\u00bb\"}]},{\"@type\":\"WebSite\",\"@id\":\"https:\/\/aeronoticias.com.pe\/noticiero\/#website\",\"url\":\"https:\/\/aeronoticias.com.pe\/noticiero\/\",\"name\":\"Aeronoticias.com.pe\",\"description\":\"Noticias de tranporte aereo, turismo, hoteles, gastronomia, actualidad, internacional\",\"potentialAction\":[{\"@type\":\"SearchAction\",\"target\":{\"@type\":\"EntryPoint\",\"urlTemplate\":\"https:\/\/aeronoticias.com.pe\/noticiero\/?s={search_term_string}\"},\"query-input\":{\"@type\":\"PropertyValueSpecification\",\"valueRequired\":true,\"valueName\":\"search_term_string\"}}],\"inLanguage\":\"es\"},{\"@type\":\"Person\",\"@id\":\"https:\/\/aeronoticias.com.pe\/noticiero\/#\/schema\/person\/fc1e5d578f4b62ba1cf7ac2bba1170a0\",\"name\":\"Redacci\u00f3n Aeronoticias\",\"url\":\"https:\/\/aeronoticias.com.pe\/noticiero\/author\/piloto\/\"}]}<\/script>\n<!-- \/ Yoast SEO plugin. -->","yoast_head_json":{"title":"Juli\u00e1n Palacin: \"Per\u00fa debe denunciar convenio a\u00e9reo con Chile\"","description":"Portal de noticias del Per\u00fa sobre el transporte a\u00e9reo, aviaci\u00f3n, turismo, hoteleria, actualidad.","robots":{"index":"index","follow":"follow","max-snippet":"max-snippet:-1","max-image-preview":"max-image-preview:large","max-video-preview":"max-video-preview:-1"},"canonical":"https:\/\/aeronoticias.com.pe\/noticiero\/nacionales\/julian-palacin-qperu-debe-denunciar-convenio-aereo-con-chileq\/","og_locale":"es_ES","og_type":"article","og_title":"Juli\u00e1n Palacin: \"Per\u00fa debe denunciar convenio a\u00e9reo con Chile\"","og_description":"Portal de noticias del Per\u00fa sobre el transporte a\u00e9reo, aviaci\u00f3n, turismo, hoteleria, actualidad.","og_url":"https:\/\/aeronoticias.com.pe\/noticiero\/nacionales\/julian-palacin-qperu-debe-denunciar-convenio-aereo-con-chileq\/","og_site_name":"Aeronoticias.com.pe","article_publisher":"https:\/\/www.facebook.com\/Aeronoticias.com.pe\/","article_published_time":"2016-02-18T17:03:42+00:00","author":"Redacci\u00f3n Aeronoticias","twitter_card":"summary_large_image","twitter_creator":"@aeronoticias","twitter_site":"@aeronoticias","twitter_misc":{"Escrito por":"Redacci\u00f3n Aeronoticias","Tiempo de lectura":"2 minutos"},"schema":{"@context":"https:\/\/schema.org","@graph":[{"@type":"WebPage","@id":"https:\/\/aeronoticias.com.pe\/noticiero\/nacionales\/julian-palacin-qperu-debe-denunciar-convenio-aereo-con-chileq\/","url":"https:\/\/aeronoticias.com.pe\/noticiero\/nacionales\/julian-palacin-qperu-debe-denunciar-convenio-aereo-con-chileq\/","name":"Juli\u00e1n Palacin: \"Per\u00fa debe denunciar convenio a\u00e9reo con Chile\"","isPartOf":{"@id":"https:\/\/aeronoticias.com.pe\/noticiero\/#website"},"datePublished":"2016-02-18T17:03:42+00:00","author":{"@id":"https:\/\/aeronoticias.com.pe\/noticiero\/#\/schema\/person\/fc1e5d578f4b62ba1cf7ac2bba1170a0"},"description":"Portal de noticias del Per\u00fa sobre el transporte a\u00e9reo, aviaci\u00f3n, turismo, hoteleria, actualidad.","breadcrumb":{"@id":"https:\/\/aeronoticias.com.pe\/noticiero\/nacionales\/julian-palacin-qperu-debe-denunciar-convenio-aereo-con-chileq\/#breadcrumb"},"inLanguage":"es","potentialAction":[{"@type":"ReadAction","target":["https:\/\/aeronoticias.com.pe\/noticiero\/nacionales\/julian-palacin-qperu-debe-denunciar-convenio-aereo-con-chileq\/"]}]},{"@type":"BreadcrumbList","@id":"https:\/\/aeronoticias.com.pe\/noticiero\/nacionales\/julian-palacin-qperu-debe-denunciar-convenio-aereo-con-chileq\/#breadcrumb","itemListElement":[{"@type":"ListItem","position":1,"name":"Portada","item":"https:\/\/aeronoticias.com.pe\/noticiero\/"},{"@type":"ListItem","position":2,"name":"Juli\u00e1n Palacin: \u00abPer\u00fa debe denunciar convenio a\u00e9reo con Chile\u00bb"}]},{"@type":"WebSite","@id":"https:\/\/aeronoticias.com.pe\/noticiero\/#website","url":"https:\/\/aeronoticias.com.pe\/noticiero\/","name":"Aeronoticias.com.pe","description":"Noticias de tranporte aereo, turismo, hoteles, gastronomia, actualidad, internacional","potentialAction":[{"@type":"SearchAction","target":{"@type":"EntryPoint","urlTemplate":"https:\/\/aeronoticias.com.pe\/noticiero\/?s={search_term_string}"},"query-input":{"@type":"PropertyValueSpecification","valueRequired":true,"valueName":"search_term_string"}}],"inLanguage":"es"},{"@type":"Person","@id":"https:\/\/aeronoticias.com.pe\/noticiero\/#\/schema\/person\/fc1e5d578f4b62ba1cf7ac2bba1170a0","name":"Redacci\u00f3n Aeronoticias","url":"https:\/\/aeronoticias.com.pe\/noticiero\/author\/piloto\/"}]}},"_links":{"self":[{"href":"https:\/\/aeronoticias.com.pe\/noticiero\/wp-json\/wp\/v2\/posts\/54677","targetHints":{"allow":["GET"]}}],"collection":[{"href":"https:\/\/aeronoticias.com.pe\/noticiero\/wp-json\/wp\/v2\/posts"}],"about":[{"href":"https:\/\/aeronoticias.com.pe\/noticiero\/wp-json\/wp\/v2\/types\/post"}],"author":[{"embeddable":true,"href":"https:\/\/aeronoticias.com.pe\/noticiero\/wp-json\/wp\/v2\/users\/1"}],"replies":[{"embeddable":true,"href":"https:\/\/aeronoticias.com.pe\/noticiero\/wp-json\/wp\/v2\/comments?post=54677"}],"version-history":[{"count":0,"href":"https:\/\/aeronoticias.com.pe\/noticiero\/wp-json\/wp\/v2\/posts\/54677\/revisions"}],"wp:attachment":[{"href":"https:\/\/aeronoticias.com.pe\/noticiero\/wp-json\/wp\/v2\/media?parent=54677"}],"wp:term":[{"taxonomy":"category","embeddable":true,"href":"https:\/\/aeronoticias.com.pe\/noticiero\/wp-json\/wp\/v2\/categories?post=54677"},{"taxonomy":"post_tag","embeddable":true,"href":"https:\/\/aeronoticias.com.pe\/noticiero\/wp-json\/wp\/v2\/tags?post=54677"}],"curies":[{"name":"wp","href":"https:\/\/api.w.org\/{rel}","templated":true}]}}