{"id":54696,"date":"2016-02-23T02:36:58","date_gmt":"2016-02-23T02:36:58","guid":{"rendered":"http:\/\/desarrollo.mcvicious.com\/aero2020\/2016\/02\/23\/qatar-airways-comprara-el-49-de-meridiana-si-reduce-su-plantilla\/"},"modified":"2016-02-23T02:36:58","modified_gmt":"2016-02-23T02:36:58","slug":"qatar-airways-comprara-el-49-de-meridiana-si-reduce-su-plantilla","status":"publish","type":"post","link":"https:\/\/aeronoticias.com.pe\/noticiero\/economia\/qatar-airways-comprara-el-49-de-meridiana-si-reduce-su-plantilla\/","title":{"rendered":"Qatar Airways comprar\u00e1 el 49% de Meridiana si reduce su plantilla"},"content":{"rendered":"<p style=\"text-align: justify;\"><strong>(Aeronoticias)<\/strong>.-\u00a0Qatar Airways quiere hacerse con el 49 por ciento de la aerol\u00ednea italiana Meridiana, aunque exige una condici\u00f3n para cerrar el trato. Deber\u00e1 despedir al 45 por ciento de su plantilla, es decir, 900 trabajadores de los 2.000 puestos con los que cuenta actualmente.<\/p>\n<p style=\"text-align: justify;\">La italiana no parece querer dejar pasar esta oportunidad pues su presidente, Marco Rigotti, ha hecho hincapi\u00e9 en que se debe llegar a un acuerdo con rapidez porque, de lo contrario, Qatar retirar\u00eda su oferta, seg\u00fan recoge Expansi\u00f3n. De materializarse la venta, la aerol\u00ednea del Golfo tendr\u00eda un 49 por ciento, mientras que el fundador de Meridiana, Aga Khan, mantendr\u00eda la mayor\u00eda con un 51 por ciento.<\/p>\n<p style=\"text-align: justify;\">Por su parte, la ministra de Desarrollo Econ\u00f3mico, Federica Guidi, considera que no deben comprometerse sin antes firmar un acuerdo previo con los sindicatos para que esos 900 trabajadores que perder\u00e1n su puesto de trabajo tengan un nuevo empleo. A\u00fan as\u00ed, considera que esta medida es la \u00fanica v\u00eda para revitalizar la compa\u00f1\u00eda y estima que en un futuro se crear\u00e1n nuevos puestos de trabajo.<\/p>\n<p style=\"text-align: justify;\">Ambas aerol\u00edneas han firmado un acuerdo de entendimiento para una posible alianza, en el cual se estipula un periodo de un a\u00f1o para hacer efectivos el 100 por cien de los despidos. En el mismo se desprende, adem\u00e1s, que la compradora respetar\u00e1 las actividades a\u00e9reas de la italiana, mientras que Qatar proporcionar\u00e1 los recursos financieros.<\/p>\n<p style=\"text-align: justify;\">De hacerse efectiva esta operaci\u00f3n, Meridiana repetir\u00eda el modelo de Alitalia (Bruselas autoriza la compra del 49 por ciento de Alitalia), que tambi\u00e9n vendi\u00f3 en agosto de 2014 el 49 por ciento de sus acciones a Etihad Airways, la segunda aerol\u00ednea de los Emiratos \u00c1rabes. Alitalia sufr\u00eda graves problemas financieros y, gracias a esta operaci\u00f3n, ha conseguido reafirmarse y anunciar nuevas rutas a distintos puntos de Europa y Asia.<\/p>\n<div style=\"text-align: justify;\">Fuente: <span style=\"text-decoration: underline;\"><em><strong>Aviaci\u00f3n al d\u00eda<\/strong><\/em><\/span>.<\/div>\n<div style=\"text-align: justify;\"><\/div>\n<div style=\"text-align: justify;\"><img decoding=\"async\" src=\"https:\/\/media.licdn.com\/mpr\/mpr\/AAEAAQAAAAAAAAN7AAAAJDRlMmZhZmJhLTY5OGQtNDVmOC1iNzczLTBmNzRkZjIxNjE5YQ.jpg\" border=\"0\" \/><\/div>\n","protected":false},"excerpt":{"rendered":"<p>(Aeronoticias).-\u00a0Qatar Airways quiere hacerse con el 49 por ciento de la aerol\u00ednea italiana Meridiana, aunque exige una condici\u00f3n para cerrar el trato. Deber\u00e1 despedir al 45 por ciento de su plantilla, es decir, 900 trabajadores de los 2.000 puestos con los que cuenta actualmente. La italiana no parece querer dejar pasar esta oportunidad pues su [&hellip;]<\/p>\n","protected":false},"author":1,"featured_media":0,"comment_status":"open","ping_status":"open","sticky":false,"template":"","format":"standard","meta":{"tdm_status":"","tdm_grid_status":"","footnotes":""},"categories":[33],"tags":[],"class_list":{"0":"post-54696","1":"post","2":"type-post","3":"status-publish","4":"format-standard","6":"category-economia"},"yoast_head":"<!-- This site is optimized with the Yoast SEO plugin v25.1 - https:\/\/yoast.com\/wordpress\/plugins\/seo\/ -->\n<title>Qatar Airways comprar\u00e1 el 49% de Meridiana si reduce su plantilla<\/title>\n<meta name=\"description\" content=\"Portal de noticias del Per\u00fa sobre el transporte a\u00e9reo, aviaci\u00f3n, turismo, hoteleria, actualidad.\" \/>\n<meta name=\"robots\" content=\"index, follow, max-snippet:-1, max-image-preview:large, max-video-preview:-1\" \/>\n<link rel=\"canonical\" href=\"https:\/\/aeronoticias.com.pe\/noticiero\/economia\/qatar-airways-comprara-el-49-de-meridiana-si-reduce-su-plantilla\/\" \/>\n<meta property=\"og:locale\" content=\"es_ES\" \/>\n<meta property=\"og:type\" content=\"article\" \/>\n<meta property=\"og:title\" content=\"Qatar Airways comprar\u00e1 el 49% de Meridiana si reduce su plantilla\" \/>\n<meta property=\"og:description\" content=\"Portal de noticias del Per\u00fa sobre el transporte a\u00e9reo, aviaci\u00f3n, turismo, hoteleria, actualidad.\" \/>\n<meta property=\"og:url\" content=\"https:\/\/aeronoticias.com.pe\/noticiero\/economia\/qatar-airways-comprara-el-49-de-meridiana-si-reduce-su-plantilla\/\" \/>\n<meta property=\"og:site_name\" content=\"Aeronoticias.com.pe\" \/>\n<meta property=\"article:publisher\" content=\"https:\/\/www.facebook.com\/Aeronoticias.com.pe\/\" \/>\n<meta property=\"article:published_time\" content=\"2016-02-23T02:36:58+00:00\" \/>\n<meta property=\"og:image\" content=\"https:\/\/media.licdn.com\/mpr\/mpr\/AAEAAQAAAAAAAAN7AAAAJDRlMmZhZmJhLTY5OGQtNDVmOC1iNzczLTBmNzRkZjIxNjE5YQ.jpg\" \/>\n<meta name=\"author\" content=\"Redacci\u00f3n Aeronoticias\" \/>\n<meta name=\"twitter:card\" content=\"summary_large_image\" \/>\n<meta name=\"twitter:creator\" content=\"@aeronoticias\" \/>\n<meta name=\"twitter:site\" content=\"@aeronoticias\" \/>\n<meta name=\"twitter:label1\" content=\"Escrito por\" \/>\n\t<meta name=\"twitter:data1\" content=\"Redacci\u00f3n Aeronoticias\" \/>\n\t<meta name=\"twitter:label2\" content=\"Tiempo de lectura\" \/>\n\t<meta name=\"twitter:data2\" content=\"2 minutos\" \/>\n<script type=\"application\/ld+json\" class=\"yoast-schema-graph\">{\"@context\":\"https:\/\/schema.org\",\"@graph\":[{\"@type\":\"WebPage\",\"@id\":\"https:\/\/aeronoticias.com.pe\/noticiero\/economia\/qatar-airways-comprara-el-49-de-meridiana-si-reduce-su-plantilla\/\",\"url\":\"https:\/\/aeronoticias.com.pe\/noticiero\/economia\/qatar-airways-comprara-el-49-de-meridiana-si-reduce-su-plantilla\/\",\"name\":\"Qatar Airways comprar\u00e1 el 49% de Meridiana si reduce su plantilla\",\"isPartOf\":{\"@id\":\"https:\/\/aeronoticias.com.pe\/noticiero\/#website\"},\"primaryImageOfPage\":{\"@id\":\"https:\/\/aeronoticias.com.pe\/noticiero\/economia\/qatar-airways-comprara-el-49-de-meridiana-si-reduce-su-plantilla\/#primaryimage\"},\"image\":{\"@id\":\"https:\/\/aeronoticias.com.pe\/noticiero\/economia\/qatar-airways-comprara-el-49-de-meridiana-si-reduce-su-plantilla\/#primaryimage\"},\"thumbnailUrl\":\"https:\/\/media.licdn.com\/mpr\/mpr\/AAEAAQAAAAAAAAN7AAAAJDRlMmZhZmJhLTY5OGQtNDVmOC1iNzczLTBmNzRkZjIxNjE5YQ.jpg\",\"datePublished\":\"2016-02-23T02:36:58+00:00\",\"author\":{\"@id\":\"https:\/\/aeronoticias.com.pe\/noticiero\/#\/schema\/person\/fc1e5d578f4b62ba1cf7ac2bba1170a0\"},\"description\":\"Portal de noticias del Per\u00fa sobre el transporte a\u00e9reo, aviaci\u00f3n, turismo, hoteleria, actualidad.\",\"breadcrumb\":{\"@id\":\"https:\/\/aeronoticias.com.pe\/noticiero\/economia\/qatar-airways-comprara-el-49-de-meridiana-si-reduce-su-plantilla\/#breadcrumb\"},\"inLanguage\":\"es\",\"potentialAction\":[{\"@type\":\"ReadAction\",\"target\":[\"https:\/\/aeronoticias.com.pe\/noticiero\/economia\/qatar-airways-comprara-el-49-de-meridiana-si-reduce-su-plantilla\/\"]}]},{\"@type\":\"ImageObject\",\"inLanguage\":\"es\",\"@id\":\"https:\/\/aeronoticias.com.pe\/noticiero\/economia\/qatar-airways-comprara-el-49-de-meridiana-si-reduce-su-plantilla\/#primaryimage\",\"url\":\"https:\/\/media.licdn.com\/mpr\/mpr\/AAEAAQAAAAAAAAN7AAAAJDRlMmZhZmJhLTY5OGQtNDVmOC1iNzczLTBmNzRkZjIxNjE5YQ.jpg\",\"contentUrl\":\"https:\/\/media.licdn.com\/mpr\/mpr\/AAEAAQAAAAAAAAN7AAAAJDRlMmZhZmJhLTY5OGQtNDVmOC1iNzczLTBmNzRkZjIxNjE5YQ.jpg\"},{\"@type\":\"BreadcrumbList\",\"@id\":\"https:\/\/aeronoticias.com.pe\/noticiero\/economia\/qatar-airways-comprara-el-49-de-meridiana-si-reduce-su-plantilla\/#breadcrumb\",\"itemListElement\":[{\"@type\":\"ListItem\",\"position\":1,\"name\":\"Portada\",\"item\":\"https:\/\/aeronoticias.com.pe\/noticiero\/\"},{\"@type\":\"ListItem\",\"position\":2,\"name\":\"Qatar Airways comprar\u00e1 el 49% de Meridiana si reduce su plantilla\"}]},{\"@type\":\"WebSite\",\"@id\":\"https:\/\/aeronoticias.com.pe\/noticiero\/#website\",\"url\":\"https:\/\/aeronoticias.com.pe\/noticiero\/\",\"name\":\"Aeronoticias.com.pe\",\"description\":\"Noticias de tranporte aereo, turismo, hoteles, gastronomia, actualidad, internacional\",\"potentialAction\":[{\"@type\":\"SearchAction\",\"target\":{\"@type\":\"EntryPoint\",\"urlTemplate\":\"https:\/\/aeronoticias.com.pe\/noticiero\/?s={search_term_string}\"},\"query-input\":{\"@type\":\"PropertyValueSpecification\",\"valueRequired\":true,\"valueName\":\"search_term_string\"}}],\"inLanguage\":\"es\"},{\"@type\":\"Person\",\"@id\":\"https:\/\/aeronoticias.com.pe\/noticiero\/#\/schema\/person\/fc1e5d578f4b62ba1cf7ac2bba1170a0\",\"name\":\"Redacci\u00f3n Aeronoticias\",\"url\":\"https:\/\/aeronoticias.com.pe\/noticiero\/author\/piloto\/\"}]}<\/script>\n<!-- \/ Yoast SEO plugin. -->","yoast_head_json":{"title":"Qatar Airways comprar\u00e1 el 49% de Meridiana si reduce su plantilla","description":"Portal de noticias del Per\u00fa sobre el transporte a\u00e9reo, aviaci\u00f3n, turismo, hoteleria, actualidad.","robots":{"index":"index","follow":"follow","max-snippet":"max-snippet:-1","max-image-preview":"max-image-preview:large","max-video-preview":"max-video-preview:-1"},"canonical":"https:\/\/aeronoticias.com.pe\/noticiero\/economia\/qatar-airways-comprara-el-49-de-meridiana-si-reduce-su-plantilla\/","og_locale":"es_ES","og_type":"article","og_title":"Qatar Airways comprar\u00e1 el 49% de Meridiana si reduce su plantilla","og_description":"Portal de noticias del Per\u00fa sobre el transporte a\u00e9reo, aviaci\u00f3n, turismo, hoteleria, actualidad.","og_url":"https:\/\/aeronoticias.com.pe\/noticiero\/economia\/qatar-airways-comprara-el-49-de-meridiana-si-reduce-su-plantilla\/","og_site_name":"Aeronoticias.com.pe","article_publisher":"https:\/\/www.facebook.com\/Aeronoticias.com.pe\/","article_published_time":"2016-02-23T02:36:58+00:00","og_image":[{"url":"https:\/\/media.licdn.com\/mpr\/mpr\/AAEAAQAAAAAAAAN7AAAAJDRlMmZhZmJhLTY5OGQtNDVmOC1iNzczLTBmNzRkZjIxNjE5YQ.jpg","type":"","width":"","height":""}],"author":"Redacci\u00f3n Aeronoticias","twitter_card":"summary_large_image","twitter_creator":"@aeronoticias","twitter_site":"@aeronoticias","twitter_misc":{"Escrito por":"Redacci\u00f3n Aeronoticias","Tiempo de lectura":"2 minutos"},"schema":{"@context":"https:\/\/schema.org","@graph":[{"@type":"WebPage","@id":"https:\/\/aeronoticias.com.pe\/noticiero\/economia\/qatar-airways-comprara-el-49-de-meridiana-si-reduce-su-plantilla\/","url":"https:\/\/aeronoticias.com.pe\/noticiero\/economia\/qatar-airways-comprara-el-49-de-meridiana-si-reduce-su-plantilla\/","name":"Qatar Airways comprar\u00e1 el 49% de Meridiana si reduce su plantilla","isPartOf":{"@id":"https:\/\/aeronoticias.com.pe\/noticiero\/#website"},"primaryImageOfPage":{"@id":"https:\/\/aeronoticias.com.pe\/noticiero\/economia\/qatar-airways-comprara-el-49-de-meridiana-si-reduce-su-plantilla\/#primaryimage"},"image":{"@id":"https:\/\/aeronoticias.com.pe\/noticiero\/economia\/qatar-airways-comprara-el-49-de-meridiana-si-reduce-su-plantilla\/#primaryimage"},"thumbnailUrl":"https:\/\/media.licdn.com\/mpr\/mpr\/AAEAAQAAAAAAAAN7AAAAJDRlMmZhZmJhLTY5OGQtNDVmOC1iNzczLTBmNzRkZjIxNjE5YQ.jpg","datePublished":"2016-02-23T02:36:58+00:00","author":{"@id":"https:\/\/aeronoticias.com.pe\/noticiero\/#\/schema\/person\/fc1e5d578f4b62ba1cf7ac2bba1170a0"},"description":"Portal de noticias del Per\u00fa sobre el transporte a\u00e9reo, aviaci\u00f3n, turismo, hoteleria, actualidad.","breadcrumb":{"@id":"https:\/\/aeronoticias.com.pe\/noticiero\/economia\/qatar-airways-comprara-el-49-de-meridiana-si-reduce-su-plantilla\/#breadcrumb"},"inLanguage":"es","potentialAction":[{"@type":"ReadAction","target":["https:\/\/aeronoticias.com.pe\/noticiero\/economia\/qatar-airways-comprara-el-49-de-meridiana-si-reduce-su-plantilla\/"]}]},{"@type":"ImageObject","inLanguage":"es","@id":"https:\/\/aeronoticias.com.pe\/noticiero\/economia\/qatar-airways-comprara-el-49-de-meridiana-si-reduce-su-plantilla\/#primaryimage","url":"https:\/\/media.licdn.com\/mpr\/mpr\/AAEAAQAAAAAAAAN7AAAAJDRlMmZhZmJhLTY5OGQtNDVmOC1iNzczLTBmNzRkZjIxNjE5YQ.jpg","contentUrl":"https:\/\/media.licdn.com\/mpr\/mpr\/AAEAAQAAAAAAAAN7AAAAJDRlMmZhZmJhLTY5OGQtNDVmOC1iNzczLTBmNzRkZjIxNjE5YQ.jpg"},{"@type":"BreadcrumbList","@id":"https:\/\/aeronoticias.com.pe\/noticiero\/economia\/qatar-airways-comprara-el-49-de-meridiana-si-reduce-su-plantilla\/#breadcrumb","itemListElement":[{"@type":"ListItem","position":1,"name":"Portada","item":"https:\/\/aeronoticias.com.pe\/noticiero\/"},{"@type":"ListItem","position":2,"name":"Qatar Airways comprar\u00e1 el 49% de Meridiana si reduce su plantilla"}]},{"@type":"WebSite","@id":"https:\/\/aeronoticias.com.pe\/noticiero\/#website","url":"https:\/\/aeronoticias.com.pe\/noticiero\/","name":"Aeronoticias.com.pe","description":"Noticias de tranporte aereo, turismo, hoteles, gastronomia, actualidad, internacional","potentialAction":[{"@type":"SearchAction","target":{"@type":"EntryPoint","urlTemplate":"https:\/\/aeronoticias.com.pe\/noticiero\/?s={search_term_string}"},"query-input":{"@type":"PropertyValueSpecification","valueRequired":true,"valueName":"search_term_string"}}],"inLanguage":"es"},{"@type":"Person","@id":"https:\/\/aeronoticias.com.pe\/noticiero\/#\/schema\/person\/fc1e5d578f4b62ba1cf7ac2bba1170a0","name":"Redacci\u00f3n Aeronoticias","url":"https:\/\/aeronoticias.com.pe\/noticiero\/author\/piloto\/"}]}},"_links":{"self":[{"href":"https:\/\/aeronoticias.com.pe\/noticiero\/wp-json\/wp\/v2\/posts\/54696","targetHints":{"allow":["GET"]}}],"collection":[{"href":"https:\/\/aeronoticias.com.pe\/noticiero\/wp-json\/wp\/v2\/posts"}],"about":[{"href":"https:\/\/aeronoticias.com.pe\/noticiero\/wp-json\/wp\/v2\/types\/post"}],"author":[{"embeddable":true,"href":"https:\/\/aeronoticias.com.pe\/noticiero\/wp-json\/wp\/v2\/users\/1"}],"replies":[{"embeddable":true,"href":"https:\/\/aeronoticias.com.pe\/noticiero\/wp-json\/wp\/v2\/comments?post=54696"}],"version-history":[{"count":0,"href":"https:\/\/aeronoticias.com.pe\/noticiero\/wp-json\/wp\/v2\/posts\/54696\/revisions"}],"wp:attachment":[{"href":"https:\/\/aeronoticias.com.pe\/noticiero\/wp-json\/wp\/v2\/media?parent=54696"}],"wp:term":[{"taxonomy":"category","embeddable":true,"href":"https:\/\/aeronoticias.com.pe\/noticiero\/wp-json\/wp\/v2\/categories?post=54696"},{"taxonomy":"post_tag","embeddable":true,"href":"https:\/\/aeronoticias.com.pe\/noticiero\/wp-json\/wp\/v2\/tags?post=54696"}],"curies":[{"name":"wp","href":"https:\/\/api.w.org\/{rel}","templated":true}]}}