{"id":54698,"date":"2016-02-23T03:02:15","date_gmt":"2016-02-23T03:02:15","guid":{"rendered":"http:\/\/desarrollo.mcvicious.com\/aero2020\/2016\/02\/23\/el-5g-una-red-para-satisfacer-a-personas-y-a-maquinas\/"},"modified":"2016-02-23T03:02:15","modified_gmt":"2016-02-23T03:02:15","slug":"el-5g-una-red-para-satisfacer-a-personas-y-a-maquinas","status":"publish","type":"post","link":"https:\/\/aeronoticias.com.pe\/noticiero\/27\/el-5g-una-red-para-satisfacer-a-personas-y-a-maquinas\/","title":{"rendered":"El 5G, una red para satisfacer a personas y a m\u00e1quinas"},"content":{"rendered":"<p style=\"text-align: justify;\"><strong>(Aeronoticias)<\/strong>.-\u00a0\u00abEl 4G fue una evoluci\u00f3n del 3G, con m\u00e1s ancho de banda y m\u00e1s velocidad, pero a nivel general el mismo ecosistema, mientras que la 5G pretende habilitar toda una serie de usos que se salen de este ecosistema\u00bb como la sanidad electr\u00f3nica, la industria 4.0 o los transportes por ejemplo, explica Viktor Arvidsson, director estrat\u00e9gico en Francia de Ericsson.<\/p>\n<p style=\"text-align: justify;\">Para los consumidores, el 5G debe aportar m\u00e1s velocidad y m\u00e1s ancho de banda para permitir el desarrollo del v\u00eddeo en l\u00ednea, la realidad virtual o incluso la llegada de los hologramas.<\/p>\n<p style=\"text-align: justify;\">\u00abPara los hologramas, necesitamos un ancho de banda superior a los 10 gigabits por segundo (Gb\/s) y las redes 4G no los pueden ofrecer. Pero en el futuro, el 5G podr\u00e1 alcanzar los 20 Gb\/s. La gente adora este tipo de servicio innovador\u00bb, explica Minsoo Na, director de investigaci\u00f3n y desarrollo en el operador surcoreano SK Telecom.<\/p>\n<p style=\"text-align: justify;\">Pero m\u00e1s all\u00e1 de las necesidades humanas, el principal reto del 5G es la esperada explosi\u00f3n del internet de las cosas en campos tan variados como sensores, sanidad, transporte o m\u00e1quinas industriales, para los que el 4G no est\u00e1 adaptada.<\/p>\n<p style=\"text-align: justify;\">\u00abLa red debe adaptarse al mismo tiempo a anchos de banda muy importantes y capacidades enormes as\u00ed como a miles de millones de objetos comunic\u00e1ndose muy poco y de manera poco frecuente. Tambi\u00e9n tiene que responder a necesidades cr\u00edticas, que necesitan tiempos de respuesta extremadamente cortos\u00bb, explica Fr\u00e9d\u00e9ric Pujol, especialista de tecnolog\u00edas de radio y espectro en Idate.<\/p>\n<p style=\"text-align: justify;\"><strong>CUESTI\u00d3N DE MILISEGUNDOS<\/strong><\/p>\n<p style=\"text-align: justify;\">Gracias al uso de un espectro de onda m\u00e1s ancho, a antenas cada vez m\u00e1s numerosas y adaptadas a diferentes ondas de radio y debido tambi\u00e9n a la mayor convergencia entre redes fijas y m\u00f3viles, ser\u00e1 posible agilizar la rapidez de la transmisi\u00f3n, una necesidad absoluta en el internet de las cosas.<\/p>\n<p style=\"text-align: justify;\">\u00abSer\u00e1 necesaria una red con una latencia de pocos milisegundos para el autom\u00f3vil por ejemplo. Con el 4G, un veh\u00edculo aut\u00f3nomo a 100 km\/h necesitar\u00e1 tres metros para accionar el freno mientras que con el 5G solo ser\u00e1n unos cent\u00edmetros\u00bb, explica M\u00e9rouane Debbah, director matem\u00e1tico y algor\u00edtmico de Huawei en Par\u00eds.<\/p>\n<p style=\"text-align: justify;\">\u00abPero para ello, har\u00eda falta una cobertura del 99,99% en cualquier punto del globo\u00bb, precisa. Otro desaf\u00edo es la autonom\u00eda del dispositivo.<\/p>\n<p style=\"text-align: justify;\">\u00abCon el 4G, si ofrecemos una transmisi\u00f3n de 10 G\/s, el smartphone se queda sin bater\u00eda muy r\u00e1pidamente. El 5G deber\u00eda responder este tipo de problema y permitir tambi\u00e9n el internet inmersivo\u00bb que llegar\u00e1 de la mano del v\u00eddeo 8K (de ultra alta definici\u00f3n) y los cascos de realidad virtual, precisa Debbah.<\/p>\n<p style=\"text-align: justify;\">Estos diferentes usos, imaginados en 2014, abren el apetito inversor en varias partes del mundo. Desarrollarlos es el objetivo del programa europeo METIS 2020, participado por una treintena de grupos europeos y mundiales para definir los objetivos esperados del 5G.<\/p>\n<p style=\"text-align: justify;\">Fuente: <span style=\"text-decoration: underline;\"><em><strong>El Comercio<\/strong><\/em><\/span>.<\/p>\n<p style=\"text-align: justify;\"><img decoding=\"async\" src=\"http:\/\/cde.3.elcomercio.pe\/ima\/0\/1\/3\/2\/0\/1320592\/base_image.jpg\" border=\"0\" alt=\"El 5G, una red para satisfacer a personas y a m\u00e1quinas\" \/><\/p>\n","protected":false},"excerpt":{"rendered":"<p>(Aeronoticias).-\u00a0\u00abEl 4G fue una evoluci\u00f3n del 3G, con m\u00e1s ancho de banda y m\u00e1s velocidad, pero a nivel general el mismo ecosistema, mientras que la 5G pretende habilitar toda una serie de usos que se salen de este ecosistema\u00bb como la sanidad electr\u00f3nica, la industria 4.0 o los transportes por ejemplo, explica Viktor Arvidsson, director [&hellip;]<\/p>\n","protected":false},"author":1,"featured_media":0,"comment_status":"open","ping_status":"open","sticky":false,"template":"","format":"standard","meta":{"tdm_status":"","tdm_grid_status":"","footnotes":""},"categories":[35],"tags":[],"class_list":{"0":"post-54698","1":"post","2":"type-post","3":"status-publish","4":"format-standard","6":"category-35"},"yoast_head":"<!-- This site is optimized with the Yoast SEO plugin v25.1 - https:\/\/yoast.com\/wordpress\/plugins\/seo\/ -->\n<title>El 5G, una red para satisfacer a personas y a m\u00e1quinas<\/title>\n<meta name=\"description\" content=\"Portal de noticias del Per\u00fa sobre el transporte a\u00e9reo, aviaci\u00f3n, turismo, hoteleria, actualidad.\" \/>\n<meta name=\"robots\" content=\"index, follow, max-snippet:-1, max-image-preview:large, max-video-preview:-1\" \/>\n<link rel=\"canonical\" href=\"https:\/\/aeronoticias.com.pe\/noticiero\/27\/el-5g-una-red-para-satisfacer-a-personas-y-a-maquinas\/\" \/>\n<meta property=\"og:locale\" content=\"es_ES\" \/>\n<meta property=\"og:type\" content=\"article\" \/>\n<meta property=\"og:title\" content=\"El 5G, una red para satisfacer a personas y a m\u00e1quinas\" \/>\n<meta property=\"og:description\" content=\"Portal de noticias del Per\u00fa sobre el transporte a\u00e9reo, aviaci\u00f3n, turismo, hoteleria, actualidad.\" \/>\n<meta property=\"og:url\" content=\"https:\/\/aeronoticias.com.pe\/noticiero\/27\/el-5g-una-red-para-satisfacer-a-personas-y-a-maquinas\/\" \/>\n<meta property=\"og:site_name\" content=\"Aeronoticias.com.pe\" \/>\n<meta property=\"article:publisher\" content=\"https:\/\/www.facebook.com\/Aeronoticias.com.pe\/\" \/>\n<meta property=\"article:published_time\" content=\"2016-02-23T03:02:15+00:00\" \/>\n<meta property=\"og:image\" content=\"http:\/\/cde.3.elcomercio.pe\/ima\/0\/1\/3\/2\/0\/1320592\/base_image.jpg\" \/>\n<meta name=\"author\" content=\"Redacci\u00f3n Aeronoticias\" \/>\n<meta name=\"twitter:card\" content=\"summary_large_image\" \/>\n<meta name=\"twitter:creator\" content=\"@aeronoticias\" \/>\n<meta name=\"twitter:site\" content=\"@aeronoticias\" \/>\n<meta name=\"twitter:label1\" content=\"Escrito por\" \/>\n\t<meta name=\"twitter:data1\" content=\"Redacci\u00f3n Aeronoticias\" \/>\n\t<meta name=\"twitter:label2\" content=\"Tiempo de lectura\" \/>\n\t<meta name=\"twitter:data2\" content=\"3 minutos\" \/>\n<script type=\"application\/ld+json\" class=\"yoast-schema-graph\">{\"@context\":\"https:\/\/schema.org\",\"@graph\":[{\"@type\":\"WebPage\",\"@id\":\"https:\/\/aeronoticias.com.pe\/noticiero\/27\/el-5g-una-red-para-satisfacer-a-personas-y-a-maquinas\/\",\"url\":\"https:\/\/aeronoticias.com.pe\/noticiero\/27\/el-5g-una-red-para-satisfacer-a-personas-y-a-maquinas\/\",\"name\":\"El 5G, una red para satisfacer a personas y a m\u00e1quinas\",\"isPartOf\":{\"@id\":\"https:\/\/aeronoticias.com.pe\/noticiero\/#website\"},\"primaryImageOfPage\":{\"@id\":\"https:\/\/aeronoticias.com.pe\/noticiero\/27\/el-5g-una-red-para-satisfacer-a-personas-y-a-maquinas\/#primaryimage\"},\"image\":{\"@id\":\"https:\/\/aeronoticias.com.pe\/noticiero\/27\/el-5g-una-red-para-satisfacer-a-personas-y-a-maquinas\/#primaryimage\"},\"thumbnailUrl\":\"http:\/\/cde.3.elcomercio.pe\/ima\/0\/1\/3\/2\/0\/1320592\/base_image.jpg\",\"datePublished\":\"2016-02-23T03:02:15+00:00\",\"author\":{\"@id\":\"https:\/\/aeronoticias.com.pe\/noticiero\/#\/schema\/person\/fc1e5d578f4b62ba1cf7ac2bba1170a0\"},\"description\":\"Portal de noticias del Per\u00fa sobre el transporte a\u00e9reo, aviaci\u00f3n, turismo, hoteleria, actualidad.\",\"breadcrumb\":{\"@id\":\"https:\/\/aeronoticias.com.pe\/noticiero\/27\/el-5g-una-red-para-satisfacer-a-personas-y-a-maquinas\/#breadcrumb\"},\"inLanguage\":\"es\",\"potentialAction\":[{\"@type\":\"ReadAction\",\"target\":[\"https:\/\/aeronoticias.com.pe\/noticiero\/27\/el-5g-una-red-para-satisfacer-a-personas-y-a-maquinas\/\"]}]},{\"@type\":\"ImageObject\",\"inLanguage\":\"es\",\"@id\":\"https:\/\/aeronoticias.com.pe\/noticiero\/27\/el-5g-una-red-para-satisfacer-a-personas-y-a-maquinas\/#primaryimage\",\"url\":\"http:\/\/cde.3.elcomercio.pe\/ima\/0\/1\/3\/2\/0\/1320592\/base_image.jpg\",\"contentUrl\":\"http:\/\/cde.3.elcomercio.pe\/ima\/0\/1\/3\/2\/0\/1320592\/base_image.jpg\"},{\"@type\":\"BreadcrumbList\",\"@id\":\"https:\/\/aeronoticias.com.pe\/noticiero\/27\/el-5g-una-red-para-satisfacer-a-personas-y-a-maquinas\/#breadcrumb\",\"itemListElement\":[{\"@type\":\"ListItem\",\"position\":1,\"name\":\"Portada\",\"item\":\"https:\/\/aeronoticias.com.pe\/noticiero\/\"},{\"@type\":\"ListItem\",\"position\":2,\"name\":\"El 5G, una red para satisfacer a personas y a m\u00e1quinas\"}]},{\"@type\":\"WebSite\",\"@id\":\"https:\/\/aeronoticias.com.pe\/noticiero\/#website\",\"url\":\"https:\/\/aeronoticias.com.pe\/noticiero\/\",\"name\":\"Aeronoticias.com.pe\",\"description\":\"Noticias de tranporte aereo, turismo, hoteles, gastronomia, actualidad, internacional\",\"potentialAction\":[{\"@type\":\"SearchAction\",\"target\":{\"@type\":\"EntryPoint\",\"urlTemplate\":\"https:\/\/aeronoticias.com.pe\/noticiero\/?s={search_term_string}\"},\"query-input\":{\"@type\":\"PropertyValueSpecification\",\"valueRequired\":true,\"valueName\":\"search_term_string\"}}],\"inLanguage\":\"es\"},{\"@type\":\"Person\",\"@id\":\"https:\/\/aeronoticias.com.pe\/noticiero\/#\/schema\/person\/fc1e5d578f4b62ba1cf7ac2bba1170a0\",\"name\":\"Redacci\u00f3n Aeronoticias\",\"url\":\"https:\/\/aeronoticias.com.pe\/noticiero\/author\/piloto\/\"}]}<\/script>\n<!-- \/ Yoast SEO plugin. -->","yoast_head_json":{"title":"El 5G, una red para satisfacer a personas y a m\u00e1quinas","description":"Portal de noticias del Per\u00fa sobre el transporte a\u00e9reo, aviaci\u00f3n, turismo, hoteleria, actualidad.","robots":{"index":"index","follow":"follow","max-snippet":"max-snippet:-1","max-image-preview":"max-image-preview:large","max-video-preview":"max-video-preview:-1"},"canonical":"https:\/\/aeronoticias.com.pe\/noticiero\/27\/el-5g-una-red-para-satisfacer-a-personas-y-a-maquinas\/","og_locale":"es_ES","og_type":"article","og_title":"El 5G, una red para satisfacer a personas y a m\u00e1quinas","og_description":"Portal de noticias del Per\u00fa sobre el transporte a\u00e9reo, aviaci\u00f3n, turismo, hoteleria, actualidad.","og_url":"https:\/\/aeronoticias.com.pe\/noticiero\/27\/el-5g-una-red-para-satisfacer-a-personas-y-a-maquinas\/","og_site_name":"Aeronoticias.com.pe","article_publisher":"https:\/\/www.facebook.com\/Aeronoticias.com.pe\/","article_published_time":"2016-02-23T03:02:15+00:00","og_image":[{"url":"http:\/\/cde.3.elcomercio.pe\/ima\/0\/1\/3\/2\/0\/1320592\/base_image.jpg","type":"","width":"","height":""}],"author":"Redacci\u00f3n Aeronoticias","twitter_card":"summary_large_image","twitter_creator":"@aeronoticias","twitter_site":"@aeronoticias","twitter_misc":{"Escrito por":"Redacci\u00f3n Aeronoticias","Tiempo de lectura":"3 minutos"},"schema":{"@context":"https:\/\/schema.org","@graph":[{"@type":"WebPage","@id":"https:\/\/aeronoticias.com.pe\/noticiero\/27\/el-5g-una-red-para-satisfacer-a-personas-y-a-maquinas\/","url":"https:\/\/aeronoticias.com.pe\/noticiero\/27\/el-5g-una-red-para-satisfacer-a-personas-y-a-maquinas\/","name":"El 5G, una red para satisfacer a personas y a m\u00e1quinas","isPartOf":{"@id":"https:\/\/aeronoticias.com.pe\/noticiero\/#website"},"primaryImageOfPage":{"@id":"https:\/\/aeronoticias.com.pe\/noticiero\/27\/el-5g-una-red-para-satisfacer-a-personas-y-a-maquinas\/#primaryimage"},"image":{"@id":"https:\/\/aeronoticias.com.pe\/noticiero\/27\/el-5g-una-red-para-satisfacer-a-personas-y-a-maquinas\/#primaryimage"},"thumbnailUrl":"http:\/\/cde.3.elcomercio.pe\/ima\/0\/1\/3\/2\/0\/1320592\/base_image.jpg","datePublished":"2016-02-23T03:02:15+00:00","author":{"@id":"https:\/\/aeronoticias.com.pe\/noticiero\/#\/schema\/person\/fc1e5d578f4b62ba1cf7ac2bba1170a0"},"description":"Portal de noticias del Per\u00fa sobre el transporte a\u00e9reo, aviaci\u00f3n, turismo, hoteleria, actualidad.","breadcrumb":{"@id":"https:\/\/aeronoticias.com.pe\/noticiero\/27\/el-5g-una-red-para-satisfacer-a-personas-y-a-maquinas\/#breadcrumb"},"inLanguage":"es","potentialAction":[{"@type":"ReadAction","target":["https:\/\/aeronoticias.com.pe\/noticiero\/27\/el-5g-una-red-para-satisfacer-a-personas-y-a-maquinas\/"]}]},{"@type":"ImageObject","inLanguage":"es","@id":"https:\/\/aeronoticias.com.pe\/noticiero\/27\/el-5g-una-red-para-satisfacer-a-personas-y-a-maquinas\/#primaryimage","url":"http:\/\/cde.3.elcomercio.pe\/ima\/0\/1\/3\/2\/0\/1320592\/base_image.jpg","contentUrl":"http:\/\/cde.3.elcomercio.pe\/ima\/0\/1\/3\/2\/0\/1320592\/base_image.jpg"},{"@type":"BreadcrumbList","@id":"https:\/\/aeronoticias.com.pe\/noticiero\/27\/el-5g-una-red-para-satisfacer-a-personas-y-a-maquinas\/#breadcrumb","itemListElement":[{"@type":"ListItem","position":1,"name":"Portada","item":"https:\/\/aeronoticias.com.pe\/noticiero\/"},{"@type":"ListItem","position":2,"name":"El 5G, una red para satisfacer a personas y a m\u00e1quinas"}]},{"@type":"WebSite","@id":"https:\/\/aeronoticias.com.pe\/noticiero\/#website","url":"https:\/\/aeronoticias.com.pe\/noticiero\/","name":"Aeronoticias.com.pe","description":"Noticias de tranporte aereo, turismo, hoteles, gastronomia, actualidad, internacional","potentialAction":[{"@type":"SearchAction","target":{"@type":"EntryPoint","urlTemplate":"https:\/\/aeronoticias.com.pe\/noticiero\/?s={search_term_string}"},"query-input":{"@type":"PropertyValueSpecification","valueRequired":true,"valueName":"search_term_string"}}],"inLanguage":"es"},{"@type":"Person","@id":"https:\/\/aeronoticias.com.pe\/noticiero\/#\/schema\/person\/fc1e5d578f4b62ba1cf7ac2bba1170a0","name":"Redacci\u00f3n Aeronoticias","url":"https:\/\/aeronoticias.com.pe\/noticiero\/author\/piloto\/"}]}},"_links":{"self":[{"href":"https:\/\/aeronoticias.com.pe\/noticiero\/wp-json\/wp\/v2\/posts\/54698","targetHints":{"allow":["GET"]}}],"collection":[{"href":"https:\/\/aeronoticias.com.pe\/noticiero\/wp-json\/wp\/v2\/posts"}],"about":[{"href":"https:\/\/aeronoticias.com.pe\/noticiero\/wp-json\/wp\/v2\/types\/post"}],"author":[{"embeddable":true,"href":"https:\/\/aeronoticias.com.pe\/noticiero\/wp-json\/wp\/v2\/users\/1"}],"replies":[{"embeddable":true,"href":"https:\/\/aeronoticias.com.pe\/noticiero\/wp-json\/wp\/v2\/comments?post=54698"}],"version-history":[{"count":0,"href":"https:\/\/aeronoticias.com.pe\/noticiero\/wp-json\/wp\/v2\/posts\/54698\/revisions"}],"wp:attachment":[{"href":"https:\/\/aeronoticias.com.pe\/noticiero\/wp-json\/wp\/v2\/media?parent=54698"}],"wp:term":[{"taxonomy":"category","embeddable":true,"href":"https:\/\/aeronoticias.com.pe\/noticiero\/wp-json\/wp\/v2\/categories?post=54698"},{"taxonomy":"post_tag","embeddable":true,"href":"https:\/\/aeronoticias.com.pe\/noticiero\/wp-json\/wp\/v2\/tags?post=54698"}],"curies":[{"name":"wp","href":"https:\/\/api.w.org\/{rel}","templated":true}]}}