{"id":54699,"date":"2016-02-23T18:42:23","date_gmt":"2016-02-23T18:42:23","guid":{"rendered":"http:\/\/desarrollo.mcvicious.com\/aero2020\/2016\/02\/23\/e-pasaportes-iquien-siembra-vientos-cosecha-tempestades\/"},"modified":"2016-02-23T18:42:23","modified_gmt":"2016-02-23T18:42:23","slug":"e-pasaportes-iquien-siembra-vientos-cosecha-tempestades","status":"publish","type":"post","link":"https:\/\/aeronoticias.com.pe\/noticiero\/politica\/e-pasaportes-iquien-siembra-vientos-cosecha-tempestades\/","title":{"rendered":"E-pasaportes: \u00a1quien siembra vientos, cosecha tempestades!"},"content":{"rendered":"<p style=\"text-align: justify;\"><strong>(Aeronoticias) <\/strong><span style=\"font-size: 12.16px; line-height: 1.3em;\">Coincide la visita del presidente de Francia, Francois Hollande, al Per\u00fa, con la muy desairada posici\u00f3n de la Canciller\u00eda y gobierno: \u00a1carecemos de pasaporte electr\u00f3nico porque no pudimos cumplir con la fecha exigida por la Comunidad Europea en diciembre del 2015! S\u00f3lo esa circunstancia, tal como la dej\u00f3 entrever, el embajador Carlos Polo Casta\u00f1eda, significar\u00eda que ni siquiera para marzo est\u00e1 segura la firma del convenio que nos exima de la visa Schengen.<\/span><\/p>\n<p style=\"text-align: justify;\"><span style=\"font-size: 12.16px; line-height: 1.3em;\">El denominado proceso lo encarg\u00f3 la Superintendencia Nacional de Migraciones a OACI-ICAO, que nunca hab\u00eda liderado uno en todo el mundo y al costo de S\/ 2\u2019550,000 pagados por el pueblo peruano y para que el consorcio ganador, Gemalto-Imprimerie Nationale -Francia- NO CUMPLIERA con el pasaporte electr\u00f3nico en diciembre 2015. \u00bfEs pol\u00edtica de Estado eficiente sufragar yerros atroces?<\/span><\/p>\n<p style=\"text-align: justify;\"><span style=\"font-size: 12.16px; line-height: 1.3em;\">Responsables hay, sin duda alguna. En primer t\u00e9rmino, el obcecado e inecu\u00e1nime titular de la Superintendencia, Boris Potoz\u00e9n Bracco. Hasta hoy no le explica al pueblo peruano por causa de qu\u00e9 permiti\u00f3 la buena pro al consorcio Gemalto-Imprimerie Nationale, a sabiendas que NO iban a cumplir. El reclam\u00f3 -testigos hay- que quien ganara ten\u00eda que hacerlo en ese lapso perentorio. Pero NO ha sido as\u00ed.<\/span><\/p>\n<p style=\"text-align: justify;\"><span style=\"font-size: 12.16px; line-height: 1.3em;\">Para salvar y no fracasar en el compromiso con la Comunidad Europea, el ministro del Interior, del cual depende la Superintedencia Nacional de Migraciones, Jos\u00e9 Luis P\u00e9rez Guadalupe, es otro de los directos responsables y estuvo comisionado por orden del presidente Humala para tomar contacto, v\u00eda el mandatario de Colombia, Juan Manuel Santos, con la firma capaz de hacer los e-pasaportes. \u00bfPor qu\u00e9 naufragaron las negociaciones?, \u00bfo hab\u00eda que encallar la nave a todo costo, a\u00fan a pesar del rid\u00edculo que pas\u00f3 despu\u00e9s el propio Humala en diciembre, en Bruselas, ante la Comunidad Europea?<\/span><\/p>\n<p style=\"text-align: justify;\"><span style=\"font-size: 12.16px; line-height: 1.3em;\">Quien siembra vientos, se\u00f1ores Guadalupe y Potoz\u00e9n, cosecha tempestades.<\/span><\/p>\n<p style=\"text-align: justify;\"><span style=\"font-size: 12.16px; line-height: 1.3em;\">Y hemos visto que en los \u00faltimos d\u00edas el titular de Interior anuncia el pasaporte electr\u00f3nico bajo el t\u00edtulo enga\u00f1oso en los acr\u00edticos medios de comunicaci\u00f3n: Visa Schengen, cuando de lo que se trata es de un c\u00ednico control de da\u00f1os para enunciar el precio, el m\u00e1s barato de Latinoam\u00e9rica, dicen, y que se emitir\u00e1 desde el 26 de los corrientes.<\/span><\/p>\n<p style=\"text-align: justify;\"><span style=\"font-size: 12.16px; line-height: 1.3em;\">\u00bfPor qu\u00e9 el ministro Jos\u00e9 Luis P\u00e9rez Guadalupe no explica que, seg\u00fan fuentes diplom\u00e1ticas muy bien enteradas, no hay fecha para la firma de exenci\u00f3n de la visa Schengen entre Per\u00fa y la Comunidad Europea? Su engolada voz, estudiada postura y ciencia infusa que provee todas las respuestas necesarias, hoy es inane y fr\u00edvola.<\/span><\/p>\n<p style=\"text-align: justify;\"><span style=\"font-size: 12.16px; line-height: 1.3em;\">Se ha prolongado la vigencia de los pasaportes mec\u00e1nicos hasta el 2021 y surge vibrante la pregunta: \u00bfentonces, para qu\u00e9 se ha invertido 180 millones del erario nacional, es decir de dinero del pueblo, para que los e-pasaportes no tengan mayor diferencia en su uso que los documentos comunes? Si no hay seguridad de exenci\u00f3n de visa Schengen, lo \u00fanico que queda es pagar por aquella y viajar a Europa premunida de \u00e9sta.<\/span><\/p>\n<p style=\"text-align: justify;\"><span style=\"font-size: 12.16px; line-height: 1.3em;\">Las dos circunstancias: precio bajo y emisi\u00f3n el 26, juntas o separadas, no logran ocultar que por ineficiencia del gobierno peruano, no tenemos la exenci\u00f3n de la visa Schengen. Y si esto se confirmara, ser\u00eda una tragedia por lamentar y que incorporar al largo t\u00fanel de dislates en que incurre la Canciller\u00eda del Per\u00fa bajo la direcci\u00f3n de Ana Mar\u00eda S\u00e1nchez.<\/span><\/p>\n<p style=\"text-align: justify;\"><span style=\"font-size: 12.16px; line-height: 1.3em;\">Y todo esto parte por la majader\u00eda de apelar a una organizaci\u00f3n internacional como OACI-ICAO para que se meta en menesteres que no conoce. El dicho \u00bfqu\u00e9 sabe el burro de alfajores?, encaja perfectamente. Y, para colmo de males, y tal como hemos enunciado, Migraciones estar\u00eda port\u00e1ndose de manera renuente ante el requerimiento de la Fiscal\u00eda Anti-corrupci\u00f3n para entregar la Propuesta T\u00e9cnica del consorcio ganador, Gemalto-Imprimerie Nationale. Llegar\u00e1 el momento en que se podr\u00e1 preguntar: \u00bfqu\u00e9 est\u00e1n escondiendo?<\/span><\/p>\n<p style=\"text-align: justify;\"><span style=\"font-size: 12.16px; line-height: 1.3em;\">La nacionalizaci\u00f3n de las compras del Estado deviene en un tema de soberan\u00eda. N\u00f3tese que si no hay exenci\u00f3n de visa Schengen, ya hay contratos con el monop\u00f3lico grupo franc\u00e9s Gemalto-Imprimerie Nationale para el pasaporte electr\u00f3nico y las partidas que juntas suman S\/ 180 millones de soles. \u00bfDe qui\u00e9n es ese dinero?: del pueblo.<\/span><\/p>\n<p style=\"text-align: justify;\"><span style=\"font-size: 12.16px; line-height: 1.3em;\">\u00bfHay que permitir el mal uso del dinero del contribuyente? Me temo que la respuesta es categ\u00f3rica: \u00a1no! <\/span><\/p>\n<p style=\"text-align: justify;\"><span style=\"font-size: 12.16px; line-height: 1.3em;\">Las inconductas, a pesar de los fuegos artificiales, tienen que ser juzgadas y el nuevo Congreso y gobierno, tienen a partir del 28 de julio del a\u00f1o corriente, una tarea de profilaxia indispensable.<\/span><\/p>\n<p style=\"text-align: justify;\"><span style=\"font-size: 12.16px; line-height: 1.3em;\"><img decoding=\"async\" src=\"images\/stories\/16\/02\/220216\/epasaporte.jpg\" border=\"0\" \/><br \/><\/span><\/p>\n","protected":false},"excerpt":{"rendered":"<p>(Aeronoticias) Coincide la visita del presidente de Francia, Francois Hollande, al Per\u00fa, con la muy desairada posici\u00f3n de la Canciller\u00eda y gobierno: \u00a1carecemos de pasaporte electr\u00f3nico porque no pudimos cumplir con la fecha exigida por la Comunidad Europea en diciembre del 2015! S\u00f3lo esa circunstancia, tal como la dej\u00f3 entrever, el embajador Carlos Polo Casta\u00f1eda, [&hellip;]<\/p>\n","protected":false},"author":1,"featured_media":0,"comment_status":"open","ping_status":"open","sticky":false,"template":"","format":"standard","meta":{"tdm_status":"","tdm_grid_status":"","footnotes":""},"categories":[36],"tags":[],"class_list":{"0":"post-54699","1":"post","2":"type-post","3":"status-publish","4":"format-standard","6":"category-politica"},"yoast_head":"<!-- This site is optimized with the Yoast SEO plugin v25.1 - https:\/\/yoast.com\/wordpress\/plugins\/seo\/ -->\n<title>E-pasaportes: \u00a1quien siembra vientos, cosecha tempestades!<\/title>\n<meta name=\"description\" content=\"Portal de noticias del Per\u00fa sobre el transporte a\u00e9reo, aviaci\u00f3n, turismo, hoteleria, actualidad.\" \/>\n<meta name=\"robots\" content=\"index, follow, max-snippet:-1, max-image-preview:large, max-video-preview:-1\" \/>\n<link rel=\"canonical\" href=\"https:\/\/aeronoticias.com.pe\/noticiero\/politica\/e-pasaportes-iquien-siembra-vientos-cosecha-tempestades\/\" \/>\n<meta property=\"og:locale\" content=\"es_ES\" \/>\n<meta property=\"og:type\" content=\"article\" \/>\n<meta property=\"og:title\" content=\"E-pasaportes: \u00a1quien siembra vientos, cosecha tempestades!\" \/>\n<meta property=\"og:description\" content=\"Portal de noticias del Per\u00fa sobre el transporte a\u00e9reo, aviaci\u00f3n, turismo, hoteleria, actualidad.\" \/>\n<meta property=\"og:url\" content=\"https:\/\/aeronoticias.com.pe\/noticiero\/politica\/e-pasaportes-iquien-siembra-vientos-cosecha-tempestades\/\" \/>\n<meta property=\"og:site_name\" content=\"Aeronoticias.com.pe\" \/>\n<meta property=\"article:publisher\" content=\"https:\/\/www.facebook.com\/Aeronoticias.com.pe\/\" \/>\n<meta property=\"article:published_time\" content=\"2016-02-23T18:42:23+00:00\" \/>\n<meta name=\"author\" content=\"Redacci\u00f3n Aeronoticias\" \/>\n<meta name=\"twitter:card\" content=\"summary_large_image\" \/>\n<meta name=\"twitter:creator\" content=\"@aeronoticias\" \/>\n<meta name=\"twitter:site\" content=\"@aeronoticias\" \/>\n<meta name=\"twitter:label1\" content=\"Escrito por\" \/>\n\t<meta name=\"twitter:data1\" content=\"Redacci\u00f3n Aeronoticias\" \/>\n\t<meta name=\"twitter:label2\" content=\"Tiempo de lectura\" \/>\n\t<meta name=\"twitter:data2\" content=\"4 minutos\" \/>\n<script type=\"application\/ld+json\" class=\"yoast-schema-graph\">{\"@context\":\"https:\/\/schema.org\",\"@graph\":[{\"@type\":\"WebPage\",\"@id\":\"https:\/\/aeronoticias.com.pe\/noticiero\/politica\/e-pasaportes-iquien-siembra-vientos-cosecha-tempestades\/\",\"url\":\"https:\/\/aeronoticias.com.pe\/noticiero\/politica\/e-pasaportes-iquien-siembra-vientos-cosecha-tempestades\/\",\"name\":\"E-pasaportes: \u00a1quien siembra vientos, cosecha tempestades!\",\"isPartOf\":{\"@id\":\"https:\/\/aeronoticias.com.pe\/noticiero\/#website\"},\"datePublished\":\"2016-02-23T18:42:23+00:00\",\"author\":{\"@id\":\"https:\/\/aeronoticias.com.pe\/noticiero\/#\/schema\/person\/fc1e5d578f4b62ba1cf7ac2bba1170a0\"},\"description\":\"Portal de noticias del Per\u00fa sobre el transporte a\u00e9reo, aviaci\u00f3n, turismo, hoteleria, actualidad.\",\"breadcrumb\":{\"@id\":\"https:\/\/aeronoticias.com.pe\/noticiero\/politica\/e-pasaportes-iquien-siembra-vientos-cosecha-tempestades\/#breadcrumb\"},\"inLanguage\":\"es\",\"potentialAction\":[{\"@type\":\"ReadAction\",\"target\":[\"https:\/\/aeronoticias.com.pe\/noticiero\/politica\/e-pasaportes-iquien-siembra-vientos-cosecha-tempestades\/\"]}]},{\"@type\":\"BreadcrumbList\",\"@id\":\"https:\/\/aeronoticias.com.pe\/noticiero\/politica\/e-pasaportes-iquien-siembra-vientos-cosecha-tempestades\/#breadcrumb\",\"itemListElement\":[{\"@type\":\"ListItem\",\"position\":1,\"name\":\"Portada\",\"item\":\"https:\/\/aeronoticias.com.pe\/noticiero\/\"},{\"@type\":\"ListItem\",\"position\":2,\"name\":\"E-pasaportes: \u00a1quien siembra vientos, cosecha tempestades!\"}]},{\"@type\":\"WebSite\",\"@id\":\"https:\/\/aeronoticias.com.pe\/noticiero\/#website\",\"url\":\"https:\/\/aeronoticias.com.pe\/noticiero\/\",\"name\":\"Aeronoticias.com.pe\",\"description\":\"Noticias de tranporte aereo, turismo, hoteles, gastronomia, actualidad, internacional\",\"potentialAction\":[{\"@type\":\"SearchAction\",\"target\":{\"@type\":\"EntryPoint\",\"urlTemplate\":\"https:\/\/aeronoticias.com.pe\/noticiero\/?s={search_term_string}\"},\"query-input\":{\"@type\":\"PropertyValueSpecification\",\"valueRequired\":true,\"valueName\":\"search_term_string\"}}],\"inLanguage\":\"es\"},{\"@type\":\"Person\",\"@id\":\"https:\/\/aeronoticias.com.pe\/noticiero\/#\/schema\/person\/fc1e5d578f4b62ba1cf7ac2bba1170a0\",\"name\":\"Redacci\u00f3n Aeronoticias\",\"url\":\"https:\/\/aeronoticias.com.pe\/noticiero\/author\/piloto\/\"}]}<\/script>\n<!-- \/ Yoast SEO plugin. -->","yoast_head_json":{"title":"E-pasaportes: \u00a1quien siembra vientos, cosecha tempestades!","description":"Portal de noticias del Per\u00fa sobre el transporte a\u00e9reo, aviaci\u00f3n, turismo, hoteleria, actualidad.","robots":{"index":"index","follow":"follow","max-snippet":"max-snippet:-1","max-image-preview":"max-image-preview:large","max-video-preview":"max-video-preview:-1"},"canonical":"https:\/\/aeronoticias.com.pe\/noticiero\/politica\/e-pasaportes-iquien-siembra-vientos-cosecha-tempestades\/","og_locale":"es_ES","og_type":"article","og_title":"E-pasaportes: \u00a1quien siembra vientos, cosecha tempestades!","og_description":"Portal de noticias del Per\u00fa sobre el transporte a\u00e9reo, aviaci\u00f3n, turismo, hoteleria, actualidad.","og_url":"https:\/\/aeronoticias.com.pe\/noticiero\/politica\/e-pasaportes-iquien-siembra-vientos-cosecha-tempestades\/","og_site_name":"Aeronoticias.com.pe","article_publisher":"https:\/\/www.facebook.com\/Aeronoticias.com.pe\/","article_published_time":"2016-02-23T18:42:23+00:00","author":"Redacci\u00f3n Aeronoticias","twitter_card":"summary_large_image","twitter_creator":"@aeronoticias","twitter_site":"@aeronoticias","twitter_misc":{"Escrito por":"Redacci\u00f3n Aeronoticias","Tiempo de lectura":"4 minutos"},"schema":{"@context":"https:\/\/schema.org","@graph":[{"@type":"WebPage","@id":"https:\/\/aeronoticias.com.pe\/noticiero\/politica\/e-pasaportes-iquien-siembra-vientos-cosecha-tempestades\/","url":"https:\/\/aeronoticias.com.pe\/noticiero\/politica\/e-pasaportes-iquien-siembra-vientos-cosecha-tempestades\/","name":"E-pasaportes: \u00a1quien siembra vientos, cosecha tempestades!","isPartOf":{"@id":"https:\/\/aeronoticias.com.pe\/noticiero\/#website"},"datePublished":"2016-02-23T18:42:23+00:00","author":{"@id":"https:\/\/aeronoticias.com.pe\/noticiero\/#\/schema\/person\/fc1e5d578f4b62ba1cf7ac2bba1170a0"},"description":"Portal de noticias del Per\u00fa sobre el transporte a\u00e9reo, aviaci\u00f3n, turismo, hoteleria, actualidad.","breadcrumb":{"@id":"https:\/\/aeronoticias.com.pe\/noticiero\/politica\/e-pasaportes-iquien-siembra-vientos-cosecha-tempestades\/#breadcrumb"},"inLanguage":"es","potentialAction":[{"@type":"ReadAction","target":["https:\/\/aeronoticias.com.pe\/noticiero\/politica\/e-pasaportes-iquien-siembra-vientos-cosecha-tempestades\/"]}]},{"@type":"BreadcrumbList","@id":"https:\/\/aeronoticias.com.pe\/noticiero\/politica\/e-pasaportes-iquien-siembra-vientos-cosecha-tempestades\/#breadcrumb","itemListElement":[{"@type":"ListItem","position":1,"name":"Portada","item":"https:\/\/aeronoticias.com.pe\/noticiero\/"},{"@type":"ListItem","position":2,"name":"E-pasaportes: \u00a1quien siembra vientos, cosecha tempestades!"}]},{"@type":"WebSite","@id":"https:\/\/aeronoticias.com.pe\/noticiero\/#website","url":"https:\/\/aeronoticias.com.pe\/noticiero\/","name":"Aeronoticias.com.pe","description":"Noticias de tranporte aereo, turismo, hoteles, gastronomia, actualidad, internacional","potentialAction":[{"@type":"SearchAction","target":{"@type":"EntryPoint","urlTemplate":"https:\/\/aeronoticias.com.pe\/noticiero\/?s={search_term_string}"},"query-input":{"@type":"PropertyValueSpecification","valueRequired":true,"valueName":"search_term_string"}}],"inLanguage":"es"},{"@type":"Person","@id":"https:\/\/aeronoticias.com.pe\/noticiero\/#\/schema\/person\/fc1e5d578f4b62ba1cf7ac2bba1170a0","name":"Redacci\u00f3n Aeronoticias","url":"https:\/\/aeronoticias.com.pe\/noticiero\/author\/piloto\/"}]}},"_links":{"self":[{"href":"https:\/\/aeronoticias.com.pe\/noticiero\/wp-json\/wp\/v2\/posts\/54699","targetHints":{"allow":["GET"]}}],"collection":[{"href":"https:\/\/aeronoticias.com.pe\/noticiero\/wp-json\/wp\/v2\/posts"}],"about":[{"href":"https:\/\/aeronoticias.com.pe\/noticiero\/wp-json\/wp\/v2\/types\/post"}],"author":[{"embeddable":true,"href":"https:\/\/aeronoticias.com.pe\/noticiero\/wp-json\/wp\/v2\/users\/1"}],"replies":[{"embeddable":true,"href":"https:\/\/aeronoticias.com.pe\/noticiero\/wp-json\/wp\/v2\/comments?post=54699"}],"version-history":[{"count":0,"href":"https:\/\/aeronoticias.com.pe\/noticiero\/wp-json\/wp\/v2\/posts\/54699\/revisions"}],"wp:attachment":[{"href":"https:\/\/aeronoticias.com.pe\/noticiero\/wp-json\/wp\/v2\/media?parent=54699"}],"wp:term":[{"taxonomy":"category","embeddable":true,"href":"https:\/\/aeronoticias.com.pe\/noticiero\/wp-json\/wp\/v2\/categories?post=54699"},{"taxonomy":"post_tag","embeddable":true,"href":"https:\/\/aeronoticias.com.pe\/noticiero\/wp-json\/wp\/v2\/tags?post=54699"}],"curies":[{"name":"wp","href":"https:\/\/api.w.org\/{rel}","templated":true}]}}