{"id":5470,"date":"2009-09-28T13:17:16","date_gmt":"2009-09-28T13:17:16","guid":{"rendered":"http:\/\/desarrollo.mcvicious.com\/aero2020\/2009\/09\/28\/nueva-oleada-de-gripe-porcina-en-mexico\/"},"modified":"2009-09-28T13:17:16","modified_gmt":"2009-09-28T13:17:16","slug":"nueva-oleada-de-gripe-porcina-en-mexico","status":"publish","type":"post","link":"https:\/\/aeronoticias.com.pe\/noticiero\/salud\/nueva-oleada-de-gripe-porcina-en-mexico\/","title":{"rendered":"NUEVA OLEADA DE GRIPE PORCINA EN M\u00c9XICO"},"content":{"rendered":"<div align=\"justify\">La nueva oleada de gripe porcina en M\u00e9xico ha llegado, y los habitantes del pa\u00eds se preparan para una epidemia que podr\u00eda ser incluso m\u00e1s extensa que la observada aqu\u00ed durante la primavera boreal pasada, la cual se convirti\u00f3 en pandemia. Los diagn\u00f3sticos diarios alcanzaron niveles m\u00e1s altos en septiembre que el m\u00e1ximo observado en abril, con 483 casos nuevos en un s\u00f3lo d\u00eda de este mes.<\/p>\n<p>Pero a diferencia de lo que ocurri\u00f3 en abril y mayo, es improbable que haya cierres a gran escala de escuelas y estadios, porque los funcionarios de salud saben ahora que, de atenderse el problema a tiempo, el virus A H1N1 no es tan grave como se tem\u00eda hace meses, dijo el secretario mexicano de Salud, Jos\u00e9 Angel C\u00f3rdova. Sin embargo, 3.000 escuelas en todo M\u00e9xico cerraron a comienzos de esta semana como resultado del virus. Ese n\u00famero ha descendido a 128, seg\u00fan el secretario de Educaci\u00f3n, Alonso Lujambio, en declaraciones pronunciadas el mi\u00e9rcoles ante senadores.<\/p>\n<div style=\"text-align: center\"><img decoding=\"async\" src=\"images\/stories\/09\/09\/280909\/mexico.jpg\" border=\"0\" alt=\"NUEVA OLEADA DE GRIPE PORCINA EN M\u00c9XICO \" title=\"NUEVA OLEADA DE GRIPE PORCINA EN M\u00c9XICO \" \/><\/div>\n<p>Lujambio a\u00f1adi\u00f3 que las autoridades siguen definiendo los criterios que utilizar\u00e1n para ordenar el cierre de escuelas en el futuro. A finales de abril, cuando se confirmaron los primeros casos de la gripe porcina, el gobierno mexicano orden\u00f3 de inmediato el cierre de todas las escuelas, museos, bibliotecas, cines y teatros en la capital. Durante d\u00edas, cesaron las actividades de todas las instituciones educativas del pa\u00eds, as\u00ed como de restaurantes y otras empresas en la capital.<\/p>\n<p>Las calles de la Ciudad de M\u00e9xico lucieron vac\u00edas y el ej\u00e9rcito distribuy\u00f3 millones de cubrebocas. Durante la temporada de gripe estacional, podr\u00edan presentarse en M\u00e9xico 5 millones de casos de influenza porcina, y las muertes podr\u00edan llegar a 2.000, dijo C\u00f3rdova. Algunos hospitales tienen ya el mismo n\u00famero de pacientes de gripe que hab\u00eda en abril, dijo el jueves el secretario de Salud. Las autoridades negocian con los laboratorios para garantizar que haya dosis de una vacuna para octubre, a\u00f1adi\u00f3.<\/p>\n<p>M\u00e9xico ten\u00eda 29.417 casos reportados y 226 decesos hasta el viernes.<\/p>\n<p>Aeronoticias recuerda que la Organizaci\u00f3n Mundial de la Salud inform\u00f3 que m\u00e1s de 300.000 casos de la gripe A H1N1 han sido confirmados en el mundo, y que m\u00e1s de 3.900 personas han fallecido por el virus.<\/p>\n<\/div>\n","protected":false},"excerpt":{"rendered":"<p>La nueva oleada de gripe porcina en M\u00e9xico ha llegado, y los habitantes del pa\u00eds se preparan para una epidemia que podr\u00eda ser incluso m\u00e1s extensa que la observada aqu\u00ed durante la primavera boreal pasada, la cual se convirti\u00f3 en pandemia. Los diagn\u00f3sticos diarios alcanzaron niveles m\u00e1s altos en septiembre que el m\u00e1ximo observado en [&hellip;]<\/p>\n","protected":false},"author":1,"featured_media":0,"comment_status":"open","ping_status":"open","sticky":false,"template":"","format":"standard","meta":{"tdm_status":"","tdm_grid_status":"","footnotes":""},"categories":[37],"tags":[],"class_list":{"0":"post-5470","1":"post","2":"type-post","3":"status-publish","4":"format-standard","6":"category-salud"},"yoast_head":"<!-- This site is optimized with the Yoast SEO plugin v25.1 - https:\/\/yoast.com\/wordpress\/plugins\/seo\/ -->\n<title>NUEVA OLEADA DE GRIPE PORCINA EN M\u00c9XICO<\/title>\n<meta name=\"description\" content=\"Portal de noticias del Per\u00fa sobre el transporte a\u00e9reo, aviaci\u00f3n, turismo, hoteleria, actualidad.\" \/>\n<meta name=\"robots\" content=\"index, follow, max-snippet:-1, max-image-preview:large, max-video-preview:-1\" \/>\n<link rel=\"canonical\" href=\"https:\/\/aeronoticias.com.pe\/noticiero\/salud\/nueva-oleada-de-gripe-porcina-en-mexico\/\" \/>\n<meta property=\"og:locale\" content=\"es_ES\" \/>\n<meta property=\"og:type\" content=\"article\" \/>\n<meta property=\"og:title\" content=\"NUEVA OLEADA DE GRIPE PORCINA EN M\u00c9XICO\" \/>\n<meta property=\"og:description\" content=\"Portal de noticias del Per\u00fa sobre el transporte a\u00e9reo, aviaci\u00f3n, turismo, hoteleria, actualidad.\" \/>\n<meta property=\"og:url\" content=\"https:\/\/aeronoticias.com.pe\/noticiero\/salud\/nueva-oleada-de-gripe-porcina-en-mexico\/\" \/>\n<meta property=\"og:site_name\" content=\"Aeronoticias.com.pe\" \/>\n<meta property=\"article:publisher\" content=\"https:\/\/www.facebook.com\/Aeronoticias.com.pe\/\" \/>\n<meta property=\"article:published_time\" content=\"2009-09-28T13:17:16+00:00\" \/>\n<meta name=\"author\" content=\"Redacci\u00f3n Aeronoticias\" \/>\n<meta name=\"twitter:card\" content=\"summary_large_image\" \/>\n<meta name=\"twitter:creator\" content=\"@aeronoticias\" \/>\n<meta name=\"twitter:site\" content=\"@aeronoticias\" \/>\n<meta name=\"twitter:label1\" content=\"Escrito por\" \/>\n\t<meta name=\"twitter:data1\" content=\"Redacci\u00f3n Aeronoticias\" \/>\n\t<meta name=\"twitter:label2\" content=\"Tiempo de lectura\" \/>\n\t<meta name=\"twitter:data2\" content=\"2 minutos\" \/>\n<script type=\"application\/ld+json\" class=\"yoast-schema-graph\">{\"@context\":\"https:\/\/schema.org\",\"@graph\":[{\"@type\":\"WebPage\",\"@id\":\"https:\/\/aeronoticias.com.pe\/noticiero\/salud\/nueva-oleada-de-gripe-porcina-en-mexico\/\",\"url\":\"https:\/\/aeronoticias.com.pe\/noticiero\/salud\/nueva-oleada-de-gripe-porcina-en-mexico\/\",\"name\":\"NUEVA OLEADA DE GRIPE PORCINA EN M\u00c9XICO\",\"isPartOf\":{\"@id\":\"https:\/\/aeronoticias.com.pe\/noticiero\/#website\"},\"datePublished\":\"2009-09-28T13:17:16+00:00\",\"author\":{\"@id\":\"https:\/\/aeronoticias.com.pe\/noticiero\/#\/schema\/person\/fc1e5d578f4b62ba1cf7ac2bba1170a0\"},\"description\":\"Portal de noticias del Per\u00fa sobre el transporte a\u00e9reo, aviaci\u00f3n, turismo, hoteleria, actualidad.\",\"breadcrumb\":{\"@id\":\"https:\/\/aeronoticias.com.pe\/noticiero\/salud\/nueva-oleada-de-gripe-porcina-en-mexico\/#breadcrumb\"},\"inLanguage\":\"es\",\"potentialAction\":[{\"@type\":\"ReadAction\",\"target\":[\"https:\/\/aeronoticias.com.pe\/noticiero\/salud\/nueva-oleada-de-gripe-porcina-en-mexico\/\"]}]},{\"@type\":\"BreadcrumbList\",\"@id\":\"https:\/\/aeronoticias.com.pe\/noticiero\/salud\/nueva-oleada-de-gripe-porcina-en-mexico\/#breadcrumb\",\"itemListElement\":[{\"@type\":\"ListItem\",\"position\":1,\"name\":\"Portada\",\"item\":\"https:\/\/aeronoticias.com.pe\/noticiero\/\"},{\"@type\":\"ListItem\",\"position\":2,\"name\":\"NUEVA OLEADA DE GRIPE PORCINA EN M\u00c9XICO\"}]},{\"@type\":\"WebSite\",\"@id\":\"https:\/\/aeronoticias.com.pe\/noticiero\/#website\",\"url\":\"https:\/\/aeronoticias.com.pe\/noticiero\/\",\"name\":\"Aeronoticias.com.pe\",\"description\":\"Noticias de tranporte aereo, turismo, hoteles, gastronomia, actualidad, internacional\",\"potentialAction\":[{\"@type\":\"SearchAction\",\"target\":{\"@type\":\"EntryPoint\",\"urlTemplate\":\"https:\/\/aeronoticias.com.pe\/noticiero\/?s={search_term_string}\"},\"query-input\":{\"@type\":\"PropertyValueSpecification\",\"valueRequired\":true,\"valueName\":\"search_term_string\"}}],\"inLanguage\":\"es\"},{\"@type\":\"Person\",\"@id\":\"https:\/\/aeronoticias.com.pe\/noticiero\/#\/schema\/person\/fc1e5d578f4b62ba1cf7ac2bba1170a0\",\"name\":\"Redacci\u00f3n Aeronoticias\",\"url\":\"https:\/\/aeronoticias.com.pe\/noticiero\/author\/piloto\/\"}]}<\/script>\n<!-- \/ Yoast SEO plugin. -->","yoast_head_json":{"title":"NUEVA OLEADA DE GRIPE PORCINA EN M\u00c9XICO","description":"Portal de noticias del Per\u00fa sobre el transporte a\u00e9reo, aviaci\u00f3n, turismo, hoteleria, actualidad.","robots":{"index":"index","follow":"follow","max-snippet":"max-snippet:-1","max-image-preview":"max-image-preview:large","max-video-preview":"max-video-preview:-1"},"canonical":"https:\/\/aeronoticias.com.pe\/noticiero\/salud\/nueva-oleada-de-gripe-porcina-en-mexico\/","og_locale":"es_ES","og_type":"article","og_title":"NUEVA OLEADA DE GRIPE PORCINA EN M\u00c9XICO","og_description":"Portal de noticias del Per\u00fa sobre el transporte a\u00e9reo, aviaci\u00f3n, turismo, hoteleria, actualidad.","og_url":"https:\/\/aeronoticias.com.pe\/noticiero\/salud\/nueva-oleada-de-gripe-porcina-en-mexico\/","og_site_name":"Aeronoticias.com.pe","article_publisher":"https:\/\/www.facebook.com\/Aeronoticias.com.pe\/","article_published_time":"2009-09-28T13:17:16+00:00","author":"Redacci\u00f3n Aeronoticias","twitter_card":"summary_large_image","twitter_creator":"@aeronoticias","twitter_site":"@aeronoticias","twitter_misc":{"Escrito por":"Redacci\u00f3n Aeronoticias","Tiempo de lectura":"2 minutos"},"schema":{"@context":"https:\/\/schema.org","@graph":[{"@type":"WebPage","@id":"https:\/\/aeronoticias.com.pe\/noticiero\/salud\/nueva-oleada-de-gripe-porcina-en-mexico\/","url":"https:\/\/aeronoticias.com.pe\/noticiero\/salud\/nueva-oleada-de-gripe-porcina-en-mexico\/","name":"NUEVA OLEADA DE GRIPE PORCINA EN M\u00c9XICO","isPartOf":{"@id":"https:\/\/aeronoticias.com.pe\/noticiero\/#website"},"datePublished":"2009-09-28T13:17:16+00:00","author":{"@id":"https:\/\/aeronoticias.com.pe\/noticiero\/#\/schema\/person\/fc1e5d578f4b62ba1cf7ac2bba1170a0"},"description":"Portal de noticias del Per\u00fa sobre el transporte a\u00e9reo, aviaci\u00f3n, turismo, hoteleria, actualidad.","breadcrumb":{"@id":"https:\/\/aeronoticias.com.pe\/noticiero\/salud\/nueva-oleada-de-gripe-porcina-en-mexico\/#breadcrumb"},"inLanguage":"es","potentialAction":[{"@type":"ReadAction","target":["https:\/\/aeronoticias.com.pe\/noticiero\/salud\/nueva-oleada-de-gripe-porcina-en-mexico\/"]}]},{"@type":"BreadcrumbList","@id":"https:\/\/aeronoticias.com.pe\/noticiero\/salud\/nueva-oleada-de-gripe-porcina-en-mexico\/#breadcrumb","itemListElement":[{"@type":"ListItem","position":1,"name":"Portada","item":"https:\/\/aeronoticias.com.pe\/noticiero\/"},{"@type":"ListItem","position":2,"name":"NUEVA OLEADA DE GRIPE PORCINA EN M\u00c9XICO"}]},{"@type":"WebSite","@id":"https:\/\/aeronoticias.com.pe\/noticiero\/#website","url":"https:\/\/aeronoticias.com.pe\/noticiero\/","name":"Aeronoticias.com.pe","description":"Noticias de tranporte aereo, turismo, hoteles, gastronomia, actualidad, internacional","potentialAction":[{"@type":"SearchAction","target":{"@type":"EntryPoint","urlTemplate":"https:\/\/aeronoticias.com.pe\/noticiero\/?s={search_term_string}"},"query-input":{"@type":"PropertyValueSpecification","valueRequired":true,"valueName":"search_term_string"}}],"inLanguage":"es"},{"@type":"Person","@id":"https:\/\/aeronoticias.com.pe\/noticiero\/#\/schema\/person\/fc1e5d578f4b62ba1cf7ac2bba1170a0","name":"Redacci\u00f3n Aeronoticias","url":"https:\/\/aeronoticias.com.pe\/noticiero\/author\/piloto\/"}]}},"_links":{"self":[{"href":"https:\/\/aeronoticias.com.pe\/noticiero\/wp-json\/wp\/v2\/posts\/5470","targetHints":{"allow":["GET"]}}],"collection":[{"href":"https:\/\/aeronoticias.com.pe\/noticiero\/wp-json\/wp\/v2\/posts"}],"about":[{"href":"https:\/\/aeronoticias.com.pe\/noticiero\/wp-json\/wp\/v2\/types\/post"}],"author":[{"embeddable":true,"href":"https:\/\/aeronoticias.com.pe\/noticiero\/wp-json\/wp\/v2\/users\/1"}],"replies":[{"embeddable":true,"href":"https:\/\/aeronoticias.com.pe\/noticiero\/wp-json\/wp\/v2\/comments?post=5470"}],"version-history":[{"count":0,"href":"https:\/\/aeronoticias.com.pe\/noticiero\/wp-json\/wp\/v2\/posts\/5470\/revisions"}],"wp:attachment":[{"href":"https:\/\/aeronoticias.com.pe\/noticiero\/wp-json\/wp\/v2\/media?parent=5470"}],"wp:term":[{"taxonomy":"category","embeddable":true,"href":"https:\/\/aeronoticias.com.pe\/noticiero\/wp-json\/wp\/v2\/categories?post=5470"},{"taxonomy":"post_tag","embeddable":true,"href":"https:\/\/aeronoticias.com.pe\/noticiero\/wp-json\/wp\/v2\/tags?post=5470"}],"curies":[{"name":"wp","href":"https:\/\/api.w.org\/{rel}","templated":true}]}}