{"id":54704,"date":"2016-02-24T15:43:24","date_gmt":"2016-02-24T15:43:24","guid":{"rendered":"http:\/\/desarrollo.mcvicious.com\/aero2020\/2016\/02\/24\/presidente-fujimori-ordeno-devolver-sala-de-trabajo-a-periodistas-del-aeropuerto-en-1999\/"},"modified":"2016-02-24T15:43:24","modified_gmt":"2016-02-24T15:43:24","slug":"presidente-fujimori-ordeno-devolver-sala-de-trabajo-a-periodistas-del-aeropuerto-en-1999","status":"publish","type":"post","link":"https:\/\/aeronoticias.com.pe\/noticiero\/politica\/presidente-fujimori-ordeno-devolver-sala-de-trabajo-a-periodistas-del-aeropuerto-en-1999\/","title":{"rendered":"Presidente Fujimori orden\u00f3 devolver sala de trabajo a periodistas del aeropuerto en 1999"},"content":{"rendered":"<p style=\"text-align: justify;\"><strong>(Aeronoticias) <\/strong><span style=\"font-size: 12.16px; line-height: 1.3em;\">En hist\u00f3rica cita desarrollada en Palacio de Gobierno el 22 de Febrero de 1999 el Jefe de Estado de esa \u00e9poca, Alberto Fujimori, orden\u00f3 que se devuelva a los periodistas del Aeropuerto Internacional Jorge Ch\u00e1vez su ambiente de trabajo, cerrada ins\u00f3litamente por las autoridades de Corpac tras 28 a\u00f1os de funcionamiento.<\/span><\/p>\n<p class=\"MsoNormal\" style=\"text-align: justify;\"><span style=\"font-size: 12.16px; line-height: 1.3em;\">La determinaci\u00f3n del mandatario fue luego de escuchar el reclamo formulado por el presidente del C\u00edrculo de Periodistas del Aeropuerto, Raymundo Hurtado Mart\u00ednez, quien formaba parte de la delegaci\u00f3n del Colegio de Periodistas, cuyo Decano entonces era Humberto Rodr\u00edguez Castillo.<\/span><\/p>\n<p class=\"MsoNormal\" style=\"text-align: justify;\"><span style=\"font-size: 12.16px; line-height: 1.3em;\">\u00abEstoy seguro, se\u00f1or Presidente, que usted ignora que la Sala de Prensa del Aeropuerto ha sido desmantelada\u00bb , le manifest\u00f3 Hurtado al tiempo que le extend\u00eda copia de una carta dirigida al presidente de Corpac, Dante Matellini Burga, pidiendo la reapertura de dicho ambiente de trabajo.<\/span><\/p>\n<p class=\"MsoNormal\" style=\"text-align: justify;\"><span style=\"font-size: 12.16px; line-height: 1.3em;\">Dos d\u00edas despu\u00e9s el gerente general de Caorpac, F\u00e9lix \u00a0Granthon, confirm\u00f3 la orden del Jefe de Estado, entregando las llaves del recinto period\u00edstico a Raymundo Hurtado Mart\u00ednez.<\/span><\/p>\n<p class=\"MsoNormal\" style=\"text-align: justify;\"><span style=\"font-size: 12.16px; line-height: 1.3em;\">Sinembargo, tres a\u00f1os despu\u00e9s la transnacional Lima Airport Partners (LAP) la volvi\u00f3 a cerrar, pese a los reclamos de las instituciones tutelares del gremio y a\u00fan de organismos internacionales como la Federaci\u00f3n Internacional de Periodistas (FIP) \u00a0que tiene su sede en Bruselas, B\u00e9lgica, a cuya ciudad viaj\u00f3 hasta dos veces Hurtado.<\/span><\/p>\n<p class=\"MsoNormal\" style=\"text-align: justify;\"><span style=\"font-size: 12.16px; line-height: 1.3em;\">En la pugna por recuperar la Sala de Prensa del Aeropuerto se destaca n\u00edtidamente el jurista Julian Palac\u00edn Fern\u00e1ndez, presidente de la Comisi\u00f3n de Derecho Aeron\u00e1utico, \u00a0quien abog\u00f3 por esta justa causa en diferentes foros, incluso en el Colegio de Abogados de Lima (CAL) con motivo del Primer Congreso Nacional de Derechos Humanos ante m\u00e1s de 700 colegiados desarrollado el 28 de Julio de 2012.<\/span><\/p>\n<p class=\"MsoNormal\" style=\"text-align: justify;\"><span style=\"font-size: 12.16px; line-height: 1.3em;\">Es de esperar que el pr\u00f3ximo gobierno atienda la solicitud de los periodistas aeroportuarios que ampara la Constituci\u00f3n Peruana que actualmente ignora ol\u00edmpicamente LAP cometiendo flagrante violaci\u00f3n contra la libertad de prensa.<\/span><\/p>\n<p class=\"MsoNormal\" style=\"text-align: justify;\"><img decoding=\"async\" src=\"images\/stories\/16\/02\/250216\/afujimori.jpg\" border=\"0\" \/><\/p>\n<p style=\"text-align: justify;\">\u00a0<\/p>\n<p class=\"MsoNormal\" style=\"text-align: justify;\">\u00a0<\/p>\n","protected":false},"excerpt":{"rendered":"<p>(Aeronoticias) En hist\u00f3rica cita desarrollada en Palacio de Gobierno el 22 de Febrero de 1999 el Jefe de Estado de esa \u00e9poca, Alberto Fujimori, orden\u00f3 que se devuelva a los periodistas del Aeropuerto Internacional Jorge Ch\u00e1vez su ambiente de trabajo, cerrada ins\u00f3litamente por las autoridades de Corpac tras 28 a\u00f1os de funcionamiento. La determinaci\u00f3n del [&hellip;]<\/p>\n","protected":false},"author":1,"featured_media":0,"comment_status":"open","ping_status":"open","sticky":false,"template":"","format":"standard","meta":{"tdm_status":"","tdm_grid_status":"","footnotes":""},"categories":[36],"tags":[],"class_list":{"0":"post-54704","1":"post","2":"type-post","3":"status-publish","4":"format-standard","6":"category-politica"},"yoast_head":"<!-- This site is optimized with the Yoast SEO plugin v25.1 - https:\/\/yoast.com\/wordpress\/plugins\/seo\/ -->\n<title>Presidente Fujimori orden\u00f3 devolver sala de trabajo a periodistas del aeropuerto en 1999<\/title>\n<meta name=\"description\" content=\"Portal de noticias del Per\u00fa sobre el transporte a\u00e9reo, aviaci\u00f3n, turismo, hoteleria, actualidad.\" \/>\n<meta name=\"robots\" content=\"index, follow, max-snippet:-1, max-image-preview:large, max-video-preview:-1\" \/>\n<link rel=\"canonical\" href=\"https:\/\/aeronoticias.com.pe\/noticiero\/politica\/presidente-fujimori-ordeno-devolver-sala-de-trabajo-a-periodistas-del-aeropuerto-en-1999\/\" \/>\n<meta property=\"og:locale\" content=\"es_ES\" \/>\n<meta property=\"og:type\" content=\"article\" \/>\n<meta property=\"og:title\" content=\"Presidente Fujimori orden\u00f3 devolver sala de trabajo a periodistas del aeropuerto en 1999\" \/>\n<meta property=\"og:description\" content=\"Portal de noticias del Per\u00fa sobre el transporte a\u00e9reo, aviaci\u00f3n, turismo, hoteleria, actualidad.\" \/>\n<meta property=\"og:url\" content=\"https:\/\/aeronoticias.com.pe\/noticiero\/politica\/presidente-fujimori-ordeno-devolver-sala-de-trabajo-a-periodistas-del-aeropuerto-en-1999\/\" \/>\n<meta property=\"og:site_name\" content=\"Aeronoticias.com.pe\" \/>\n<meta property=\"article:publisher\" content=\"https:\/\/www.facebook.com\/Aeronoticias.com.pe\/\" \/>\n<meta property=\"article:published_time\" content=\"2016-02-24T15:43:24+00:00\" \/>\n<meta name=\"author\" content=\"Redacci\u00f3n Aeronoticias\" \/>\n<meta name=\"twitter:card\" content=\"summary_large_image\" \/>\n<meta name=\"twitter:creator\" content=\"@aeronoticias\" \/>\n<meta name=\"twitter:site\" content=\"@aeronoticias\" \/>\n<meta name=\"twitter:label1\" content=\"Escrito por\" \/>\n\t<meta name=\"twitter:data1\" content=\"Redacci\u00f3n Aeronoticias\" \/>\n\t<meta name=\"twitter:label2\" content=\"Tiempo de lectura\" \/>\n\t<meta name=\"twitter:data2\" content=\"2 minutos\" \/>\n<script type=\"application\/ld+json\" class=\"yoast-schema-graph\">{\"@context\":\"https:\/\/schema.org\",\"@graph\":[{\"@type\":\"WebPage\",\"@id\":\"https:\/\/aeronoticias.com.pe\/noticiero\/politica\/presidente-fujimori-ordeno-devolver-sala-de-trabajo-a-periodistas-del-aeropuerto-en-1999\/\",\"url\":\"https:\/\/aeronoticias.com.pe\/noticiero\/politica\/presidente-fujimori-ordeno-devolver-sala-de-trabajo-a-periodistas-del-aeropuerto-en-1999\/\",\"name\":\"Presidente Fujimori orden\u00f3 devolver sala de trabajo a periodistas del aeropuerto en 1999\",\"isPartOf\":{\"@id\":\"https:\/\/aeronoticias.com.pe\/noticiero\/#website\"},\"datePublished\":\"2016-02-24T15:43:24+00:00\",\"author\":{\"@id\":\"https:\/\/aeronoticias.com.pe\/noticiero\/#\/schema\/person\/fc1e5d578f4b62ba1cf7ac2bba1170a0\"},\"description\":\"Portal de noticias del Per\u00fa sobre el transporte a\u00e9reo, aviaci\u00f3n, turismo, hoteleria, actualidad.\",\"breadcrumb\":{\"@id\":\"https:\/\/aeronoticias.com.pe\/noticiero\/politica\/presidente-fujimori-ordeno-devolver-sala-de-trabajo-a-periodistas-del-aeropuerto-en-1999\/#breadcrumb\"},\"inLanguage\":\"es\",\"potentialAction\":[{\"@type\":\"ReadAction\",\"target\":[\"https:\/\/aeronoticias.com.pe\/noticiero\/politica\/presidente-fujimori-ordeno-devolver-sala-de-trabajo-a-periodistas-del-aeropuerto-en-1999\/\"]}]},{\"@type\":\"BreadcrumbList\",\"@id\":\"https:\/\/aeronoticias.com.pe\/noticiero\/politica\/presidente-fujimori-ordeno-devolver-sala-de-trabajo-a-periodistas-del-aeropuerto-en-1999\/#breadcrumb\",\"itemListElement\":[{\"@type\":\"ListItem\",\"position\":1,\"name\":\"Portada\",\"item\":\"https:\/\/aeronoticias.com.pe\/noticiero\/\"},{\"@type\":\"ListItem\",\"position\":2,\"name\":\"Presidente Fujimori orden\u00f3 devolver sala de trabajo a periodistas del aeropuerto en 1999\"}]},{\"@type\":\"WebSite\",\"@id\":\"https:\/\/aeronoticias.com.pe\/noticiero\/#website\",\"url\":\"https:\/\/aeronoticias.com.pe\/noticiero\/\",\"name\":\"Aeronoticias.com.pe\",\"description\":\"Noticias de tranporte aereo, turismo, hoteles, gastronomia, actualidad, internacional\",\"potentialAction\":[{\"@type\":\"SearchAction\",\"target\":{\"@type\":\"EntryPoint\",\"urlTemplate\":\"https:\/\/aeronoticias.com.pe\/noticiero\/?s={search_term_string}\"},\"query-input\":{\"@type\":\"PropertyValueSpecification\",\"valueRequired\":true,\"valueName\":\"search_term_string\"}}],\"inLanguage\":\"es\"},{\"@type\":\"Person\",\"@id\":\"https:\/\/aeronoticias.com.pe\/noticiero\/#\/schema\/person\/fc1e5d578f4b62ba1cf7ac2bba1170a0\",\"name\":\"Redacci\u00f3n Aeronoticias\",\"url\":\"https:\/\/aeronoticias.com.pe\/noticiero\/author\/piloto\/\"}]}<\/script>\n<!-- \/ Yoast SEO plugin. -->","yoast_head_json":{"title":"Presidente Fujimori orden\u00f3 devolver sala de trabajo a periodistas del aeropuerto en 1999","description":"Portal de noticias del Per\u00fa sobre el transporte a\u00e9reo, aviaci\u00f3n, turismo, hoteleria, actualidad.","robots":{"index":"index","follow":"follow","max-snippet":"max-snippet:-1","max-image-preview":"max-image-preview:large","max-video-preview":"max-video-preview:-1"},"canonical":"https:\/\/aeronoticias.com.pe\/noticiero\/politica\/presidente-fujimori-ordeno-devolver-sala-de-trabajo-a-periodistas-del-aeropuerto-en-1999\/","og_locale":"es_ES","og_type":"article","og_title":"Presidente Fujimori orden\u00f3 devolver sala de trabajo a periodistas del aeropuerto en 1999","og_description":"Portal de noticias del Per\u00fa sobre el transporte a\u00e9reo, aviaci\u00f3n, turismo, hoteleria, actualidad.","og_url":"https:\/\/aeronoticias.com.pe\/noticiero\/politica\/presidente-fujimori-ordeno-devolver-sala-de-trabajo-a-periodistas-del-aeropuerto-en-1999\/","og_site_name":"Aeronoticias.com.pe","article_publisher":"https:\/\/www.facebook.com\/Aeronoticias.com.pe\/","article_published_time":"2016-02-24T15:43:24+00:00","author":"Redacci\u00f3n Aeronoticias","twitter_card":"summary_large_image","twitter_creator":"@aeronoticias","twitter_site":"@aeronoticias","twitter_misc":{"Escrito por":"Redacci\u00f3n Aeronoticias","Tiempo de lectura":"2 minutos"},"schema":{"@context":"https:\/\/schema.org","@graph":[{"@type":"WebPage","@id":"https:\/\/aeronoticias.com.pe\/noticiero\/politica\/presidente-fujimori-ordeno-devolver-sala-de-trabajo-a-periodistas-del-aeropuerto-en-1999\/","url":"https:\/\/aeronoticias.com.pe\/noticiero\/politica\/presidente-fujimori-ordeno-devolver-sala-de-trabajo-a-periodistas-del-aeropuerto-en-1999\/","name":"Presidente Fujimori orden\u00f3 devolver sala de trabajo a periodistas del aeropuerto en 1999","isPartOf":{"@id":"https:\/\/aeronoticias.com.pe\/noticiero\/#website"},"datePublished":"2016-02-24T15:43:24+00:00","author":{"@id":"https:\/\/aeronoticias.com.pe\/noticiero\/#\/schema\/person\/fc1e5d578f4b62ba1cf7ac2bba1170a0"},"description":"Portal de noticias del Per\u00fa sobre el transporte a\u00e9reo, aviaci\u00f3n, turismo, hoteleria, actualidad.","breadcrumb":{"@id":"https:\/\/aeronoticias.com.pe\/noticiero\/politica\/presidente-fujimori-ordeno-devolver-sala-de-trabajo-a-periodistas-del-aeropuerto-en-1999\/#breadcrumb"},"inLanguage":"es","potentialAction":[{"@type":"ReadAction","target":["https:\/\/aeronoticias.com.pe\/noticiero\/politica\/presidente-fujimori-ordeno-devolver-sala-de-trabajo-a-periodistas-del-aeropuerto-en-1999\/"]}]},{"@type":"BreadcrumbList","@id":"https:\/\/aeronoticias.com.pe\/noticiero\/politica\/presidente-fujimori-ordeno-devolver-sala-de-trabajo-a-periodistas-del-aeropuerto-en-1999\/#breadcrumb","itemListElement":[{"@type":"ListItem","position":1,"name":"Portada","item":"https:\/\/aeronoticias.com.pe\/noticiero\/"},{"@type":"ListItem","position":2,"name":"Presidente Fujimori orden\u00f3 devolver sala de trabajo a periodistas del aeropuerto en 1999"}]},{"@type":"WebSite","@id":"https:\/\/aeronoticias.com.pe\/noticiero\/#website","url":"https:\/\/aeronoticias.com.pe\/noticiero\/","name":"Aeronoticias.com.pe","description":"Noticias de tranporte aereo, turismo, hoteles, gastronomia, actualidad, internacional","potentialAction":[{"@type":"SearchAction","target":{"@type":"EntryPoint","urlTemplate":"https:\/\/aeronoticias.com.pe\/noticiero\/?s={search_term_string}"},"query-input":{"@type":"PropertyValueSpecification","valueRequired":true,"valueName":"search_term_string"}}],"inLanguage":"es"},{"@type":"Person","@id":"https:\/\/aeronoticias.com.pe\/noticiero\/#\/schema\/person\/fc1e5d578f4b62ba1cf7ac2bba1170a0","name":"Redacci\u00f3n Aeronoticias","url":"https:\/\/aeronoticias.com.pe\/noticiero\/author\/piloto\/"}]}},"_links":{"self":[{"href":"https:\/\/aeronoticias.com.pe\/noticiero\/wp-json\/wp\/v2\/posts\/54704","targetHints":{"allow":["GET"]}}],"collection":[{"href":"https:\/\/aeronoticias.com.pe\/noticiero\/wp-json\/wp\/v2\/posts"}],"about":[{"href":"https:\/\/aeronoticias.com.pe\/noticiero\/wp-json\/wp\/v2\/types\/post"}],"author":[{"embeddable":true,"href":"https:\/\/aeronoticias.com.pe\/noticiero\/wp-json\/wp\/v2\/users\/1"}],"replies":[{"embeddable":true,"href":"https:\/\/aeronoticias.com.pe\/noticiero\/wp-json\/wp\/v2\/comments?post=54704"}],"version-history":[{"count":0,"href":"https:\/\/aeronoticias.com.pe\/noticiero\/wp-json\/wp\/v2\/posts\/54704\/revisions"}],"wp:attachment":[{"href":"https:\/\/aeronoticias.com.pe\/noticiero\/wp-json\/wp\/v2\/media?parent=54704"}],"wp:term":[{"taxonomy":"category","embeddable":true,"href":"https:\/\/aeronoticias.com.pe\/noticiero\/wp-json\/wp\/v2\/categories?post=54704"},{"taxonomy":"post_tag","embeddable":true,"href":"https:\/\/aeronoticias.com.pe\/noticiero\/wp-json\/wp\/v2\/tags?post=54704"}],"curies":[{"name":"wp","href":"https:\/\/api.w.org\/{rel}","templated":true}]}}