{"id":54707,"date":"2016-02-25T15:46:11","date_gmt":"2016-02-25T15:46:11","guid":{"rendered":"http:\/\/desarrollo.mcvicious.com\/aero2020\/2016\/02\/25\/boeing-lanza-la-version-carguera-del-737-800\/"},"modified":"2016-02-25T15:46:11","modified_gmt":"2016-02-25T15:46:11","slug":"boeing-lanza-la-version-carguera-del-737-800","status":"publish","type":"post","link":"https:\/\/aeronoticias.com.pe\/noticiero\/transporte-aereo\/internacional\/boeing-lanza-la-version-carguera-del-737-800\/","title":{"rendered":"Boeing lanza la versi\u00f3n carguera del 737-800"},"content":{"rendered":"<p style=\"text-align: justify;\"><strong>(Aeronoticias) <\/strong><span style=\"font-size: 12.16px; line-height: 1.3em;\">Boeing ha lanzado el d\u00eda de ayer el carguero de nueva generaci\u00f3n 737-800 Boeing Converted Freighter (BCF) con pedidos y compromisos para hasta de 55 conversiones por parte de siete clientes, seg\u00fan public\u00f3 Svzm Aero.<\/span><\/p>\n<p style=\"text-align: justify;\"><span style=\"font-size: 12.16px; line-height: 1.3em;\">\u00abEl 737 Next-Generation ofrece un valor excepcional para los transportistas de carga expresa a trav\u00e9s de su carga \u00fatil superior, alcance, fiabilidad y eficiencia\u00bb, dijo Stan Deal, vicepresidente senior de Servicios de Aviaci\u00f3n Comercial de Boeing Commercial Airplanes.<\/span><\/p>\n<p style=\"text-align: justify;\"><span style=\"font-size: 12.16px; line-height: 1.3em;\">\u00abMientras que la recuperaci\u00f3n del mercado mundial de carga ha sido lenta, vemos demanda de aviones de carga, tales como el 737-800 BCF, que llevar\u00e1 la carga expresa en las rutas nacionales\u00bb, dijo Deal. \u00abDurante los pr\u00f3ximos 20 a\u00f1os, Boeing pronostica que los clientes necesitar\u00e1n m\u00e1s de 1.000 aviones de carga convertidos del tama\u00f1o del 737, las aerol\u00edneas de carga dom\u00e9sticas de China representan casi un tercio del total del mercado.\u00bb<\/span><\/p>\n<p style=\"text-align: justify;\"><span style=\"font-size: 12.16px; line-height: 1.3em;\">A trav\u00e9s de su programa de conversi\u00f3n carguero, Boeing hace la transici\u00f3n de aviones de pasajeros en aviones de carga, extendiendo la vida econ\u00f3mica del avi\u00f3n. El 737-800 es el primer 737 Next-Generation que Boeing ha ofrecido para la conversi\u00f3n. Mientras que las grandes aeronaves cargueras llevan carga de alta densidad en las rutas de largo alcance, el 737-800BCF principalmente se utiliza para transportar carga expresa en las rutas dom\u00e9sticas.<\/span><\/p>\n<p style=\"text-align: justify;\"><span style=\"font-size: 12.16px; line-height: 1.3em;\">El 737-800BCF puede transportar hasta 52.800 libras (23,9 toneladas m\u00e9tricas) de carga, en rutas de cerca de 2.000 millas n\u00e1uticas (3.690 kil\u00f3metros).<\/span><\/p>\n<p style=\"text-align: justify;\"><span style=\"font-size: 12.16px; line-height: 1.3em;\">Doce posiciones de pallets &#8211; 11 palets est\u00e1ndar y media palet &#8211; proporciona 5.000 pies c\u00fabicos (141.5 metros c\u00fabicos) de espacio de carga en la cubierta principal. Esto se complementa con dos compartimentos inferiores, que combinados proporcionan m\u00e1s de 1.540 pies c\u00fabicos (43,7 metros c\u00fabicos) de espacio para carga.<\/span><\/p>\n<p style=\"text-align: justify;\"><span style=\"font-size: 12.16px; line-height: 1.3em;\">Boeing ha ganado un total de 30 pedidos en firme y 25 compromisos para el 737-800BCF:<\/span><\/p>\n<p style=\"text-align: justify;\">\u2022 YTO Airlines, con sede en Hangzhou, China, ha ordenado 10 conversiones, con compromisos para 10 conversiones adicionales.<\/p>\n<p style=\"text-align: justify;\">\u2022 China Postal Airlines, con sede en Beijing, ha ordenado 10 conversiones.<\/p>\n<p style=\"text-align: justify;\">\u2022 GE Capital Aviaci\u00f3n (GECAS), que proporcionar\u00e1 el avi\u00f3n inicial para la conversi\u00f3n, ha ordenado cinco conversiones.<\/p>\n<p style=\"text-align: justify;\">\u2022 Un cliente no anunciado ha ordenado cinco conversiones con dos compromisos.<\/p>\n<p style=\"text-align: justify;\"><span style=\"font-size: 12.16px; line-height: 1.3em;\">Adem\u00e1s, Boeing ha asegurado 13 compromisos para las conversiones de:<\/span><\/p>\n<p style=\"text-align: justify;\"><span style=\"font-size: 12.16px; line-height: 1.3em;\">\u2022 SF Airlines, con sede en Shenzhen, China.<\/span><\/p>\n<p style=\"text-align: justify;\">\u2022 Cargo Air, con sede en Sof\u00eda, Bulgaria.<\/p>\n<p style=\"text-align: justify;\">\u2022 Un cliente no anunciado.<\/p>\n<p style=\"text-align: justify;\"><span style=\"font-size: 12.16px; line-height: 1.3em;\">Se espera que la primera 737-800BCF para ser entregado en el cuarto trimestre de 2017.<\/span><\/p>\n<p style=\"text-align: justify;\"><span style=\"font-size: 12.16px; line-height: 1.3em;\">Aviones de pasajeros existentes se pueden modificar en ciertas instalaciones ubicadas cerca de la demanda de conversi\u00f3n, incluyendo Boeing Shanghai. Las modificaciones incluyen la instalaci\u00f3n de una puerta grande en la cubierta principal de carga, un sistema de manipulaci\u00f3n de la carga y el alojamiento para un m\u00e1ximo de cuatro tripulantes o pasajeros adicionales.<\/span><\/p>\n<p><strong><em>Fuente: Aviaci\u00f3n al d\u00eda <\/em><\/strong><\/p>\n<p><strong><em><img decoding=\"async\" src=\"images\/stories\/16\/02\/250216\/737-800.jpg\" border=\"0\" \/><br \/><\/em><\/strong><\/p>\n","protected":false},"excerpt":{"rendered":"<p>(Aeronoticias) Boeing ha lanzado el d\u00eda de ayer el carguero de nueva generaci\u00f3n 737-800 Boeing Converted Freighter (BCF) con pedidos y compromisos para hasta de 55 conversiones por parte de siete clientes, seg\u00fan public\u00f3 Svzm Aero. \u00abEl 737 Next-Generation ofrece un valor excepcional para los transportistas de carga expresa a trav\u00e9s de su carga \u00fatil [&hellip;]<\/p>\n","protected":false},"author":1,"featured_media":0,"comment_status":"open","ping_status":"open","sticky":false,"template":"","format":"standard","meta":{"tdm_status":"","tdm_grid_status":"","footnotes":""},"categories":[32],"tags":[],"class_list":{"0":"post-54707","1":"post","2":"type-post","3":"status-publish","4":"format-standard","6":"category-internacional"},"yoast_head":"<!-- This site is optimized with the Yoast SEO plugin v25.1 - https:\/\/yoast.com\/wordpress\/plugins\/seo\/ -->\n<title>Boeing lanza la versi\u00f3n carguera del 737-800<\/title>\n<meta name=\"description\" content=\"Portal de noticias del Per\u00fa sobre el transporte a\u00e9reo, aviaci\u00f3n, turismo, hoteleria, actualidad.\" \/>\n<meta name=\"robots\" content=\"index, follow, max-snippet:-1, max-image-preview:large, max-video-preview:-1\" \/>\n<link rel=\"canonical\" href=\"https:\/\/aeronoticias.com.pe\/noticiero\/transporte-aereo\/internacional\/boeing-lanza-la-version-carguera-del-737-800\/\" \/>\n<meta property=\"og:locale\" content=\"es_ES\" \/>\n<meta property=\"og:type\" content=\"article\" \/>\n<meta property=\"og:title\" content=\"Boeing lanza la versi\u00f3n carguera del 737-800\" \/>\n<meta property=\"og:description\" content=\"Portal de noticias del Per\u00fa sobre el transporte a\u00e9reo, aviaci\u00f3n, turismo, hoteleria, actualidad.\" \/>\n<meta property=\"og:url\" content=\"https:\/\/aeronoticias.com.pe\/noticiero\/transporte-aereo\/internacional\/boeing-lanza-la-version-carguera-del-737-800\/\" \/>\n<meta property=\"og:site_name\" content=\"Aeronoticias.com.pe\" \/>\n<meta property=\"article:publisher\" content=\"https:\/\/www.facebook.com\/Aeronoticias.com.pe\/\" \/>\n<meta property=\"article:published_time\" content=\"2016-02-25T15:46:11+00:00\" \/>\n<meta name=\"author\" content=\"Redacci\u00f3n Aeronoticias\" \/>\n<meta name=\"twitter:card\" content=\"summary_large_image\" \/>\n<meta name=\"twitter:creator\" content=\"@aeronoticias\" \/>\n<meta name=\"twitter:site\" content=\"@aeronoticias\" \/>\n<meta name=\"twitter:label1\" content=\"Escrito por\" \/>\n\t<meta name=\"twitter:data1\" content=\"Redacci\u00f3n Aeronoticias\" \/>\n\t<meta name=\"twitter:label2\" content=\"Tiempo de lectura\" \/>\n\t<meta name=\"twitter:data2\" content=\"2 minutos\" \/>\n<script type=\"application\/ld+json\" class=\"yoast-schema-graph\">{\"@context\":\"https:\/\/schema.org\",\"@graph\":[{\"@type\":\"WebPage\",\"@id\":\"https:\/\/aeronoticias.com.pe\/noticiero\/transporte-aereo\/internacional\/boeing-lanza-la-version-carguera-del-737-800\/\",\"url\":\"https:\/\/aeronoticias.com.pe\/noticiero\/transporte-aereo\/internacional\/boeing-lanza-la-version-carguera-del-737-800\/\",\"name\":\"Boeing lanza la versi\u00f3n carguera del 737-800\",\"isPartOf\":{\"@id\":\"https:\/\/aeronoticias.com.pe\/noticiero\/#website\"},\"datePublished\":\"2016-02-25T15:46:11+00:00\",\"author\":{\"@id\":\"https:\/\/aeronoticias.com.pe\/noticiero\/#\/schema\/person\/fc1e5d578f4b62ba1cf7ac2bba1170a0\"},\"description\":\"Portal de noticias del Per\u00fa sobre el transporte a\u00e9reo, aviaci\u00f3n, turismo, hoteleria, actualidad.\",\"breadcrumb\":{\"@id\":\"https:\/\/aeronoticias.com.pe\/noticiero\/transporte-aereo\/internacional\/boeing-lanza-la-version-carguera-del-737-800\/#breadcrumb\"},\"inLanguage\":\"es\",\"potentialAction\":[{\"@type\":\"ReadAction\",\"target\":[\"https:\/\/aeronoticias.com.pe\/noticiero\/transporte-aereo\/internacional\/boeing-lanza-la-version-carguera-del-737-800\/\"]}]},{\"@type\":\"BreadcrumbList\",\"@id\":\"https:\/\/aeronoticias.com.pe\/noticiero\/transporte-aereo\/internacional\/boeing-lanza-la-version-carguera-del-737-800\/#breadcrumb\",\"itemListElement\":[{\"@type\":\"ListItem\",\"position\":1,\"name\":\"Portada\",\"item\":\"https:\/\/aeronoticias.com.pe\/noticiero\/\"},{\"@type\":\"ListItem\",\"position\":2,\"name\":\"Boeing lanza la versi\u00f3n carguera del 737-800\"}]},{\"@type\":\"WebSite\",\"@id\":\"https:\/\/aeronoticias.com.pe\/noticiero\/#website\",\"url\":\"https:\/\/aeronoticias.com.pe\/noticiero\/\",\"name\":\"Aeronoticias.com.pe\",\"description\":\"Noticias de tranporte aereo, turismo, hoteles, gastronomia, actualidad, internacional\",\"potentialAction\":[{\"@type\":\"SearchAction\",\"target\":{\"@type\":\"EntryPoint\",\"urlTemplate\":\"https:\/\/aeronoticias.com.pe\/noticiero\/?s={search_term_string}\"},\"query-input\":{\"@type\":\"PropertyValueSpecification\",\"valueRequired\":true,\"valueName\":\"search_term_string\"}}],\"inLanguage\":\"es\"},{\"@type\":\"Person\",\"@id\":\"https:\/\/aeronoticias.com.pe\/noticiero\/#\/schema\/person\/fc1e5d578f4b62ba1cf7ac2bba1170a0\",\"name\":\"Redacci\u00f3n Aeronoticias\",\"url\":\"https:\/\/aeronoticias.com.pe\/noticiero\/author\/piloto\/\"}]}<\/script>\n<!-- \/ Yoast SEO plugin. -->","yoast_head_json":{"title":"Boeing lanza la versi\u00f3n carguera del 737-800","description":"Portal de noticias del Per\u00fa sobre el transporte a\u00e9reo, aviaci\u00f3n, turismo, hoteleria, actualidad.","robots":{"index":"index","follow":"follow","max-snippet":"max-snippet:-1","max-image-preview":"max-image-preview:large","max-video-preview":"max-video-preview:-1"},"canonical":"https:\/\/aeronoticias.com.pe\/noticiero\/transporte-aereo\/internacional\/boeing-lanza-la-version-carguera-del-737-800\/","og_locale":"es_ES","og_type":"article","og_title":"Boeing lanza la versi\u00f3n carguera del 737-800","og_description":"Portal de noticias del Per\u00fa sobre el transporte a\u00e9reo, aviaci\u00f3n, turismo, hoteleria, actualidad.","og_url":"https:\/\/aeronoticias.com.pe\/noticiero\/transporte-aereo\/internacional\/boeing-lanza-la-version-carguera-del-737-800\/","og_site_name":"Aeronoticias.com.pe","article_publisher":"https:\/\/www.facebook.com\/Aeronoticias.com.pe\/","article_published_time":"2016-02-25T15:46:11+00:00","author":"Redacci\u00f3n Aeronoticias","twitter_card":"summary_large_image","twitter_creator":"@aeronoticias","twitter_site":"@aeronoticias","twitter_misc":{"Escrito por":"Redacci\u00f3n Aeronoticias","Tiempo de lectura":"2 minutos"},"schema":{"@context":"https:\/\/schema.org","@graph":[{"@type":"WebPage","@id":"https:\/\/aeronoticias.com.pe\/noticiero\/transporte-aereo\/internacional\/boeing-lanza-la-version-carguera-del-737-800\/","url":"https:\/\/aeronoticias.com.pe\/noticiero\/transporte-aereo\/internacional\/boeing-lanza-la-version-carguera-del-737-800\/","name":"Boeing lanza la versi\u00f3n carguera del 737-800","isPartOf":{"@id":"https:\/\/aeronoticias.com.pe\/noticiero\/#website"},"datePublished":"2016-02-25T15:46:11+00:00","author":{"@id":"https:\/\/aeronoticias.com.pe\/noticiero\/#\/schema\/person\/fc1e5d578f4b62ba1cf7ac2bba1170a0"},"description":"Portal de noticias del Per\u00fa sobre el transporte a\u00e9reo, aviaci\u00f3n, turismo, hoteleria, actualidad.","breadcrumb":{"@id":"https:\/\/aeronoticias.com.pe\/noticiero\/transporte-aereo\/internacional\/boeing-lanza-la-version-carguera-del-737-800\/#breadcrumb"},"inLanguage":"es","potentialAction":[{"@type":"ReadAction","target":["https:\/\/aeronoticias.com.pe\/noticiero\/transporte-aereo\/internacional\/boeing-lanza-la-version-carguera-del-737-800\/"]}]},{"@type":"BreadcrumbList","@id":"https:\/\/aeronoticias.com.pe\/noticiero\/transporte-aereo\/internacional\/boeing-lanza-la-version-carguera-del-737-800\/#breadcrumb","itemListElement":[{"@type":"ListItem","position":1,"name":"Portada","item":"https:\/\/aeronoticias.com.pe\/noticiero\/"},{"@type":"ListItem","position":2,"name":"Boeing lanza la versi\u00f3n carguera del 737-800"}]},{"@type":"WebSite","@id":"https:\/\/aeronoticias.com.pe\/noticiero\/#website","url":"https:\/\/aeronoticias.com.pe\/noticiero\/","name":"Aeronoticias.com.pe","description":"Noticias de tranporte aereo, turismo, hoteles, gastronomia, actualidad, internacional","potentialAction":[{"@type":"SearchAction","target":{"@type":"EntryPoint","urlTemplate":"https:\/\/aeronoticias.com.pe\/noticiero\/?s={search_term_string}"},"query-input":{"@type":"PropertyValueSpecification","valueRequired":true,"valueName":"search_term_string"}}],"inLanguage":"es"},{"@type":"Person","@id":"https:\/\/aeronoticias.com.pe\/noticiero\/#\/schema\/person\/fc1e5d578f4b62ba1cf7ac2bba1170a0","name":"Redacci\u00f3n Aeronoticias","url":"https:\/\/aeronoticias.com.pe\/noticiero\/author\/piloto\/"}]}},"_links":{"self":[{"href":"https:\/\/aeronoticias.com.pe\/noticiero\/wp-json\/wp\/v2\/posts\/54707","targetHints":{"allow":["GET"]}}],"collection":[{"href":"https:\/\/aeronoticias.com.pe\/noticiero\/wp-json\/wp\/v2\/posts"}],"about":[{"href":"https:\/\/aeronoticias.com.pe\/noticiero\/wp-json\/wp\/v2\/types\/post"}],"author":[{"embeddable":true,"href":"https:\/\/aeronoticias.com.pe\/noticiero\/wp-json\/wp\/v2\/users\/1"}],"replies":[{"embeddable":true,"href":"https:\/\/aeronoticias.com.pe\/noticiero\/wp-json\/wp\/v2\/comments?post=54707"}],"version-history":[{"count":0,"href":"https:\/\/aeronoticias.com.pe\/noticiero\/wp-json\/wp\/v2\/posts\/54707\/revisions"}],"wp:attachment":[{"href":"https:\/\/aeronoticias.com.pe\/noticiero\/wp-json\/wp\/v2\/media?parent=54707"}],"wp:term":[{"taxonomy":"category","embeddable":true,"href":"https:\/\/aeronoticias.com.pe\/noticiero\/wp-json\/wp\/v2\/categories?post=54707"},{"taxonomy":"post_tag","embeddable":true,"href":"https:\/\/aeronoticias.com.pe\/noticiero\/wp-json\/wp\/v2\/tags?post=54707"}],"curies":[{"name":"wp","href":"https:\/\/api.w.org\/{rel}","templated":true}]}}