{"id":54708,"date":"2016-02-25T15:00:00","date_gmt":"2016-02-25T15:00:00","guid":{"rendered":"http:\/\/desarrollo.mcvicious.com\/aero2020\/2016\/02\/25\/tam-primera-aerolinea-de-america-latina-en-operar-avion-alusivo-a-walt-disney-world\/"},"modified":"2016-02-25T15:00:00","modified_gmt":"2016-02-25T15:00:00","slug":"tam-primera-aerolinea-de-america-latina-en-operar-avion-alusivo-a-walt-disney-world","status":"publish","type":"post","link":"https:\/\/aeronoticias.com.pe\/noticiero\/transporte-aereo\/internacional\/tam-primera-aerolinea-de-america-latina-en-operar-avion-alusivo-a-walt-disney-world\/","title":{"rendered":"TAM, primera aerol\u00ednea de Am\u00e9rica Latina en operar avi\u00f3n alusivo a Walt Disney World"},"content":{"rendered":"<p style=\"text-align: justify;\"><strong>(Aeronoticias) <\/strong><span style=\"font-size: 12.16px; line-height: 1.3em;\">TAM Linhas A\u00e9reas y Walt Disney World lanzaron, en Brasilia, el Avi\u00f3n de los Sue\u00f1os. El Boeing 767-300 cuenta con adhesivos especiales en su fuselaje (cola y parte de la cabina) con personajes Disney y volar\u00e1 en las rutas de larga distancia de la compa\u00f1\u00eda.<\/span><\/p>\n<p style=\"text-align: justify;\"><span style=\"font-size: 12.16px; line-height: 1.3em;\">Seg\u00fan Marcelo Dezem, director de TAM Viagens, es un privilegio para TAM ser la primera de Am\u00e9rica Latina en volar con una aeronave tem\u00e1tica de Walt Disney World. Los adhesivos del #AviondelosSuenos es la celebraci\u00f3n de la exitosa alianza iniciada el 2009, cuando TAM Viagens se convirti\u00f3 en operadora seleccionada Disney, que se estrecha cada a\u00f1o. \u201cTrabajando juntos sumamos experiencia, valor y m\u00e1s calidad a\u00fan a los productos y servicios ofrecidos a nuestros clientes. El 2016, lanzaremos varias promociones en conjunto, dirigidas al consumidor final y trade\u201d, agreg\u00f3 el ejecutivo.<\/span><\/p>\n<p style=\"text-align: justify;\"><span style=\"font-size: 12.16px; line-height: 1.3em;\">La preparaci\u00f3n del Boeing 767-300 tem\u00e1tico involucr\u00f3 a docenas de profesionales de equipos de creaci\u00f3n y desarrollo, ingenier\u00eda, infraestructura, operaciones, marketing y comunicaci\u00f3n. Para la caracterizaci\u00f3n fueron necesarias 536 placas de adhesivos, que totalizan 842 m\u00b2 de impresiones, aplicadas cuidadosamente en 10 d\u00edas, ocho horas por d\u00eda de intenso trabajo.<\/span><\/p>\n<p style=\"text-align: justify;\"><span style=\"font-size: 12.16px; line-height: 1.3em;\">\u201cCon esta aeronave el viaje a Walt Disney World, el lugar donde los sue\u00f1os se realizan, se hace a\u00fan m\u00e1s m\u00e1gico\u201d, celebr\u00f3 Ramiro Vasquez, Director de Marketing y Ventas para la Am\u00e9rica Latina del Walt Disney World Parks y Resorts. Para el ejecutivo, no hay momento mejor que ahora para planificar una visita a Walt Disney World: \u201cTendremos nuevas atracciones y novedades incre\u00edbles en los cuatro parques este a\u00f1o. \u00a1Nadie se lo puede perder!\u201d.<\/span><\/p>\n<p style=\"text-align: justify;\"><span style=\"font-size: 12.16px; line-height: 1.3em;\">Vuelo inaugural<\/span><\/p>\n<p style=\"text-align: justify;\"><span style=\"font-size: 12.16px; line-height: 1.3em;\">El vuelo inaugural del #AviondelosSuenos es el JJ8048 con destino a Orlando, que parte hoy 23 de febrero del Aeropuerto Internacional Juscelino Kubistchek, en Brasilia, a las 11:22 hrs.<\/span><\/p>\n<p style=\"text-align: justify;\"><span style=\"font-size: 12.16px; line-height: 1.3em;\">Los pasajeros TAM del #AviondelosSuenos ser\u00e1n sumergidos en la atm\u00f3sfera Disney y sorprendidos con acciones especiales como servicio a bordo tem\u00e1tico, adem\u00e1s de caracterizaci\u00f3n especial en el uniforme de la tripulaci\u00f3n de cabina.<\/span><\/p>\n<p style=\"text-align: justify;\"><span style=\"font-size: 12.16px; line-height: 1.3em;\"><strong><em>Fuente: Aviaci\u00f3n al d\u00eda<\/em><\/strong><\/span><\/p>\n<p style=\"text-align: justify;\"><span style=\"font-size: 12.16px; line-height: 1.3em;\"><strong><em><img decoding=\"async\" src=\"images\/stories\/16\/02\/250216\/tam.jpg\" border=\"0\" \/><br \/><\/em><\/strong><\/span><\/p>\n","protected":false},"excerpt":{"rendered":"<p>(Aeronoticias) TAM Linhas A\u00e9reas y Walt Disney World lanzaron, en Brasilia, el Avi\u00f3n de los Sue\u00f1os. El Boeing 767-300 cuenta con adhesivos especiales en su fuselaje (cola y parte de la cabina) con personajes Disney y volar\u00e1 en las rutas de larga distancia de la compa\u00f1\u00eda. Seg\u00fan Marcelo Dezem, director de TAM Viagens, es un [&hellip;]<\/p>\n","protected":false},"author":1,"featured_media":0,"comment_status":"open","ping_status":"open","sticky":false,"template":"","format":"standard","meta":{"tdm_status":"","tdm_grid_status":"","footnotes":""},"categories":[32],"tags":[],"class_list":{"0":"post-54708","1":"post","2":"type-post","3":"status-publish","4":"format-standard","6":"category-internacional"},"yoast_head":"<!-- This site is optimized with the Yoast SEO plugin v25.1 - https:\/\/yoast.com\/wordpress\/plugins\/seo\/ -->\n<title>TAM, primera aerol\u00ednea de Am\u00e9rica Latina en operar avi\u00f3n alusivo a Walt Disney World<\/title>\n<meta name=\"description\" content=\"Portal de noticias del Per\u00fa sobre el transporte a\u00e9reo, aviaci\u00f3n, turismo, hoteleria, actualidad.\" \/>\n<meta name=\"robots\" content=\"index, follow, max-snippet:-1, max-image-preview:large, max-video-preview:-1\" \/>\n<link rel=\"canonical\" href=\"https:\/\/aeronoticias.com.pe\/noticiero\/transporte-aereo\/internacional\/tam-primera-aerolinea-de-america-latina-en-operar-avion-alusivo-a-walt-disney-world\/\" \/>\n<meta property=\"og:locale\" content=\"es_ES\" \/>\n<meta property=\"og:type\" content=\"article\" \/>\n<meta property=\"og:title\" content=\"TAM, primera aerol\u00ednea de Am\u00e9rica Latina en operar avi\u00f3n alusivo a Walt Disney World\" \/>\n<meta property=\"og:description\" content=\"Portal de noticias del Per\u00fa sobre el transporte a\u00e9reo, aviaci\u00f3n, turismo, hoteleria, actualidad.\" \/>\n<meta property=\"og:url\" content=\"https:\/\/aeronoticias.com.pe\/noticiero\/transporte-aereo\/internacional\/tam-primera-aerolinea-de-america-latina-en-operar-avion-alusivo-a-walt-disney-world\/\" \/>\n<meta property=\"og:site_name\" content=\"Aeronoticias.com.pe\" \/>\n<meta property=\"article:publisher\" content=\"https:\/\/www.facebook.com\/Aeronoticias.com.pe\/\" \/>\n<meta property=\"article:published_time\" content=\"2016-02-25T15:00:00+00:00\" \/>\n<meta name=\"author\" content=\"Redacci\u00f3n Aeronoticias\" \/>\n<meta name=\"twitter:card\" content=\"summary_large_image\" \/>\n<meta name=\"twitter:creator\" content=\"@aeronoticias\" \/>\n<meta name=\"twitter:site\" content=\"@aeronoticias\" \/>\n<meta name=\"twitter:label1\" content=\"Escrito por\" \/>\n\t<meta name=\"twitter:data1\" content=\"Redacci\u00f3n Aeronoticias\" \/>\n\t<meta name=\"twitter:label2\" content=\"Tiempo de lectura\" \/>\n\t<meta name=\"twitter:data2\" content=\"2 minutos\" \/>\n<script type=\"application\/ld+json\" class=\"yoast-schema-graph\">{\"@context\":\"https:\/\/schema.org\",\"@graph\":[{\"@type\":\"WebPage\",\"@id\":\"https:\/\/aeronoticias.com.pe\/noticiero\/transporte-aereo\/internacional\/tam-primera-aerolinea-de-america-latina-en-operar-avion-alusivo-a-walt-disney-world\/\",\"url\":\"https:\/\/aeronoticias.com.pe\/noticiero\/transporte-aereo\/internacional\/tam-primera-aerolinea-de-america-latina-en-operar-avion-alusivo-a-walt-disney-world\/\",\"name\":\"TAM, primera aerol\u00ednea de Am\u00e9rica Latina en operar avi\u00f3n alusivo a Walt Disney World\",\"isPartOf\":{\"@id\":\"https:\/\/aeronoticias.com.pe\/noticiero\/#website\"},\"datePublished\":\"2016-02-25T15:00:00+00:00\",\"author\":{\"@id\":\"https:\/\/aeronoticias.com.pe\/noticiero\/#\/schema\/person\/fc1e5d578f4b62ba1cf7ac2bba1170a0\"},\"description\":\"Portal de noticias del Per\u00fa sobre el transporte a\u00e9reo, aviaci\u00f3n, turismo, hoteleria, actualidad.\",\"breadcrumb\":{\"@id\":\"https:\/\/aeronoticias.com.pe\/noticiero\/transporte-aereo\/internacional\/tam-primera-aerolinea-de-america-latina-en-operar-avion-alusivo-a-walt-disney-world\/#breadcrumb\"},\"inLanguage\":\"es\",\"potentialAction\":[{\"@type\":\"ReadAction\",\"target\":[\"https:\/\/aeronoticias.com.pe\/noticiero\/transporte-aereo\/internacional\/tam-primera-aerolinea-de-america-latina-en-operar-avion-alusivo-a-walt-disney-world\/\"]}]},{\"@type\":\"BreadcrumbList\",\"@id\":\"https:\/\/aeronoticias.com.pe\/noticiero\/transporte-aereo\/internacional\/tam-primera-aerolinea-de-america-latina-en-operar-avion-alusivo-a-walt-disney-world\/#breadcrumb\",\"itemListElement\":[{\"@type\":\"ListItem\",\"position\":1,\"name\":\"Portada\",\"item\":\"https:\/\/aeronoticias.com.pe\/noticiero\/\"},{\"@type\":\"ListItem\",\"position\":2,\"name\":\"TAM, primera aerol\u00ednea de Am\u00e9rica Latina en operar avi\u00f3n alusivo a Walt Disney World\"}]},{\"@type\":\"WebSite\",\"@id\":\"https:\/\/aeronoticias.com.pe\/noticiero\/#website\",\"url\":\"https:\/\/aeronoticias.com.pe\/noticiero\/\",\"name\":\"Aeronoticias.com.pe\",\"description\":\"Noticias de tranporte aereo, turismo, hoteles, gastronomia, actualidad, internacional\",\"potentialAction\":[{\"@type\":\"SearchAction\",\"target\":{\"@type\":\"EntryPoint\",\"urlTemplate\":\"https:\/\/aeronoticias.com.pe\/noticiero\/?s={search_term_string}\"},\"query-input\":{\"@type\":\"PropertyValueSpecification\",\"valueRequired\":true,\"valueName\":\"search_term_string\"}}],\"inLanguage\":\"es\"},{\"@type\":\"Person\",\"@id\":\"https:\/\/aeronoticias.com.pe\/noticiero\/#\/schema\/person\/fc1e5d578f4b62ba1cf7ac2bba1170a0\",\"name\":\"Redacci\u00f3n Aeronoticias\",\"url\":\"https:\/\/aeronoticias.com.pe\/noticiero\/author\/piloto\/\"}]}<\/script>\n<!-- \/ Yoast SEO plugin. -->","yoast_head_json":{"title":"TAM, primera aerol\u00ednea de Am\u00e9rica Latina en operar avi\u00f3n alusivo a Walt Disney World","description":"Portal de noticias del Per\u00fa sobre el transporte a\u00e9reo, aviaci\u00f3n, turismo, hoteleria, actualidad.","robots":{"index":"index","follow":"follow","max-snippet":"max-snippet:-1","max-image-preview":"max-image-preview:large","max-video-preview":"max-video-preview:-1"},"canonical":"https:\/\/aeronoticias.com.pe\/noticiero\/transporte-aereo\/internacional\/tam-primera-aerolinea-de-america-latina-en-operar-avion-alusivo-a-walt-disney-world\/","og_locale":"es_ES","og_type":"article","og_title":"TAM, primera aerol\u00ednea de Am\u00e9rica Latina en operar avi\u00f3n alusivo a Walt Disney World","og_description":"Portal de noticias del Per\u00fa sobre el transporte a\u00e9reo, aviaci\u00f3n, turismo, hoteleria, actualidad.","og_url":"https:\/\/aeronoticias.com.pe\/noticiero\/transporte-aereo\/internacional\/tam-primera-aerolinea-de-america-latina-en-operar-avion-alusivo-a-walt-disney-world\/","og_site_name":"Aeronoticias.com.pe","article_publisher":"https:\/\/www.facebook.com\/Aeronoticias.com.pe\/","article_published_time":"2016-02-25T15:00:00+00:00","author":"Redacci\u00f3n Aeronoticias","twitter_card":"summary_large_image","twitter_creator":"@aeronoticias","twitter_site":"@aeronoticias","twitter_misc":{"Escrito por":"Redacci\u00f3n Aeronoticias","Tiempo de lectura":"2 minutos"},"schema":{"@context":"https:\/\/schema.org","@graph":[{"@type":"WebPage","@id":"https:\/\/aeronoticias.com.pe\/noticiero\/transporte-aereo\/internacional\/tam-primera-aerolinea-de-america-latina-en-operar-avion-alusivo-a-walt-disney-world\/","url":"https:\/\/aeronoticias.com.pe\/noticiero\/transporte-aereo\/internacional\/tam-primera-aerolinea-de-america-latina-en-operar-avion-alusivo-a-walt-disney-world\/","name":"TAM, primera aerol\u00ednea de Am\u00e9rica Latina en operar avi\u00f3n alusivo a Walt Disney World","isPartOf":{"@id":"https:\/\/aeronoticias.com.pe\/noticiero\/#website"},"datePublished":"2016-02-25T15:00:00+00:00","author":{"@id":"https:\/\/aeronoticias.com.pe\/noticiero\/#\/schema\/person\/fc1e5d578f4b62ba1cf7ac2bba1170a0"},"description":"Portal de noticias del Per\u00fa sobre el transporte a\u00e9reo, aviaci\u00f3n, turismo, hoteleria, actualidad.","breadcrumb":{"@id":"https:\/\/aeronoticias.com.pe\/noticiero\/transporte-aereo\/internacional\/tam-primera-aerolinea-de-america-latina-en-operar-avion-alusivo-a-walt-disney-world\/#breadcrumb"},"inLanguage":"es","potentialAction":[{"@type":"ReadAction","target":["https:\/\/aeronoticias.com.pe\/noticiero\/transporte-aereo\/internacional\/tam-primera-aerolinea-de-america-latina-en-operar-avion-alusivo-a-walt-disney-world\/"]}]},{"@type":"BreadcrumbList","@id":"https:\/\/aeronoticias.com.pe\/noticiero\/transporte-aereo\/internacional\/tam-primera-aerolinea-de-america-latina-en-operar-avion-alusivo-a-walt-disney-world\/#breadcrumb","itemListElement":[{"@type":"ListItem","position":1,"name":"Portada","item":"https:\/\/aeronoticias.com.pe\/noticiero\/"},{"@type":"ListItem","position":2,"name":"TAM, primera aerol\u00ednea de Am\u00e9rica Latina en operar avi\u00f3n alusivo a Walt Disney World"}]},{"@type":"WebSite","@id":"https:\/\/aeronoticias.com.pe\/noticiero\/#website","url":"https:\/\/aeronoticias.com.pe\/noticiero\/","name":"Aeronoticias.com.pe","description":"Noticias de tranporte aereo, turismo, hoteles, gastronomia, actualidad, internacional","potentialAction":[{"@type":"SearchAction","target":{"@type":"EntryPoint","urlTemplate":"https:\/\/aeronoticias.com.pe\/noticiero\/?s={search_term_string}"},"query-input":{"@type":"PropertyValueSpecification","valueRequired":true,"valueName":"search_term_string"}}],"inLanguage":"es"},{"@type":"Person","@id":"https:\/\/aeronoticias.com.pe\/noticiero\/#\/schema\/person\/fc1e5d578f4b62ba1cf7ac2bba1170a0","name":"Redacci\u00f3n Aeronoticias","url":"https:\/\/aeronoticias.com.pe\/noticiero\/author\/piloto\/"}]}},"_links":{"self":[{"href":"https:\/\/aeronoticias.com.pe\/noticiero\/wp-json\/wp\/v2\/posts\/54708","targetHints":{"allow":["GET"]}}],"collection":[{"href":"https:\/\/aeronoticias.com.pe\/noticiero\/wp-json\/wp\/v2\/posts"}],"about":[{"href":"https:\/\/aeronoticias.com.pe\/noticiero\/wp-json\/wp\/v2\/types\/post"}],"author":[{"embeddable":true,"href":"https:\/\/aeronoticias.com.pe\/noticiero\/wp-json\/wp\/v2\/users\/1"}],"replies":[{"embeddable":true,"href":"https:\/\/aeronoticias.com.pe\/noticiero\/wp-json\/wp\/v2\/comments?post=54708"}],"version-history":[{"count":0,"href":"https:\/\/aeronoticias.com.pe\/noticiero\/wp-json\/wp\/v2\/posts\/54708\/revisions"}],"wp:attachment":[{"href":"https:\/\/aeronoticias.com.pe\/noticiero\/wp-json\/wp\/v2\/media?parent=54708"}],"wp:term":[{"taxonomy":"category","embeddable":true,"href":"https:\/\/aeronoticias.com.pe\/noticiero\/wp-json\/wp\/v2\/categories?post=54708"},{"taxonomy":"post_tag","embeddable":true,"href":"https:\/\/aeronoticias.com.pe\/noticiero\/wp-json\/wp\/v2\/tags?post=54708"}],"curies":[{"name":"wp","href":"https:\/\/api.w.org\/{rel}","templated":true}]}}