{"id":54709,"date":"2016-02-25T16:16:33","date_gmt":"2016-02-25T16:16:33","guid":{"rendered":"http:\/\/desarrollo.mcvicious.com\/aero2020\/2016\/02\/25\/visa-schengen-en-solo-un-dia-se-agotaron-las-citas-para-obtener-el-primer-lote-de-pasaportes-biometricos\/"},"modified":"2016-02-25T16:16:33","modified_gmt":"2016-02-25T16:16:33","slug":"visa-schengen-en-solo-un-dia-se-agotaron-las-citas-para-obtener-el-primer-lote-de-pasaportes-biometricos","status":"publish","type":"post","link":"https:\/\/aeronoticias.com.pe\/noticiero\/turismo\/13\/visa-schengen-en-solo-un-dia-se-agotaron-las-citas-para-obtener-el-primer-lote-de-pasaportes-biometricos\/","title":{"rendered":"Visa Schengen: En solo un d\u00eda se agotaron las citas para obtener el primer lote de pasaportes biom\u00e9tricos"},"content":{"rendered":"<p style=\"text-align: justify;\"><strong>(Aeronoticias) <\/strong><span style=\"font-size: 12.16px; line-height: 1.3em;\">Las citas para obtener los primeros 5.000 pasaportes biom\u00e9tricos que nuestro pa\u00eds expedir\u00e1 a partir de este jueves como requisito de la Uni\u00f3n Europea (UE) para exonerar a los peruanos de visado en viajes de corta duraci\u00f3n se agotaron en un d\u00eda, inform\u00f3 hoy el superintendente nacional de Migraciones, Boris Potoz\u00e9n.<\/span><\/p>\n<p style=\"text-align: justify;\"><span style=\"font-size: 12.16px; line-height: 1.3em;\">El funcionario explic\u00f3 a El Comercio que el sistema electr\u00f3nico para reservar las citas \u201ccolaps\u00f3 porque muchas personas han tratado de acceder\u201d.<\/span><\/p>\n<p style=\"text-align: justify;\"><span style=\"font-size: 12.16px; line-height: 1.3em;\">\u201cEste primer lote de 5.000 pasaportes (biom\u00e9tricos) ya tiene todas las citas copadas desde el 25 de febrero hasta el 2 de abril\u201d, coment\u00f3 Potoz\u00e9n.<\/span><\/p>\n<p style=\"text-align: justify;\"><span style=\"font-size: 12.16px; line-height: 1.3em;\">El superintendente de Migraciones indic\u00f3 que su oficina habilitar\u00e1 este mi\u00e9rcoles nuevas citas para un segundo lote de 15.000 pasaportes, cuya expedici\u00f3n se realizar\u00e1 entre el 3 de abril y el 7 de julio.<\/span><\/p>\n<p style=\"text-align: justify;\"><span style=\"font-size: 12.16px; line-height: 1.3em;\">Los pasaportes biom\u00e9tricos tienen un coste de 98,36 soles (unos 28 d\u00f3lares) y los requisitos para obtenerlos son el recibo de pago y la presentaci\u00f3n del documento de identidad del beneficiario.<\/span><\/p>\n<p style=\"text-align: justify;\"><span style=\"font-size: 12.16px; line-height: 1.3em;\">Per\u00fa necesita tener un n\u00famero m\u00ednimo de pasaportes biom\u00e9tricos expedidos para que la Uni\u00f3n Europea proceda a exonerar a sus ciudadanos de la visa Schengen para ingresar en viajes de corta duraci\u00f3n al \u00e1rea de Europa conocida como espacio Schengen.<\/span><\/p>\n<p style=\"text-align: justify;\"><span style=\"font-size: 12.16px; line-height: 1.3em;\">El espacio lo integran 22 de los 28 pa\u00edses de la UE: Alemania, Austria, B\u00e9lgica, Dinamarca, Eslovaquia, Eslovenia, Espa\u00f1a, Estonia, Finlandia, Francia, Suecia, Rep\u00fablica Checa, Hungr\u00eda, Italia, Letonia, Lituania, Luxemburgo, Malta, Pa\u00edses Bajos, Polonia, Portugal y Grecia.<\/span><\/p>\n<p style=\"text-align: justify;\"><span style=\"font-size: 12.16px; line-height: 1.3em;\">La exenci\u00f3n de la visa Schengen fue una iniciativa presentada en agosto de 2013 por el presidente del Gobierno espa\u00f1ol, Mariano Rajoy, que se materializ\u00f3 con la firma, el pasado junio en Bruselas, de un tratado en el marco de la Cumbre de la Uni\u00f3n Europea (UE) y la Comunidad de Estados Latinoamericanos y Caribe\u00f1os (Celac).<\/span><\/p>\n<p><span style=\"font-size: 12.16px; line-height: 1.3em;\">Los peruanos que deseen ingresar en el espacio Schengen, una vez se apruebe la exenci\u00f3n, deber\u00e1n tener un pasaporte v\u00e1lido como m\u00ednimo tres meses despu\u00e9s de la fecha prevista de regreso, pasaje de ida y vuelta, una reserva de hotel o invitaci\u00f3n de alg\u00fan amigo o familiar y demostrar suficientes recursos econ\u00f3micos para la estad\u00eda.<\/span><\/p>\n<p><span style=\"font-size: 12.16px; line-height: 1.3em;\"><em><strong>Fuente: Infoturper\u00fa<\/strong><\/em><\/span><\/p>\n<p><span style=\"font-size: 12.16px; line-height: 1.3em;\"><em><strong><img decoding=\"async\" src=\"images\/stories\/16\/02\/250216\/visa.jpg\" border=\"0\" \/><br \/><\/strong><\/em><\/span><\/p>\n","protected":false},"excerpt":{"rendered":"<p>(Aeronoticias) Las citas para obtener los primeros 5.000 pasaportes biom\u00e9tricos que nuestro pa\u00eds expedir\u00e1 a partir de este jueves como requisito de la Uni\u00f3n Europea (UE) para exonerar a los peruanos de visado en viajes de corta duraci\u00f3n se agotaron en un d\u00eda, inform\u00f3 hoy el superintendente nacional de Migraciones, Boris Potoz\u00e9n. El funcionario explic\u00f3 [&hellip;]<\/p>\n","protected":false},"author":1,"featured_media":0,"comment_status":"open","ping_status":"open","sticky":false,"template":"","format":"standard","meta":{"tdm_status":"","tdm_grid_status":"","footnotes":""},"categories":[31],"tags":[],"class_list":{"0":"post-54709","1":"post","2":"type-post","3":"status-publish","4":"format-standard","6":"category-31"},"yoast_head":"<!-- This site is optimized with the Yoast SEO plugin v25.1 - https:\/\/yoast.com\/wordpress\/plugins\/seo\/ -->\n<title>Visa Schengen: En solo un d\u00eda se agotaron las citas para obtener el primer lote de pasaportes biom\u00e9tricos<\/title>\n<meta name=\"description\" content=\"Portal de noticias del Per\u00fa sobre el transporte a\u00e9reo, aviaci\u00f3n, turismo, hoteleria, actualidad.\" \/>\n<meta name=\"robots\" content=\"index, follow, max-snippet:-1, max-image-preview:large, max-video-preview:-1\" \/>\n<link rel=\"canonical\" href=\"https:\/\/aeronoticias.com.pe\/noticiero\/turismo\/13\/visa-schengen-en-solo-un-dia-se-agotaron-las-citas-para-obtener-el-primer-lote-de-pasaportes-biometricos\/\" \/>\n<meta property=\"og:locale\" content=\"es_ES\" \/>\n<meta property=\"og:type\" content=\"article\" \/>\n<meta property=\"og:title\" content=\"Visa Schengen: En solo un d\u00eda se agotaron las citas para obtener el primer lote de pasaportes biom\u00e9tricos\" \/>\n<meta property=\"og:description\" content=\"Portal de noticias del Per\u00fa sobre el transporte a\u00e9reo, aviaci\u00f3n, turismo, hoteleria, actualidad.\" \/>\n<meta property=\"og:url\" content=\"https:\/\/aeronoticias.com.pe\/noticiero\/turismo\/13\/visa-schengen-en-solo-un-dia-se-agotaron-las-citas-para-obtener-el-primer-lote-de-pasaportes-biometricos\/\" \/>\n<meta property=\"og:site_name\" content=\"Aeronoticias.com.pe\" \/>\n<meta property=\"article:publisher\" content=\"https:\/\/www.facebook.com\/Aeronoticias.com.pe\/\" \/>\n<meta property=\"article:published_time\" content=\"2016-02-25T16:16:33+00:00\" \/>\n<meta name=\"author\" content=\"Redacci\u00f3n Aeronoticias\" \/>\n<meta name=\"twitter:card\" content=\"summary_large_image\" \/>\n<meta name=\"twitter:creator\" content=\"@aeronoticias\" \/>\n<meta name=\"twitter:site\" content=\"@aeronoticias\" \/>\n<meta name=\"twitter:label1\" content=\"Escrito por\" \/>\n\t<meta name=\"twitter:data1\" content=\"Redacci\u00f3n Aeronoticias\" \/>\n\t<meta name=\"twitter:label2\" content=\"Tiempo de lectura\" \/>\n\t<meta name=\"twitter:data2\" content=\"2 minutos\" \/>\n<script type=\"application\/ld+json\" class=\"yoast-schema-graph\">{\"@context\":\"https:\/\/schema.org\",\"@graph\":[{\"@type\":\"WebPage\",\"@id\":\"https:\/\/aeronoticias.com.pe\/noticiero\/turismo\/13\/visa-schengen-en-solo-un-dia-se-agotaron-las-citas-para-obtener-el-primer-lote-de-pasaportes-biometricos\/\",\"url\":\"https:\/\/aeronoticias.com.pe\/noticiero\/turismo\/13\/visa-schengen-en-solo-un-dia-se-agotaron-las-citas-para-obtener-el-primer-lote-de-pasaportes-biometricos\/\",\"name\":\"Visa Schengen: En solo un d\u00eda se agotaron las citas para obtener el primer lote de pasaportes biom\u00e9tricos\",\"isPartOf\":{\"@id\":\"https:\/\/aeronoticias.com.pe\/noticiero\/#website\"},\"datePublished\":\"2016-02-25T16:16:33+00:00\",\"author\":{\"@id\":\"https:\/\/aeronoticias.com.pe\/noticiero\/#\/schema\/person\/fc1e5d578f4b62ba1cf7ac2bba1170a0\"},\"description\":\"Portal de noticias del Per\u00fa sobre el transporte a\u00e9reo, aviaci\u00f3n, turismo, hoteleria, actualidad.\",\"breadcrumb\":{\"@id\":\"https:\/\/aeronoticias.com.pe\/noticiero\/turismo\/13\/visa-schengen-en-solo-un-dia-se-agotaron-las-citas-para-obtener-el-primer-lote-de-pasaportes-biometricos\/#breadcrumb\"},\"inLanguage\":\"es\",\"potentialAction\":[{\"@type\":\"ReadAction\",\"target\":[\"https:\/\/aeronoticias.com.pe\/noticiero\/turismo\/13\/visa-schengen-en-solo-un-dia-se-agotaron-las-citas-para-obtener-el-primer-lote-de-pasaportes-biometricos\/\"]}]},{\"@type\":\"BreadcrumbList\",\"@id\":\"https:\/\/aeronoticias.com.pe\/noticiero\/turismo\/13\/visa-schengen-en-solo-un-dia-se-agotaron-las-citas-para-obtener-el-primer-lote-de-pasaportes-biometricos\/#breadcrumb\",\"itemListElement\":[{\"@type\":\"ListItem\",\"position\":1,\"name\":\"Portada\",\"item\":\"https:\/\/aeronoticias.com.pe\/noticiero\/\"},{\"@type\":\"ListItem\",\"position\":2,\"name\":\"Visa Schengen: En solo un d\u00eda se agotaron las citas para obtener el primer lote de pasaportes biom\u00e9tricos\"}]},{\"@type\":\"WebSite\",\"@id\":\"https:\/\/aeronoticias.com.pe\/noticiero\/#website\",\"url\":\"https:\/\/aeronoticias.com.pe\/noticiero\/\",\"name\":\"Aeronoticias.com.pe\",\"description\":\"Noticias de tranporte aereo, turismo, hoteles, gastronomia, actualidad, internacional\",\"potentialAction\":[{\"@type\":\"SearchAction\",\"target\":{\"@type\":\"EntryPoint\",\"urlTemplate\":\"https:\/\/aeronoticias.com.pe\/noticiero\/?s={search_term_string}\"},\"query-input\":{\"@type\":\"PropertyValueSpecification\",\"valueRequired\":true,\"valueName\":\"search_term_string\"}}],\"inLanguage\":\"es\"},{\"@type\":\"Person\",\"@id\":\"https:\/\/aeronoticias.com.pe\/noticiero\/#\/schema\/person\/fc1e5d578f4b62ba1cf7ac2bba1170a0\",\"name\":\"Redacci\u00f3n Aeronoticias\",\"url\":\"https:\/\/aeronoticias.com.pe\/noticiero\/author\/piloto\/\"}]}<\/script>\n<!-- \/ Yoast SEO plugin. -->","yoast_head_json":{"title":"Visa Schengen: En solo un d\u00eda se agotaron las citas para obtener el primer lote de pasaportes biom\u00e9tricos","description":"Portal de noticias del Per\u00fa sobre el transporte a\u00e9reo, aviaci\u00f3n, turismo, hoteleria, actualidad.","robots":{"index":"index","follow":"follow","max-snippet":"max-snippet:-1","max-image-preview":"max-image-preview:large","max-video-preview":"max-video-preview:-1"},"canonical":"https:\/\/aeronoticias.com.pe\/noticiero\/turismo\/13\/visa-schengen-en-solo-un-dia-se-agotaron-las-citas-para-obtener-el-primer-lote-de-pasaportes-biometricos\/","og_locale":"es_ES","og_type":"article","og_title":"Visa Schengen: En solo un d\u00eda se agotaron las citas para obtener el primer lote de pasaportes biom\u00e9tricos","og_description":"Portal de noticias del Per\u00fa sobre el transporte a\u00e9reo, aviaci\u00f3n, turismo, hoteleria, actualidad.","og_url":"https:\/\/aeronoticias.com.pe\/noticiero\/turismo\/13\/visa-schengen-en-solo-un-dia-se-agotaron-las-citas-para-obtener-el-primer-lote-de-pasaportes-biometricos\/","og_site_name":"Aeronoticias.com.pe","article_publisher":"https:\/\/www.facebook.com\/Aeronoticias.com.pe\/","article_published_time":"2016-02-25T16:16:33+00:00","author":"Redacci\u00f3n Aeronoticias","twitter_card":"summary_large_image","twitter_creator":"@aeronoticias","twitter_site":"@aeronoticias","twitter_misc":{"Escrito por":"Redacci\u00f3n Aeronoticias","Tiempo de lectura":"2 minutos"},"schema":{"@context":"https:\/\/schema.org","@graph":[{"@type":"WebPage","@id":"https:\/\/aeronoticias.com.pe\/noticiero\/turismo\/13\/visa-schengen-en-solo-un-dia-se-agotaron-las-citas-para-obtener-el-primer-lote-de-pasaportes-biometricos\/","url":"https:\/\/aeronoticias.com.pe\/noticiero\/turismo\/13\/visa-schengen-en-solo-un-dia-se-agotaron-las-citas-para-obtener-el-primer-lote-de-pasaportes-biometricos\/","name":"Visa Schengen: En solo un d\u00eda se agotaron las citas para obtener el primer lote de pasaportes biom\u00e9tricos","isPartOf":{"@id":"https:\/\/aeronoticias.com.pe\/noticiero\/#website"},"datePublished":"2016-02-25T16:16:33+00:00","author":{"@id":"https:\/\/aeronoticias.com.pe\/noticiero\/#\/schema\/person\/fc1e5d578f4b62ba1cf7ac2bba1170a0"},"description":"Portal de noticias del Per\u00fa sobre el transporte a\u00e9reo, aviaci\u00f3n, turismo, hoteleria, actualidad.","breadcrumb":{"@id":"https:\/\/aeronoticias.com.pe\/noticiero\/turismo\/13\/visa-schengen-en-solo-un-dia-se-agotaron-las-citas-para-obtener-el-primer-lote-de-pasaportes-biometricos\/#breadcrumb"},"inLanguage":"es","potentialAction":[{"@type":"ReadAction","target":["https:\/\/aeronoticias.com.pe\/noticiero\/turismo\/13\/visa-schengen-en-solo-un-dia-se-agotaron-las-citas-para-obtener-el-primer-lote-de-pasaportes-biometricos\/"]}]},{"@type":"BreadcrumbList","@id":"https:\/\/aeronoticias.com.pe\/noticiero\/turismo\/13\/visa-schengen-en-solo-un-dia-se-agotaron-las-citas-para-obtener-el-primer-lote-de-pasaportes-biometricos\/#breadcrumb","itemListElement":[{"@type":"ListItem","position":1,"name":"Portada","item":"https:\/\/aeronoticias.com.pe\/noticiero\/"},{"@type":"ListItem","position":2,"name":"Visa Schengen: En solo un d\u00eda se agotaron las citas para obtener el primer lote de pasaportes biom\u00e9tricos"}]},{"@type":"WebSite","@id":"https:\/\/aeronoticias.com.pe\/noticiero\/#website","url":"https:\/\/aeronoticias.com.pe\/noticiero\/","name":"Aeronoticias.com.pe","description":"Noticias de tranporte aereo, turismo, hoteles, gastronomia, actualidad, internacional","potentialAction":[{"@type":"SearchAction","target":{"@type":"EntryPoint","urlTemplate":"https:\/\/aeronoticias.com.pe\/noticiero\/?s={search_term_string}"},"query-input":{"@type":"PropertyValueSpecification","valueRequired":true,"valueName":"search_term_string"}}],"inLanguage":"es"},{"@type":"Person","@id":"https:\/\/aeronoticias.com.pe\/noticiero\/#\/schema\/person\/fc1e5d578f4b62ba1cf7ac2bba1170a0","name":"Redacci\u00f3n Aeronoticias","url":"https:\/\/aeronoticias.com.pe\/noticiero\/author\/piloto\/"}]}},"_links":{"self":[{"href":"https:\/\/aeronoticias.com.pe\/noticiero\/wp-json\/wp\/v2\/posts\/54709","targetHints":{"allow":["GET"]}}],"collection":[{"href":"https:\/\/aeronoticias.com.pe\/noticiero\/wp-json\/wp\/v2\/posts"}],"about":[{"href":"https:\/\/aeronoticias.com.pe\/noticiero\/wp-json\/wp\/v2\/types\/post"}],"author":[{"embeddable":true,"href":"https:\/\/aeronoticias.com.pe\/noticiero\/wp-json\/wp\/v2\/users\/1"}],"replies":[{"embeddable":true,"href":"https:\/\/aeronoticias.com.pe\/noticiero\/wp-json\/wp\/v2\/comments?post=54709"}],"version-history":[{"count":0,"href":"https:\/\/aeronoticias.com.pe\/noticiero\/wp-json\/wp\/v2\/posts\/54709\/revisions"}],"wp:attachment":[{"href":"https:\/\/aeronoticias.com.pe\/noticiero\/wp-json\/wp\/v2\/media?parent=54709"}],"wp:term":[{"taxonomy":"category","embeddable":true,"href":"https:\/\/aeronoticias.com.pe\/noticiero\/wp-json\/wp\/v2\/categories?post=54709"},{"taxonomy":"post_tag","embeddable":true,"href":"https:\/\/aeronoticias.com.pe\/noticiero\/wp-json\/wp\/v2\/tags?post=54709"}],"curies":[{"name":"wp","href":"https:\/\/api.w.org\/{rel}","templated":true}]}}